{"id":12626,"date":"2019-03-31T14:58:20","date_gmt":"2019-03-31T19:58:20","guid":{"rendered":"http:\/\/circassiancenter.com\/tr\/?p=12626"},"modified":"2019-03-31T14:58:20","modified_gmt":"2019-03-31T19:58:20","slug":"sikintilarini-paylasan-kisi-sana-guc-katiyor-demektir","status":"publish","type":"post","link":"https:\/\/www.circassiancenter.com\/tr\/sikintilarini-paylasan-kisi-sana-guc-katiyor-demektir\/","title":{"rendered":"SIKINTILARINI PAYLA\u015eAN K\u0130\u015e\u0130 SANA G\u00dc\u00c7 KATIYOR DEMEKT\u0130R"},"content":{"rendered":"<p><img fetchpriority=\"high\" decoding=\"async\" src=\"http:\/\/circassiancenter.com\/cc-turkiye\/z-2013-Images-1\/017.JPG\" width=\"417\" height=\"305\" \/><\/p>\n<p align=\"left\"><b><span style=\"font-family: Arial; font-size: small;\">YEMT&#8217;ITL Nurb\u0131y<br \/>\n<\/span><\/b><span style=\"font-family: Arial;\">Adige Mak Gazetesi, Aral\u0131k 2012<br \/>\n\u00c7eviri; A\u00c7UMIJ Hilmi <\/span><\/p>\n<p>Cumhuriyetimiz toplumsal hareketi &#8216;Adige Xase&#8217;nin Y\u00fcr\u00fctme Kurulu toplant\u0131lar\u0131nda ele al\u0131nan hususlar hayat\u0131n i\u00e7erisinden gelen konular. Suriye&#8217;de ya\u015fayan soyda\u015flar\u0131m\u0131z huzur i\u00e7inde de\u011filler, ya\u015fad\u0131klar\u0131 \u00fclkede s\u00fcrmekte olan sava\u015f-karga\u015fal\u0131k ortam\u0131n\u0131n i\u00e7erisindeler. Tarihi topraklar\u0131na geri d\u00f6nen Adigelere Adige Xase nas\u0131l yard\u0131mc\u0131 olabilecek?<\/p>\n<p>Adige dili \u00f6\u011frenimi, kullan\u0131m\u0131 ve ulusal konulara yo\u011fun olarak e\u011filenlere takdirnameler verilmesi ve benzeri konular \u00fczerinde g\u00f6r\u00fc\u015f\u00fcld\u00fc.<\/p>\n<p>Adige Xase, Suriye&#8217;deki olaylar\u0131n daha iyi duyulmas\u0131 ve soyda\u015flar\u0131m\u0131z\u0131n devlet kanal\u0131 ile getirilmesi istemlerini dile getirecekleri bir miting M\u0131yekuape&#8217;de organize etmek istiyor. Bunun yan\u0131s\u0131ra toplant\u0131da Adige Xase Ba\u015fkan\u0131 BE\u011eU\u015eE Adam, Adige Cumhuriyeti Ulusal \u0130\u015fler, Yurt D\u0131\u015f\u0131nda Ya\u015fayan Soyda\u015flar ve Bas\u0131ndan Sorumlu Komite Ba\u015fkan\u0131 \u015eHALAHO Asker devlet kurumlar\u0131nda \u00e7al\u0131\u015fan g\u00f6revlilerin tarihi topraklar\u0131na d\u00f6nen soyda\u015flar\u0131m\u0131za yard\u0131mc\u0131 olduklar\u0131 \u00fczerine de konu\u015ftular. En \u00e7ok belirttikleri \u015fey ise Tehutem\u0131kuaye, \u015eevcen ve di\u011fer rayonlara ba\u011fl\u0131 k\u00f6ylere Suriye&#8217;den gelen soyda\u015flar\u0131m\u0131z\u0131n yerle\u015fmeye ba\u015flam\u0131\u015f olmalar\u0131yd\u0131. K\u00f6y sakinleri yard\u0131mc\u0131 oluyorlar, soyda\u015flar\u0131m\u0131zla adeta her zaman birbirlerini tan\u0131yorlarm\u0131\u015fcas\u0131na ili\u015fkiler kuruyorlar.<\/p>\n<p>Penehes k\u00f6y\u00fcne yerle\u015fmi\u015f olan soyda\u015flar\u0131m\u0131z\u0131n art\u0131k bu k\u00f6yden olduklar\u0131n\u0131 d\u00fcnyaya haber olarak yayman\u0131n gerekti\u011fini d\u00fc\u015f\u00fcnenlere kat\u0131l\u0131yoruz. Bu k\u00f6yl\u00fclerin soyda\u015flar\u0131n\u0131 kar\u015f\u0131lama \u015fekilleri ise adeta masallarda olacak kadar ho\u015ftu. Adige gelenek-g\u00f6reneklerinin hala g\u00fc\u00e7l\u00fc oldu\u011funun da bu bir kan\u0131t\u0131d\u0131r.<\/p>\n<p><strong>KAHRAMAN ANASININ YARDIMSEVERL\u0130\u011e\u0130<\/strong><\/p>\n<p>Abhazya&#8217;n\u0131n \u00f6zg\u00fcrl\u00fc\u011f\u00fc i\u00e7in sava\u015f\u0131rken can\u0131n\u0131 veren kahraman\u0131m\u0131z \u015eEWCEN Murat&#8217;\u0131n annesi Nuriyet&#8217;in yapt\u0131\u011f\u0131 iyilikler neyle k\u0131yaslanabilir ki? Ko\u015fhabledeki evine Suriye&#8217;den gelen bir aileyi yerle\u015ftirdi. Adige Xase \u00e7al\u0131\u015fanlar\u0131 \u015eEWCEN Nuriyet&#8217;i iyi tan\u0131yorlar. Adige Xase&#8217;nin ba\u015fkan\u0131 olan BE\u011eU\u015eE Adam ile \u015eEWCEN Murat birlikte Abhazya&#8217;n\u0131n \u00f6zg\u00fcrl\u00fc\u011f\u00fc i\u00e7in sava\u015fm\u0131\u015flard\u0131.<\/p>\n<p>Allah senden raz\u0131 olsun Nuriyet yapt\u0131\u011f\u0131n iyilikleri halk\u0131m\u0131z unutmayacak.<\/p>\n<p>Adige Xase \u00e7al\u0131\u015fanlar\u0131 olan LAMEKO Eduard, A\u00c7UMIJ Yusuf ve di\u011ferlerinin Suriye&#8217;den gelenlere yapt\u0131klar\u0131 yard\u0131mlara gazetemizde ilerleyen g\u00fcnlerde de\u011fince\u011fiz.<\/p>\n<p><strong>B\u0130L\u0130MSEL DANI\u015eMA GRUBU<\/strong><\/p>\n<p>Halk\u0131m\u0131z\u0131n ya\u015fam\u0131 daha iyi kavramalar\u0131, tarihimiz ve gelenek-g\u00f6reneklerimiz hakk\u0131nda daha fazla bilgi sahibi olmlar\u0131 hususunda bilimadamlar\u0131m\u0131z da aktif olarak \u00e7al\u0131\u015facaklar. Adige Xase Y\u00f6netim Kurulu&#8217;nda bu konu hakk\u0131nda al\u0131nan karar da sevindirici. Ya\u015fam\u0131n farkl\u0131 y\u00f6nleri g\u00f6z\u00f6n\u00fcne al\u0131narak politika, ekonomi, dil, gelenek-g\u00f6reneklerle alakal\u0131 \u00e7al\u0131\u015fmalar yapan bilim adamlar\u0131ndan bir grup kurulacak. Bu grubun kurulmas\u0131 ile alakal\u0131 olarak Me\u015ffe\u015f&#8217;u Necdet g\u00f6revlendirildi.<\/p>\n<p>Adige Xase toplant\u0131s\u0131na kat\u0131lanlar\u0131n belirtti\u011fine g\u00f6re gen\u00e7lerimiz bilimadamlar\u0131 ile biraraya gelmeyi arzuluyorlar. Bilimadamlar\u0131m\u0131za dan\u0131\u015facaklar.<\/p>\n<p><strong>AD\u0130GECE YAZILI DE\u011e\u0130L&#8230;<\/strong><\/p>\n<p>Adigece&#8217;nin \u00f6\u011frenimi ve kullan\u0131m\u0131 konusunda \u00e7ok m\u00fctealalarda bulunuluyor olmas\u0131 iyi, fakat M\u0131yekuape&#8217;deki meydanlarda ve kent park\u0131nda dikilen y\u0131lba\u015f\u0131 a\u011fa\u00e7lar\u0131n\u0131n \u00fczerinde rus\u00e7a yaz\u0131l\u0131 temenniler yer al\u0131yor olmas\u0131na ra\u011fmen Adigece bir kelimenin dahi yaz\u0131lmam\u0131\u015f olmas\u0131 \u00fcz\u00fcnt\u00fc verici.<\/p>\n<p>Adige Xase&#8217;sinin ald\u0131\u011f\u0131 kararda bayram vb. g\u00fcnlerde kentin s\u00fcslenmesinde kullan\u0131lan yaz\u0131l\u0131 materyallerde Rusca ile birlikte Adigece&#8217;ninde yer almas\u0131 gerekti\u011fi belirtiliyor. Toplant\u0131da bu konuya uyulup uyulmad\u0131\u011f\u0131n\u0131 inceleyecek ki\u015filerde belirlendi.<\/p>\n<p><strong>TAKD\u0130RNAMELER<\/strong><\/p>\n<p>Adige Xase ulusal konularda aktif \u00e7al\u0131\u015fmalar\u0131 olanlara takdirnameler verilmesini kararla\u015ft\u0131rd\u0131. Konuyla ilgili etkinlik filarmoni binas\u0131nda yap\u0131lacak. \u0130lk taktirnameler Suriyeden gelenlere yard\u0131mc\u0131 olanlara verilecek.<\/p>\n<p><strong>Toplant\u0131 kat\u0131l\u0131mc\u0131lar\u0131<\/strong><\/p>\n<p>Adige Xase toplant\u0131s\u0131na k\u00f6ylerden, k\u00f6ylerini temsil etmek \u00fczere davet edilenlerde vard\u0131. Toplant\u0131ya Ko\u015fhable, Hakur\u0131nehable, Tehutem\u0131kuaye, Vulape, Bla\u015feps\u0131na, Tev\u00e7oj rayonu k\u00f6yleri ve ba\u015fka yerlerden kat\u0131lanlarda oldu. Toplant\u0131da BOLEKO Aslan, \u015eHAPTLEKO \u011eu\u00e7\u0131ps, \u00c7ETIJ Aslan, BE\u011eIREKO Nurb\u0131y, \u015eE\u015e&#8217;E Aslan, HOKO Azamet, KUMIKU Askerb\u0131y ve di\u011ferleride konu\u015ftular. Adige Xase y\u00f6netim kurulunda bulunan ME\u015eFE\u015e\u015e&#8217;U Necdet, NE\u011eU\u00c7U Aslan, HEKUJ Adam, KUYEKO Aslanb\u0131y, THARKOHO Safiyet, NEHAYE Aslan, BE\u011eU\u015eE Adam, Adige Xase Nah\u0131jlar Konseyi Ba\u015fkan\u0131 HUNEGO \u00c7atib ve di\u011ferleri de ulusal konular hakk\u0131nda g\u00f6r\u00fc\u015flerini dile getirdiler. Al\u0131nan kararlar\u0131 ya\u015fama nas\u0131l ge\u00e7irceklerini de \u00f6n\u00fcm\u00fczdeki g\u00fcnlerde g\u00f6rece\u011fiz.<\/p>\n","protected":false},"excerpt":{"rendered":"<p>YEMT&rsquo;ITL Nurb&#305;y Adige Mak Gazetesi, Aral&#305;k 2012 &Ccedil;eviri; A&Ccedil;UMIJ Hilmi Cumhuriyetimiz toplumsal hareketi &lsquo;Adige Xase&rsquo;nin Y&uuml;r&uuml;tme Kurulu toplant&#305;lar&#305;nda ele al&#305;nan hususlar hayat&#305;n i&ccedil;erisinden gelen konular. Suriye&rsquo;de ya&#351;ayan soyda&#351;lar&#305;m&#305;z huzur i&ccedil;inde de&#287;iller, ya&#351;ad&#305;klar&#305; &uuml;lkede s&uuml;rmekte olan sava&#351;-karga&#351;al&#305;k ortam&#305;n&#305;n i&ccedil;erisindeler. Tarihi topraklar&#305;na geri d&ouml;nen Adigelere Adige Xase nas&#305;l yard&#305;mc&#305; olabilecek? Adige dili &ouml;&#287;renimi, kullan&#305;m&#305; ve ulusal konulara [&hellip;]<\/p>\n","protected":false},"author":1,"featured_media":0,"comment_status":"closed","ping_status":"closed","sticky":false,"template":"","format":"standard","meta":{"_bbp_topic_count":0,"_bbp_reply_count":0,"_bbp_total_topic_count":0,"_bbp_total_reply_count":0,"_bbp_voice_count":0,"_bbp_anonymous_reply_count":0,"_bbp_topic_count_hidden":0,"_bbp_reply_count_hidden":0,"_bbp_forum_subforum_count":0,"ocean_post_layout":"","ocean_both_sidebars_style":"","ocean_both_sidebars_content_width":0,"ocean_both_sidebars_sidebars_width":0,"ocean_sidebar":"0","ocean_second_sidebar":"0","ocean_disable_margins":"enable","ocean_add_body_class":"","ocean_shortcode_before_top_bar":"","ocean_shortcode_after_top_bar":"","ocean_shortcode_before_header":"","ocean_shortcode_after_header":"","ocean_has_shortcode":"","ocean_shortcode_after_title":"","ocean_shortcode_before_footer_widgets":"","ocean_shortcode_after_footer_widgets":"","ocean_shortcode_before_footer_bottom":"","ocean_shortcode_after_footer_bottom":"","ocean_display_top_bar":"default","ocean_display_header":"default","ocean_header_style":"","ocean_center_header_left_menu":"0","ocean_custom_header_template":"0","ocean_custom_logo":0,"ocean_custom_retina_logo":0,"ocean_custom_logo_max_width":0,"ocean_custom_logo_tablet_max_width":0,"ocean_custom_logo_mobile_max_width":0,"ocean_custom_logo_max_height":0,"ocean_custom_logo_tablet_max_height":0,"ocean_custom_logo_mobile_max_height":0,"ocean_header_custom_menu":"0","ocean_menu_typo_font_family":"0","ocean_menu_typo_font_subset":"","ocean_menu_typo_font_size":0,"ocean_menu_typo_font_size_tablet":0,"ocean_menu_typo_font_size_mobile":0,"ocean_menu_typo_font_size_unit":"px","ocean_menu_typo_font_weight":"","ocean_menu_typo_font_weight_tablet":"","ocean_menu_typo_font_weight_mobile":"","ocean_menu_typo_transform":"","ocean_menu_typo_transform_tablet":"","ocean_menu_typo_transform_mobile":"","ocean_menu_typo_line_height":0,"ocean_menu_typo_line_height_tablet":0,"ocean_menu_typo_line_height_mobile":0,"ocean_menu_typo_line_height_unit":"","ocean_menu_typo_spacing":0,"ocean_menu_typo_spacing_tablet":0,"ocean_menu_typo_spacing_mobile":0,"ocean_menu_typo_spacing_unit":"","ocean_menu_link_color":"","ocean_menu_link_color_hover":"","ocean_menu_link_color_active":"","ocean_menu_link_background":"","ocean_menu_link_hover_background":"","ocean_menu_link_active_background":"","ocean_menu_social_links_bg":"","ocean_menu_social_hover_links_bg":"","ocean_menu_social_links_color":"","ocean_menu_social_hover_links_color":"","ocean_disable_title":"default","ocean_disable_heading":"default","ocean_post_title":"","ocean_post_subheading":"","ocean_post_title_style":"","ocean_post_title_background_color":"","ocean_post_title_background":0,"ocean_post_title_bg_image_position":"","ocean_post_title_bg_image_attachment":"","ocean_post_title_bg_image_repeat":"","ocean_post_title_bg_image_size":"","ocean_post_title_height":0,"ocean_post_title_bg_overlay":0.5,"ocean_post_title_bg_overlay_color":"","ocean_disable_breadcrumbs":"default","ocean_breadcrumbs_color":"","ocean_breadcrumbs_separator_color":"","ocean_breadcrumbs_links_color":"","ocean_breadcrumbs_links_hover_color":"","ocean_display_footer_widgets":"default","ocean_display_footer_bottom":"default","ocean_custom_footer_template":"0","ocean_post_oembed":"","ocean_post_self_hosted_media":"","ocean_post_video_embed":"","ocean_link_format":"","ocean_link_format_target":"self","ocean_quote_format":"","ocean_quote_format_link":"post","ocean_gallery_link_images":"off","ocean_gallery_id":[],"footnotes":""},"categories":[29],"tags":[],"class_list":["post-12626","post","type-post","status-publish","format-standard","hentry","category-tarih","entry"],"_links":{"self":[{"href":"https:\/\/www.circassiancenter.com\/tr\/wp-json\/wp\/v2\/posts\/12626","targetHints":{"allow":["GET"]}}],"collection":[{"href":"https:\/\/www.circassiancenter.com\/tr\/wp-json\/wp\/v2\/posts"}],"about":[{"href":"https:\/\/www.circassiancenter.com\/tr\/wp-json\/wp\/v2\/types\/post"}],"author":[{"embeddable":true,"href":"https:\/\/www.circassiancenter.com\/tr\/wp-json\/wp\/v2\/users\/1"}],"replies":[{"embeddable":true,"href":"https:\/\/www.circassiancenter.com\/tr\/wp-json\/wp\/v2\/comments?post=12626"}],"version-history":[{"count":1,"href":"https:\/\/www.circassiancenter.com\/tr\/wp-json\/wp\/v2\/posts\/12626\/revisions"}],"predecessor-version":[{"id":12628,"href":"https:\/\/www.circassiancenter.com\/tr\/wp-json\/wp\/v2\/posts\/12626\/revisions\/12628"}],"wp:attachment":[{"href":"https:\/\/www.circassiancenter.com\/tr\/wp-json\/wp\/v2\/media?parent=12626"}],"wp:term":[{"taxonomy":"category","embeddable":true,"href":"https:\/\/www.circassiancenter.com\/tr\/wp-json\/wp\/v2\/categories?post=12626"},{"taxonomy":"post_tag","embeddable":true,"href":"https:\/\/www.circassiancenter.com\/tr\/wp-json\/wp\/v2\/tags?post=12626"}],"curies":[{"name":"wp","href":"https:\/\/api.w.org\/{rel}","templated":true}]}}