{"id":1296,"date":"2019-02-21T01:08:13","date_gmt":"2019-02-21T01:08:13","guid":{"rendered":"http:\/\/circassiancenter.com\/tr\/?p=1296"},"modified":"2019-02-21T01:08:13","modified_gmt":"2019-02-21T01:08:13","slug":"baris-derin-dondurucuda","status":"publish","type":"post","link":"https:\/\/www.circassiancenter.com\/tr\/baris-derin-dondurucuda\/","title":{"rendered":"BARI\u015e DER\u0130N DONDURUCUDA"},"content":{"rendered":"<p><img fetchpriority=\"high\" decoding=\"async\" class=\"alignnone size-full wp-image-1297\" src=\"http:\/\/circassiancenter.com\/tr\/wp-content\/uploads\/2019\/02\/12.09.2015.jpg\" alt=\"\" width=\"417\" height=\"305\" srcset=\"https:\/\/www.circassiancenter.com\/tr\/wp-content\/uploads\/2019\/02\/12.09.2015.jpg 417w, https:\/\/www.circassiancenter.com\/tr\/wp-content\/uploads\/2019\/02\/12.09.2015-300x219.jpg 300w\" sizes=\"(max-width: 417px) 100vw, 417px\" \/><\/p>\n<p><strong>YEMUZ Nevzat Tarak\u00e7\u0131<br \/>\n<\/strong>12.09.2015<\/p>\n<p>\u00dclke, yang\u0131n yerine d\u00f6nd\u00fc.<\/p>\n<p>Analar a\u011fl\u0131yor, <strong>y\u00fcrekler yan\u0131yor.<\/strong><\/p>\n<p>\u00dclkede derin ac\u0131lar ya\u015fan\u0131yor.<\/p>\n<p>Sa\u011fduyulu herkesin y\u00fcre\u011fi yang\u0131n yeri.<\/p>\n<p>H\u00e2l\u00e2 <strong>nefreti katlayan, \u00f6fkeyi<\/strong> <strong>k\u00f6p\u00fcrten<\/strong> s\u00f6ylemler\u2026<\/p>\n<p>H\u00e2l\u00e2 kendisi gibi d\u00fc\u015f\u00fcnmeyen herkesi <strong>d\u00fc\u015fman<\/strong>, ter\u00f6rist ve hain ilan eden bir zihniyet\u2026<\/p>\n<p>\u00dclke yan\u0131yor.<\/p>\n<p>Mezhep ve <strong>etnisite<\/strong> \u00f6ne s\u00fcr\u00fclerek yap\u0131lan <strong> ayr\u0131\u015ft\u0131rma \u00e7abalar\u0131,<\/strong> ac\u0131 meyvesini vermi\u015f gibi.<\/p>\n<p>Yang\u0131n, y\u00fcrekleri kavuruyor.<\/p>\n<p>\u00d6zellikle <strong>T\u00fcrk ve K\u00fcrtlerin<\/strong> bir arada ya\u015fama imk\u00e2n\u0131n\u0131 ortadan kald\u0131rma projesi uygulamada.<\/p>\n<p>Kitleler k\u0131\u015fk\u0131rt\u0131l\u0131yor.<\/p>\n<p><strong> Neronlar \u00fclkeyi yak\u0131yor.<\/strong><\/p>\n<p>Yan\u0131yoruz!<\/p>\n<p>&nbsp;<\/p>\n<p><strong> T\u00dcRK\u0130YE\u2019YE YAZIK OLUYOR <\/strong><\/p>\n<p>Kampla\u015fma, kutupla\u015fma, ayr\u0131\u015fma, <strong>siyasi ve toplumsal gerginlik<\/strong>\u2026 T\u00fcrkiye\u2019nin ufkunu karartm\u0131\u015f.<\/p>\n<p>Milletin birlik beraberlik, dostluk, <strong>karde\u015flik ayar\u0131yla oynanm\u0131\u015f.<\/strong><\/p>\n<p><strong> Her g\u00fcn \u00f6l\u00fcm<\/strong>, her an endi\u015fe, her daim \u00f6fke\u2026<\/p>\n<p>Cenazeler, cenazeler\u2026<\/p>\n<p>Feryat, figan\u2026<\/p>\n<p>Acil olarak <strong>sa\u011fduyuya<\/strong> ihtiya\u00e7 var.<\/p>\n<p>Birilerinin nefretine \u00fclke kurban gidiyor.<\/p>\n<p>Ki\u015fisel siyasi gelecek kayg\u0131s\u0131, <strong>\u00fclkenin gelece\u011fi kayg\u0131s\u0131n\u0131n<\/strong> \u00e7ok \u00fcst\u00fcnde.<\/p>\n<p>T\u00fcrkiye, g\u00fcn ge\u00e7tik\u00e7e y\u00f6netilemez bir \u00fclke haline geliyor.<\/p>\n<p>&nbsp;<\/p>\n<p><strong> NEDEN?<\/strong><\/p>\n<p>7 Haziran\u2019da ne de\u011fi\u015fti de analar a\u011flamaya ba\u015flad\u0131?<\/p>\n<p>Bir tarafta korkun\u00e7 bir ac\u0131mas\u0131zl\u0131kla <strong>pusu kuran, yollara may\u0131n d\u00f6\u015feyen<\/strong>, insanlar\u0131 \u00e7ocuklar\u0131n\u0131n yan\u0131nda \u00f6ld\u00fcrecek kadar g\u00f6z\u00fc d\u00f6nm\u00fc\u015f bir i\u015ftahla cinayet i\u015fleyen\u00a0<strong>PKK.<\/strong><\/p>\n<p>Di\u011fer tarafta cenazelerde <strong>\u00f6fke volkan\u0131. <\/strong><\/p>\n<p>Medya en yetkili a\u011f\u0131zlarca hedef g\u00f6sterilmekte,<\/p>\n<p>Bir kesim, bas\u0131na kar\u015f\u0131 alenen k\u0131\u015fk\u0131rt\u0131lmakta,<\/p>\n<p>Hayalleri \u00e7\u00f6km\u00fc\u015f, devlete olan umudu zay\u0131flam\u0131\u015f halk, kaybetti\u011fi devleti <strong>sokakta arar halde.<\/strong><\/p>\n<p>Di\u011fer tarafta <strong>\u201cipten, kaz\u0131ktan kurtulma holigan s\u00fcr\u00fcleri\u201d <\/strong>gazete, parti binas\u0131 basmakta, etraf\u0131 yak\u0131p y\u0131kmakta.<\/p>\n<p>Kin ve nefret s\u00f6ylemleriyle <strong>\u00fclkeyi cay\u0131r cay\u0131r yakan yang\u0131na<\/strong> her g\u00fcn bidonlar dolusu benzin d\u00f6k\u00fclmekte.<\/p>\n<p>\u015eahsi ihtiraslar \u00fclkeyi yak\u0131yor.<\/p>\n<p>Bakal\u0131m 1 Kas\u0131m\u2019dan sonra yang\u0131n s\u00f6necek, g\u00f6zya\u015flar\u0131 dinecek mi?<\/p>\n<p>&nbsp;<\/p>\n<p><strong> \u015eU HALE B\u0130R BAKIN!<\/strong><\/p>\n<p>Sizce de T\u00fcrkiye\u2019de \u201ctoplumun tamam\u0131n\u0131 temsil eden, tarafs\u0131z ve her kesime e\u015fit mesafede, <strong>\u00e7\u00f6z\u00fcm ve istikrar odakl\u0131 bir cumhurba\u015fkanl\u0131\u011f\u0131 makam\u0131\u201d olsayd\u0131<\/strong> i\u015fin rengi de\u011fi\u015fmez miydi?<\/p>\n<p>\u015eu \u00fcrk\u00fct\u00fcc\u00fc manzaraya bak\u0131n!<\/p>\n<p>\u015eahsi ihtiras u\u011fruna yazboz tahtas\u0131na d\u00f6n\u00fc\u015ft\u00fcr\u00fclm\u00fc\u015f bir \u00fclke, <strong>kan ve can pazar\u0131&#8230;<\/strong><\/p>\n<p><strong> Kurum ve kurallar iyice erimi\u015f. <\/strong><\/p>\n<p><strong> Devlet adeta sokakta kaybolmu\u015f.<\/strong><\/p>\n<p><strong> Sokaktaki kalabal\u0131klar, ta\u015fla, sopayla, tehditle, tahribat ve lin\u00e7le i\u00e7inde bulundu\u011fu kaosa y\u00f6n veriyor. <\/strong><\/p>\n<p>&nbsp;<\/p>\n<p><strong> NEREDES\u0130N EY SA\u011eDUYU<\/strong><\/p>\n<p>Her \u015feye ra\u011fmen duyarl\u0131 bir kesim de yok de\u011fil.<\/p>\n<p>\u015eu baban\u0131n zarif tavr\u0131na bak\u0131n:<\/p>\n<p>\u201cK\u0131z\u0131m, bu aralar kalabal\u0131k ortamlarda <strong>boynuma sar\u0131l\u0131p \u201cBabammm!\u2019 deme<\/strong>. Belki etrafta babas\u0131 \u015fehit olmu\u015f bir k\u0131z \u00e7ocu\u011fu vard\u0131r. Beni sevindirirken istemeden de olsa onu \u00fczersin!\u201d<\/p>\n<p>\u00dcmit verici.<\/p>\n<p>&nbsp;<\/p>\n<p><strong> SE\u00c7\u0130M DAYATMASI<\/strong><\/p>\n<p>Hal b\u00f6yleyken cenazelerden bo\u015fluk kal\u0131r, <strong>kan ve g\u00f6zya\u015f\u0131 dinerse se\u00e7im yap\u0131lacak.<\/strong><\/p>\n<p>Veya se\u00e7im, kan ve g\u00f6zya\u015f\u0131 i\u00e7inde olacak.<\/p>\n<p>Lakin <strong>siyasi ikb\u00e2l \u00f6nemli.<\/strong><\/p>\n<p>1 Kas\u0131m \u00f6nemli.<\/p>\n<p>Hem de \u00e7ok.<\/p>\n<p><strong> Cenazeler ve 400 foto\u011fraf\u0131.<\/strong><\/p>\n<p>Sa\u011fduyulu kesim bu konuyu <strong> \u201c400(!)\u201d kere d\u00fc\u015f\u00fcnmeli.<\/strong><\/p>\n<p>&nbsp;<\/p>\n<p><strong> TEMENN\u0130<\/strong><\/p>\n<p>Biz, uzla\u015farak birlikte ya\u015famay\u0131 \u00f6\u011frenmek zorunday\u0131z.<\/p>\n<p>Temennim, <strong>korkulan\u0131n<\/strong> ba\u015f\u0131m\u0131za gelmemsi.<\/p>\n<p>Kan ve g\u00f6zya\u015f\u0131n\u0131n dinmesi.<\/p>\n<p>Bu <strong>zor g\u00fcnlerin<\/strong> ge\u00e7ip gitmesi.<\/p>\n<p>Mevsimin de\u011fi\u015fip bahar olmas\u0131.<\/p>\n","protected":false},"excerpt":{"rendered":"<p>YEMUZ Nevzat Tarak&ccedil;&#305; 12.09.2015 &Uuml;lke, yang&#305;n yerine d&ouml;nd&uuml;. Analar a&#287;l&#305;yor, y&uuml;rekler yan&#305;yor. &Uuml;lkede derin ac&#305;lar ya&#351;an&#305;yor. Sa&#287;duyulu herkesin y&uuml;re&#287;i yang&#305;n yeri. H&acirc;l&acirc; nefreti katlayan, &ouml;fkeyi k&ouml;p&uuml;rten s&ouml;ylemler&hellip; H&acirc;l&acirc; kendisi gibi d&uuml;&#351;&uuml;nmeyen herkesi d&uuml;&#351;man, ter&ouml;rist ve hain ilan eden bir zihniyet&hellip; &Uuml;lke yan&#305;yor. Mezhep ve etnisite &ouml;ne s&uuml;r&uuml;lerek yap&#305;lan ayr&#305;&#351;t&#305;rma &ccedil;abalar&#305;, ac&#305; meyvesini vermi&#351; gibi. Yang&#305;n, [&hellip;]<\/p>\n","protected":false},"author":1,"featured_media":0,"comment_status":"closed","ping_status":"closed","sticky":false,"template":"","format":"standard","meta":{"_bbp_topic_count":0,"_bbp_reply_count":0,"_bbp_total_topic_count":0,"_bbp_total_reply_count":0,"_bbp_voice_count":0,"_bbp_anonymous_reply_count":0,"_bbp_topic_count_hidden":0,"_bbp_reply_count_hidden":0,"_bbp_forum_subforum_count":0,"ocean_post_layout":"","ocean_both_sidebars_style":"","ocean_both_sidebars_content_width":0,"ocean_both_sidebars_sidebars_width":0,"ocean_sidebar":"0","ocean_second_sidebar":"0","ocean_disable_margins":"enable","ocean_add_body_class":"","ocean_shortcode_before_top_bar":"","ocean_shortcode_after_top_bar":"","ocean_shortcode_before_header":"","ocean_shortcode_after_header":"","ocean_has_shortcode":"","ocean_shortcode_after_title":"","ocean_shortcode_before_footer_widgets":"","ocean_shortcode_after_footer_widgets":"","ocean_shortcode_before_footer_bottom":"","ocean_shortcode_after_footer_bottom":"","ocean_display_top_bar":"default","ocean_display_header":"default","ocean_header_style":"","ocean_center_header_left_menu":"0","ocean_custom_header_template":"0","ocean_custom_logo":0,"ocean_custom_retina_logo":0,"ocean_custom_logo_max_width":0,"ocean_custom_logo_tablet_max_width":0,"ocean_custom_logo_mobile_max_width":0,"ocean_custom_logo_max_height":0,"ocean_custom_logo_tablet_max_height":0,"ocean_custom_logo_mobile_max_height":0,"ocean_header_custom_menu":"0","ocean_menu_typo_font_family":"0","ocean_menu_typo_font_subset":"","ocean_menu_typo_font_size":0,"ocean_menu_typo_font_size_tablet":0,"ocean_menu_typo_font_size_mobile":0,"ocean_menu_typo_font_size_unit":"px","ocean_menu_typo_font_weight":"","ocean_menu_typo_font_weight_tablet":"","ocean_menu_typo_font_weight_mobile":"","ocean_menu_typo_transform":"","ocean_menu_typo_transform_tablet":"","ocean_menu_typo_transform_mobile":"","ocean_menu_typo_line_height":0,"ocean_menu_typo_line_height_tablet":0,"ocean_menu_typo_line_height_mobile":0,"ocean_menu_typo_line_height_unit":"","ocean_menu_typo_spacing":0,"ocean_menu_typo_spacing_tablet":0,"ocean_menu_typo_spacing_mobile":0,"ocean_menu_typo_spacing_unit":"","ocean_menu_link_color":"","ocean_menu_link_color_hover":"","ocean_menu_link_color_active":"","ocean_menu_link_background":"","ocean_menu_link_hover_background":"","ocean_menu_link_active_background":"","ocean_menu_social_links_bg":"","ocean_menu_social_hover_links_bg":"","ocean_menu_social_links_color":"","ocean_menu_social_hover_links_color":"","ocean_disable_title":"default","ocean_disable_heading":"default","ocean_post_title":"","ocean_post_subheading":"","ocean_post_title_style":"","ocean_post_title_background_color":"","ocean_post_title_background":0,"ocean_post_title_bg_image_position":"","ocean_post_title_bg_image_attachment":"","ocean_post_title_bg_image_repeat":"","ocean_post_title_bg_image_size":"","ocean_post_title_height":0,"ocean_post_title_bg_overlay":0.5,"ocean_post_title_bg_overlay_color":"","ocean_disable_breadcrumbs":"default","ocean_breadcrumbs_color":"","ocean_breadcrumbs_separator_color":"","ocean_breadcrumbs_links_color":"","ocean_breadcrumbs_links_hover_color":"","ocean_display_footer_widgets":"default","ocean_display_footer_bottom":"default","ocean_custom_footer_template":"0","ocean_post_oembed":"","ocean_post_self_hosted_media":"","ocean_post_video_embed":"","ocean_link_format":"","ocean_link_format_target":"self","ocean_quote_format":"","ocean_quote_format_link":"post","ocean_gallery_link_images":"off","ocean_gallery_id":[],"footnotes":""},"categories":[106],"tags":[],"class_list":["post-1296","post","type-post","status-publish","format-standard","hentry","category-yazarlar-yemuz-nevzat-tarakci","entry"],"_links":{"self":[{"href":"https:\/\/www.circassiancenter.com\/tr\/wp-json\/wp\/v2\/posts\/1296","targetHints":{"allow":["GET"]}}],"collection":[{"href":"https:\/\/www.circassiancenter.com\/tr\/wp-json\/wp\/v2\/posts"}],"about":[{"href":"https:\/\/www.circassiancenter.com\/tr\/wp-json\/wp\/v2\/types\/post"}],"author":[{"embeddable":true,"href":"https:\/\/www.circassiancenter.com\/tr\/wp-json\/wp\/v2\/users\/1"}],"replies":[{"embeddable":true,"href":"https:\/\/www.circassiancenter.com\/tr\/wp-json\/wp\/v2\/comments?post=1296"}],"version-history":[{"count":1,"href":"https:\/\/www.circassiancenter.com\/tr\/wp-json\/wp\/v2\/posts\/1296\/revisions"}],"predecessor-version":[{"id":1298,"href":"https:\/\/www.circassiancenter.com\/tr\/wp-json\/wp\/v2\/posts\/1296\/revisions\/1298"}],"wp:attachment":[{"href":"https:\/\/www.circassiancenter.com\/tr\/wp-json\/wp\/v2\/media?parent=1296"}],"wp:term":[{"taxonomy":"category","embeddable":true,"href":"https:\/\/www.circassiancenter.com\/tr\/wp-json\/wp\/v2\/categories?post=1296"},{"taxonomy":"post_tag","embeddable":true,"href":"https:\/\/www.circassiancenter.com\/tr\/wp-json\/wp\/v2\/tags?post=1296"}],"curies":[{"name":"wp","href":"https:\/\/api.w.org\/{rel}","templated":true}]}}