{"id":13688,"date":"2019-05-02T17:09:41","date_gmt":"2019-05-02T22:09:41","guid":{"rendered":"http:\/\/circassiancenter.com\/tr\/?p=13688"},"modified":"2019-05-02T17:09:41","modified_gmt":"2019-05-02T22:09:41","slug":"yol-ayrimi","status":"publish","type":"post","link":"https:\/\/www.circassiancenter.com\/tr\/yol-ayrimi\/","title":{"rendered":"YOL AYRIMI"},"content":{"rendered":"<p><img fetchpriority=\"high\" decoding=\"async\" class=\"alignnone size-full wp-image-13693\" src=\"http:\/\/circassiancenter.com\/tr\/wp-content\/uploads\/2019\/05\/Yol-Ayrimi-b.jpg\" alt=\"\" width=\"541\" height=\"304\" srcset=\"https:\/\/www.circassiancenter.com\/tr\/wp-content\/uploads\/2019\/05\/Yol-Ayrimi-b.jpg 541w, https:\/\/www.circassiancenter.com\/tr\/wp-content\/uploads\/2019\/05\/Yol-Ayrimi-b-300x169.jpg 300w\" sizes=\"(max-width: 541px) 100vw, 541px\" \/><\/p>\n<p><strong>GHUNEKHO K.\u00d6zbay<\/strong><\/p>\n<p>\u00c7erkeslerin yol haritas\u0131 belli olmas\u0131na ra\u011fmen, y\u00f6ntemleri konusunda anla\u015fmazl\u0131klarda devam etmektedir. Bunun en belirgin \u00f6rneklerinden biri de 13 Mart&#8217;ta yap\u0131lacak mitingdir ki, Kaf-Fed buna ka\u015f\u0131d\u0131r. \u00c7erkesler y\u0131llarca Birle\u015fik Kafkasya, Kuzey Kafkasya gibi etnik bir kimli\u011fe ba\u011flan\u0131lmas\u0131 \u015fekliyle uyutuldular. Bu halende devam etmektedir. Son d\u00f6nemlerde bu hareket \u00c7erkeslik ve daha \u00e7ok Adige-Abhaz birlikteli\u011fine y\u00f6nelik, hatta genel anlamda Adigeler \u00fczerinde yo\u011funla\u015fmaktad\u0131r.<\/p>\n<p>\u00c7erkeslik hareketi konusunda do\u011fal olarak herkes g\u00f6r\u00fc\u015f\u00fcn\u00fc, d\u00fc\u015f\u00fcncesini dile getirmeli ama hedefin \u00c7erkesey olmas\u0131 gereklidir, bu do\u011frultuda \u00e7al\u0131\u015f\u0131lmal\u0131d\u0131r. \u00c7erkes s\u00f6zc\u00fc\u011f\u00fcn\u00fcn kelime anlam\u0131ndan daha \u00e7ok i\u00e7eri\u011fi \u00f6nemlidir ve hepimizi de ba\u011flamaktad\u0131r. \u0130\u00e7erik olarak kuzeybat\u0131 Kafkas topraklar\u0131nda ya\u015fayanlar\u0131 a\u011f\u0131rl\u0131kl\u0131 olarak kapsamakta. Orada ya\u015fayanlar\u0131n ortak ad\u0131 \u015feklidir. Bizler buradan di\u011fer kuzey Kafkasl\u0131lara \u00c7erkes desek de onlar bunu kabul etmemektedirler ve genelde \u00f6nemsemezlerde. Kuzeybat\u0131da oturanlar\u0131n dili Adige-Abhaz dilidir. Son d\u00f6nemde \u00c7erkes dili konum itibariyle de Adigelere y\u00f6nelmi\u015f \u015fekildedir.<\/p>\n<p>Gelelim konumuza. Y\u0131llard\u0131r herkes bir \u015fekilde Kafkasl\u0131l\u0131k, \u00c7erkeslik ve sonu\u00e7lar\u0131 konusunda tart\u0131\u015f\u0131ld\u0131. Olaylar\u0131n her boyutunda s\u00fcrg\u00fcndekilere i\u00e7inde bulunduklar\u0131 yerlerin k\u00fclt\u00fcrleri \u00fczerinden bak\u0131lmal\u0131d\u0131r. Yani bunlar ya d\u00f6n\u00fc\u015f\u00e7\u00fc ya da kal\u0131\u015f\u00e7\u0131d\u0131r ve i\u00e7inde bulunduklar\u0131 yerde k\u00fclt\u00fcrel yap\u0131lar\u0131n\u0131 koruyacak ve onlara can vereceklerdir. \u015eimdilerde ya\u015fananda budur. 13 Mart&#8217;ta miting tertipleyenlerin amac\u0131 anavatana d\u00f6nmeden, i\u00e7inde bulunduklar\u0131 yerlerde kendi k\u00fclt\u00fcrlerini devam ettirerek ya\u015famak \u015feklidir. Bu g\u00f6r\u00fc\u015ftekilerin hakl\u0131 olduklar\u0131 taraflarda \u00e7ok ama resmi kimlikler, kurulu\u015flar \u00fczerinden kazan\u0131l\u0131r. Kaf-Fed&#8217;inde \u00e7al\u0131\u015fmalar\u0131nda, eylemlerinde eksiklikler, be\u011fendi\u011fimiz-be\u011fenmedi\u011fimiz durumlarda olabilir ama bir kimlikleri vard\u0131r. B\u00f6yle olunca mitingi d\u00fczenleyenlerin ama\u00e7lar\u0131na ula\u015fmalar\u0131 da zorla\u015f\u0131r. Yap\u0131lacak \u00e7al\u0131\u015fmalar \u00f6rg\u00fctsel \u00e7at\u0131 alt\u0131nda olmal\u0131, bireyselcilik \u015feklinde olmamal\u0131d\u0131r.<\/p>\n<p>13 Mart eylemlerini yapacak olanlar\u0131n bu i\u015fleri yapmak i\u00e7in, derneklere \u00fcye olmalar\u0131n\u0131, \u00fcyeyseler y\u00f6netimlere gelmek, delege olmak zorundad\u0131rlar. Onlardan bu haklar\u0131 hi\u00e7 kimsede k\u0131s\u0131tlamamaktad\u0131r. Onlar b\u00f6ylesi kurumlar\u0131m\u0131z i\u00e7inde aktif olmayacak, \u00c7erkes topraklar\u0131n\u0131 odak alarak hareket etmeyeceklerse sonu\u00e7ta eylemleri de ba\u015far\u0131s\u0131z olacakt\u0131r. Kendileri ba\u015far\u0131l\u0131 olmak, bu ulusa hizmet etmek istiyorlarsa kurulu\u015flar\u0131m\u0131zda yer als\u0131nlar bizlerde onlara destekte verelim. &#8221;Ben bilirim&#8221; anlay\u0131\u015fl\u0131 hareket ve dernek\u00e7ilik ile baz\u0131 \u015feyler olacaksa da olmayaca\u011f\u0131n\u0131 bizler kadar bilirler. Bunun i\u00e7inde iyi niyetli arkada\u015flar\u0131n kendilerini kulland\u0131rmamalar\u0131 isteriz.<\/p>\n<p>Bu konuda daha da a\u00e7\u0131k\u00e7a \u00e7ok \u015feyler yazabilirim ama s\u00f6ylemek istedi\u011fim, s\u00fcrg\u00fcn \u00c7erkeslerinin tek var olu\u015fu anavatanda toplanmakt\u0131r, onun d\u0131\u015f\u0131nda &#8221;ben \u00f6zg\u00fcr\u00fcm&#8221; derseniz deyin olamazs\u0131n\u0131z. Yani, ya anavatana ait olacaks\u0131n\u0131z ya da s\u00fcrg\u00fcn topraklar\u0131na. Art\u0131k \u00c7erkesler i\u00e7in s\u00fcre\u00e7 de\u011fi\u015fimlerle birlikte ba\u015flam\u0131\u015ft\u0131r ve bu s\u00fcre\u00e7te Kaf-Fed&#8217;in \u00f6nc\u00fcl\u00fc\u011f\u00fcnde olmal\u0131d\u0131r. Kaf-fed&#8217;in y\u00f6neticilerine k\u0131zmak de\u011fil, onlara destek vermeliyiz. Eksiklerini g\u00f6r\u00fcrsek, yapamad\u0131klar\u0131na inan\u0131rsak o g\u00f6revlere talip olmal\u0131y\u0131z. Art\u0131k, \u00c7erkesler i\u00e7in kurumsal kimlik ta\u015f\u0131madan yap\u0131lan eylemlerin yan\u0131nda olunmamas\u0131 gerekir.<\/p>\n<p>T\u00fcrkiye&#8217;de Kaf-Fed ve D\u00fcnya \u00c7erkes Birli\u011fi&#8217;nin onaylamad\u0131\u011f\u0131 bu tip eylemlere destek verilmemesi gerekir. Kaf-Fed&#8217;e de ald\u0131\u011f\u0131 desteksizlik karar\u0131ndan dolay\u0131 kendilerini bir \u00e7ok konuda k\u0131zsam da kutlar\u0131m. \u00c7erkeslerin gelece\u011fi, var olabilmeleri sadece anavatanda toplanmaktan ge\u00e7er. Bunun d\u0131\u015f\u0131nda hi\u00e7bir alternatifimizin de olmad\u0131\u011f\u0131n\u0131 ve s\u00fcrg\u00fcnde ayr\u0131\u015fman\u0131n keskinle\u015fti\u011fini hat\u0131rlat\u0131r\u0131m.<\/p>\n","protected":false},"excerpt":{"rendered":"<p>GHUNEKHO K.&Ouml;zbay &Ccedil;erkeslerin yol haritas&#305; belli olmas&#305;na ra&#287;men, y&ouml;ntemleri konusunda anla&#351;mazl&#305;klarda devam etmektedir. Bunun en belirgin &ouml;rneklerinden biri de 13 Mart&rsquo;ta yap&#305;lacak mitingdir ki, Kaf-Fed buna ka&#351;&#305;d&#305;r. &Ccedil;erkesler y&#305;llarca Birle&#351;ik Kafkasya, Kuzey Kafkasya gibi etnik bir kimli&#287;e ba&#287;lan&#305;lmas&#305; &#351;ekliyle uyutuldular. Bu halende devam etmektedir. Son d&ouml;nemlerde bu hareket &Ccedil;erkeslik ve daha &ccedil;ok Adige-Abhaz birlikteli&#287;ine y&ouml;nelik, [&hellip;]<\/p>\n","protected":false},"author":1,"featured_media":0,"comment_status":"closed","ping_status":"closed","sticky":false,"template":"","format":"standard","meta":{"_bbp_topic_count":0,"_bbp_reply_count":0,"_bbp_total_topic_count":0,"_bbp_total_reply_count":0,"_bbp_voice_count":0,"_bbp_anonymous_reply_count":0,"_bbp_topic_count_hidden":0,"_bbp_reply_count_hidden":0,"_bbp_forum_subforum_count":0,"ocean_post_layout":"","ocean_both_sidebars_style":"","ocean_both_sidebars_content_width":0,"ocean_both_sidebars_sidebars_width":0,"ocean_sidebar":"0","ocean_second_sidebar":"0","ocean_disable_margins":"enable","ocean_add_body_class":"","ocean_shortcode_before_top_bar":"","ocean_shortcode_after_top_bar":"","ocean_shortcode_before_header":"","ocean_shortcode_after_header":"","ocean_has_shortcode":"","ocean_shortcode_after_title":"","ocean_shortcode_before_footer_widgets":"","ocean_shortcode_after_footer_widgets":"","ocean_shortcode_before_footer_bottom":"","ocean_shortcode_after_footer_bottom":"","ocean_display_top_bar":"default","ocean_display_header":"default","ocean_header_style":"","ocean_center_header_left_menu":"0","ocean_custom_header_template":"0","ocean_custom_logo":0,"ocean_custom_retina_logo":0,"ocean_custom_logo_max_width":0,"ocean_custom_logo_tablet_max_width":0,"ocean_custom_logo_mobile_max_width":0,"ocean_custom_logo_max_height":0,"ocean_custom_logo_tablet_max_height":0,"ocean_custom_logo_mobile_max_height":0,"ocean_header_custom_menu":"0","ocean_menu_typo_font_family":"0","ocean_menu_typo_font_subset":"","ocean_menu_typo_font_size":0,"ocean_menu_typo_font_size_tablet":0,"ocean_menu_typo_font_size_mobile":0,"ocean_menu_typo_font_size_unit":"px","ocean_menu_typo_font_weight":"","ocean_menu_typo_font_weight_tablet":"","ocean_menu_typo_font_weight_mobile":"","ocean_menu_typo_transform":"","ocean_menu_typo_transform_tablet":"","ocean_menu_typo_transform_mobile":"","ocean_menu_typo_line_height":0,"ocean_menu_typo_line_height_tablet":0,"ocean_menu_typo_line_height_mobile":0,"ocean_menu_typo_line_height_unit":"","ocean_menu_typo_spacing":0,"ocean_menu_typo_spacing_tablet":0,"ocean_menu_typo_spacing_mobile":0,"ocean_menu_typo_spacing_unit":"","ocean_menu_link_color":"","ocean_menu_link_color_hover":"","ocean_menu_link_color_active":"","ocean_menu_link_background":"","ocean_menu_link_hover_background":"","ocean_menu_link_active_background":"","ocean_menu_social_links_bg":"","ocean_menu_social_hover_links_bg":"","ocean_menu_social_links_color":"","ocean_menu_social_hover_links_color":"","ocean_disable_title":"default","ocean_disable_heading":"default","ocean_post_title":"","ocean_post_subheading":"","ocean_post_title_style":"","ocean_post_title_background_color":"","ocean_post_title_background":0,"ocean_post_title_bg_image_position":"","ocean_post_title_bg_image_attachment":"","ocean_post_title_bg_image_repeat":"","ocean_post_title_bg_image_size":"","ocean_post_title_height":0,"ocean_post_title_bg_overlay":0.5,"ocean_post_title_bg_overlay_color":"","ocean_disable_breadcrumbs":"default","ocean_breadcrumbs_color":"","ocean_breadcrumbs_separator_color":"","ocean_breadcrumbs_links_color":"","ocean_breadcrumbs_links_hover_color":"","ocean_display_footer_widgets":"default","ocean_display_footer_bottom":"default","ocean_custom_footer_template":"0","ocean_post_oembed":"","ocean_post_self_hosted_media":"","ocean_post_video_embed":"","ocean_link_format":"","ocean_link_format_target":"self","ocean_quote_format":"","ocean_quote_format_link":"post","ocean_gallery_link_images":"off","ocean_gallery_id":[],"footnotes":""},"categories":[6],"tags":[],"class_list":["post-13688","post","type-post","status-publish","format-standard","hentry","category-arastirma-ana-sayfa","entry"],"_links":{"self":[{"href":"https:\/\/www.circassiancenter.com\/tr\/wp-json\/wp\/v2\/posts\/13688","targetHints":{"allow":["GET"]}}],"collection":[{"href":"https:\/\/www.circassiancenter.com\/tr\/wp-json\/wp\/v2\/posts"}],"about":[{"href":"https:\/\/www.circassiancenter.com\/tr\/wp-json\/wp\/v2\/types\/post"}],"author":[{"embeddable":true,"href":"https:\/\/www.circassiancenter.com\/tr\/wp-json\/wp\/v2\/users\/1"}],"replies":[{"embeddable":true,"href":"https:\/\/www.circassiancenter.com\/tr\/wp-json\/wp\/v2\/comments?post=13688"}],"version-history":[{"count":1,"href":"https:\/\/www.circassiancenter.com\/tr\/wp-json\/wp\/v2\/posts\/13688\/revisions"}],"predecessor-version":[{"id":13695,"href":"https:\/\/www.circassiancenter.com\/tr\/wp-json\/wp\/v2\/posts\/13688\/revisions\/13695"}],"wp:attachment":[{"href":"https:\/\/www.circassiancenter.com\/tr\/wp-json\/wp\/v2\/media?parent=13688"}],"wp:term":[{"taxonomy":"category","embeddable":true,"href":"https:\/\/www.circassiancenter.com\/tr\/wp-json\/wp\/v2\/categories?post=13688"},{"taxonomy":"post_tag","embeddable":true,"href":"https:\/\/www.circassiancenter.com\/tr\/wp-json\/wp\/v2\/tags?post=13688"}],"curies":[{"name":"wp","href":"https:\/\/api.w.org\/{rel}","templated":true}]}}