{"id":1562,"date":"2019-02-21T16:53:47","date_gmt":"2019-02-21T16:53:47","guid":{"rendered":"http:\/\/circassiancenter.com\/tr\/?p=1562"},"modified":"2019-02-21T16:53:47","modified_gmt":"2019-02-21T16:53:47","slug":"bana-21-mayisi-anlat","status":"publish","type":"post","link":"https:\/\/www.circassiancenter.com\/tr\/bana-21-mayisi-anlat\/","title":{"rendered":"BANA 21 MAYIS\u2019I ANLAT"},"content":{"rendered":"<p><img fetchpriority=\"high\" decoding=\"async\" class=\"alignnone size-full wp-image-1563\" src=\"http:\/\/circassiancenter.com\/tr\/wp-content\/uploads\/2019\/02\/21.05.2017.jpg\" alt=\"\" width=\"417\" height=\"305\" srcset=\"https:\/\/www.circassiancenter.com\/tr\/wp-content\/uploads\/2019\/02\/21.05.2017.jpg 417w, https:\/\/www.circassiancenter.com\/tr\/wp-content\/uploads\/2019\/02\/21.05.2017-300x219.jpg 300w\" sizes=\"(max-width: 417px) 100vw, 417px\" \/><\/p>\n<p><strong>YEMUZ Nevzat Tarak\u00e7\u0131<br \/>\n<\/strong><span style=\"font-family: Arial;\">21.05.2017<\/span><\/p>\n<p>Bug\u00fcn 21 May\u0131s, ulusal yas g\u00fcn\u00fc.<\/p>\n<p>Haydi anlat bu g\u00fcn\u00fc!<\/p>\n<p><strong> Ac\u0131y\u0131<\/strong> anlat, <strong>s\u00fcrg\u00fcn\u00fc<\/strong>, \u00f6l\u00fcm\u00fc\u2026<\/p>\n<p>Direni\u015fi anlat.<\/p>\n<p><strong> Dirili\u015fi\u2026<\/strong><\/p>\n<p>Ulusal bilinci\u2026<\/p>\n<p>Birlikteli\u011fi,<\/p>\n<p>Tek y\u00fcreklili\u011fi\u2026<\/p>\n<p><strong> Haydi, susma anlat!<\/strong><\/p>\n<p><img decoding=\"async\" src=\"http:\/\/circassiancenter.com\/cc-turkiye\/z-2013-Images-2\/001-LR18.PNG\" alt=\"\" width=\"44\" height=\"46\" \/><\/p>\n<p>Haydi anlat s\u00fcrg\u00fcn yolunu!<\/p>\n<p><strong> Bo\u011fularak \u00f6lenleri,<\/strong><\/p>\n<p>Hastal\u0131\u011fa yenik d\u00fc\u015fenleri,<\/p>\n<p><strong> G\u00f6z\u00fc a\u00e7\u0131k gidenleri\u2026<\/strong><\/p>\n<p>D\u00fcnyan\u0131n d\u00f6rt bir yan\u0131na savrulanlar\u0131\u2026<\/p>\n<p>Haydi anlat!<\/p>\n<p><img decoding=\"async\" src=\"http:\/\/circassiancenter.com\/cc-turkiye\/z-2013-Images-2\/001-LR18.PNG\" alt=\"\" width=\"44\" height=\"46\" \/><\/p>\n<p>Biliyorum, <strong>nefesin darald\u0131.<\/strong><\/p>\n<p>G\u00f6r\u00fcyorum, <strong>g\u00f6zlerin ya\u015fard\u0131.<\/strong><\/p>\n<p>Y\u00fcre\u011fin kavruluyor, biliyorum.<\/p>\n<p>Bak yutkunuyorsun.<\/p>\n<p>Konu\u015fam\u0131yor, susuyorsun.<\/p>\n<p>Anlat haydi, derin bir nefes al \u00f6yle anlat.<\/p>\n<p><strong> Bu tarifsiz ac\u0131y\u0131<\/strong>, bu dayan\u0131lmaz sanc\u0131y\u0131 anlat.<\/p>\n<p>Kalanlar\u0131n bu b\u00fcy\u00fck ac\u0131y\u0131 ne kadar <strong>hissetti\u011fini de\u2026<\/strong><\/p>\n<p><strong> Toplumsal bilin\u00e7 <\/strong> seviyemizi,<\/p>\n<p>Duyarl\u0131l\u0131k \u00f6l\u00e7\u00fcm\u00fcz\u00fc anlat.<\/p>\n<p><strong> Samimiyetimizi, vefam\u0131z\u0131 da\u2026<\/strong><\/p>\n<p><img decoding=\"async\" src=\"http:\/\/circassiancenter.com\/cc-turkiye\/z-2013-Images-2\/001-LR18.PNG\" alt=\"\" width=\"44\" height=\"46\" \/><\/p>\n<p>Haydi anlat,<\/p>\n<p><strong> 21 par\u00e7al\u0131 21 May\u0131slar\u0131m\u0131z\u0131 anlat.<\/strong><\/p>\n<p>Da\u011f\u0131n\u0131kl\u0131\u011f\u0131m\u0131z\u0131\u2026<\/p>\n<p>21 May\u0131s programlar\u0131m\u0131zdaki <strong>mek\u00e2n ve tarih karma\u015fas\u0131n\u0131,<\/strong><\/p>\n<p>Ulusal yas g\u00fcn\u00fcm\u00fcz\u00fcn <strong>darmada\u011f\u0131n\u0131k halini,<\/strong><\/p>\n<p>Plans\u0131zl\u0131\u011f\u0131m\u0131z\u0131, programs\u0131zl\u0131\u011f\u0131m\u0131z\u0131\u2026<\/p>\n<p><strong> Kuru kuru \u00f6v\u00fcnmelerimizi\u2026<\/strong><\/p>\n<p>Ezberlerimizi\u2026<\/p>\n<p>Ele\u015ftirileri dikkate almak yerine <strong>anlams\u0131z reflekslerimizi<\/strong> anlat.<\/p>\n<p><img decoding=\"async\" src=\"http:\/\/circassiancenter.com\/cc-turkiye\/z-2013-Images-2\/001-LR18.PNG\" alt=\"\" width=\"44\" height=\"46\" \/><\/p>\n<p>Anlat, hi\u00e7 ele\u015ftiriye gelmeyen yetkililerin halini.<\/p>\n<p>En ufak ele\u015ftiride <strong>\u201ckurumlara insafs\u0131zca sald\u0131r\u0131yorlar!\u201d<\/strong> s\u00f6ylemiyle sergilenen anlams\u0131z tav\u0131rlar\u0131\u2026<\/p>\n<p>Kas\u0131lmalar\u0131m\u0131z\u0131, <strong>\u015fi\u015fkin egolar\u0131m\u0131z\u0131 <\/strong> anlat.<\/p>\n<p>Haydi anlat!<\/p>\n<p>B\u00f6ylesi bir g\u00fcnde neden <strong>tek y\u00fcrek<\/strong> olamad\u0131\u011f\u0131m\u0131z\u0131,<\/p>\n<p><strong> Samimiyetsizli\u011fimizi, vefas\u0131zl\u0131\u011f\u0131m\u0131z<\/strong> anlat.<\/p>\n<p>Umursamazl\u0131\u011f\u0131m\u0131z\u0131, vurdumduymazl\u0131\u011f\u0131m\u0131z\u0131\u2026<\/p>\n<p>&nbsp;<\/p>\n<p><strong> SELAM OLSUN!<\/strong><\/p>\n<p>21 May\u0131s\u2019\u0131n h\u00fczn\u00fcn\u00fc y\u00fcre\u011finde hisseden herkese,<\/p>\n<p>21 May\u0131slar\u0131 <strong>ulusal bilin\u00e7lenme<\/strong> g\u00fcn\u00fc kabul edip bunun i\u00e7in \u00e7\u0131rp\u0131nan g\u00fczel insanlara selam olsun.<\/p>\n<p><strong> Ezberi olmayan, <\/strong><\/p>\n<p>Egosuna yenik d\u00fc\u015fmeyen,<\/p>\n<p>21 May\u0131s\u2019\u0131n ruhunu kavram\u0131\u015f <strong>kurumlar\u0131m\u0131z\u0131n duyarl\u0131 y\u00f6neticilerine<\/strong> selam olsun.<\/p>\n<p>&nbsp;<\/p>\n<p><strong> HEP B\u0130RL\u0130KTE \u201cARTIK YETER!\u201d D\u0130YEL\u0130M <\/strong><\/p>\n<p>Haydi hep birlikte yeter diyelim!<\/p>\n<p>Yeter art\u0131k, <strong>sesimizin bo\u015flukta yank\u0131land\u0131\u011f\u0131.<\/strong><\/p>\n<p><strong> \u0130\u00e7i bo\u015f 21 May\u0131slar<\/strong> i\u00e7in s\u0131ralad\u0131\u011f\u0131m\u0131z \u00f6vg\u00fclere,<\/p>\n<p>Bu da\u011f\u0131n\u0131kl\u0131k, bu ba\u015f\u0131bo\u015flu\u011fa,<\/p>\n<p>Bu plans\u0131zl\u0131\u011fa, bu programs\u0131zl\u0131\u011fa,<\/p>\n<p>\u201cYeter!\u201d diyelim.<\/p>\n<p><strong> Vallahi yeter, billahi yeter!<\/strong><\/p>\n<p><img decoding=\"async\" src=\"http:\/\/circassiancenter.com\/cc-turkiye\/z-2013-Images-2\/001-LR18.PNG\" alt=\"\" width=\"44\" height=\"46\" \/><\/p>\n<p>Gelsin art\u0131k birliktelik ruhuyla yap\u0131lacak <strong>co\u015fkulu b\u00fcy\u00fck, iddial\u0131 programlar.<\/strong><\/p>\n<p>Gelsin, ulusal bilin\u00e7lenmeyi zirveye ta\u015f\u0131yacak <strong>i\u00e7i dolu mesaj\u0131 do\u011fru zengin 21 May\u0131slar.<\/strong><\/p>\n<p>Bitsin gruplar aras\u0131ndaki bu anlams\u0131z <strong>didi\u015fmeler, at\u0131\u015fmalar, tart\u0131\u015fmalar.<\/strong><\/p>\n<p>Art\u0131k salonlar, meydanlar bir bilincin, bir soylulu\u011fun arenas\u0131 olsun.<\/p>\n<p>Alanlar\u0131 co\u015fkulu kalabal\u0131klar doldursun.<\/p>\n<p>Programlar\u0131n yans\u0131mas\u0131n\u0131 <strong>k\u00f6rler de g\u00f6rs\u00fcn, sa\u011f\u0131rlar da duysun!<\/strong><\/p>\n<p>21 May\u0131slar art\u0131k bayram\u0131m\u0131z olsun!<\/p>\n<p>&nbsp;<\/p>\n<p><strong> ASLA UNUTMAYALIM!<\/strong><\/p>\n<p>D\u00fcn\u00fc ac\u0131larla, bug\u00fcn\u00fc gaflet, umursamazl\u0131k ve vurdumduymazl\u0131kla ya\u015fayanlar\u0131n yar\u0131n\u0131 olmaz!<\/p>\n<p>&nbsp;<\/p>\n<p><strong> B\u0130NLER SELAM!<\/strong><\/p>\n<p>21 May\u0131s h\u00fczn\u00fcn\u00fc y\u00fcre\u011finin derininde hisseden,<\/p>\n<p>Bu h\u00fczn\u00fc, sevince d\u00f6n\u00fc\u015ft\u00fcrme gayretini ya\u015fayan,<\/p>\n<p><strong> Her ad\u0131m\u0131n\u0131 bilin\u00e7 ve birlikteli\u011fe atan,<\/strong><\/p>\n<p>Dili, kimli\u011fi ve k\u00fclt\u00fcr\u00fcyle bar\u0131\u015f\u0131k bir nesil i\u00e7in \u00e7\u0131rp\u0131nan,<\/p>\n<p><strong> 22 May\u0131slara y\u00fcrekten inanan, <\/strong><\/p>\n<p>Duyarl\u0131, samimi g\u00fczel dostlara binler selam.<\/p>\n<p>&nbsp;<\/p>\n<p><strong> RAHMET ve M\u0130NNETLE ANIYORUM<\/strong><\/p>\n<p>153 y\u0131ll\u0131k b\u00fcy\u00fck ac\u0131n\u0131n, <strong>bilin\u00e7 ve birlikteli\u011fimizle<\/strong> mutlulu\u011fa d\u00f6n\u00fc\u015fmesi temennisiyle haks\u0131z bir sava\u015f\u0131n ac\u0131mas\u0131zca yok etti\u011fi <strong>atalar\u0131m\u0131z\u0131 rahmetle an\u0131yorum.<\/strong><\/p>\n<p>Aziz ruhlar\u0131 \u015fad olsun!<\/p>\n","protected":false},"excerpt":{"rendered":"<p>YEMUZ Nevzat Tarak&ccedil;&#305; 21.05.2017 Bug&uuml;n 21 May&#305;s, ulusal yas g&uuml;n&uuml;. Haydi anlat bu g&uuml;n&uuml;! Ac&#305;y&#305; anlat, s&uuml;rg&uuml;n&uuml;, &ouml;l&uuml;m&uuml;&hellip; Direni&#351;i anlat. Dirili&#351;i&hellip; Ulusal bilinci&hellip; Birlikteli&#287;i, Tek y&uuml;reklili&#287;i&hellip; Haydi, susma anlat! Haydi anlat s&uuml;rg&uuml;n yolunu! Bo&#287;ularak &ouml;lenleri, Hastal&#305;&#287;a yenik d&uuml;&#351;enleri, G&ouml;z&uuml; a&ccedil;&#305;k gidenleri&hellip; D&uuml;nyan&#305;n d&ouml;rt bir yan&#305;na savrulanlar&#305;&hellip; Haydi anlat! Biliyorum, nefesin darald&#305;. G&ouml;r&uuml;yorum, g&ouml;zlerin ya&#351;ard&#305;. Y&uuml;re&#287;in [&hellip;]<\/p>\n","protected":false},"author":1,"featured_media":0,"comment_status":"closed","ping_status":"closed","sticky":false,"template":"","format":"standard","meta":{"_bbp_topic_count":0,"_bbp_reply_count":0,"_bbp_total_topic_count":0,"_bbp_total_reply_count":0,"_bbp_voice_count":0,"_bbp_anonymous_reply_count":0,"_bbp_topic_count_hidden":0,"_bbp_reply_count_hidden":0,"_bbp_forum_subforum_count":0,"ocean_post_layout":"","ocean_both_sidebars_style":"","ocean_both_sidebars_content_width":0,"ocean_both_sidebars_sidebars_width":0,"ocean_sidebar":"0","ocean_second_sidebar":"0","ocean_disable_margins":"enable","ocean_add_body_class":"","ocean_shortcode_before_top_bar":"","ocean_shortcode_after_top_bar":"","ocean_shortcode_before_header":"","ocean_shortcode_after_header":"","ocean_has_shortcode":"","ocean_shortcode_after_title":"","ocean_shortcode_before_footer_widgets":"","ocean_shortcode_after_footer_widgets":"","ocean_shortcode_before_footer_bottom":"","ocean_shortcode_after_footer_bottom":"","ocean_display_top_bar":"default","ocean_display_header":"default","ocean_header_style":"","ocean_center_header_left_menu":"0","ocean_custom_header_template":"0","ocean_custom_logo":0,"ocean_custom_retina_logo":0,"ocean_custom_logo_max_width":0,"ocean_custom_logo_tablet_max_width":0,"ocean_custom_logo_mobile_max_width":0,"ocean_custom_logo_max_height":0,"ocean_custom_logo_tablet_max_height":0,"ocean_custom_logo_mobile_max_height":0,"ocean_header_custom_menu":"0","ocean_menu_typo_font_family":"0","ocean_menu_typo_font_subset":"","ocean_menu_typo_font_size":0,"ocean_menu_typo_font_size_tablet":0,"ocean_menu_typo_font_size_mobile":0,"ocean_menu_typo_font_size_unit":"px","ocean_menu_typo_font_weight":"","ocean_menu_typo_font_weight_tablet":"","ocean_menu_typo_font_weight_mobile":"","ocean_menu_typo_transform":"","ocean_menu_typo_transform_tablet":"","ocean_menu_typo_transform_mobile":"","ocean_menu_typo_line_height":0,"ocean_menu_typo_line_height_tablet":0,"ocean_menu_typo_line_height_mobile":0,"ocean_menu_typo_line_height_unit":"","ocean_menu_typo_spacing":0,"ocean_menu_typo_spacing_tablet":0,"ocean_menu_typo_spacing_mobile":0,"ocean_menu_typo_spacing_unit":"","ocean_menu_link_color":"","ocean_menu_link_color_hover":"","ocean_menu_link_color_active":"","ocean_menu_link_background":"","ocean_menu_link_hover_background":"","ocean_menu_link_active_background":"","ocean_menu_social_links_bg":"","ocean_menu_social_hover_links_bg":"","ocean_menu_social_links_color":"","ocean_menu_social_hover_links_color":"","ocean_disable_title":"default","ocean_disable_heading":"default","ocean_post_title":"","ocean_post_subheading":"","ocean_post_title_style":"","ocean_post_title_background_color":"","ocean_post_title_background":0,"ocean_post_title_bg_image_position":"","ocean_post_title_bg_image_attachment":"","ocean_post_title_bg_image_repeat":"","ocean_post_title_bg_image_size":"","ocean_post_title_height":0,"ocean_post_title_bg_overlay":0.5,"ocean_post_title_bg_overlay_color":"","ocean_disable_breadcrumbs":"default","ocean_breadcrumbs_color":"","ocean_breadcrumbs_separator_color":"","ocean_breadcrumbs_links_color":"","ocean_breadcrumbs_links_hover_color":"","ocean_display_footer_widgets":"default","ocean_display_footer_bottom":"default","ocean_custom_footer_template":"0","ocean_post_oembed":"","ocean_post_self_hosted_media":"","ocean_post_video_embed":"","ocean_link_format":"","ocean_link_format_target":"self","ocean_quote_format":"","ocean_quote_format_link":"post","ocean_gallery_link_images":"off","ocean_gallery_id":[],"footnotes":""},"categories":[106],"tags":[],"class_list":["post-1562","post","type-post","status-publish","format-standard","hentry","category-yazarlar-yemuz-nevzat-tarakci","entry"],"_links":{"self":[{"href":"https:\/\/www.circassiancenter.com\/tr\/wp-json\/wp\/v2\/posts\/1562","targetHints":{"allow":["GET"]}}],"collection":[{"href":"https:\/\/www.circassiancenter.com\/tr\/wp-json\/wp\/v2\/posts"}],"about":[{"href":"https:\/\/www.circassiancenter.com\/tr\/wp-json\/wp\/v2\/types\/post"}],"author":[{"embeddable":true,"href":"https:\/\/www.circassiancenter.com\/tr\/wp-json\/wp\/v2\/users\/1"}],"replies":[{"embeddable":true,"href":"https:\/\/www.circassiancenter.com\/tr\/wp-json\/wp\/v2\/comments?post=1562"}],"version-history":[{"count":1,"href":"https:\/\/www.circassiancenter.com\/tr\/wp-json\/wp\/v2\/posts\/1562\/revisions"}],"predecessor-version":[{"id":1564,"href":"https:\/\/www.circassiancenter.com\/tr\/wp-json\/wp\/v2\/posts\/1562\/revisions\/1564"}],"wp:attachment":[{"href":"https:\/\/www.circassiancenter.com\/tr\/wp-json\/wp\/v2\/media?parent=1562"}],"wp:term":[{"taxonomy":"category","embeddable":true,"href":"https:\/\/www.circassiancenter.com\/tr\/wp-json\/wp\/v2\/categories?post=1562"},{"taxonomy":"post_tag","embeddable":true,"href":"https:\/\/www.circassiancenter.com\/tr\/wp-json\/wp\/v2\/tags?post=1562"}],"curies":[{"name":"wp","href":"https:\/\/api.w.org\/{rel}","templated":true}]}}