{"id":16928,"date":"2020-10-16T14:01:48","date_gmt":"2020-10-16T19:01:48","guid":{"rendered":"http:\/\/circassiancenter.com\/tr\/?p=16928"},"modified":"2020-10-16T14:03:02","modified_gmt":"2020-10-16T19:03:02","slug":"nihayet-bir-etnografya-muzemiz-oldu","status":"publish","type":"post","link":"https:\/\/www.circassiancenter.com\/tr\/nihayet-bir-etnografya-muzemiz-oldu\/","title":{"rendered":"N\u0130HAYET B\u0130R ETNOGRAFYA M\u00dcZEM\u0130Z OLDU"},"content":{"rendered":"<p><img fetchpriority=\"high\" decoding=\"async\" class=\"alignnone size-full wp-image-16929\" src=\"http:\/\/circassiancenter.com\/tr\/wp-content\/uploads\/2020\/10\/NIHAYET-b.png\" alt=\"\" width=\"541\" height=\"304\" srcset=\"https:\/\/www.circassiancenter.com\/tr\/wp-content\/uploads\/2020\/10\/NIHAYET-b.png 541w, https:\/\/www.circassiancenter.com\/tr\/wp-content\/uploads\/2020\/10\/NIHAYET-b-300x169.png 300w\" sizes=\"(max-width: 541px) 100vw, 541px\" \/><\/p>\n<p><strong>YEMUZ Nevzat Tarak\u00e7\u0131<\/strong><\/p>\n<p>\u201cM\u00fczeler, uluslar\u0131n ve insanl\u0131\u011f\u0131n <strong>toplumsal<\/strong> <strong>haf\u0131za<\/strong>lar\u0131d\u0131r.\u201d<br \/>\nM\u00fczeler, bir toplumun <strong>tarih ve k\u00fclt\u00fcr de\u011ferlerini<\/strong>, sosyoekonomik yap\u0131s\u0131n\u0131 vb. unsurlar\u0131 koruyan, t\u00fcm bu objeleri <strong>yeni ku\u015faklara sunan<\/strong> \u00f6nemli mek\u00e2nlard\u0131r.<br \/>\nEtnografya m\u00fczeleri, ge\u00e7mi\u015fteki <strong>k\u00fclt\u00fcr varl\u0131klar\u0131n\u0131n<\/strong> sergilendi\u011fi yer olmakla birlikte, ge\u00e7mi\u015fin <strong>sanat ve zek\u00e2<\/strong> \u00fcr\u00fcnlerinin ortaya kondu\u011fu yerlerdir.<br \/>\nY\u0131llar \u00f6nce Maykop\u2019ta <strong>\u201cAd\u0131gey Mill\u00ee M\u00fczesi\u201d<\/strong> ni gezmi\u015f, g\u00f6rd\u00fc\u011f\u00fcm tarih\u00ee ve k\u00fclt\u00fcrel objeler kar\u015f\u0131s\u0131nda olduk\u00e7a duygulanm\u0131\u015f, k\u00fclt\u00fcr\u00fcmle bir kez daha gurur duymu\u015ftum.<br \/>\nM\u00fcze ziyaretimizde, sergilenen her objeyi g\u00fczel <strong>Ad\u0131gecesi ile bizlere tan\u0131tan kad\u0131n rehberimiz<\/strong> ne kadar g\u00fczel bilgilendirmi\u015fti heyetimizi.<br \/>\nUnutmak m\u00fcmk\u00fcn de\u011fil.<\/p>\n<p><strong>HAYIRLI OLSUN!<br \/>\n<\/strong>Nihayet T\u00fcrkiye\u2019deki \u00c7erkes toplumunun da bir <strong>etnografya m\u00fczesi<\/strong> oldu.<br \/>\nM\u00fczenin a\u00e7\u0131l\u0131\u015f\u0131nda <strong>emi\u011fi ge\u00e7en herkesi<\/strong> alk\u0131\u015fl\u0131yor, y\u00fcrekten kutluyorum.<br \/>\nSamsun\/ \u0130lkad\u0131m\u2019da protokol\u00fcn de kat\u0131l\u0131m\u0131yla a\u00e7\u0131lan <strong>\u201c1864 \u00c7erkes Etnografya M\u00fczesi\u201d<\/strong> toplumumuza hay\u0131rl\u0131 olsun.<\/p>\n<p><strong>\u201c 1864 \u00c7ERKES ETNOGRAFYA M\u00dcZES\u0130\u201d<br \/>\n<\/strong>\u00c7erkes Etnografya M\u00fczesinin a\u00e7\u0131l\u0131\u015f\u0131 <strong>\u00f6zlenen<\/strong> bir durumdu.<br \/>\nM\u00fcze a\u00e7\u0131l\u0131\u015f\u0131 elbette bir <strong>ba\u015far\u0131 hik\u00e2yesidir.<br \/>\n<\/strong>Ba\u015far\u0131 hik\u00e2yesini yazan herkesi <strong>i\u00e7tenlikle kutlamak<\/strong> gerek.<br \/>\nAd\u0131ge k\u00fclt\u00fcr\u00fcn\u00fcn <strong>ya\u015fat\u0131lmas\u0131, tan\u0131t\u0131lmas\u0131<\/strong> ve gelece\u011fe aktar\u0131lmas\u0131 konusundaki bu \u00e7aba alk\u0131\u015fa de\u011fer.<strong>\u00a0<\/strong><\/p>\n<p><strong>SAMSUN \u201c\u0130LK\u201d LER\u0130N \u015eEHR\u0130<br \/>\n<\/strong>T\u00fcrk milli m\u00fccadele ve \u00f6zg\u00fcrl\u00fck ate\u015finin <strong>fitili<\/strong> <strong>ilk burada<\/strong> ate\u015flendi.<br \/>\n<strong>S\u00fcrg\u00fcn ve soyk\u0131r\u0131mla<\/strong> Osmanl\u0131ya gelen \u00c7erkesler ilk buraya <strong>ayak bast\u0131.<br \/>\n<\/strong>T\u00fcrkiye\u2019deki \u00c7erkeslerin <strong>ilk etnografya m\u00fczesi<\/strong> burada a\u00e7\u0131ld\u0131.<br \/>\nBu y\u00f6n\u00fcyle <strong>m\u00fczenin konumu<\/strong> ve \u00f6nemi olduk\u00e7a anlaml\u0131.<\/p>\n<p><strong>\u0130NSAN \u0130\u00c7\u0130N SU NE \u0130SE TOPLUMLAR \u0130\u00c7\u0130N K\u00dcLT\u00dcR AYNI \u015eEYD\u0130R<br \/>\n<\/strong>Bug\u00fcn m\u00fcze olan, d\u00fcn <strong>su deposu <\/strong>olarak kullan\u0131lan binaya bak\u0131p <strong>su insan hayat\u0131nda ne ise<\/strong> toplumlar i\u00e7in k\u00fclt\u00fcr de ayn\u0131 \u015feydir, demek m\u00fcmk\u00fcn.<\/p>\n<p><strong>M\u00dcZE OLU\u015eTURMAK B\u00dcY\u00dcK \u00d6ZVER\u0130 \u0130STER<br \/>\n<\/strong>Malum, m\u00fcze olu\u015fturmak b\u00fcy\u00fck \u00f6zveri ister.<br \/>\n<strong>\u201c1864 \u00c7erkes Etnografya M\u00fczesi\u201d nde,<\/strong> Anavatan\u0131m\u0131zda kullan\u0131lan, <strong>\u00c7erkes k\u00fclt\u00fcr\u00fc ile \u00f6zde\u015fle\u015fmi\u015f giysi, <\/strong>el aletleri, tak\u0131lar, aile damgalar\u0131, enstr\u00fcmanlar, av ve sava\u015f silahlar\u0131 gibi koleksiyonlar\u0131 derleyip hizmete sunmak kolay i\u015f olmasa gerek.<\/p>\n<p><strong>FARKLI K\u00dcLT\u00dcRLER, D\u00dcNYAMIZIN ZENG\u0130NL\u0130\u011e\u0130D\u0130R<br \/>\n<\/strong>Her k\u00fclt\u00fcr, d\u00fcnyam\u0131z\u0131n zenginli\u011fidir, de\u011ferlidir ve ya\u015fat\u0131lmaya, korunmaya muhta\u00e7t\u0131r.<br \/>\n<strong>Her k\u00fclt\u00fcr, ayr\u0131 bir g\u00fczel,<\/strong> farkl\u0131 bir \u00f6zeldir.<br \/>\nFarkl\u0131 etnik kimliklerin, farkl\u0131 inan\u00e7 gruplar\u0131n\u0131n bir arada <strong>karde\u015f\u00e7e, bar\u0131\u015f i\u00e7inde<\/strong> ya\u015famas\u0131 ya\u015fl\u0131, yorgun d\u00fcnyam\u0131z\u0131 <strong>renklendirecek<\/strong>, g\u00fczelle\u015ftirecektir.<\/p>\n<p><strong>TEBR\u0130K!<br \/>\n<\/strong>Bu g\u00fczel eserin olu\u015fumuna katk\u0131 sa\u011flayan <strong>Samsun \/ \u0130lkad\u0131m belediyesini<\/strong> duyarl\u0131l\u0131\u011f\u0131ndan ve emeklerinden dolay\u0131 <strong>y\u00fcrekten kutluyorum.<br \/>\n<\/strong>Projenin mimar\u0131 <strong>\u201cAd\u0131ge K\u00fclt\u00fcr Derne\u011fi\u201d<\/strong> y\u00f6netimini, bu son derece anlaml\u0131 olu\u015fum i\u00e7in i\u00e7tenlikle tebrik ediyorum.<br \/>\nBu derne\u011fimizin toplumumuza, k\u00fclt\u00fcr\u00fcm\u00fcze olan <strong>anlaml\u0131 katk\u0131lar\u0131<\/strong> unutulmayacak.<br \/>\n<strong>\u201c1864 \u00c7erkes Etnografya M\u00fczesi\u201d<\/strong> d\u00fc\u015f\u00fcncesinin hayata ge\u00e7irilmi\u015f olmas\u0131n\u0131 ziyadesiyle \u00f6nemsiyor, m\u00fczemizin her ge\u00e7en g\u00fcn <strong>daha da zenginle\u015ferek<\/strong> g\u00fczel hizmetlere vesile olmas\u0131n\u0131 diliyorum.<br \/>\nNice g\u00fczel a\u00e7\u0131l\u0131\u015flarda, <strong>anlaml\u0131 k\u00fclt\u00fcrel kazan\u0131mlarda<\/strong> bulu\u015fmak temennisiyle.<\/p>\n","protected":false},"excerpt":{"rendered":"<p>YEMUZ Nevzat Tarak&ccedil;&#305; &ldquo;M&uuml;zeler, uluslar&#305;n ve insanl&#305;&#287;&#305;n toplumsal haf&#305;zalar&#305;d&#305;r.&rdquo; M&uuml;zeler, bir toplumun tarih ve k&uuml;lt&uuml;r de&#287;erlerini, sosyoekonomik yap&#305;s&#305;n&#305; vb. unsurlar&#305; koruyan, t&uuml;m bu objeleri yeni ku&#351;aklara sunan &ouml;nemli mek&acirc;nlard&#305;r. Etnografya m&uuml;zeleri, ge&ccedil;mi&#351;teki k&uuml;lt&uuml;r varl&#305;klar&#305;n&#305;n sergilendi&#287;i yer olmakla birlikte, ge&ccedil;mi&#351;in sanat ve zek&acirc; &uuml;r&uuml;nlerinin ortaya kondu&#287;u yerlerdir. Y&#305;llar &ouml;nce Maykop&rsquo;ta &ldquo;Ad&#305;gey Mill&icirc; M&uuml;zesi&rdquo; ni gezmi&#351;, g&ouml;rd&uuml;&#287;&uuml;m [&hellip;]<\/p>\n","protected":false},"author":1,"featured_media":0,"comment_status":"closed","ping_status":"closed","sticky":false,"template":"","format":"standard","meta":{"_bbp_topic_count":0,"_bbp_reply_count":0,"_bbp_total_topic_count":0,"_bbp_total_reply_count":0,"_bbp_voice_count":0,"_bbp_anonymous_reply_count":0,"_bbp_topic_count_hidden":0,"_bbp_reply_count_hidden":0,"_bbp_forum_subforum_count":0,"ocean_post_layout":"","ocean_both_sidebars_style":"","ocean_both_sidebars_content_width":0,"ocean_both_sidebars_sidebars_width":0,"ocean_sidebar":"0","ocean_second_sidebar":"0","ocean_disable_margins":"enable","ocean_add_body_class":"","ocean_shortcode_before_top_bar":"","ocean_shortcode_after_top_bar":"","ocean_shortcode_before_header":"","ocean_shortcode_after_header":"","ocean_has_shortcode":"","ocean_shortcode_after_title":"","ocean_shortcode_before_footer_widgets":"","ocean_shortcode_after_footer_widgets":"","ocean_shortcode_before_footer_bottom":"","ocean_shortcode_after_footer_bottom":"","ocean_display_top_bar":"default","ocean_display_header":"default","ocean_header_style":"","ocean_center_header_left_menu":"0","ocean_custom_header_template":"0","ocean_custom_logo":0,"ocean_custom_retina_logo":0,"ocean_custom_logo_max_width":0,"ocean_custom_logo_tablet_max_width":0,"ocean_custom_logo_mobile_max_width":0,"ocean_custom_logo_max_height":0,"ocean_custom_logo_tablet_max_height":0,"ocean_custom_logo_mobile_max_height":0,"ocean_header_custom_menu":"0","ocean_menu_typo_font_family":"0","ocean_menu_typo_font_subset":"","ocean_menu_typo_font_size":0,"ocean_menu_typo_font_size_tablet":0,"ocean_menu_typo_font_size_mobile":0,"ocean_menu_typo_font_size_unit":"px","ocean_menu_typo_font_weight":"","ocean_menu_typo_font_weight_tablet":"","ocean_menu_typo_font_weight_mobile":"","ocean_menu_typo_transform":"","ocean_menu_typo_transform_tablet":"","ocean_menu_typo_transform_mobile":"","ocean_menu_typo_line_height":0,"ocean_menu_typo_line_height_tablet":0,"ocean_menu_typo_line_height_mobile":0,"ocean_menu_typo_line_height_unit":"","ocean_menu_typo_spacing":0,"ocean_menu_typo_spacing_tablet":0,"ocean_menu_typo_spacing_mobile":0,"ocean_menu_typo_spacing_unit":"","ocean_menu_link_color":"","ocean_menu_link_color_hover":"","ocean_menu_link_color_active":"","ocean_menu_link_background":"","ocean_menu_link_hover_background":"","ocean_menu_link_active_background":"","ocean_menu_social_links_bg":"","ocean_menu_social_hover_links_bg":"","ocean_menu_social_links_color":"","ocean_menu_social_hover_links_color":"","ocean_disable_title":"default","ocean_disable_heading":"default","ocean_post_title":"","ocean_post_subheading":"","ocean_post_title_style":"","ocean_post_title_background_color":"","ocean_post_title_background":0,"ocean_post_title_bg_image_position":"","ocean_post_title_bg_image_attachment":"","ocean_post_title_bg_image_repeat":"","ocean_post_title_bg_image_size":"","ocean_post_title_height":0,"ocean_post_title_bg_overlay":0.5,"ocean_post_title_bg_overlay_color":"","ocean_disable_breadcrumbs":"default","ocean_breadcrumbs_color":"","ocean_breadcrumbs_separator_color":"","ocean_breadcrumbs_links_color":"","ocean_breadcrumbs_links_hover_color":"","ocean_display_footer_widgets":"default","ocean_display_footer_bottom":"default","ocean_custom_footer_template":"0","ocean_post_oembed":"","ocean_post_self_hosted_media":"","ocean_post_video_embed":"","ocean_link_format":"","ocean_link_format_target":"self","ocean_quote_format":"","ocean_quote_format_link":"post","ocean_gallery_link_images":"off","ocean_gallery_id":[],"footnotes":""},"categories":[106],"tags":[],"class_list":["post-16928","post","type-post","status-publish","format-standard","hentry","category-yazarlar-yemuz-nevzat-tarakci","entry"],"_links":{"self":[{"href":"https:\/\/www.circassiancenter.com\/tr\/wp-json\/wp\/v2\/posts\/16928","targetHints":{"allow":["GET"]}}],"collection":[{"href":"https:\/\/www.circassiancenter.com\/tr\/wp-json\/wp\/v2\/posts"}],"about":[{"href":"https:\/\/www.circassiancenter.com\/tr\/wp-json\/wp\/v2\/types\/post"}],"author":[{"embeddable":true,"href":"https:\/\/www.circassiancenter.com\/tr\/wp-json\/wp\/v2\/users\/1"}],"replies":[{"embeddable":true,"href":"https:\/\/www.circassiancenter.com\/tr\/wp-json\/wp\/v2\/comments?post=16928"}],"version-history":[{"count":3,"href":"https:\/\/www.circassiancenter.com\/tr\/wp-json\/wp\/v2\/posts\/16928\/revisions"}],"predecessor-version":[{"id":16932,"href":"https:\/\/www.circassiancenter.com\/tr\/wp-json\/wp\/v2\/posts\/16928\/revisions\/16932"}],"wp:attachment":[{"href":"https:\/\/www.circassiancenter.com\/tr\/wp-json\/wp\/v2\/media?parent=16928"}],"wp:term":[{"taxonomy":"category","embeddable":true,"href":"https:\/\/www.circassiancenter.com\/tr\/wp-json\/wp\/v2\/categories?post=16928"},{"taxonomy":"post_tag","embeddable":true,"href":"https:\/\/www.circassiancenter.com\/tr\/wp-json\/wp\/v2\/tags?post=16928"}],"curies":[{"name":"wp","href":"https:\/\/api.w.org\/{rel}","templated":true}]}}