{"id":21529,"date":"2021-11-16T17:46:49","date_gmt":"2021-11-16T23:46:49","guid":{"rendered":"http:\/\/www.circassiancenter.com\/tr\/?p=21529"},"modified":"2021-11-16T17:46:49","modified_gmt":"2021-11-16T23:46:49","slug":"diaspora-cerkes-orgutu-hayali","status":"publish","type":"post","link":"https:\/\/www.circassiancenter.com\/tr\/diaspora-cerkes-orgutu-hayali\/","title":{"rendered":"D\u0130ASPORA \u00c7ERKES \u00d6RG\u00dcT\u00dc HAYAL\u0130"},"content":{"rendered":"<p><img fetchpriority=\"high\" decoding=\"async\" class=\"alignnone wp-image-21530 size-full\" src=\"http:\/\/www.circassiancenter.com\/tr\/wp-content\/uploads\/2021\/11\/DIASPORA-CERKES-ORGUTU-HAYALI-b.png\" alt=\"\" width=\"571\" height=\"297\" \/><\/p>\n<p><strong>Dr. ME\u015eFE\u015e&#8217;\u00dc Necdet Hatam<\/strong><\/p>\n<p>Y\u0131llard\u0131r kavramlar\u0131n i\u00e7i doldurulmad\u0131\u011f\u0131nda s\u00f6ylenen \u015feylerin ger\u00e7ek ya\u015famda bir anlam\u0131 olmad\u0131\u011f\u0131n\u0131 yazar dururum. Bunu, elbette benim g\u00f6r\u00fc\u015f\u00fcm olarak de\u011fil, bu g\u00f6r\u00fc\u015fte olan d\u00fc\u015f\u00fcn\u00fcrlerin, sosyologlar\u0131n, politikac\u0131lar\u0131n g\u00f6r\u00fc\u015flerini payla\u015ft\u0131\u011f\u0131m anlam\u0131nda al\u0131nmal\u0131d\u0131r.<\/p>\n<p>&#8220;<strong>Diaspora \u00c7erkes \u00d6rg\u00fctleri Birli\u011fi<\/strong>&#8221; de ilk duyuldu\u011funda kula\u011fa ho\u015f gelen ancak i\u00e7i doldurulmaya kalk\u0131ld\u0131\u011f\u0131nda daha ilk ad\u0131mda <strong>olmazl\u0131\u011f\u0131<\/strong> ortaya \u00e7\u0131kacak bir d\u00fc\u015f.<\/p>\n<p>Tek somut bir \u00f6rnek:<\/p>\n<p>\u00c7erkes diasporas\u0131 dendi\u011finde akla gelen T\u00fcrkiye, Suriye, \u00dcrd\u00fcn ve \u0130srail \u00c7erkesleri olsa gerek.\u00a0 Bu \u00fclkelerde var olan STK\u2019lar\u0131n (\u00e7ok sevilen bir deyim oldu\u011fu i\u00e7in kulland\u0131m) ya da yeni kurulacaklar\u0131n bir Diaspora \u00c7erkes \u00d6rg\u00fct\u00fc kurdu\u011funu varsayal\u0131m.<\/p>\n<p>Tart\u0131\u015faca\u011f\u0131 ve karara ba\u011flayaca\u011f\u0131 sorun da Suriye, Suriye \u00c7erkesleri sorunu olsun.<\/p>\n<p>Suriye\u2019deki STK Esad\u2019a kar\u015f\u0131 bir tutum alabilir mi?<\/p>\n<p>T\u00fcrkiye \u00c7erkesleri T\u00fcrk H\u00fck\u00fcmeti\u2019nin a\u00e7\u0131k Esad kar\u015f\u0131t\u0131 politikas\u0131na ra\u011fmen Esad\u2019tan yana tav\u0131r alabilir mi?<\/p>\n<p>\u00dcrd\u00fcn ne yapar?<\/p>\n<p>\u0130srail \u00c7erkesleri kay\u0131ts\u0131z \u015farts\u0131z \u0130srail devletinden yana olmaz m\u0131?<\/p>\n<p>Bug\u00fcn \u0130srail\u2019in yapt\u0131klar\u0131na soyk\u0131r\u0131m diyen Suriye, \u00dcrd\u00fcn, T\u00fcrkiye \u00c7erkesleri; r\u00fcya g\u00f6rm\u00fc\u015f gibi \u00c7erkeslerin soyk\u0131r\u0131m ile ilgilenmeye ba\u015flayan G\u00fcrcistan ve Ukrayna\u2019n\u0131n soyk\u0131r\u0131m kararlar\u0131n\u0131 \u00f6nemseyen \u0130srail \u00c7erkesleri ile nas\u0131l olup da ortak tav\u0131r alabileceklerdir?<\/p>\n<p>R\u00fcya ba\u015fka olmal\u0131 san\u0131r\u0131m! RF kar\u015f\u0131t\u0131 k\u00fcresel politika.\u00a0 Yani, D\u00c7B\u2019yi Bat\u0131\u2019n\u0131n RF karn\u0131ndaki g\u00fcc\u00fc haline getiremedik, bari g\u00f6revi y\u00fckleyece\u011fimiz bir \u00f6rg\u00fct kural\u0131m.<\/p>\n<p>Ancak i\u00e7i doldurmaya \u00e7al\u0131\u015f\u0131ld\u0131\u011f\u0131nda bunun da ger\u00e7ek\u00e7i olmad\u0131\u011f\u0131 ortaya \u00e7\u0131kacakt\u0131r.<\/p>\n<p>Ayakta kalmas\u0131n\u0131 b\u00fcy\u00fck \u00f6l\u00e7\u00fcde RF\u2019ye bor\u00e7lu olan Esad Suriye\u2019sindeki bir \u00c7erkes STK&#8217;s\u0131 nas\u0131l olur da RF kar\u015f\u0131t\u0131 bir politikay\u0131 destekleyebilecektir?<\/p>\n<p>\u00dcrd\u00fcn b\u00f6yle bir giri\u015fimi destekleyecek midir?<\/p>\n<p>RF kar\u015f\u0131t\u0131 s\u00f6ylem ciddi boyutlara ula\u015f\u0131rsa T\u00fcrkiye Cumhuriyeti Devleti\u2019nin tutumu ne olacakt\u0131r?<\/p>\n<p>Tek \u00e7\u0131k\u0131\u015f yolu bulunduklar\u0131 \u00fclke devlet ya da h\u00fck\u00fcmet politikalar\u0131na ra\u011fmen, onlara da kar\u015f\u0131 durabilecek \u00f6rg\u00fct kurmakt\u0131r ki, b\u00f6ylesi bir \u00f6rg\u00fct te uluorta kurulabilecek de\u011fildir. Onun yollar\u0131 da bilinir.<\/p>\n<p>Kesin olan\u0131, b\u00f6ylesi bir \u00f6rg\u00fct\u00fcn k\u00fcresel bir g\u00fc\u00e7 deste\u011fi olmadan ve uluorta kurulamayaca\u011f\u0131d\u0131r.<\/p>\n<p>Herkesin g\u00f6z\u00fc \u00f6n\u00fcnde olan dernekler de yukar\u0131da sayd\u0131\u011f\u0131m\u0131z nedenlerden dolay\u0131 Bat\u0131\u2019n\u0131n RF i\u00e7indeki kolu olamayacaklard\u0131r.<\/p>\n<p>&#8220;D\u00c7B\u2019yi y\u0131kma hayali&#8221; gibi, bu da kimilerinin kula\u011f\u0131na ho\u015f gelebilecek olsa da \u00e7ok bo\u015f bir hayaldir.<\/p>\n","protected":false},"excerpt":{"rendered":"<p>Dr. ME&#350;FE&#350;&rsquo;&Uuml; Necdet Hatam Y&#305;llard&#305;r kavramlar&#305;n i&ccedil;i doldurulmad&#305;&#287;&#305;nda s&ouml;ylenen &#351;eylerin ger&ccedil;ek ya&#351;amda bir anlam&#305; olmad&#305;&#287;&#305;n&#305; yazar dururum. Bunu, elbette benim g&ouml;r&uuml;&#351;&uuml;m olarak de&#287;il, bu g&ouml;r&uuml;&#351;te olan d&uuml;&#351;&uuml;n&uuml;rlerin, sosyologlar&#305;n, politikac&#305;lar&#305;n g&ouml;r&uuml;&#351;lerini payla&#351;t&#305;&#287;&#305;m anlam&#305;nda al&#305;nmal&#305;d&#305;r. &ldquo;Diaspora &Ccedil;erkes &Ouml;rg&uuml;tleri Birli&#287;i&rdquo; de ilk duyuldu&#287;unda kula&#287;a ho&#351; gelen ancak i&ccedil;i doldurulmaya kalk&#305;ld&#305;&#287;&#305;nda daha ilk ad&#305;mda olmazl&#305;&#287;&#305; ortaya &ccedil;&#305;kacak bir d&uuml;&#351;. [&hellip;]<\/p>\n","protected":false},"author":1,"featured_media":0,"comment_status":"closed","ping_status":"closed","sticky":false,"template":"","format":"standard","meta":{"_bbp_topic_count":0,"_bbp_reply_count":0,"_bbp_total_topic_count":0,"_bbp_total_reply_count":0,"_bbp_voice_count":0,"_bbp_anonymous_reply_count":0,"_bbp_topic_count_hidden":0,"_bbp_reply_count_hidden":0,"_bbp_forum_subforum_count":0,"ocean_post_layout":"","ocean_both_sidebars_style":"","ocean_both_sidebars_content_width":0,"ocean_both_sidebars_sidebars_width":0,"ocean_sidebar":"","ocean_second_sidebar":"","ocean_disable_margins":"enable","ocean_add_body_class":"","ocean_shortcode_before_top_bar":"","ocean_shortcode_after_top_bar":"","ocean_shortcode_before_header":"","ocean_shortcode_after_header":"","ocean_has_shortcode":"","ocean_shortcode_after_title":"","ocean_shortcode_before_footer_widgets":"","ocean_shortcode_after_footer_widgets":"","ocean_shortcode_before_footer_bottom":"","ocean_shortcode_after_footer_bottom":"","ocean_display_top_bar":"default","ocean_display_header":"default","ocean_header_style":"","ocean_center_header_left_menu":"","ocean_custom_header_template":"","ocean_custom_logo":0,"ocean_custom_retina_logo":0,"ocean_custom_logo_max_width":0,"ocean_custom_logo_tablet_max_width":0,"ocean_custom_logo_mobile_max_width":0,"ocean_custom_logo_max_height":0,"ocean_custom_logo_tablet_max_height":0,"ocean_custom_logo_mobile_max_height":0,"ocean_header_custom_menu":"","ocean_menu_typo_font_family":"","ocean_menu_typo_font_subset":"","ocean_menu_typo_font_size":0,"ocean_menu_typo_font_size_tablet":0,"ocean_menu_typo_font_size_mobile":0,"ocean_menu_typo_font_size_unit":"px","ocean_menu_typo_font_weight":"","ocean_menu_typo_font_weight_tablet":"","ocean_menu_typo_font_weight_mobile":"","ocean_menu_typo_transform":"","ocean_menu_typo_transform_tablet":"","ocean_menu_typo_transform_mobile":"","ocean_menu_typo_line_height":0,"ocean_menu_typo_line_height_tablet":0,"ocean_menu_typo_line_height_mobile":0,"ocean_menu_typo_line_height_unit":"","ocean_menu_typo_spacing":0,"ocean_menu_typo_spacing_tablet":0,"ocean_menu_typo_spacing_mobile":0,"ocean_menu_typo_spacing_unit":"","ocean_menu_link_color":"","ocean_menu_link_color_hover":"","ocean_menu_link_color_active":"","ocean_menu_link_background":"","ocean_menu_link_hover_background":"","ocean_menu_link_active_background":"","ocean_menu_social_links_bg":"","ocean_menu_social_hover_links_bg":"","ocean_menu_social_links_color":"","ocean_menu_social_hover_links_color":"","ocean_disable_title":"default","ocean_disable_heading":"default","ocean_post_title":"","ocean_post_subheading":"","ocean_post_title_style":"","ocean_post_title_background_color":"","ocean_post_title_background":0,"ocean_post_title_bg_image_position":"","ocean_post_title_bg_image_attachment":"","ocean_post_title_bg_image_repeat":"","ocean_post_title_bg_image_size":"","ocean_post_title_height":0,"ocean_post_title_bg_overlay":0.5,"ocean_post_title_bg_overlay_color":"","ocean_disable_breadcrumbs":"default","ocean_breadcrumbs_color":"","ocean_breadcrumbs_separator_color":"","ocean_breadcrumbs_links_color":"","ocean_breadcrumbs_links_hover_color":"","ocean_display_footer_widgets":"default","ocean_display_footer_bottom":"default","ocean_custom_footer_template":"","ocean_post_oembed":"","ocean_post_self_hosted_media":"","ocean_post_video_embed":"","ocean_link_format":"","ocean_link_format_target":"self","ocean_quote_format":"","ocean_quote_format_link":"post","ocean_gallery_link_images":"on","ocean_gallery_id":[],"footnotes":""},"categories":[137],"tags":[],"class_list":["post-21529","post","type-post","status-publish","format-standard","hentry","category-yazarlar-mesfessu-necdet-hatam","entry"],"_links":{"self":[{"href":"https:\/\/www.circassiancenter.com\/tr\/wp-json\/wp\/v2\/posts\/21529","targetHints":{"allow":["GET"]}}],"collection":[{"href":"https:\/\/www.circassiancenter.com\/tr\/wp-json\/wp\/v2\/posts"}],"about":[{"href":"https:\/\/www.circassiancenter.com\/tr\/wp-json\/wp\/v2\/types\/post"}],"author":[{"embeddable":true,"href":"https:\/\/www.circassiancenter.com\/tr\/wp-json\/wp\/v2\/users\/1"}],"replies":[{"embeddable":true,"href":"https:\/\/www.circassiancenter.com\/tr\/wp-json\/wp\/v2\/comments?post=21529"}],"version-history":[{"count":1,"href":"https:\/\/www.circassiancenter.com\/tr\/wp-json\/wp\/v2\/posts\/21529\/revisions"}],"predecessor-version":[{"id":21532,"href":"https:\/\/www.circassiancenter.com\/tr\/wp-json\/wp\/v2\/posts\/21529\/revisions\/21532"}],"wp:attachment":[{"href":"https:\/\/www.circassiancenter.com\/tr\/wp-json\/wp\/v2\/media?parent=21529"}],"wp:term":[{"taxonomy":"category","embeddable":true,"href":"https:\/\/www.circassiancenter.com\/tr\/wp-json\/wp\/v2\/categories?post=21529"},{"taxonomy":"post_tag","embeddable":true,"href":"https:\/\/www.circassiancenter.com\/tr\/wp-json\/wp\/v2\/tags?post=21529"}],"curies":[{"name":"wp","href":"https:\/\/api.w.org\/{rel}","templated":true}]}}