{"id":21720,"date":"2021-11-28T09:56:10","date_gmt":"2021-11-28T15:56:10","guid":{"rendered":"http:\/\/www.circassiancenter.com\/tr\/?p=21720"},"modified":"2021-11-28T09:56:10","modified_gmt":"2021-11-28T15:56:10","slug":"10-kaffed-genel-kurul-izlenimleri","status":"publish","type":"post","link":"https:\/\/www.circassiancenter.com\/tr\/10-kaffed-genel-kurul-izlenimleri\/","title":{"rendered":"10. KAFFED GENEL KURUL \u0130ZLEN\u0130MLER\u0130"},"content":{"rendered":"<p><img fetchpriority=\"high\" decoding=\"async\" class=\"alignnone size-full wp-image-21721\" src=\"http:\/\/www.circassiancenter.com\/tr\/wp-content\/uploads\/2021\/11\/10.-KAFFED-GENEL-KURUL-IZLENIMLERI-b.png\" alt=\"\" width=\"571\" height=\"297\" \/><\/p>\n<p><strong>YEMUZ Nevzat Tarak\u00e7\u0131<\/strong><\/p>\n<p>Bu hafta sonunu <strong>\u201cKAFFED \u0130sti\u015fare Toplant\u0131s\u0131\u201d<\/strong> ve <strong>\u201cKAFFED Genel Kurulu\u201d<\/strong> una ay\u0131rd\u0131m.<\/p>\n<p>Evet, kongre <strong>salonunda olamayaca\u011f\u0131m<\/strong> ama salondan <strong>canl\u0131 yay\u0131nlar\u0131n<\/strong> yap\u0131laca\u011f\u0131n\u0131, her konu\u015fmac\u0131y\u0131 b\u00fcy\u00fck bir dikkatle dinleyebilece\u011fimi, gerekli notlar\u0131 alabilece\u011fimi d\u00fc\u015f\u00fcn\u00fcyorum.<\/p>\n<p>Mara\u015f\u2019ta hava bulutlu, k\u0131smen ya\u011f\u0131\u015fl\u0131, odam s\u0131cac\u0131k, \u00e7ay\u0131m demli ve b\u00fcy\u00fck ekran\u0131n kar\u015f\u0131s\u0131nda a\u015fkla, \u015fevkle isti\u015fare program\u0131n\u0131 bekliyorum.<\/p>\n<p>Ve program ba\u015fl\u0131yor.<\/p>\n<p><strong>Cep telefonuyla<\/strong> canl\u0131 yay\u0131n yapanlar\u0131 tar\u0131yorum, olmuyor, verimsiz.<\/p>\n<p>Sabit kamerayla yap\u0131lan yay\u0131na ge\u00e7iyorum, bu kamerada da <strong>ses anla\u015f\u0131lm\u0131yor, g\u00f6r\u00fcnt\u00fcler \u00e7ok s\u0131k\u0131nt\u0131l\u0131.<\/strong><\/p>\n<p>Hi\u00e7bir konu\u015fmac\u0131n\u0131n <strong>jest ve mimiklerini<\/strong> g\u00f6remeden, iman g\u00fcc\u00fcyle izledim hepsini, desem abart\u0131l\u0131 olmaz.<\/p>\n<p>Ke\u015fke diyorum, hi\u00e7 olmazsa bir yay\u0131n\u0131n <strong>sesi net, g\u00f6r\u00fcnt\u00fcs\u00fc d\u00fczg\u00fcn olsayd\u0131<\/strong> da farkl\u0131 g\u00f6r\u00fc\u015fleri dinlesem, olu\u015facak beyin f\u0131rt\u0131nas\u0131ndan nasiplensem diyorum ama olmuyor.<\/p>\n<p>Farkl\u0131 bilgisayar deniyorum, telefona d\u00f6n\u00fcyorum, <strong>kulakl\u0131k tak\u0131yorum<\/strong>\u2026 Olmuyor\u2026 Anla\u015f\u0131lan bu kadar\u0131na raz\u0131 olaca\u011f\u0131z.<\/p>\n<p>Kendi kendime, can\u0131m, <strong>TRT canl\u0131 yay\u0131n\u0131 de\u011fil ki bu<\/strong>, sen buna d\u00fcnden \u015f\u00fckret, diyorum ve sese de g\u00f6r\u00fcnt\u00fcye de kulak kesiliyorum.<\/p>\n<p>A\u00e7\u0131k\u00e7a s\u00f6yleyeyim, isti\u015fare toplant\u0131s\u0131 i\u00e7in <strong>beklentim \u00e7ok y\u00fcksekti<\/strong>. Farkl\u0131 bak\u0131\u015f a\u00e7\u0131lar\u0131, de\u011fi\u015fik \u00f6neriler, somut \u00e7\u00f6z\u00fcmler\u2026 dinlemeyi bekliyordum.<\/p>\n<p>Ama \u015funu s\u00f6ylemeden ge\u00e7emeyece\u011fim, sanki b\u00f6ylesini ilk defa g\u00f6r\u00fcyorum; konu\u015fmac\u0131lar\u0131n bu kadar <strong>isteksiz, bu kadar mutsuz ve umutsuz<\/strong> oldu\u011funu\u2026<\/p>\n<p>Ka\u00e7 konu\u015fmac\u0131m\u0131zdan duyduk <strong>\u201cAsl\u0131nda ben konu\u015fmak istemiyordum ama\u2026\u201d<\/strong> ile ba\u015flayan giri\u015f c\u00fcmlelerini.<\/p>\n<p>Ayr\u0131ca <strong>en \u00f6nde, en k\u0131rm\u0131z\u0131 koltukta oturmas\u0131 gerekirken<\/strong> arka s\u0131ralarda oturanlar da \u00fczmedi de\u011fil beni.<\/p>\n<p>Bu t\u00fcr aksakl\u0131klar, b\u00f6ylesi yo\u011fun ge\u00e7en toplant\u0131larda olur elbet, deyip ge\u00e7elim.<\/p>\n<p>Her konu\u015fmac\u0131dan <strong>pek \u00e7ok not ald\u0131m<\/strong> ama detay\u0131na girmeye gerek duymuyorum.<\/p>\n<p>Bu arada bana g\u00f6re <strong>i\u00e7i dolu, ayaklar\u0131 yere basan, y\u00fcrekten gelen <\/strong>ifadelerle toplant\u0131ya ruh veren konu\u015fmac\u0131lar da yok de\u011fil. Bu anlaml\u0131 ifadelerin sahibi <strong>de\u011ferli hatiplerimizi<\/strong> de y\u00fcrekten kutluyorum.<\/p>\n<p>Genel de\u011ferlendirmeyi duyarl\u0131 kesimin insaf\u0131na iz\u2019an\u0131na b\u0131rak\u0131yorum.<\/p>\n<p><strong>\u00a0<\/strong><\/p>\n<p><strong>VE GENEL KURUL<\/strong><\/p>\n<p>Genel kurulda bir gerginli\u011fin ya\u015fanmamas\u0131, <strong>davetlilerin temennileri<\/strong> g\u00fczel olan taraf.<\/p>\n<p><strong>Y\u0131ld\u0131z Han\u0131m\u2019\u0131n<\/strong> yap\u0131c\u0131 konu\u015fmas\u0131n\u0131 ve uzun faaliyet raporunu dinlerken pandemiye ra\u011fmen bu kadar etkinlik, bu kadar \u00e7al\u0131\u015fma <strong>alk\u0131\u015f\u0131 hak ediyor do\u011frusu<\/strong>, diye ge\u00e7irdim i\u00e7imden.<\/p>\n<p>Yo\u011funluktan olsa gerek sanki <strong>yeni y\u00f6netim, yeteri kadar sahnede kalamad\u0131<\/strong> gibi.<\/p>\n<p><strong>\u00dcmit Beyin konu\u015fmas\u0131 etkiliydi<\/strong>, \u00fcmit vericiydi.<\/p>\n<p>\u0130\u015fte biz b\u00f6yleyiz, hep ele\u015ftiririz, denmesin diye burada noktay\u0131 koyuyorum.<\/p>\n<p>Bu iki g\u00fcn\u00fcn anahtar s\u00f6zc\u00fckleri <strong>\u201cbirliktelikti, uyumdu, dayan\u0131\u015fmayd\u0131, anadildi, anavatand\u0131, xabzeydi<\/strong>\u2026<\/p>\n<p>Devrald\u0131\u011f\u0131 sorumlulu\u011fun i\u00e7ini b\u00fcy\u00fck \u00f6zveriyle dolduran, unutulmaz ve kal\u0131c\u0131 g\u00fczel \u00e7al\u0131\u015fmalarla tarihteki yerini alan <strong>Say\u0131n Y\u0131ld\u0131z \u015eEKERC\u0130 ve de\u011ferli y\u00f6netimine<\/strong> i\u00e7tenlikle te\u015fekk\u00fcr ederken bayra\u011f\u0131 devralan <strong>Say\u0131n \u00dcmit D\u0130N\u00c7ER ve de\u011ferli ekibini tebrik ediyor<\/strong>, yeni ekibe kolayl\u0131klar ve \u00fcst\u00fcn ba\u015far\u0131lar diliyorum.<\/p>\n<p>\u0130leti\u015fim, uyum ve <strong>yard\u0131mla\u015fmas\u0131n\u0131 en \u00fcst seviyelere \u00e7\u0131kartm\u0131\u015f<\/strong>, k\u00fclt\u00fcr\u00fcyle bar\u0131\u015f\u0131k <strong>e\u011fitimli bir nesil,<\/strong> sevgiyle kucakla\u015fm\u0131\u015f <strong>g\u00fczel bir toplum i\u00e7in emek harcayan<\/strong> herkese binler selam.<\/p>\n","protected":false},"excerpt":{"rendered":"<p>YEMUZ Nevzat Tarak&ccedil;&#305; Bu hafta sonunu &ldquo;KAFFED &#304;sti&#351;are Toplant&#305;s&#305;&rdquo; ve &ldquo;KAFFED Genel Kurulu&rdquo; una ay&#305;rd&#305;m. Evet, kongre salonunda olamayaca&#287;&#305;m ama salondan canl&#305; yay&#305;nlar&#305;n yap&#305;laca&#287;&#305;n&#305;, her konu&#351;mac&#305;y&#305; b&uuml;y&uuml;k bir dikkatle dinleyebilece&#287;imi, gerekli notlar&#305; alabilece&#287;imi d&uuml;&#351;&uuml;n&uuml;yorum. Mara&#351;&rsquo;ta hava bulutlu, k&#305;smen ya&#287;&#305;&#351;l&#305;, odam s&#305;cac&#305;k, &ccedil;ay&#305;m demli ve b&uuml;y&uuml;k ekran&#305;n kar&#351;&#305;s&#305;nda a&#351;kla, &#351;evkle isti&#351;are program&#305;n&#305; bekliyorum. Ve program ba&#351;l&#305;yor. [&hellip;]<\/p>\n","protected":false},"author":1,"featured_media":0,"comment_status":"closed","ping_status":"closed","sticky":false,"template":"","format":"standard","meta":{"_bbp_topic_count":0,"_bbp_reply_count":0,"_bbp_total_topic_count":0,"_bbp_total_reply_count":0,"_bbp_voice_count":0,"_bbp_anonymous_reply_count":0,"_bbp_topic_count_hidden":0,"_bbp_reply_count_hidden":0,"_bbp_forum_subforum_count":0,"ocean_post_layout":"","ocean_both_sidebars_style":"","ocean_both_sidebars_content_width":0,"ocean_both_sidebars_sidebars_width":0,"ocean_sidebar":"","ocean_second_sidebar":"","ocean_disable_margins":"enable","ocean_add_body_class":"","ocean_shortcode_before_top_bar":"","ocean_shortcode_after_top_bar":"","ocean_shortcode_before_header":"","ocean_shortcode_after_header":"","ocean_has_shortcode":"","ocean_shortcode_after_title":"","ocean_shortcode_before_footer_widgets":"","ocean_shortcode_after_footer_widgets":"","ocean_shortcode_before_footer_bottom":"","ocean_shortcode_after_footer_bottom":"","ocean_display_top_bar":"default","ocean_display_header":"default","ocean_header_style":"","ocean_center_header_left_menu":"","ocean_custom_header_template":"","ocean_custom_logo":0,"ocean_custom_retina_logo":0,"ocean_custom_logo_max_width":0,"ocean_custom_logo_tablet_max_width":0,"ocean_custom_logo_mobile_max_width":0,"ocean_custom_logo_max_height":0,"ocean_custom_logo_tablet_max_height":0,"ocean_custom_logo_mobile_max_height":0,"ocean_header_custom_menu":"","ocean_menu_typo_font_family":"","ocean_menu_typo_font_subset":"","ocean_menu_typo_font_size":0,"ocean_menu_typo_font_size_tablet":0,"ocean_menu_typo_font_size_mobile":0,"ocean_menu_typo_font_size_unit":"px","ocean_menu_typo_font_weight":"","ocean_menu_typo_font_weight_tablet":"","ocean_menu_typo_font_weight_mobile":"","ocean_menu_typo_transform":"","ocean_menu_typo_transform_tablet":"","ocean_menu_typo_transform_mobile":"","ocean_menu_typo_line_height":0,"ocean_menu_typo_line_height_tablet":0,"ocean_menu_typo_line_height_mobile":0,"ocean_menu_typo_line_height_unit":"","ocean_menu_typo_spacing":0,"ocean_menu_typo_spacing_tablet":0,"ocean_menu_typo_spacing_mobile":0,"ocean_menu_typo_spacing_unit":"","ocean_menu_link_color":"","ocean_menu_link_color_hover":"","ocean_menu_link_color_active":"","ocean_menu_link_background":"","ocean_menu_link_hover_background":"","ocean_menu_link_active_background":"","ocean_menu_social_links_bg":"","ocean_menu_social_hover_links_bg":"","ocean_menu_social_links_color":"","ocean_menu_social_hover_links_color":"","ocean_disable_title":"default","ocean_disable_heading":"default","ocean_post_title":"","ocean_post_subheading":"","ocean_post_title_style":"","ocean_post_title_background_color":"","ocean_post_title_background":0,"ocean_post_title_bg_image_position":"","ocean_post_title_bg_image_attachment":"","ocean_post_title_bg_image_repeat":"","ocean_post_title_bg_image_size":"","ocean_post_title_height":0,"ocean_post_title_bg_overlay":0.5,"ocean_post_title_bg_overlay_color":"","ocean_disable_breadcrumbs":"default","ocean_breadcrumbs_color":"","ocean_breadcrumbs_separator_color":"","ocean_breadcrumbs_links_color":"","ocean_breadcrumbs_links_hover_color":"","ocean_display_footer_widgets":"default","ocean_display_footer_bottom":"default","ocean_custom_footer_template":"","ocean_post_oembed":"","ocean_post_self_hosted_media":"","ocean_post_video_embed":"","ocean_link_format":"","ocean_link_format_target":"self","ocean_quote_format":"","ocean_quote_format_link":"post","ocean_gallery_link_images":"on","ocean_gallery_id":[],"footnotes":""},"categories":[106],"tags":[],"class_list":["post-21720","post","type-post","status-publish","format-standard","hentry","category-yazarlar-yemuz-nevzat-tarakci","entry"],"_links":{"self":[{"href":"https:\/\/www.circassiancenter.com\/tr\/wp-json\/wp\/v2\/posts\/21720","targetHints":{"allow":["GET"]}}],"collection":[{"href":"https:\/\/www.circassiancenter.com\/tr\/wp-json\/wp\/v2\/posts"}],"about":[{"href":"https:\/\/www.circassiancenter.com\/tr\/wp-json\/wp\/v2\/types\/post"}],"author":[{"embeddable":true,"href":"https:\/\/www.circassiancenter.com\/tr\/wp-json\/wp\/v2\/users\/1"}],"replies":[{"embeddable":true,"href":"https:\/\/www.circassiancenter.com\/tr\/wp-json\/wp\/v2\/comments?post=21720"}],"version-history":[{"count":1,"href":"https:\/\/www.circassiancenter.com\/tr\/wp-json\/wp\/v2\/posts\/21720\/revisions"}],"predecessor-version":[{"id":21723,"href":"https:\/\/www.circassiancenter.com\/tr\/wp-json\/wp\/v2\/posts\/21720\/revisions\/21723"}],"wp:attachment":[{"href":"https:\/\/www.circassiancenter.com\/tr\/wp-json\/wp\/v2\/media?parent=21720"}],"wp:term":[{"taxonomy":"category","embeddable":true,"href":"https:\/\/www.circassiancenter.com\/tr\/wp-json\/wp\/v2\/categories?post=21720"},{"taxonomy":"post_tag","embeddable":true,"href":"https:\/\/www.circassiancenter.com\/tr\/wp-json\/wp\/v2\/tags?post=21720"}],"curies":[{"name":"wp","href":"https:\/\/api.w.org\/{rel}","templated":true}]}}