{"id":2633,"date":"2019-02-23T14:46:09","date_gmt":"2019-02-23T14:46:09","guid":{"rendered":"http:\/\/circassiancenter.com\/tr\/?p=2633"},"modified":"2019-02-23T14:46:09","modified_gmt":"2019-02-23T14:46:09","slug":"gurcistan-devletine-acik-cagridir","status":"publish","type":"post","link":"https:\/\/www.circassiancenter.com\/tr\/gurcistan-devletine-acik-cagridir\/","title":{"rendered":"G\u00dcRC\u0130STAN DEVLET\u0130&#8217;NE A\u00c7IK \u00c7A\u011eRIDIR"},"content":{"rendered":"<p><b><span style=\"font-family: Arial; font-size: small;\">KIP Fuat Aydemir<br \/>\n<\/span><\/b><span style=\"font-family: Arial;\">14.02.2010<\/span><\/p>\n<p><span lang=\"TR\">Say\u0131n Devlet yetkilileri; Biz T\u00fcrkiye\u2019de ya\u015fayan Abhaz ve Adigeler sizleri tekrar Abhazya\u2019y\u0131 ele ge\u00e7irmek i\u00e7in harekete ge\u00e7meye \u00e7a\u011f\u0131r\u0131yoruz.<\/p>\n<p>Siz Abhazya\u2019ya sald\u0131rd\u0131\u011f\u0131n\u0131zda bizler 140 y\u0131ll\u0131k k\u0131\u015fl\u0131k uykumuzda birlikte anavatana d\u00f6n\u00fc\u015f r\u00fcyalar\u0131 g\u00f6r\u00fcyorduk. R\u00fcyam\u0131zda danslar yap\u0131yor, geceler d\u00fczenliyor, tiyatrolar sergiliyor, yani g\u00fcl gibi uyuyup gidiyorduk. Ancak o sald\u0131r\u0131 haberiniz geldi\u011finde ak\u015fam vakti uykudan uyanan bizler Selimiye\u2019nin yolunu tutmu\u015ftuk. Genci ya\u015fl\u0131s\u0131, kad\u0131n\u0131 erke\u011fi , Adige\u2019si Abhaz\u2019\u0131, Oset\u2019i \u00c7e\u00e7en\u2019i b\u00fcy\u00fck bir tela\u015f, biraz kin ve merak ile belki de hi\u00e7 haberle\u015fmeden Selimiye\u2019deki Abhaz derne\u011fine ak\u0131n etmi\u015ftik. Herkes televizyon ba\u015f\u0131nda, telefonlar ba\u015f\u0131nda k\u0131sa bir s\u00fcre ne yapaca\u011f\u0131n\u0131 bilemeden \u00f6yle ortalarda ko\u015fu\u015fturuyordu.<\/p>\n<p>\u0130\u00e7imizde daha sa\u011fduyulu bir ka\u00e7 ki\u015fi \u00e7\u0131k\u0131p Acil Durum Komitesi kurulmas\u0131 gerekti\u011fini kafam\u0131za vurana dek bu tela\u015fl\u0131 ko\u015fu\u015fma yerini organize bir tela\u015fa b\u0131rak\u0131yordu. \u00c7ok de\u011ferli insanlar\u0131m\u0131z\u0131n o kurulan dik d\u00f6rtgen masan\u0131n ba\u015f\u0131na oturduklar\u0131nda ne kadar b\u00fcy\u00fck bir g\u00f6revi \u00fcstlerine ald\u0131klar\u0131n\u0131 y\u00fczlerinden okuyabiliyorduk.<\/p>\n<p>Ba\u011flarba\u015f\u0131, Selimiye\u2019de k\u0131\u015fla kurmu\u015f, Atay Ceysakar, Cengiz G\u00fcl, Erhan \u015eahin, Erol K\u0131l\u0131\u00e7, M\u00fcmtaz Demir\u00f6z, Sezai Babakus, Rahmi Tuna ve daha isimlerini \u015fu an hat\u0131rlayamad\u0131\u011f\u0131m bir\u00e7ok d\u00fc\u015f\u00fcnen ve d\u00fc\u015f\u00fcnd\u00fc\u011f\u00fcn\u00fc bizlerden daha \u00e7abuk prati\u011fe ge\u00e7irebilen insanlar\u0131m\u0131zdan gelecek g\u00f6rev da\u011f\u0131l\u0131m\u0131n\u0131 bekliyorduk. Herkes bir \u015feyler yapman\u0131n tela\u015f\u0131 i\u00e7erisinde idi ama her kafadan bir ses kesilmi\u015fti.<\/p>\n<p>Maddi destek, insani destek, kamuoyu olu\u015fturma derken g\u00fcnler ilerledik\u00e7e askeri desteklerden bahsedilir olmu\u015ftu. Uyuyan diasporada Kuzey Kafkasya ruhu uyanm\u0131\u015f, bir tek komite alt\u0131nda birle\u015fmi\u015f, kimse kimin ne oldu\u011funa de\u011fil, ne dedi\u011fine yo\u011funla\u015fm\u0131\u015f, herkes elinden gelenin fazlas\u0131n\u0131 yapmaya ba\u015flam\u0131\u015ft\u0131.<\/p>\n<p>\u015eehit haberleri geldik\u00e7e y\u00fcre\u011fimizdeki ac\u0131ya kimse milliyet k\u0131l\u0131f\u0131 sokamad\u0131. Janberk Din\u00e7er elindeki ila\u00e7 listesini kontrol ediyordu. Semra ve Sezgin uykusuz g\u00f6zlerle oradan oraya ko\u015fu\u015fturuyor, Sebahattin, Ferda Taymaz ve bizler Ba\u011flarba\u015f\u0131\u2019nda kamuoyunun dikkatini nas\u0131l \u00e7ekebiliriz derdiyle 200\u2019e yak\u0131n gen\u00e7 arkada\u015fla eylemsellik planlar\u0131n\u0131 tart\u0131\u015f\u0131yorduk. Mahinur Tuna ablam\u0131z f\u0131r\u00e7alar\u0131n\u0131 krizde de esirgemiyor, daha isimlerini hat\u0131rlayamad\u0131\u011f\u0131m gen\u00e7 arkada\u015flar \u00f6yle bir yard\u0131mla\u015fma i\u00e7erisinde omuz omuza veriyorlard\u0131 ki, bin ses bir y\u00fcrek dedikleri bu diyorduk.<\/p>\n<p>Komitede b\u00fcy\u00fckler sabahlad\u0131klar\u0131 Selimiye\u2019den i\u015flerine gitmeye \u00e7al\u0131\u015f\u0131yorlard\u0131. Ancak beyinlerini Sohum\u2019da b\u0131rakt\u0131klar\u0131n\u0131 g\u00f6zlemleyebiliyordu herkes.<\/p>\n<p>Ba\u011flarba\u015f\u0131\u2019nda \u2018\u2019A\u00e7l\u0131k Grevi\u2019\u2019 karar\u0131 \u00e7\u0131km\u0131\u015ft\u0131. Sultanahmet\u2019in yolunu tuttuk. D\u00f6n\u00fc\u015f\u00fcml\u00fc ba\u015flayan a\u00e7l\u0131k grevine 45 ki\u015fi ile ba\u015flam\u0131\u015ft\u0131k. \u0130\u00e7imizdeki arkada\u015flar\u0131n Abhaz m\u0131 Adige mi Oset mi \u00c7e\u00e7en mi olup olmad\u0131klar\u0131n\u0131 hi\u00e7 sorgulamad\u0131k. \u00c7\u00fcnk\u00fc; -hani yayg\u0131n bir tabir vard\u0131- \u2018\u2019Hepimiz birer Abhaz\u2019\u2019d\u0131k.<\/p>\n<p>Selimiye\u2019de s\u00fcren greve ilgi \u00e7\u0131\u011f gibi buyuyordu. Komite desteklemedi\u011fini a\u00e7\u0131klam\u0131\u015ft\u0131. Cemalettin \u00dcmit b\u00fcy\u00fc\u011f\u00fcm\u00fczden biz duymad\u0131k g\u00f6rmedik, yap\u0131n mesaj\u0131n\u0131 al\u0131p Atay a\u011fabeyden, Cengiz G\u00fcl\u2019den ve Erhan \u015eahin\u2019den olmas\u0131 gereken illegal deste\u011fi de g\u00f6r\u00fcyorduk. Ak\u0131n ak\u0131n insanlar deste\u011fe geliyordu Selimiye\u2019ye. Adapazar\u0131 derne\u011fi 500 ki\u015fi ile Ba\u011flarba\u015f\u0131\u2019nda y\u00fcr\u00fcy\u00fc\u015fle Selimiye\u2019ye inerken \u0130stanbul sokaklar\u0131 \u2018\u2019Ba\u011f\u0131ms\u0131z Abhazya\u2019\u2019 diye inlerken\u00a0 herkes \u015fa\u015fk\u0131nd\u0131. Greve T\u00fcrkiye\u2019nin bir\u00e7ok derne\u011finden destek mesajlar\u0131 geliyordu. 9 uncu g\u00fcn\u00fcn sonunda maalesef Komiteye dayat\u0131lan malum devlet kolluk g\u00fc\u00e7lerinin Selimiye\u2019nin kapat\u0131lmas\u0131 tehdidine seyirci kalamad\u0131k. Acil durumda haberle\u015fme \u00e7al\u0131\u015fma ortam\u0131na gelebilecek bir zarar de\u011ferlendirilmesi yap\u0131lm\u0131\u015f ve Erhan \u015eahin\u2019in de istedi\u011fi do\u011frultusunda grev sona erdirilmi\u015fti.<\/p>\n<p>Eylemlilikler bitmiyordu. 1 Eyl\u00fcl D\u00fcnya Bar\u0131\u015f G\u00fcn\u00fc\u2019nde gen\u00e7 arkada\u015flar ellerinde karanfiller ve Abhaz bayraklar\u0131yla Kad\u0131k\u00f6y\u2019de , t\u00fcm bas\u0131n kurulu\u015flar\u0131n\u0131n kap\u0131s\u0131nda isteklerini duyurmaya \u00e7al\u0131\u015f\u0131yordu. Bir grup Rusya Konsoloslu\u011fu \u00f6n\u00fcnde idik. Beyo\u011flu karakoluna \u00e7ekilmemiz uzun s\u00fcrmedi. Oradan bellerimize saklamak zorunda kald\u0131\u011f\u0131m\u0131z bayraklarla Dinamo Tiflis &#8211; Fenerbah\u00e7e Basketbol ma\u00e7\u0131na gitmi\u015ftik. G\u00fcrc\u00fc dilinde, Rus dilinde ve Abhazca Abhazya\u2019n\u0131n ba\u011f\u0131ms\u0131zl\u0131\u011f\u0131n\u0131 hayk\u0131r\u0131rken ma\u00e7a 10 dakika ara verilmek zorunda kal\u0131n\u0131yordu. Dinamo Tiflis oyuncular\u0131n\u0131n sahaya \u00e7\u0131kmama tehdidine boyun e\u011fen gene me\u015fhur kolluk g\u00f6revlilerinin uyar\u0131s\u0131yla eylem sonu\u00e7land\u0131r\u0131l\u0131yor, gene tek y\u00fcrek olan Kuzay Kafkasyal\u0131lar kald\u0131klar\u0131 yerden devam i\u00e7in Selimiye\u2019nin yolunu tutuyorduk. Avrasya Maratonu, y\u00fcr\u00fcy\u00fc\u015fler, derken yine ac\u0131l\u0131 haberler geldik\u00e7e \u00fcz\u00fclen ancak birlik ruhunu daha da peki\u015ftiren insanlar\u0131m\u0131z, sevgili Bahad\u0131r\u2019\u0131 ebediyen Abhaz semalar\u0131na yolcu etmek i\u00e7in Eski\u015fehir\u2019e ko\u015fuyordu. Yine bir atan y\u00fcrekler Uzunyaylal\u0131 \u015fehidimiz Hanefi Aslan i\u00e7in Kayseri Uzunyayla\u2019n\u0131n yolunu tutuyorduk. Adapazar\u0131\u2019n\u0131, D\u00fczce\u2019yi, Hendek\u2019i, Uzunyayla\u2019ya getiriyordu sevgili Hanefi. Nal\u00e7ik-Maykop-Sohum hatt\u0131n\u0131n diaspora uyarlamas\u0131 gibi&#8230;<\/p>\n<p>Ankara sokaklar\u0131nda Tansu \u00c7iller geliyor diye G\u00fcrc\u00fc heyetiyle g\u00f6r\u00fc\u015fmeye \u00e7al\u0131\u015fan b\u00fcy\u00fcklerimizin, Atay bey ba\u015fta olmak \u00fczere de\u011ferli komite \u00e7al\u0131\u015fanlar\u0131n\u0131n ve insanlar\u0131m\u0131z\u0131n polislerle itilmesini, gen\u00e7lerin polislerle kovalamac\u0131s\u0131n\u0131 ya\u015fad\u0131k.<\/p>\n<p>Derken o b\u00fcy\u00fck g\u00fcn\u00fcn g\u00f6rkeminde Avrasha, \u015fe\u015fenle co\u015ftu, Abhaz bayraklar\u0131 Sohum semalar\u0131nda dalgalar\u0131na \u00e7ekildi\u011fi haberiyle tek y\u00fcrekler zaferi doyas\u0131ya kutlad\u0131.<\/p>\n<p>\u0130\u015fte G\u00fcrcistan yetkilileri, ancak \u015fimdi durumumuz vahim. Bizleri birle\u015ftiren sizlerdiniz, bizleri ayr\u0131\u015ft\u0131rmaya \u00e7al\u0131\u015fan bizler. O co\u015fkuda omuz omuza olan, gelece\u011fe birlik g\u00f6z\u00fcyle bakabilenler \u00fczg\u00fcn bu g\u00fcn. Bir grup bu birlikteli\u011fi bozmak i\u00e7in t\u00fcrl\u00fc senaryolar pe\u015finde.Herkes kendi yolunu \u00e7izmeliymi\u015f. Abhazlar\u0131n yoluna di\u011fer halklar m\u0131 ta\u015f koymu\u015f? Bir di\u011fer kesim de \u00f6rg\u00fctlenemeyi\u015flerine k\u0131l\u0131f\u0131 Abhazlarla birlikteli\u011fe y\u00fckleyen Adige d\u00fc\u015f\u00fcn\u00fcrler. Kuracaklar\u0131 \u00c7erkesya\u2019ya Abhazya ayak ba\u011f\u0131 oluyormu\u015f. Kendi isimlerini al\u0131rsa dernekler her \u015fey g\u00fcll\u00fck g\u00fclistanl\u0131k olacakm\u0131\u015f.<\/p>\n<p>Hadi art\u0131k sald\u0131r\u0131n, yoksa inan\u0131n sald\u0131r\u0131nca muhatap olacak kimse bulamayacaks\u0131n\u0131z.<\/p>\n<p>Sald\u0131r\u0131n ki, o birliktelik ruhunu ya\u015famam\u0131\u015f insanlar\u0131m\u0131za ya\u015fatal\u0131m. Bir musibet bin nasihatten iyi derler ya.<\/p>\n<p>Sald\u0131r\u0131n ki, yine o \u015fartlar kadar do\u011fal, o \u015fartlar kadar demokratik, o \u015fartlar kadar kitlesel bir\u00a0 komite olu\u015ftural\u0131m.<\/p>\n<p>Sald\u0131r\u0131n ki,\u00a0 Abhazya Cumhuriyeti\u2019miz ger\u00e7ek temsilcilerine kavu\u015fsun.<\/span><\/p>\n","protected":false},"excerpt":{"rendered":"<p>KIP Fuat Aydemir 14.02.2010 Say&#305;n Devlet yetkilileri; Biz T&uuml;rkiye&rsquo;de ya&#351;ayan Abhaz ve Adigeler sizleri tekrar Abhazya&rsquo;y&#305; ele ge&ccedil;irmek i&ccedil;in harekete ge&ccedil;meye &ccedil;a&#287;&#305;r&#305;yoruz. Siz Abhazya&rsquo;ya sald&#305;rd&#305;&#287;&#305;n&#305;zda bizler 140 y&#305;ll&#305;k k&#305;&#351;l&#305;k uykumuzda birlikte anavatana d&ouml;n&uuml;&#351; r&uuml;yalar&#305; g&ouml;r&uuml;yorduk. R&uuml;yam&#305;zda danslar yap&#305;yor, geceler d&uuml;zenliyor, tiyatrolar sergiliyor, yani g&uuml;l gibi uyuyup gidiyorduk. Ancak o sald&#305;r&#305; haberiniz geldi&#287;inde ak&#351;am vakti uykudan [&hellip;]<\/p>\n","protected":false},"author":1,"featured_media":0,"comment_status":"closed","ping_status":"closed","sticky":false,"template":"","format":"standard","meta":{"_bbp_topic_count":0,"_bbp_reply_count":0,"_bbp_total_topic_count":0,"_bbp_total_reply_count":0,"_bbp_voice_count":0,"_bbp_anonymous_reply_count":0,"_bbp_topic_count_hidden":0,"_bbp_reply_count_hidden":0,"_bbp_forum_subforum_count":0,"ocean_post_layout":"","ocean_both_sidebars_style":"","ocean_both_sidebars_content_width":0,"ocean_both_sidebars_sidebars_width":0,"ocean_sidebar":"0","ocean_second_sidebar":"0","ocean_disable_margins":"enable","ocean_add_body_class":"","ocean_shortcode_before_top_bar":"","ocean_shortcode_after_top_bar":"","ocean_shortcode_before_header":"","ocean_shortcode_after_header":"","ocean_has_shortcode":"","ocean_shortcode_after_title":"","ocean_shortcode_before_footer_widgets":"","ocean_shortcode_after_footer_widgets":"","ocean_shortcode_before_footer_bottom":"","ocean_shortcode_after_footer_bottom":"","ocean_display_top_bar":"default","ocean_display_header":"default","ocean_header_style":"","ocean_center_header_left_menu":"0","ocean_custom_header_template":"0","ocean_custom_logo":0,"ocean_custom_retina_logo":0,"ocean_custom_logo_max_width":0,"ocean_custom_logo_tablet_max_width":0,"ocean_custom_logo_mobile_max_width":0,"ocean_custom_logo_max_height":0,"ocean_custom_logo_tablet_max_height":0,"ocean_custom_logo_mobile_max_height":0,"ocean_header_custom_menu":"0","ocean_menu_typo_font_family":"0","ocean_menu_typo_font_subset":"","ocean_menu_typo_font_size":0,"ocean_menu_typo_font_size_tablet":0,"ocean_menu_typo_font_size_mobile":0,"ocean_menu_typo_font_size_unit":"px","ocean_menu_typo_font_weight":"","ocean_menu_typo_font_weight_tablet":"","ocean_menu_typo_font_weight_mobile":"","ocean_menu_typo_transform":"","ocean_menu_typo_transform_tablet":"","ocean_menu_typo_transform_mobile":"","ocean_menu_typo_line_height":0,"ocean_menu_typo_line_height_tablet":0,"ocean_menu_typo_line_height_mobile":0,"ocean_menu_typo_line_height_unit":"","ocean_menu_typo_spacing":0,"ocean_menu_typo_spacing_tablet":0,"ocean_menu_typo_spacing_mobile":0,"ocean_menu_typo_spacing_unit":"","ocean_menu_link_color":"","ocean_menu_link_color_hover":"","ocean_menu_link_color_active":"","ocean_menu_link_background":"","ocean_menu_link_hover_background":"","ocean_menu_link_active_background":"","ocean_menu_social_links_bg":"","ocean_menu_social_hover_links_bg":"","ocean_menu_social_links_color":"","ocean_menu_social_hover_links_color":"","ocean_disable_title":"default","ocean_disable_heading":"default","ocean_post_title":"","ocean_post_subheading":"","ocean_post_title_style":"","ocean_post_title_background_color":"","ocean_post_title_background":0,"ocean_post_title_bg_image_position":"","ocean_post_title_bg_image_attachment":"","ocean_post_title_bg_image_repeat":"","ocean_post_title_bg_image_size":"","ocean_post_title_height":0,"ocean_post_title_bg_overlay":0.5,"ocean_post_title_bg_overlay_color":"","ocean_disable_breadcrumbs":"default","ocean_breadcrumbs_color":"","ocean_breadcrumbs_separator_color":"","ocean_breadcrumbs_links_color":"","ocean_breadcrumbs_links_hover_color":"","ocean_display_footer_widgets":"default","ocean_display_footer_bottom":"default","ocean_custom_footer_template":"0","ocean_post_oembed":"","ocean_post_self_hosted_media":"","ocean_post_video_embed":"","ocean_link_format":"","ocean_link_format_target":"self","ocean_quote_format":"","ocean_quote_format_link":"post","ocean_gallery_link_images":"off","ocean_gallery_id":[],"footnotes":""},"categories":[95],"tags":[],"class_list":["post-2633","post","type-post","status-publish","format-standard","hentry","category-yazarlar-kip-fuat-aydemir","entry"],"_links":{"self":[{"href":"https:\/\/www.circassiancenter.com\/tr\/wp-json\/wp\/v2\/posts\/2633","targetHints":{"allow":["GET"]}}],"collection":[{"href":"https:\/\/www.circassiancenter.com\/tr\/wp-json\/wp\/v2\/posts"}],"about":[{"href":"https:\/\/www.circassiancenter.com\/tr\/wp-json\/wp\/v2\/types\/post"}],"author":[{"embeddable":true,"href":"https:\/\/www.circassiancenter.com\/tr\/wp-json\/wp\/v2\/users\/1"}],"replies":[{"embeddable":true,"href":"https:\/\/www.circassiancenter.com\/tr\/wp-json\/wp\/v2\/comments?post=2633"}],"version-history":[{"count":1,"href":"https:\/\/www.circassiancenter.com\/tr\/wp-json\/wp\/v2\/posts\/2633\/revisions"}],"predecessor-version":[{"id":2634,"href":"https:\/\/www.circassiancenter.com\/tr\/wp-json\/wp\/v2\/posts\/2633\/revisions\/2634"}],"wp:attachment":[{"href":"https:\/\/www.circassiancenter.com\/tr\/wp-json\/wp\/v2\/media?parent=2633"}],"wp:term":[{"taxonomy":"category","embeddable":true,"href":"https:\/\/www.circassiancenter.com\/tr\/wp-json\/wp\/v2\/categories?post=2633"},{"taxonomy":"post_tag","embeddable":true,"href":"https:\/\/www.circassiancenter.com\/tr\/wp-json\/wp\/v2\/tags?post=2633"}],"curies":[{"name":"wp","href":"https:\/\/api.w.org\/{rel}","templated":true}]}}