{"id":2759,"date":"2019-02-23T17:55:36","date_gmt":"2019-02-23T17:55:36","guid":{"rendered":"http:\/\/circassiancenter.com\/tr\/?p=2759"},"modified":"2019-02-24T00:47:36","modified_gmt":"2019-02-24T00:47:36","slug":"bir-de-buradan-bak-be-birader-ocak-2014-haziran-2014","status":"publish","type":"post","link":"https:\/\/www.circassiancenter.com\/tr\/bir-de-buradan-bak-be-birader-ocak-2014-haziran-2014\/","title":{"rendered":"B\u0130R DE BURADAN BAK BE B\u0130RADER! (Ocak 2014 &#8211; Haziran 2014)"},"content":{"rendered":"<p>30 Haziran 2014<\/p>\n<p>D\u00f6rt-be\u015f okurum ayn\u0131 konuya temas etmi\u015fler. Diyorlar ki, &#8221;I\u015e\u0130D denen ter\u00f6r \u00f6rg\u00fct\u00fc &#8221;\u0130stanbul&#8217;a gelece\u011fiz&#8221; diyor. Bu konuda ne d\u00fc\u015f\u00fcn\u00fcyorsunuz?&#8221;<\/p>\n<p>Bu olmayacak bir r\u00fcya de\u011fil. \u00c7\u00fcnk\u00fc ya\u015fad\u0131\u011f\u0131m\u0131z \u00fclkenin politik ve insani profili son 20 y\u0131lda inan\u0131lmaz derecede de\u011fi\u015fti. Bu tip namussuzlar T\u00fcrkiye&#8217;de daha \u00f6nce de vard\u0131, fakat az\u0131nl\u0131ktayd\u0131lar. Son katliamlar\u0131 Sivas&#8217;t\u0131. Bunlar o kadar gaddard\u0131lar ki, dindar bir insan olan Gonca Kuri\u015f isimli bir kad\u0131nca\u011f\u0131z\u0131 &#8221;domuz ba\u011f\u0131&#8221; denilen y\u00f6ntemle bo\u011fup, oturduklar\u0131 villan\u0131n zeminine g\u00f6mm\u00fc\u015f, sonra da aylarca o zeminde namaz k\u0131lm\u0131\u015flard\u0131.<\/p>\n<p>Demem o ki, bunlarda vicdan\u0131n, ac\u0131ma duygusunun zerresi yoktur. Ve art\u0131k T\u00fcrkiye s\u0131n\u0131rlar\u0131 i\u00e7inde rahatl\u0131kla istedikleri \u015fehri ele ge\u00e7irebilirler. T\u00fcrk halk\u0131n\u0131n az\u0131nl\u0131kta kalan ayd\u0131n ve yurtsever kesimi bunlarla ba\u015f edecek \u00e7apta de\u011fildir. Polis zaten ses etmiyor, etmez bu canilere. Yani iktidar ve devletin kolluk kuvvetleri bunlar\u0131 koruyup, kollamaktad\u0131r. \u015eu anda Suriye s\u0131n\u0131r\u0131na yak\u0131n \u015fehirlerin her hastanesinde bu namussuzlara sa\u011fl\u0131k hizmeti verilmektedir.<\/p>\n<p>Sonu\u00e7 olarak e\u011fer I\u015e\u0130D denen ahlaks\u0131zlar ordusu &#8221;T\u00fcrkiye&#8217;yi istiyoruz&#8221; derlerle, al\u0131rlar. Benden s\u00f6ylemesi.<\/p>\n<p>Peki b\u00f6ylesi bir durumda Adige-Abhazlar ne yapar derseniz, \u00e7o\u011funun kellesi gider. \u015eu an T\u00fcrkiye yalakal\u0131\u011f\u0131 yapan zevat, o zaman da I\u015e\u0130D yalakal\u0131\u011f\u0131 yapar ve ya\u015famaya devam eder.<\/p>\n<p><img decoding=\"async\" class=\"alignnone size-full wp-image-2754\" src=\"http:\/\/circassiancenter.com\/tr\/wp-content\/uploads\/2019\/02\/08-z-HatkoMulayimARA.png\" alt=\"\" width=\"462\" height=\"50\" srcset=\"https:\/\/www.circassiancenter.com\/tr\/wp-content\/uploads\/2019\/02\/08-z-HatkoMulayimARA.png 462w, https:\/\/www.circassiancenter.com\/tr\/wp-content\/uploads\/2019\/02\/08-z-HatkoMulayimARA-300x32.png 300w\" sizes=\"(max-width: 462px) 100vw, 462px\" \/><\/p>\n<p>28 Haziran 2014<\/p>\n<p>T\u00fcrk Silahl\u0131 Kuvvetleri fa\u015fizan bir anlay\u0131\u015fla y\u00f6netilir. Bu sebeple her zaman darbe yapm\u0131\u015ft\u0131r, hep yapacakt\u0131r!<\/p>\n<p>T\u00fcrk Emniyet Te\u015fkilat\u0131 fa\u015fizan bir anlay\u0131\u015fla y\u00f6netilir. Bu sebeple her zaman i\u015fkence yapm\u0131\u015ft\u0131r, hep yapacakt\u0131r!<\/p>\n<p>T\u00fcrk Sendikalar\u0131 fa\u015fizan bir anlay\u0131\u015fla y\u00f6netilir. Bu sebeple her zaman i\u015f\u00e7iyi satm\u0131\u015ft\u0131r, hep satacakt\u0131r!<\/p>\n<p>T\u00fcrk E\u011fitim Sistemi fa\u015fizan bir anlay\u0131\u015fla y\u00f6netilir. Bu sebeple her zaman \u0130mam yeti\u015ftirmi\u015ftir, hep yeti\u015ftirecektir!<\/p>\n<p>T\u00fcrk Diyanet \u0130\u015fleri fa\u015fizan bir anlay\u0131\u015fla y\u00f6netilir. Bu sebeple Aleviler, di\u011fer dine inananlar ve ateistler her zaman a\u015fa\u011f\u0131lanm\u0131\u015ft\u0131r, hep a\u015fa\u011f\u0131lanacakt\u0131r!<\/p>\n<p>T\u00fcrk Sa\u011fl\u0131k Hizmetleri fa\u015fizan bir anlay\u0131\u015fla y\u00f6netilir. Bu sebeple her zaman sa\u011fl\u0131k emek\u00e7ileri a\u015fa\u011f\u0131lanm\u0131\u015ft\u0131r, hep a\u015fa\u011f\u0131lanacakt\u0131r!<\/p>\n<p>T\u00fcrk Adalet Sistemi fa\u015fizan bir anlay\u0131\u015fla y\u00f6netilir. Bu sebeple her zaman su\u00e7lu serbest, su\u00e7suz hapse t\u0131k\u0131lm\u0131\u015ft\u0131r, hep su\u00e7suz t\u0131k\u0131lacakt\u0131r!<\/p>\n<p>T\u00fcrk Vergi Sistemi fa\u015fizan bir anlay\u0131\u015fla y\u00f6netilir. Bu sebeple her zaman garibandan vergi toplanm\u0131\u015ft\u0131r, yine garibandan vergi toplanacakt\u0131r.<\/p>\n<p>Bu sebeple; dernek\u00e7isinden birle\u015fik\u00e7isine, demokrat\u0131ndan, \u00f6zg\u00fcrl\u00fck\u00e7\u00fcs\u00fcne, yurtseverinden vak\u0131f\u00e7\u0131s\u0131na, yobaz\u0131ndan ateistine, forumcusundan evcisine kadar hi\u00e7bir Adige-Abhaz sesini \u00e7\u0131karmay\u0131p uslu uslu k\u00f6\u015fesinde &#8221;Resmi Makam&#8221;lardan gelecek emirleri beklemi\u015ftir, bundan sonra da bekleyecektir.<\/p>\n<p><img decoding=\"async\" class=\"alignnone size-full wp-image-2754\" src=\"http:\/\/circassiancenter.com\/tr\/wp-content\/uploads\/2019\/02\/08-z-HatkoMulayimARA.png\" alt=\"\" width=\"462\" height=\"50\" srcset=\"https:\/\/www.circassiancenter.com\/tr\/wp-content\/uploads\/2019\/02\/08-z-HatkoMulayimARA.png 462w, https:\/\/www.circassiancenter.com\/tr\/wp-content\/uploads\/2019\/02\/08-z-HatkoMulayimARA-300x32.png 300w\" sizes=\"(max-width: 462px) 100vw, 462px\" \/><\/p>\n<p>27 Haziran 2014<\/p>\n<p>Geli\u015fmemi\u015f \u00fclkelerde demokrasinin ye\u015ferememesinin sosyo-politik sebepleri vard\u0131r. Bunlardan en \u00f6nemlisi de e\u011fitimsizliktir. \u00d6rne\u011fin ya\u015fad\u0131\u011f\u0131m\u0131z \u00fclkede K\u00f6y Enstit\u00fcleri diye bir olu\u015fum vard\u0131. M\u00fcthi\u015fti. Fakat k\u00f6klerinden s\u00f6k\u00fcp yerine \u0130mam Hatipleri diktiler. Gelinen sonucu \u015fu anda fiilen ya\u015f\u0131yorsunuz. Adam t\u0131p okulunun dekan\u0131, farkl\u0131 din ve milliyetlere t\u0131p hizmeti vermeyi d\u00fc\u015f\u00fcnm\u00fcyor dingil. Bu akl\u0131 evvelden yakla\u015f\u0131k 2400 y\u0131l \u00f6nce ya\u015fam\u0131\u015f Hipokrat bu ma\u011faran\u0131n dediklerini duyunca mezar\u0131nda f\u0131r d\u00f6nm\u00fc\u015ft\u00fcr.<\/p>\n<p>Bizim baz\u0131 dangalak Adige-Abhazlarda hala bunlar\u0131n k\u0131\u00e7\u0131nda gelecek ar\u0131yorlar. Dangalak diye bilerek yaz\u0131yorum, \u00e7\u00fcnk\u00fc \u015fimdiki durumumuzu g\u00f6rmeyen ve hala yobazlar\u0131n pe\u015fine tak\u0131lan kim varsa kat\u0131ks\u0131z dangalakt\u0131r. T\u00fcrkiye, Suriye, \u00dcrd\u00fcn Adigelerinin niye 150 y\u0131ld\u0131r bir baltaya sap olamad\u0131\u011f\u0131n\u0131 anlayam\u0131yorsan\u0131z ben size daha ne diyeyim! Beter olun!<\/p>\n<p>Bu arada baz\u0131 soytar\u0131lar\u0131n D\u00fcnya Adige Birli\u011fi hakk\u0131nda ileri geri yazd\u0131klar\u0131n\u0131 g\u00f6r\u00fcyorum. Adamlar bellerine kadar la\u011f\u0131m \u00e7ukurundalar, onun fark\u0131nda de\u011filler, laf s\u00f6yl\u00fcyorlar birli\u011fe. \u00d6nce siz o la\u011f\u0131m \u00e7ukurundan bir \u00e7\u0131k\u0131n bakay\u0131m. Ger\u00e7ek Adigeler bu soytar\u0131lara ses \u00e7\u0131karm\u0131yorlar ve de bana g\u00f6re hata yap\u0131yorlar. Bunlarda kendilerini bir \u015fey zannediyorlar. Haberiniz olsun soytar\u0131lar, haddiniz bilmezseniz ben bildiririm hi\u00e7 merak etmeyin!<\/p>\n<p><img decoding=\"async\" class=\"alignnone size-full wp-image-2754\" src=\"http:\/\/circassiancenter.com\/tr\/wp-content\/uploads\/2019\/02\/08-z-HatkoMulayimARA.png\" alt=\"\" width=\"462\" height=\"50\" srcset=\"https:\/\/www.circassiancenter.com\/tr\/wp-content\/uploads\/2019\/02\/08-z-HatkoMulayimARA.png 462w, https:\/\/www.circassiancenter.com\/tr\/wp-content\/uploads\/2019\/02\/08-z-HatkoMulayimARA-300x32.png 300w\" sizes=\"(max-width: 462px) 100vw, 462px\" \/><\/p>\n<p>26 Haziran 2014<\/p>\n<p>Okuyucum AdigeMafe yazm\u0131\u015f: M\u00fclayim bey \u00f6ncelikle sayg\u0131lar. Rambo ve benzeri Amerikan filmilerinde M\u00fcsl\u00fcmanlar\u0131 pejm\u00fcrde elbiselerle, sa\u00e7 sakal birbirine girmi\u015f, kelle kesen, kan i\u00e7en vah\u015filer gibi g\u00f6sterdiklerinde kan\u0131ma dokunur, sinirlenirdim. \u015eimdi I\u015e\u0130D, El Nusra, El-Kaide, Hamas gibi katiller s\u00fcr\u00fclerine bak\u0131nca &#8221;Amerikal\u0131lar bu kadar m\u0131 ger\u00e7ek\u00e7i yaparm\u0131\u015f bu filmleri&#8221; diyorum. A\u00e7\u0131n eski filmleri bak\u0131n M\u00fcsl\u00fcmanlara, yemin ederim bire bir I\u015e\u0130D katilleri!<\/p>\n<p>Seda han\u0131m diyor ki: Bence \u00c7erkeslik zaten bitti de insanl\u0131\u011f\u0131m\u0131z ne zaman bitecek onu bekliyorum say\u0131n Hatko. Zann\u0131mca bu kafayla gitti\u011fimiz s\u00fcrece pek uzun s\u00fcrmeyecek gibi. \u00c7\u00fcnk\u00fc \u00e7evremde h\u0131rs\u0131z, ahlaks\u0131z \u00c7erkes say\u0131s\u0131 son 10 y\u0131lda 1 iken 50 oldu&#8230; Bu da a\u00e7\u0131k\u00e7as\u0131 beni \u00e7ok \u00fcrk\u00fct\u00fcyor.<\/p>\n<p><img decoding=\"async\" class=\"alignnone size-full wp-image-2754\" src=\"http:\/\/circassiancenter.com\/tr\/wp-content\/uploads\/2019\/02\/08-z-HatkoMulayimARA.png\" alt=\"\" width=\"462\" height=\"50\" srcset=\"https:\/\/www.circassiancenter.com\/tr\/wp-content\/uploads\/2019\/02\/08-z-HatkoMulayimARA.png 462w, https:\/\/www.circassiancenter.com\/tr\/wp-content\/uploads\/2019\/02\/08-z-HatkoMulayimARA-300x32.png 300w\" sizes=\"(max-width: 462px) 100vw, 462px\" \/><\/p>\n<p>25 Haziran 2014<\/p>\n<p>\u0130di Amin adl\u0131 H\u00fcrriyet gazetesi okuru &#8216;Pervin Buldan&#8217;\u0131n bayg\u0131nl\u0131k ge\u00e7irmesi haberinin alt\u0131na \u015f\u00f6yle bir yorumda bulunmu\u015f: &#8221;25\/06\/2014 0:18 Bizlerin kimlik ile ilgili bir s\u0131k\u0131nt\u0131s\u0131 yok. Insan k\u00f6ken olarak farkl\u0131 olabilir. Bu b\u00f6l\u00fcc\u00fc olmas\u0131n\u0131, ter\u00f6rist ile kucakla\u015fmas\u0131n\u0131, bebek katiline &#8216;say\u0131n&#8217; demesini ve \u00f6zerklik istemesini hakl\u0131 k\u0131lmaz. Nokta.&#8221;<\/p>\n<p>Adam ba\u015ftan faul yapm\u0131\u015f. Nik olarak \u0130di Amin ad\u0131n\u0131 kullanm\u0131\u015f. Gen\u00e7ler bilmez. \u0130di Amin ciddi anlamda Hitler&#8217;in zenci ve M\u00fcsl\u00fcman olan\u0131. Tam halk katili yani. &#8221;Nokta&#8221;y\u0131 koyan okuyucunun zihniyetini anlaman\u0131z i\u00e7in size bir ipucu olsun.<\/p>\n<p>Bu zihniyettekilerin \u0131srarla anlamad\u0131klar\u0131 \u015fu: K\u00fcrtlere \u015famaro\u011flan\u0131 muamelesi yapt\u0131k\u00e7a, kendi ellerinizle bu topraklar\u0131 karpuz gibi b\u00f6leceksiniz. Ayr\u0131ca size de \u015fu sorulacak: K\u0131br\u0131s&#8217;ta niye KKTC&#8217;yi kurdunuz? Suriye&#8217;deki T\u00fcrkmenleri ge\u00e7tim taaa \u00c7in&#8217;deki Uygur T\u00fcrkleri i\u00e7in hep ba\u011f\u0131ms\u0131zl\u0131k niye istiyorsuz? &#8221;T\u00fcrk \u00f6zg\u00fcrl\u00fck ve \u00f6zerklik isteyebilir ama K\u00fcrt denen k\u0131rolar nas\u0131l b\u00f6yle isteklerde bulunur&#8221; diye mi d\u00fc\u015f\u00fcn\u00fcyorsunuz?<\/p>\n<p>Ne diyeyim! Tha belan\u0131z\u0131 versin! Nokta!<\/p>\n<p><img decoding=\"async\" class=\"alignnone size-full wp-image-2754\" src=\"http:\/\/circassiancenter.com\/tr\/wp-content\/uploads\/2019\/02\/08-z-HatkoMulayimARA.png\" alt=\"\" width=\"462\" height=\"50\" srcset=\"https:\/\/www.circassiancenter.com\/tr\/wp-content\/uploads\/2019\/02\/08-z-HatkoMulayimARA.png 462w, https:\/\/www.circassiancenter.com\/tr\/wp-content\/uploads\/2019\/02\/08-z-HatkoMulayimARA-300x32.png 300w\" sizes=\"(max-width: 462px) 100vw, 462px\" \/><\/p>\n<p>24 Haziran 2014<\/p>\n<p>Okuyucum Esra han\u0131m \u015f\u00f6yle diyor: \u00c7ok hakl\u0131s\u0131n\u0131z M\u00fclayim bey. \u00d6zellikle d\u00fc\u011f\u00fcn salonlar\u0131nda yap\u0131lan d\u00fc\u011f\u00fcnlerde kost\u00fcml\u00fc ekiplerin dans etmesi bana da tuhaf gelmi\u015ftir. Umuyorum ki, sizin bu uyar\u0131n\u0131z\u0131 dikkate al\u0131rlar. Zaten asl\u0131na bakarsan\u0131z bizim k\u00fclt\u00fcr\u00fcm\u00fczde salon d\u00fc\u011f\u00fcn\u00fc ba\u015fl\u0131 ba\u015f\u0131na tuhaf. Ne thamadelere ne kad\u0131nlara uygun bir ortam. Nas\u0131l bir \u00e7\u00f6z\u00fcm \u00fcretilir bilemiyorum ama b\u00fcy\u00fcklerimizin bu i\u015fe kafa yormalar\u0131 bence \u00e7ok isabetli olur. Sevgiler.<\/p>\n<p>Bizim yobaz abone Adige yine yazm\u0131\u015f. K\u00fcf\u00fcrleri ay\u0131kl\u0131yorum diyor ki; (CC Notu: Okuyucumuzun yaz\u0131s\u0131 redakte edilmi\u015ftir.) &#8221;Sen k\u00f6r cahilsin Hatko. Bir kere I\u015e\u0130D&#8217;i \u0130srail kurdu. M\u00fcsl\u00fcman&#8217;\u0131 M\u00fcsl\u00fcman&#8217;a k\u0131rd\u0131rmak i\u00e7in. \u0130srail diyor ki, kafalar\u0131n\u0131 kes. Onlarda kesiyor. Bunlar\u0131n M\u00fcsl\u00fcmanl\u0131kla uzaktan yak\u0131ndan alakalar\u0131 yok. Hep \u0130srail i\u015fi bunlar. \u00c7e\u00e7en m\u00fccahitleri de kand\u0131rd\u0131 \u0130srail. \u00c7e\u00e7en kanda\u015flar\u0131m\u0131z da oradalar fakat kand\u0131r\u0131ld\u0131klar\u0131 i\u00e7in oradalar. Bir g\u00fcn t\u00fcm d\u00fcnyaya \u015feriat\u0131 getirece\u011fiz. \u0130n\u015f\u00e2Allah.&#8221;<\/p>\n<p>Senden tek ricam var Adige karde\u015fim. Ne i\u00e7iyorsun? Yahu bize de yaz da biz de senin gibi olal\u0131m. Normal ay\u0131k bir insan \u015funu d\u00fc\u015f\u00fcnemez mi yahu; &#8221;ben gerizekal\u0131 m\u0131y\u0131m ki, \u0130srail&#8217;in oyununa geliyorum&#8221;. \u0130srail dedi diye insan kafa keser mi? Masum kamyon \u015fof\u00f6rlerini s\u0131rt\u0131ndan vurarak katleder mi? Bu kadar m\u0131 dangalaks\u0131n\u0131z!<\/p>\n<p>Not: Bir okuyucum soruyor &#8221;Adige Polis&#8217;ten bir haber var m\u0131&#8221; diye. Yok de\u011ferli okurum. Hala bir cevap yazmad\u0131 karde\u015fimiz. Cevap gelirse aynen (ismini kullanmadan) yay\u0131nlayaca\u011f\u0131m. S\u00f6z\u00fcm hala ge\u00e7erlidir.<\/p>\n<p><img decoding=\"async\" class=\"alignnone size-full wp-image-2754\" src=\"http:\/\/circassiancenter.com\/tr\/wp-content\/uploads\/2019\/02\/08-z-HatkoMulayimARA.png\" alt=\"\" width=\"462\" height=\"50\" srcset=\"https:\/\/www.circassiancenter.com\/tr\/wp-content\/uploads\/2019\/02\/08-z-HatkoMulayimARA.png 462w, https:\/\/www.circassiancenter.com\/tr\/wp-content\/uploads\/2019\/02\/08-z-HatkoMulayimARA-300x32.png 300w\" sizes=\"(max-width: 462px) 100vw, 462px\" \/><\/p>\n<p>23 Haziran 2014<\/p>\n<p>De\u011ferli ve Ulu Ba\u015fbakan&#8217;\u0131m\u0131z Recep Tayyip Erdo\u011fan\u2019\u0131n \u00e7al\u0131\u015fma ofisine dinleme cihaz\u0131 konuldu\u011fu iddias\u0131yla g\u00f6zalt\u0131na al\u0131nan ve daha sonra serbest b\u0131rak\u0131lan 11 polis avukatlar\u0131 arac\u0131l\u0131\u011f\u0131yla a\u00e7\u0131klama yapm\u0131\u015f. Aynen aktar\u0131yorum: &#8220;G\u00f6zalt\u0131nda en temel zaruri ihtiya\u00e7lar\u0131 olan yeme-i\u00e7me, uyku ve tuvalet ihtiya\u00e7lar\u0131 g\u00f6z ard\u0131 edilmi\u015ftir. M\u00fcvekkillerimize \u00f6\u011flen yeme\u011fi verilmemi\u015ftir. Tuvalet ihtiya\u00e7lar\u0131 bildirdikleri saatten iki saat sonra yerine getirilerek i\u015fkence edilmi\u015ftir.&#8221;<\/p>\n<p>Acayip g\u00fclesim geldi. Vallaha da billaha da g\u00fcld\u00fcm. Akl\u0131ma 12 Eyl\u00fcl sonras\u0131 karakollarda ve hapishanede yedi\u011fim i\u015fkeceler geldi. Biz her halde b\u00f6yle bir a\u00e7\u0131klama yapsayd\u0131k (yapabilseydik) polislerin ve gardiyanlar\u0131n \u015febe\u011fi olurduk!<\/p>\n<p>Mideniz bulanmas\u0131n diye karakol ve hapishane h\u00fccrelerinde nas\u0131l kald\u0131\u011f\u0131m\u0131z\u0131 yazmayaca\u011f\u0131m. Fakat, g\u00f6rd\u00fc\u011f\u00fcm ve anlad\u0131\u011f\u0131m bir \u015fey varsa bu dinciler sahiden de \u015f\u0131mar\u0131k z\u00fcppeler! Ve i\u015fin enteresan\u0131, bu hac\u0131-hoca polisler bize 12 Eyl\u00fcl&#8217;\u00fcn hediyesi!<\/p>\n<p><img decoding=\"async\" class=\"alignnone size-full wp-image-2754\" src=\"http:\/\/circassiancenter.com\/tr\/wp-content\/uploads\/2019\/02\/08-z-HatkoMulayimARA.png\" alt=\"\" width=\"462\" height=\"50\" srcset=\"https:\/\/www.circassiancenter.com\/tr\/wp-content\/uploads\/2019\/02\/08-z-HatkoMulayimARA.png 462w, https:\/\/www.circassiancenter.com\/tr\/wp-content\/uploads\/2019\/02\/08-z-HatkoMulayimARA-300x32.png 300w\" sizes=\"(max-width: 462px) 100vw, 462px\" \/><\/p>\n<p>21 Haziran 2014<\/p>\n<p>Bizim Wub\u0131h ve Adige k\u00f6kenli fakat \u00f6z be \u00f6z T\u00fcrk H\u0131ncal ve Taha abilerimiz son g\u00fcnlerde acayip \u015feyler yaz\u0131yor ve konu\u015fuyorlar. \u015ea\u015f\u0131r\u0131yor muyum? Kesinlikle evet! Yahu bunlar\u0131n kafas\u0131na saks\u0131 m\u0131 d\u00fc\u015ft\u00fc, ne oldu?<\/p>\n<p>Her babalar g\u00fcn\u00fc babas\u0131n\u0131n &#8220;\u00c7erkez t\u00fcfe\u011fini&#8221; ve &#8220;\u00c7erkez semaverini&#8221; anlatan H\u0131ncal, bir tv program\u0131nda &#8221;bana &#8216;haddimizi bilmeliyiz&#8217; demeyin yoksa kalkar giderim!! diye h\u00f6yk\u00fcr\u00fcyor ve ekliyor. Bu vatan Atat\u00fcrk&#8217;\u00fcn hadbilmezli\u011fi y\u00fcz\u00fcnden cumhuriyete kavu\u015ftu diye ekledi. Sonraki h\u00f6yk\u00fcrmelerini dinlemedim art\u0131k. Haberin olsun H\u0131ncal, e\u011fer De\u011ferli Ba\u015fbakan&#8217;\u0131m\u0131z bir duyarsa dedi\u011fini, seni ben bile kurtaramam. Haddini bil! Sen baban\u0131n &#8220;\u00c7erkez t\u00fcfe\u011fiyle&#8221;, &#8220;\u00c7erkez semaverini&#8221; anlat! Haddini a\u015fma!<\/p>\n<p>Gelelim y\u0131llar\u0131n gazetecisi Taha&#8217;ya&#8230; Bug\u00fcn H\u00fcrriyet gazetesindeki k\u00f6\u015fesinde alttan alta De\u011ferli ve Y\u00fcce Ba\u015fbakan&#8217;\u0131m\u0131za bindiriyor ve Ekmeleddin vakas\u0131yla ilgili yanda\u015flarla kafa buluyor.<\/p>\n<p>Benim tahminim bu ikisi (H\u0131ncal ile Taha) \u00f6\u011fle yeme\u011finde bulu\u015ftular, kakara kikiriden sonra lokantadan \u00e7\u0131karken \u00fcst kattaki Ay\u015fe teyzenin d\u00fc\u015f\u00fcrd\u00fc\u011f\u00fc saks\u0131lar bunlar\u0131n kafas\u0131na d\u00fc\u015ft\u00fc! Ba\u015fka hi\u00e7bir a\u00e7\u0131klamas\u0131 yok!<\/p>\n<p><img decoding=\"async\" class=\"alignnone size-full wp-image-2754\" src=\"http:\/\/circassiancenter.com\/tr\/wp-content\/uploads\/2019\/02\/08-z-HatkoMulayimARA.png\" alt=\"\" width=\"462\" height=\"50\" srcset=\"https:\/\/www.circassiancenter.com\/tr\/wp-content\/uploads\/2019\/02\/08-z-HatkoMulayimARA.png 462w, https:\/\/www.circassiancenter.com\/tr\/wp-content\/uploads\/2019\/02\/08-z-HatkoMulayimARA-300x32.png 300w\" sizes=\"(max-width: 462px) 100vw, 462px\" \/><\/p>\n<p>20 Haziran 2014<\/p>\n<p>Dostlar\u0131m &#8221;T\u00fcrkiye hakk\u0131nda negatif yazarken abart\u0131yorsun, T\u00fcrkiye sonu\u00e7 olarak Muz Cumhuriyeti de\u011fil, demokratik bir hukuk devletidir&#8221; diyorlar. Ben de yahu ger\u00e7ekten biraz fazla m\u0131 abart\u0131yorum diyorum ki; \u00e7aaatttt diye haberler d\u00f6k\u00fcld\u00fc. Balyoz Davas\u0131&#8217;nda yarg\u0131lanan ve h\u00fck\u00fcm giyen ne kadar insan varsa bir g\u00fcnde \u00f6zg\u00fcr oldular.<\/p>\n<p>\u015eimdi dostlar\u0131ma soruyorum!<\/p>\n<p>Bu kadar insan e\u011fer su\u00e7suzsa, bu g\u00fcne kadar neden i\u00e7eride yatt\u0131lar? (Ki, baz\u0131lar\u0131 ya kah\u0131rdan \u00f6l\u00fcmc\u00fcl hastal\u0131klara yakaland\u0131 veya intahar etti.)<\/p>\n<p>Yok e\u011fer su\u00e7lu iseler neden serbest b\u0131rak\u0131ld\u0131lar?<\/p>\n<p>Daha da ilerisi bu insanlar kumpasa getirilerek i\u00e7eri t\u0131k\u0131ld\u0131larsa, bu kumpas\u0131 yapanlar nerede?<\/p>\n<p>\u0130\u015fte cevaps\u0131z olan bu sorular bir \u00fclkede ya\u015fan\u0131yorsa, o \u00fclke Muz Cumhuriyeti&#8217;dir!<\/p>\n<p>O kadar!<\/p>\n<p><img decoding=\"async\" class=\"alignnone size-full wp-image-2754\" src=\"http:\/\/circassiancenter.com\/tr\/wp-content\/uploads\/2019\/02\/08-z-HatkoMulayimARA.png\" alt=\"\" width=\"462\" height=\"50\" srcset=\"https:\/\/www.circassiancenter.com\/tr\/wp-content\/uploads\/2019\/02\/08-z-HatkoMulayimARA.png 462w, https:\/\/www.circassiancenter.com\/tr\/wp-content\/uploads\/2019\/02\/08-z-HatkoMulayimARA-300x32.png 300w\" sizes=\"(max-width: 462px) 100vw, 462px\" \/><\/p>\n<p>19 Haziran 2014<\/p>\n<p>D\u00fcn art\u0131k xabze diye bir \u015fey kalmad\u0131 demi\u015ftim. Bu konuda baya dertli okuyucular\u0131m varm\u0131\u015f. Hepsinin yazd\u0131klar\u0131n\u0131 buraya s\u0131\u011fd\u0131ramam fakat yaz\u0131lanlar\u0131 genellersem denilen \u015fey \u015fu: T\u00fcrkiye&#8217;deki Adigeler xabzeden bihaber!<\/p>\n<p>Okuyucular\u0131m\u0131n birinin yazd\u0131\u011f\u0131ndan akl\u0131ma geldi. Baya da sinirlendim. Ger\u00e7i kendimi bildim bileli asab\u0131m bozulur! Salon d\u00fc\u011f\u00fcnlerinde kost\u00fcml\u00fc k\u0131zlar\u0131n, erkeklerin ulusal danslar\u0131m\u0131z\u0131 yapmas\u0131. Yahu siz dans\u00f6z m\u00fcs\u00fcn\u00fcz? Kesin \u015fu sa\u00e7mal\u0131\u011f\u0131. Adige danslar\u0131n\u0131 zevkinize alet etmeyin!<\/p>\n<p>Okuyucum Abrek Serkan demi\u015f ki: &#8221;Kendi vatan\u0131 i\u00e7in k\u0131l\u0131n\u0131 k\u0131p\u0131rdatmayan ama, &#8221;Memluklar bizdik, M\u0131s\u0131r&#8217;a medeniyeti biz getirdik, \u00dcrd\u00fcn Kral\u0131&#8217;n\u0131 biz koruyoruz., T\u00fcrkiye Cumhuriyeti&#8217;nin temelini biz att\u0131k diye&#8221; diye \u00f6v\u00fcnen tek halk \u00c7erkes diasporas\u0131d\u0131r.&#8221;<\/p>\n<p><img decoding=\"async\" class=\"alignnone size-full wp-image-2754\" src=\"http:\/\/circassiancenter.com\/tr\/wp-content\/uploads\/2019\/02\/08-z-HatkoMulayimARA.png\" alt=\"\" width=\"462\" height=\"50\" srcset=\"https:\/\/www.circassiancenter.com\/tr\/wp-content\/uploads\/2019\/02\/08-z-HatkoMulayimARA.png 462w, https:\/\/www.circassiancenter.com\/tr\/wp-content\/uploads\/2019\/02\/08-z-HatkoMulayimARA-300x32.png 300w\" sizes=\"(max-width: 462px) 100vw, 462px\" \/><\/p>\n<p>18 Haziran 2014<\/p>\n<p>Ortado\u011fu ve ya\u015fad\u0131\u011f\u0131m\u0131z co\u011frafya insanlar\u0131n\u0131n, yani genel olarak \u0130slamiyet&#8217;i kabul etmi\u015flerin kavramalar\u0131 gereken \u015fudur: Kendine reva g\u00f6rmedi\u011fini ba\u015fkas\u0131na da reva g\u00f6rme.<\/p>\n<p>Esas\u0131nda bu insanl\u0131\u011f\u0131n temel prensibidir. Biz Adigeler bu konuda \u0130slamiyet gelip kap\u0131m\u0131z\u0131 \u00e7almadan \u00f6nce epey bir ba\u015far\u0131 sa\u011flam\u0131\u015f\u0131z. Hatta &#8221;Adigelik \u0130nsanl\u0131kt\u0131r&#8221; gibi bir kavram dahi olu\u015fturmu\u015fuz. Fakat sonra tam bir felaket. Xabzeden h\u0131zla kopmu\u015fuz. Xabze diye \u0130slamiyet \u00fczerinden Arap k\u00fclt\u00fcr\u00fcn\u00fc kakalam\u0131\u015flar. Sadece Arap k\u00fclt\u00fcr\u00fc m\u00fc? \u00d6yle olsa al ba\u015f\u0131na koy. Osmanl\u0131 k\u00fclt\u00fcr\u00fc, ard\u0131ndan T\u00fcrk k\u00fclt\u00fcr\u00fc xabzenin yerine ge\u00e7mi\u015f. Bunun en \u00e7arp\u0131c\u0131 \u00f6rne\u011fi de &#8221;el \u00f6pmek&#8217; de\u011fil midir? Xabzeye g\u00f6re el \u00f6pmek ay\u0131p ki, ne ay\u0131p. \u015eimdi durum ne? B\u00fcy\u00fc\u011f\u00fcn elini \u00f6pmezsen dayak yersin! Bu kadar sap\u0131tt\u0131rm\u0131\u015flar bizi.<\/p>\n<p>Konuyu da\u011f\u0131tmayay\u0131m. &#8221;Kendine reva g\u00f6rmeme, kar\u015f\u0131dakinin can\u0131 \u00e7\u0131ks\u0131n&#8221; anlay\u0131\u015f\u0131 o kadar \u00fcst d\u00fczeydedir ki, normal insan bunu kavrayamaz hale gelmi\u015ftir. Mesela, I\u015e\u0130D namussuzlar\u0131 Arap&#8217;\u0131, K\u00fcrt&#8217;\u00fc, (belki aralar\u0131nda Adige&#8217;yi) \u00e7oluk \u00e7ocuk katledip ci\u011ferlerini yerken baz\u0131lar\u0131 m\u0131r\u0131n k\u0131r\u0131n ediyordu. Ne zaman ki, \u015feref yoksunlar\u0131 T\u00fcrkmenlere de katliam yapmaya ba\u015flad\u0131, hemen sesleri y\u00fckseldi. Yuh be!<\/p>\n<p>Ben atalar\u0131mdan raz\u0131 de\u011filim ve bizi buralara s\u00fcr\u00fckledikleri i\u00e7in. Siz bakmay\u0131n s\u00fcr\u00fcld\u00fck falan diyenlere. Resmen \u00e7\u0131kar u\u011fruna gelindi buralara. \u015eimdi de tarih &#8221;al\u0131n size \u00e7\u0131kar&#8221; dercesine ba\u015f\u0131m\u0131z\u0131 beladan \u00e7\u0131karm\u0131yor. B\u00f6yle hayat m\u0131 olur be! Ne i\u015fimiz vard\u0131, g\u00fcl gibi vatan\u0131 b\u0131rak\u0131p buralara geldik!<\/p>\n<p>Hakk\u0131m, Osmanl\u0131 pa\u015fas\u0131 olmak i\u00e7in halk\u0131n\u0131 satanlara ve g\u00fcn\u00fcm\u00fczde buna \u00e7anak tutanlara zehir z\u0131kk\u0131m olsun!<\/p>\n<p><img decoding=\"async\" class=\"alignnone size-full wp-image-2754\" src=\"http:\/\/circassiancenter.com\/tr\/wp-content\/uploads\/2019\/02\/08-z-HatkoMulayimARA.png\" alt=\"\" width=\"462\" height=\"50\" srcset=\"https:\/\/www.circassiancenter.com\/tr\/wp-content\/uploads\/2019\/02\/08-z-HatkoMulayimARA.png 462w, https:\/\/www.circassiancenter.com\/tr\/wp-content\/uploads\/2019\/02\/08-z-HatkoMulayimARA-300x32.png 300w\" sizes=\"(max-width: 462px) 100vw, 462px\" \/><\/p>\n<p>17 Haziran 2014<\/p>\n<p>&#8221;Demokrasilerde dinli ile dinsiz, e\u015fcinsel olan ve olmayan, \u0130slamiyet&#8217;in kurallar\u0131na uyan ve uymayan her ki\u015fi; e\u015fit de\u011fer, durum ve haklara sahip olarak bir arada ya\u015farlar. &#8216;E\u015fit de\u011fer, durum haklar&#8217;da Bat\u0131 tipi demokrasinin \u0130slam&#8217;la ba\u011fda\u015fmaz olu\u015funun bir ba\u015fka delilidir.&#8221;<\/p>\n<p>Yukardaki yaz\u0131lanlar\u0131 benim \u00f6zel abonem dinci Adige&#8217;ye yollad\u0131m. &#8221;Bunlar\u0131 yazarak nas\u0131l iyi bir kafir oldu\u011funu g\u00f6sterdin&#8221; diye cevap yazd\u0131.<\/p>\n<p>Bu dinciler sahiden de bilerek mi bilmeyerek mi bu inanc\u0131 ya\u015f\u0131yorlar, merak ediyordum. Maksad\u0131m bunu \u00f6\u011frenmekti. Nitekim cevaptan da anlayaca\u011f\u0131n\u0131z gibi bunlar tipik mal. Okumuyorlar, g\u00fcndemi takip etmiyorlar. Kar\u015f\u0131 taraf ne derse pe\u015fin &#8221;hay\u0131r&#8221;, kendi taraftar\u0131 ne derse pe\u015fin &#8221;evet&#8221; diyorlar.<\/p>\n<p>Bu neticeye nerden vard\u0131m! Bizim yobaz Adige&#8217;ye yollad\u0131\u011f\u0131m paragraf\u0131n yazar\u0131 AKP&#8217;nin f\u0131k\u0131h\u00e7\u0131s\u0131 ve h\u0131k deyicisi Hayrettin Karaman denen vatanda\u015f. Adam d\u00fcr\u00fcst davran\u0131p \u0130slamiyet&#8217;in tan\u0131m\u0131n\u0131 yap\u0131p koymu\u015f ortaya. Do\u011fru yazd\u0131\u011f\u0131n\u0131 I\u015e\u0130D denilen \u015ferefsizler ordusu da herg\u00fcn d\u00fcnya aleme g\u00f6steriyor zaten. Daha niye takiyye yap\u0131yorsunuz be birader.<\/p>\n<p><img decoding=\"async\" class=\"alignnone size-full wp-image-2754\" src=\"http:\/\/circassiancenter.com\/tr\/wp-content\/uploads\/2019\/02\/08-z-HatkoMulayimARA.png\" alt=\"\" width=\"462\" height=\"50\" srcset=\"https:\/\/www.circassiancenter.com\/tr\/wp-content\/uploads\/2019\/02\/08-z-HatkoMulayimARA.png 462w, https:\/\/www.circassiancenter.com\/tr\/wp-content\/uploads\/2019\/02\/08-z-HatkoMulayimARA-300x32.png 300w\" sizes=\"(max-width: 462px) 100vw, 462px\" \/><\/p>\n<p>16 Haziran 2014<\/p>\n<p>\u0130lk defa \u0130slamc\u0131 katiller gene \u0130slamc\u0131 bir grup taraf\u0131ndan \u015fiddetle k\u0131nanm\u0131\u015f. Gazetelerde okudum. Ehlis\u00fcnnet TV ad\u0131ndaki yay\u0131n kurulu\u015fu I\u015e\u0130D cellatlar\u0131n\u0131 bir klip yaparak keskin bir dille k\u0131nam\u0131\u015flar. Ehlis\u00fcnnet TV \u00e7al\u0131\u015fanlar\u0131n\u0131 kutluyor, al\u0131nlar\u0131ndan \u00f6p\u00fcyorum. Helal olsun! Bizim dinci Adigelere de bu davran\u0131\u015flar\u0131n\u0131n \u00f6rnek olmas\u0131n\u0131 temenni ediyorum. \u0130nanc\u0131n\u0131 ya\u015fa kimsenin dedi\u011fi bir \u015fey yok. Fakat inanc\u0131n y\u00fcz\u00fcnden insanlar\u0131n hayat tarzlar\u0131na bask\u0131 yapma, \u00e7oluk \u00e7ocuk demeden \u00f6ld\u00fcrme! Bu kadar basit!<\/p>\n<p>Bir defa daha afferim Ehlis\u00fcnnet TV.<\/p>\n<p><img decoding=\"async\" class=\"alignnone size-full wp-image-2754\" src=\"http:\/\/circassiancenter.com\/tr\/wp-content\/uploads\/2019\/02\/08-z-HatkoMulayimARA.png\" alt=\"\" width=\"462\" height=\"50\" srcset=\"https:\/\/www.circassiancenter.com\/tr\/wp-content\/uploads\/2019\/02\/08-z-HatkoMulayimARA.png 462w, https:\/\/www.circassiancenter.com\/tr\/wp-content\/uploads\/2019\/02\/08-z-HatkoMulayimARA-300x32.png 300w\" sizes=\"(max-width: 462px) 100vw, 462px\" \/><\/p>\n<p>14 Haziran 2014<\/p>\n<p>Korkmak! Vallaha da billaha da insani bir \u015feydir. Mesela ben; bir g\u00fcn kap\u0131m\u0131 polislerin \u00e7alaca\u011f\u0131n\u0131 biliyorum. &#8221;Gel bakal\u0131m merkeze kadar gidelim&#8221; diyecekler. Orada ba\u015f\u0131ma ne gelecek bilmedi\u011fimden dolay\u0131 korkar\u0131m. Fakat &#8221;T\u00fcrkiye&#8217;de polisin i\u00e7inde \u00e7ok fazla (bence yar\u0131s\u0131ndan fazlas\u0131) katil ruhlu, i\u015fkenceci oldu\u011fu&#8221; ger\u00e7e\u011fini de bile bile yazmazl\u0131k edemiyorum. Yani polis, yetki bulursa \u0130slamc\u0131 I\u015e\u0130D namussuzlar\u0131 gibi insanlar\u0131 yere diz \u00fcst\u00fc \u00e7\u00f6kt\u00fcr\u00fcp, kafas\u0131ndan vurup \u00f6ld\u00fcr\u00fcr. Bunu yaparken de k\u0131l\u0131 dahi k\u0131p\u0131rdamaz. \u015eimdilik gaz bombalar\u0131n\u0131 insanlar\u0131n kafas\u0131na s\u0131karak \u00f6ld\u00fcr\u00fcyorlar, \u00e7\u00fcnk\u00fc yetkileri oraya kadar!<\/p>\n<p>\u00d6yle bir co\u011frafyada ya\u015f\u0131yoruz ki, taa \u00e7ocukluktan ba\u015flayarak canl\u0131lar\u0131n bo\u011faz\u0131n\u0131 kesmeye al\u0131\u015ft\u0131r\u0131l\u0131yoruz. Kurban Bayram\u0131&#8217;nda ortal\u0131k yerde \u00e7oluk \u00e7ocu\u011fun g\u00f6z\u00fc \u00f6n\u00fcnde hayvanlar bo\u011fazlan\u0131yor. \u00c7ocuk i\u00e7in bu do\u011fal bir \u015fey haline geliyor. \u0130nsan kafas\u0131 kesilirken de bu kadar kay\u0131ts\u0131z kalabiliyor bu co\u011frafyan\u0131n insanlar\u0131. I\u015e\u0130D denen namussuzlar ordusunun videolar\u0131 ortal\u0131kta dola\u015f\u0131yor. Ortalama normal bir insan\u0131n resmen kan\u0131 donar, kusar. \u00d6yle b\u00f6yle katliam de\u011fil. Naziler bunlar\u0131n yan\u0131nda melek kal\u0131r.<\/p>\n<p>Ya\u015fad\u0131\u011f\u0131m\u0131z topraklarda bu namussuzlardan bol miktarda var. Yak\u0131n tarihimizde Mara\u015f, \u00c7orum, Sivas gibi iller de bu katliamlar yap\u0131ld\u0131. \u015eimdi yine yap\u0131lma ihtimali var. Yani I\u015e\u0130D denilen yobaz \u00f6rg\u00fct ve t\u00fcrevleri T\u00fcrkiye i\u00e7inde de \u00e7ok etkili. Kimse aldanmas\u0131n. \u00d6zellikle AP iktidar\u0131n\u0131n korumas\u0131 alt\u0131ndalar.<\/p>\n<p>Korkma konusuna d\u00f6nersek; evet korkuyorum fakat bu namussuzlar\u0131 da yazmadan duram\u0131yorum. Korku s\u0131n\u0131r\u0131n\u0131 a\u015ft\u0131m galiba!<\/p>\n<p><img decoding=\"async\" class=\"alignnone size-full wp-image-2754\" src=\"http:\/\/circassiancenter.com\/tr\/wp-content\/uploads\/2019\/02\/08-z-HatkoMulayimARA.png\" alt=\"\" width=\"462\" height=\"50\" srcset=\"https:\/\/www.circassiancenter.com\/tr\/wp-content\/uploads\/2019\/02\/08-z-HatkoMulayimARA.png 462w, https:\/\/www.circassiancenter.com\/tr\/wp-content\/uploads\/2019\/02\/08-z-HatkoMulayimARA-300x32.png 300w\" sizes=\"(max-width: 462px) 100vw, 462px\" \/><\/p>\n<p>13 Haziran 2014<\/p>\n<p>Yaz\u0131ma ba\u015flamadan not: Adige polis arkada\u015ftan hala cevap yok.<\/p>\n<p>Ben Kaf-Fed ve t\u00fcrevi yap\u0131lanmalara &#8221;bunlardan bir halt olmaz&#8221; diye yazd\u0131\u011f\u0131mda evelden baya itiraz gelirdi. \u015eimdi daha \u00e7ok destek geliyor! &#8221;Akl\u0131n yolu bir&#8221; diye bo\u015fa dememi\u015fler. Ac\u0131y\u0131 s\u00f6m\u00fcre s\u00f6m\u00fcre iliklerimizi kuruttular ama halk\u0131 yine yanlar\u0131na alamad\u0131lar. &#8221;Bunlar ahmak&#8221; deyince \u015fimdi herkes &#8221;evet, hem de kat\u0131ks\u0131z ahmak&#8221; diyorlar.<\/p>\n<p>Aman dikkat;<\/p>\n<p>&#8221;Bize d\u00fcnyan\u0131n en b\u00fcy\u00fck soyk\u0131r\u0131m\u0131 yap\u0131ld\u0131.&#8221;<br \/>\n&#8221;Uyuyan aslan\u0131 uyand\u0131rmay\u0131n.&#8221;<br \/>\n&#8221;Biz hi\u00e7bir \u00fclkeye veya derne\u011fe ba\u011fl\u0131 de\u011filiz.&#8221;<br \/>\n&#8221;Art\u0131k b\u0131\u00e7ak kemi\u011fimize dayand\u0131.&#8221;<br \/>\n&#8221;Rusya sabr\u0131m\u0131z\u0131 ta\u015f\u0131rma.&#8221;<br \/>\n&#8221;Kimse g\u00fcc\u00fcm\u00fcz\u00fc test etmesin.&#8221;<\/p>\n<p>Bunlar\u0131 s\u00f6yleyen biriyle kar\u015f\u0131la\u015f\u0131rsan\u0131z; &#8221;defol buradan cibiliyetsiz, kafana kalpak takmakla, Adige bayra\u011f\u0131n\u0131 eline almakla sahterkarl\u0131\u011f\u0131n\u0131 kapatabilece\u011fini mi san\u0131yorsun! Seni y\u00fcz y\u0131l kadar buralarda g\u00f6rmeyeyim!&#8221; deyin ve yan\u0131n\u0131zdan kovun. \u00c7olu\u011funuzun \u00e7ocu\u011funuzun gelece\u011fi i\u00e7in yap\u0131n bunu&#8230;<\/p>\n<p><img decoding=\"async\" class=\"alignnone size-full wp-image-2754\" src=\"http:\/\/circassiancenter.com\/tr\/wp-content\/uploads\/2019\/02\/08-z-HatkoMulayimARA.png\" alt=\"\" width=\"462\" height=\"50\" srcset=\"https:\/\/www.circassiancenter.com\/tr\/wp-content\/uploads\/2019\/02\/08-z-HatkoMulayimARA.png 462w, https:\/\/www.circassiancenter.com\/tr\/wp-content\/uploads\/2019\/02\/08-z-HatkoMulayimARA-300x32.png 300w\" sizes=\"(max-width: 462px) 100vw, 462px\" \/><\/p>\n<p>12 Haziran 2014<\/p>\n<p>Ya\u015fad\u0131\u011f\u0131m\u0131z topraklarda demokrasinin, hukukun, adaletin zerre kadar \u00f6nemli olmad\u0131\u011f\u0131n\u0131 s\u00f6yledi\u011fimde bana k\u0131z\u0131yorlard\u0131. G\u00fcc\u00fc g\u00fcc\u00fcne yetene kanunu ge\u00e7erlidir burada. T\u00fcrkiye Adige-Abhaz diasporas\u0131n\u0131n az\u0131msanmayacak bir b\u00f6l\u00fcm\u00fc de &#8221;soyk\u0131r\u0131m&#8221; soytar\u0131l\u0131\u011f\u0131na s\u0131\u011f\u0131narak bu anti-demokratik fa\u015fist d\u00fczenin i\u00e7inde ya\u015far gider. Hi\u00e7bir Adige-Abhaz dernek ya da sivil toplum kurulu\u015fu y\u00f6neticisinin, &#8221;bu ne bi\u00e7im d\u00fczen!&#8221; dedi\u011fini duydunuz mu? Duyamazs\u0131n\u0131z. \u00c7\u00fcnk\u00fc hepsi korkak. T\u00fcrkiye&#8217;ye kar\u015f\u0131 tek kelime edemezler. \u00c7\u00fcnk\u00fc; ederlerse \u00e7anlar\u0131na ot t\u0131kanaca\u011f\u0131n\u0131 bilecek kadar ak\u0131lll\u0131, ancak s\u0131rtlar\u0131n\u0131 T\u00fcrk polisine dayay\u0131p Rus el\u00e7ili\u011findeki \u00fc\u00e7-be\u015f g\u00f6revliye efelenecek kadar da ahmakt\u0131rlar!<\/p>\n<p>Bunlar\u0131 niye yazd\u0131m! G\u00fcnlerdir bir bayrak konusu, mitingler, kavgalar, lin\u00e7 giri\u015fimleri g\u0131rla gidiyor. Kimse de \u00e7\u0131k\u0131p demiyor ki: &#8221;Yahu buras\u0131 demokratik bir hukuk devleti. \u00d6nce iki genci \u00f6ld\u00fcren askerler yarg\u0131ya sevkedilecek ve sorumlular\u0131 ceza alacak. Sonra bayrak dire\u011fine t\u0131rmanan PKK&#8217;l\u0131 yakalan\u0131p adalete teslim edilecek!&#8221;<\/p>\n<p>Herkes as\u0131yor, kesiyor!<\/p>\n<p>CC Notu: Say\u0131n Hatko&#8217;nun yaz\u0131s\u0131n\u0131n gelmesinden 5 saat sonra Milliyet gazetesinde bayra\u011f\u0131 indiren \u015fahs\u0131n yakaland\u0131\u011f\u0131 haberi \u00e7\u0131kt\u0131. Diyarbak\u0131r Emniyet M\u00fcd\u00fcrl\u00fc\u011f\u00fc taraf\u0131ndan yap\u0131lan a\u00e7\u0131klamaya g\u00f6re; T\u00fcrk ordusunun daha \u00f6nce muhbir olarak \u00e7al\u0131\u015ft\u0131rd\u0131\u011f\u0131 ki\u015finin A\u011fr\u0131 n\u00fcfusuna kay\u0131tl\u0131 olan \u00d6mer Kahraman oldu\u011fu saptand\u0131.<\/p>\n<p>Okurum Nesli yazm\u0131\u015f: Bug\u00fcn bir gazetede I\u015e\u0130D denilen \u0130slamc\u0131 ter\u00f6r \u00f6rg\u00fct\u00fcn\u00fcn haberinin alt\u0131nda \u015f\u00f6yle bir yorum vard\u0131. M\u00fclayim beye iletir misiniz? Anlayana \u00e7ok b\u00fcy\u00fck mesaj var! Yorum \u015f\u00f6yleydi: &#8221;Yemisim kinamanizi,&#8230;. hadi rte, hayatinda ilk defa T\u00fcrkiye Cumhuriyetine bir iyilik yap, bu bahane ile Kerk\u00fck, Musul bizim olsun, T\u00fcrkmen Kardeslerimizi sevindir&#8230;.. ama biliyoruzki abd izin vermez sende masal anlatirsin, capiniz bu kadar&#8230;&#8221;<\/p>\n<p><img decoding=\"async\" class=\"alignnone size-full wp-image-2754\" src=\"http:\/\/circassiancenter.com\/tr\/wp-content\/uploads\/2019\/02\/08-z-HatkoMulayimARA.png\" alt=\"\" width=\"462\" height=\"50\" srcset=\"https:\/\/www.circassiancenter.com\/tr\/wp-content\/uploads\/2019\/02\/08-z-HatkoMulayimARA.png 462w, https:\/\/www.circassiancenter.com\/tr\/wp-content\/uploads\/2019\/02\/08-z-HatkoMulayimARA-300x32.png 300w\" sizes=\"(max-width: 462px) 100vw, 462px\" \/><\/p>\n<p>11 Haziran 2014<\/p>\n<p>Sabah gazetesi yazar\u0131 Sevilay Y\u00fckselir k\u0131z\u0131m\u0131z; &#8216;Ya ben bu \u00fclkeyi sevmiyorum. Bir vatansever de\u011fil, bu topraklarda huzur istemeyen namert evlad\u0131 namertim. Al\u00e7ak bir insan\u0131m&#8230; Ya da onlar! Emin olun ortas\u0131 yok bu i\u015fin.&#8221; demi\u015f. Bana g\u00f6re ikisi de de\u011fil. Sen z\u0131r cahilsin de\u011ferli k\u0131z\u0131m ve i\u015fin k\u00f6t\u00fcs\u00fc -bizim Kaf-Fed y\u00f6neticileri gibi- cehaletinin fark\u0131nda de\u011filsin! Senin mant\u0131\u011f\u0131ndan bakarsak bizim soytar\u0131lar\u0131n t\u00fcm\u00fc yurtsever! Halbuki de\u011fil! Z\u0131r cahiller!<\/p>\n<p>D\u00fcnk\u00fc bayrak konulu yaz\u0131ma ummad\u0131\u011f\u0131m kadar destek geldi. \u0130tiraz edenler de var tabii olarak. Fakat ortak g\u00f6r\u00fc\u015f, &#8221;sen ba\u015fkas\u0131n\u0131n bayra\u011f\u0131na sayg\u0131 duy, ba\u015fkas\u0131 da senin bayra\u011f\u0131na sayg\u0131 duysun&#8221; olmu\u015f. Aynen kat\u0131l\u0131yorum. Hele bir okuyucum m\u00fckemmel bir de\u011ferlendirmede bulunmu\u015f. Diyor ki; Bence T\u00fcrk bayra\u011f\u0131na sald\u0131ran &#8221;Bunlar (T\u00fcrkler) k\u0131zd\u0131klar\u0131na hakaret olsun diye bayraklar\u0131n\u0131 yak\u0131p, ayaklar\u0131n\u0131n altlar\u0131nda \u00e7i\u011fniyorlar. B\u00f6ylece kar\u015f\u0131 taraf\u0131 a\u015fa\u011f\u0131lam\u0131\u015f oluyorlar. Ben de bunlar\u0131 bayraklar\u0131na sald\u0131ray\u0131m. B\u00f6ylece a\u015fa\u011f\u0131land\u0131klar\u0131n\u0131 d\u00fc\u015f\u00fcns\u00fcnler&#8221; diye hareket etmi\u015ftir.<\/p>\n<p>Bence do\u011fru tespit yapm\u0131\u015f okurum&#8230;<\/p>\n<p><img decoding=\"async\" class=\"alignnone size-full wp-image-2754\" src=\"http:\/\/circassiancenter.com\/tr\/wp-content\/uploads\/2019\/02\/08-z-HatkoMulayimARA.png\" alt=\"\" width=\"462\" height=\"50\" srcset=\"https:\/\/www.circassiancenter.com\/tr\/wp-content\/uploads\/2019\/02\/08-z-HatkoMulayimARA.png 462w, https:\/\/www.circassiancenter.com\/tr\/wp-content\/uploads\/2019\/02\/08-z-HatkoMulayimARA-300x32.png 300w\" sizes=\"(max-width: 462px) 100vw, 462px\" \/><\/p>\n<p>10 Haziran 2014<\/p>\n<p>\u015eimdi baz\u0131lar\u0131 sinirle yerinden z\u0131playcak amma yazmazsam \u00e7atlar\u0131m. Bu topraklarda merhametin esamesi okunmaz. Onun i\u00e7in &#8221;de\u011ferlerimiz-hassasiyetlerimiz&#8221; diye de insanlar lin\u00e7 edilir.<\/p>\n<p>Bir bayrak direkten indirildi diye T\u00fcrk halk\u0131 ayakland\u0131! Halbuki bu halk\u0131n; ba\u015fta Yunanistan ve \u0130srail bayra\u011f\u0131 olmak \u00fczere ayak alt\u0131na almad\u0131\u011f\u0131, yakmad\u0131\u011f\u0131 bayrak kalmam\u0131\u015ft\u0131r. \u0130talya&#8217;ya k\u0131zar, \u0130talyan bayra\u011f\u0131n\u0131 ayaklar\u0131yla \u00e7i\u011fner, Ermeni&#8217;ye k\u0131zar Ermeni bayra\u011f\u0131n\u0131 yakar. Bulgar&#8217;a k\u0131zar bayra\u011f\u0131n\u0131 parampar\u00e7a eder. Eder de eder. Hadi bunlar\u0131 ge\u00e7iyorum.<\/p>\n<p>Bir g\u00fcn \u00f6nce asker Lice&#8217;de iki genci vurup \u00f6ld\u00fcrd\u00fc, bayrak i\u00e7in ayaklanan T\u00fcrk halk\u0131ndan &#8221;t\u0131k&#8221; yoktu. Bu kadar m\u0131 kendinizden ge\u00e7tiniz, bu kadar m\u0131 insanl\u0131ktan \u00e7\u0131kt\u0131n\u0131z? Bana &#8221;bayrak en kutsal \u015feydir&#8221; masal\u0131n\u0131 da anlatmay\u0131n. Sizin kadar bayrak d\u00fc\u015fman\u0131 ba\u015fka bir \u00fclke var m\u0131d\u0131r acaba? Ay\u0131p, ay\u0131p! Utan\u0131n!<\/p>\n<p>Beni en b\u00fcy\u00fck hayal k\u0131r\u0131kl\u0131\u011f\u0131na u\u011fratanlar da Geziciler oldu. Gezi&#8217;deki demokratlar, Lice&#8217;ye gelince fa\u015fist oldular iyi mi!<\/p>\n<p>Not: Adige polis karde\u015fimden hala bir cevap gelmedi. Okuyucular\u0131m\u0131n bilgilerine&#8230;<\/p>\n<p><img decoding=\"async\" class=\"alignnone size-full wp-image-2754\" src=\"http:\/\/circassiancenter.com\/tr\/wp-content\/uploads\/2019\/02\/08-z-HatkoMulayimARA.png\" alt=\"\" width=\"462\" height=\"50\" srcset=\"https:\/\/www.circassiancenter.com\/tr\/wp-content\/uploads\/2019\/02\/08-z-HatkoMulayimARA.png 462w, https:\/\/www.circassiancenter.com\/tr\/wp-content\/uploads\/2019\/02\/08-z-HatkoMulayimARA-300x32.png 300w\" sizes=\"(max-width: 462px) 100vw, 462px\" \/><\/p>\n<p>09 Haziran 2014<\/p>\n<p>Bir Adige polis okurum e-mail atm\u0131\u015f. Kimli\u011finden telefonuna kadar da bilgi vermi\u015f. Tabi ki bana k\u0131zg\u0131n! \u00c7\u00fcnk\u00fc polislere kar\u015f\u0131 \u00f6nyarg\u0131l\u0131 oldu\u011fumu s\u00f6yl\u00fcyor ve ekliyor: &#8221;Ba\u015f\u0131n\u0131z s\u0131k\u0131\u015f\u0131nca bize geliyorsunuz ama!&#8221;<\/p>\n<p>Bu karde\u015fime cevap vereyim:<\/p>\n<p>Birincisi; ba\u015f\u0131m s\u0131k\u0131\u015f\u0131nca size geliyorsam, belediye zab\u0131tas\u0131na gidemeyece\u011fimden dolay\u0131d\u0131r. Bu sizin; b\u0131rak\u0131n su\u00e7suz insan\u0131, su\u00e7u sabit insana bile i\u015fkence yapman\u0131za sebep olamaz!<\/p>\n<p>\u0130kincisi; siz kanun \u00e7er\u00e7evesinde hareket ederek, insanlar\u0131n g\u00fcven i\u00e7inde ya\u015famalar\u0131 i\u00e7in maa\u015f al\u0131yorsunuz! \u0130nsanlar\u0131n a\u011fz\u0131n\u0131 burnunu da\u011f\u0131tmak i\u00e7in de\u011fil!<\/p>\n<p>\u00dc\u00e7\u00fcnc\u00fcs\u00fc; art\u0131k insanlar\u0131n \u00e7ocuklar\u0131na &#8221;kayboldu\u011funda polise gitme&#8221; demesi sizin ne durumda oldu\u011funuzun ac\u0131 bir resmidir. Oturun bunu d\u00fc\u015f\u00fcn\u00fcn.<\/p>\n<p>Gelelim kurumsal durumunuza: E\u011fer i\u00e7inizde katil ruhlu, i\u015fkenceci polisler az\u0131nl\u0131ktaysa (okurum \u00f6yle diyor) o zaman size d\u00fc\u015fen g\u00f6rev; bu namussuzlar\u0131 tutuklay\u0131p, adalete teslim etmenizdir. Bunu yapmay\u0131p, &#8221;her kurumda \u00e7\u00fcr\u00fck elmalar olur&#8221; laf\u0131na s\u0131\u011f\u0131nman\u0131z sizi kurtarmaz.<\/p>\n<p>\u00dclkemizin adalet sistemi katil ve i\u015fkenceci polisleri kollar pozisyondad\u0131r. \u00d6rnek vereyim: Bug\u00fcn H\u00fcrriyet gazetesinden Mehmet Y\u0131lmaz bey yaz\u0131yordu. \u0130zmir&#8217;de Karaba\u011flar Polis Merkezi&#8217;nde 3 polis, bir kad\u0131n\u0131 ha\u015fat ediyor. Alenen i\u015fkence ediyorlar. Kad\u0131n da direniyor, kar\u015f\u0131l\u0131k veriyor. Polisler daha da az\u0131yor ve i\u015fkence dozunu artt\u0131r\u0131yorlar. T\u00fcm bunlar kameralara kaydediliyor. \u0130\u015f adalete yans\u0131yor. Haz\u0131r olun! Savc\u0131 3 polisten 2&#8217;sine 1,5 aydan 1 y\u0131la kadar hapis, di\u011fer polisin beratini isterken ayn\u0131 savc\u0131 dayaktan a\u011fz\u0131 burnu da\u011f\u0131lm\u0131\u015f kad\u0131na &#8221;Polise hakaret edip, direndi\u011fi i\u00e7in&#8221; 2 y\u0131ldan 9 y\u0131la kadar hapis cezas\u0131 istiyor.<\/p>\n<p>Bu sadece bir \u00f6rnek, Buna benzer binlercesi bu \u00fclkede herg\u00fcn ya\u015fan\u0131yor. Herg\u00fcn!<\/p>\n<p>De\u011ferli Adige polis karde\u015fim e\u011fer bu yazd\u0131klar\u0131ma cevab\u0131n olursa, seve seve ad\u0131n\u0131 vermeden buradan okurlar\u0131ma sunaca\u011f\u0131ma \u015ferefim \u00fczerine s\u00f6z veriyorum. Hadi bakal\u0131m s\u00f6z sende!<\/p>\n<p><img decoding=\"async\" class=\"alignnone size-full wp-image-2754\" src=\"http:\/\/circassiancenter.com\/tr\/wp-content\/uploads\/2019\/02\/08-z-HatkoMulayimARA.png\" alt=\"\" width=\"462\" height=\"50\" srcset=\"https:\/\/www.circassiancenter.com\/tr\/wp-content\/uploads\/2019\/02\/08-z-HatkoMulayimARA.png 462w, https:\/\/www.circassiancenter.com\/tr\/wp-content\/uploads\/2019\/02\/08-z-HatkoMulayimARA-300x32.png 300w\" sizes=\"(max-width: 462px) 100vw, 462px\" \/><\/p>\n<p>07 Haziran 2014<\/p>\n<p>Bizim Taha abimiz de aynen H\u0131ncal gibi. Ya\u015fland\u0131k\u00e7a ustala\u015facaklar\u0131na \u00e7ocuk\u00e7a tahlillerde bulunuyorlar. K\u0131yas denen bir \u015fey vard\u0131r hayatta. K\u0131yas\u0131 yaparak do\u011fruya ula\u015fabilirsin. Taha abi i\u015fte bunu yapam\u0131yor. D\u00fcnk\u00fc makalesinde K\u00fcrtlerin isteklerini &#8221;\u015f\u0131mar\u0131kl\u0131k&#8221; diye nitelendirirken, bug\u00fcn You Tube&#8217;un yasaklanmas\u0131 konusunu alabildi\u011fince tenkit ediyor. Yani bu sefer kendi &#8221;\u015f\u0131mar\u0131yor&#8221;. \u0130nsan bir g\u00fcn arayla bu kadar sapabilir mi? Sapar! \u00c7\u00fcnk\u00fc beslendikleri kaynak yanl\u0131\u015f. Dere ak\u0131yor diye temiz olabilir mi? Ya derenin yukarlar\u0131nda bir e\u015fek kakas\u0131n\u0131 yapt\u0131ysa suya? Sen istedi\u011fin kadar suyun berrak olu\u015funa aldan!<\/p>\n<p>\u0130\u00e7me karde\u015fim. \u0130\u00e7me ki, sa\u011fl\u0131\u011f\u0131n bozulmas\u0131n!<\/p>\n<p><img decoding=\"async\" class=\"alignnone size-full wp-image-2754\" src=\"http:\/\/circassiancenter.com\/tr\/wp-content\/uploads\/2019\/02\/08-z-HatkoMulayimARA.png\" alt=\"\" width=\"462\" height=\"50\" srcset=\"https:\/\/www.circassiancenter.com\/tr\/wp-content\/uploads\/2019\/02\/08-z-HatkoMulayimARA.png 462w, https:\/\/www.circassiancenter.com\/tr\/wp-content\/uploads\/2019\/02\/08-z-HatkoMulayimARA-300x32.png 300w\" sizes=\"(max-width: 462px) 100vw, 462px\" \/><\/p>\n<p>06 Haziran 2014<\/p>\n<p>\u00c7ocukluk d\u00f6neminde me\u015fhur doland\u0131r\u0131c\u0131 S\u00fcl\u00fcn Osman vard\u0131&#8230; Hani \u015fu saat kulesini Kayserili&#8217;ye satan! Sonra doland\u0131r\u0131c\u0131lar bu \u00fclkede g\u00fczel nam sald\u0131lar. T\u00fcrk insan\u0131 anlayamad\u0131\u011f\u0131m bir \u015fekilde bu doland\u0131r\u0131c\u0131lar\u0131 sevdi daha da \u00f6tesi sayg\u0131nl\u0131k bah\u015fetti.<\/p>\n<p>T\u00fcrkiye&#8217;de \u015fimdi de soyan soyana&#8230; Ve yine anlayamad\u0131\u011f\u0131m bi\u00e7imde adam &#8221;soyuyorsa beni soyuyor sana ne&#8221; diye &#8221;h\u0131rs\u0131z var&#8221; diyeni d\u00f6v\u00fcyor!<\/p>\n<p>Benim \u00f6mr\u00fcm bu insanlar\u0131 anlamaya yetmeyecek&#8230;<\/p>\n<p><img decoding=\"async\" class=\"alignnone size-full wp-image-2754\" src=\"http:\/\/circassiancenter.com\/tr\/wp-content\/uploads\/2019\/02\/08-z-HatkoMulayimARA.png\" alt=\"\" width=\"462\" height=\"50\" srcset=\"https:\/\/www.circassiancenter.com\/tr\/wp-content\/uploads\/2019\/02\/08-z-HatkoMulayimARA.png 462w, https:\/\/www.circassiancenter.com\/tr\/wp-content\/uploads\/2019\/02\/08-z-HatkoMulayimARA-300x32.png 300w\" sizes=\"(max-width: 462px) 100vw, 462px\" \/><\/p>\n<p>05 Haziran 2014<\/p>\n<p>\u015eu dinciler bir alem&#8230; Adamlar \u00f6l\u00fcmden o kadar korkuyor ki, herkes de korksun diye &#8221;Her nefis bir g\u00fcn \u00f6l\u00fcm\u00fc tadacakt\u0131r&#8221; diye d\u00fcnyan\u0131n en salak s\u00f6z\u00fcn\u00fc s\u00f6yl\u00fcyorlar. &#8221;Her sabah g\u00fcne\u015f do\u011facakt\u0131r&#8221; demek gibi bir \u015fey! \u0130nsan, do\u011fum gibi son derece do\u011fal olan \u00f6l\u00fcmden bu kadar t\u0131rsar m\u0131 ya! Bir g\u00fcn gideceksin tahtal\u0131 k\u00f6ye ha bug\u00fcn ha yar\u0131n! Bunun i\u00e7in insan kendini strese sokar m\u0131 dingil?<\/p>\n<p>Tha ak\u0131l da\u011f\u0131t\u0131rken bunlar ne halt yiyordu bilmem!<\/p>\n<p><img decoding=\"async\" class=\"alignnone size-full wp-image-2754\" src=\"http:\/\/circassiancenter.com\/tr\/wp-content\/uploads\/2019\/02\/08-z-HatkoMulayimARA.png\" alt=\"\" width=\"462\" height=\"50\" srcset=\"https:\/\/www.circassiancenter.com\/tr\/wp-content\/uploads\/2019\/02\/08-z-HatkoMulayimARA.png 462w, https:\/\/www.circassiancenter.com\/tr\/wp-content\/uploads\/2019\/02\/08-z-HatkoMulayimARA-300x32.png 300w\" sizes=\"(max-width: 462px) 100vw, 462px\" \/><\/p>\n<p>04 Haziran 2014<\/p>\n<p>Dostum dedi ki, &#8221;Bu \u00fclkede hak verilmez, al\u0131n\u0131r. \u00c7\u00fcnk\u00fc, adalet yoktur. Adaletin olmad\u0131\u011f\u0131 yerde de kim g\u00fc\u00e7l\u00fcyse o kazan\u0131r. Politikadan, ekonomiye; spordan sanata durum bundan ibarettir.&#8221; Ne yalan s\u00f6yleyeyim do\u011fru tespit. Gazetelerin birinde yaz\u0131yordu. Gezi&#8217;ye sald\u0131ran polise &#8221;s\u0131k\u0131ysa PKK yanl\u0131lar\u0131na sald\u0131r bakal\u0131m&#8221; diyordu.<\/p>\n<p>T\u00fcrk polisi zay\u0131f oldu\u011funu anlad\u0131\u011f\u0131nda tepene biner ve anandan emdi\u011fin s\u00fct\u00fc, kan olarak a\u011fz\u0131ndan burnundan getirir. K\u00fcrtlerin a\u011fz\u0131ndan burnundan y\u0131llarca kan geldi\u011fi i\u00e7in bir g\u00fcn polise &#8221;dur bakal\u0131m&#8221; dediler ve hayatlar\u0131 pahas\u0131na kar\u015f\u0131 sald\u0131r\u0131ya ge\u00e7tiler. O kahraman polisler an\u0131nda toz oldular tabi ki&#8230;<\/p>\n<p>Adana&#8217;da bir gen\u00e7 TOMA&#8217;n\u0131n \u00fczerine \u00e7\u0131k\u0131p suyu polislere \u00e7evirmi\u015f. K\u00fcrtlerden sonra yava\u015f yava\u015f polis katliamlar\u0131na ve sald\u0131r\u0131lar\u0131na T\u00fcrkler de kar\u015f\u0131l\u0131k vermeye ba\u015flad\u0131. Bu g\u00fczel bir durum mu? De\u011fil. G\u00fczel ya\u015famak, nefes al\u0131p veren her varl\u0131\u011f\u0131n hakk\u0131. Fakat hak terazisi denge istiyor. Polis akl\u0131n\u0131 ba\u015f\u0131na almazsa ilerde \u00e7ok fazla kan d\u00f6k\u00fclecek gibi g\u00f6r\u00fcn\u00fcyor! Peki bizimkiler? Onlar\u0131 ge\u00e7in! \u015ee\u015fen oynay\u0131p \u00f6n\u00fcm\u00fczdeki 21 May\u0131s&#8217;\u0131 bekleyecekler, arada g\u00f6rev emri geldi\u011finde de Rus e\u00e7ilikleri \u00f6n\u00fcne gidecekler&#8230;<\/p>\n<p><img decoding=\"async\" class=\"alignnone size-full wp-image-2754\" src=\"http:\/\/circassiancenter.com\/tr\/wp-content\/uploads\/2019\/02\/08-z-HatkoMulayimARA.png\" alt=\"\" width=\"462\" height=\"50\" srcset=\"https:\/\/www.circassiancenter.com\/tr\/wp-content\/uploads\/2019\/02\/08-z-HatkoMulayimARA.png 462w, https:\/\/www.circassiancenter.com\/tr\/wp-content\/uploads\/2019\/02\/08-z-HatkoMulayimARA-300x32.png 300w\" sizes=\"(max-width: 462px) 100vw, 462px\" \/><\/p>\n<p>03 Haziran 2014<\/p>\n<p>Ya\u015fad\u0131\u011f\u0131m\u0131z topraklarda Adige-Abhaz diasporas\u0131n\u0131n niye bu kadar korkak, niye bu kadar riyakar, niye bu kadar i\u015fbirlik\u00e7i oldu\u011funu televizyonda De\u011ferli Ba\u015fbakan&#8217;\u0131m\u0131z\u0131n polislerinin halka nas\u0131l k\u0131y\u0131m yapt\u0131klar\u0131n\u0131 g\u00f6r\u00fcnce daha iyi anl\u0131yorum. Hi\u00e7 k\u0131v\u0131rmayal\u0131m; biz ger\u00e7ek anlamda korkak ve tembel bir milletiz. \u00d6yle olmasa 150 y\u0131l boyunca bir arpa boyu yol katederdik! Edemedik! Geldi\u011fimiz nokta &#8221;soyk\u0131r\u0131ld\u0131k&#8221; diye milleti kendisine g\u00fcld\u00fcren g\u00fcruhlar\u0131n sokaklar\u0131 doldurmas\u0131 oldu. Adam\u0131n haberi yok asl\u0131nda \u015fimdi soyu k\u0131r\u0131l\u0131yor. Ama kuyru\u011fu dik tutacak ya! T\u00fcrkiye&#8217;de anti-demokratik k\u0131y\u0131mlar yap\u0131l\u0131yor bizimkilerden bir ses \u00e7\u0131k\u0131yor mu? \u00c7\u0131kamaz karde\u015fim. Bu vah\u015fi, katil ruhlu polisleri g\u00f6ren kahraman diasporal\u0131lar hi\u00e7 d\u0131\u015far\u0131 \u00e7\u0131kar m\u0131? Onlar ancak bu katil polisin himayesinde Rus el\u00e7iliklerin \u00f6n\u00fcne gidebilir. Utanmadan, arlanmadan fotograflar\u0131n\u0131 \u00e7ekip sitelerde yay\u0131nlarlar!<\/p>\n<p>Hani Anti-emperyalist M\u00fcsl\u00fcmanlar diye kendilerini adland\u0131ran soytar\u0131lar vard\u0131. Onlar\u0131 g\u00f6reniniz oldu mu? \u00c7\u00fcnk\u00fc dinda\u015flar\u0131 ba\u015fka bir dinin ibadethanesini yani Ayasofya&#8217;y\u0131 i\u015fgal edip namaz k\u0131ld\u0131lar. E\u011fer g\u00f6r\u00fcrseniz; &#8221;emperyalizmin ilk i\u015fi kendine ait olmayan mekanlar\u0131n, topraklar\u0131n \u00fczerine cebren ve hileylen oturmas\u0131d\u0131r, yani i\u015fgal etmektir!&#8221; diye s\u00f6yleyin onlara&#8230; Gitsinler Ayasofya&#8217;y\u0131 i\u015fgal eden bu yobazlara oradan \u00e7\u0131kars\u0131nlar. Ama ortada yoklar&#8230; Bunlara soytar\u0131 deyince de bizim dinci yobazlar k\u0131z\u0131yor!<\/p>\n<p><img decoding=\"async\" class=\"alignnone size-full wp-image-2754\" src=\"http:\/\/circassiancenter.com\/tr\/wp-content\/uploads\/2019\/02\/08-z-HatkoMulayimARA.png\" alt=\"\" width=\"462\" height=\"50\" srcset=\"https:\/\/www.circassiancenter.com\/tr\/wp-content\/uploads\/2019\/02\/08-z-HatkoMulayimARA.png 462w, https:\/\/www.circassiancenter.com\/tr\/wp-content\/uploads\/2019\/02\/08-z-HatkoMulayimARA-300x32.png 300w\" sizes=\"(max-width: 462px) 100vw, 462px\" \/><\/p>\n<p>02 Haziran 2014<\/p>\n<p>Gazetelerde bir haber g\u00f6z\u00fcme \u00e7arpt\u0131. \u015e\u00f6yle: Suat Karausta, Muhte\u015fem Y\u00fczy\u0131l&#8217;da bostanc\u0131ba\u015f\u0131 Zal Mahmut&#8217;\u0131 canland\u0131r\u0131yor. Rol\u00fcn\u00fcn hakk\u0131n\u0131 veriyor. Sinsi, \u00fcrk\u00fct\u00fcc\u00fc ve karanl\u0131k bir bostanc\u0131ba\u015f\u0131n\u0131 g\u00fcn\u00fcm\u00fcze ta\u015f\u0131yor. \u015eehzade Mustafa&#8217;y\u0131 bo\u011fma sahnesinden sonra da bu y\u00fczden sokakta hayat\u0131 biraz zorla\u015fm\u0131\u015f. \u201cErol Ta\u015f&#8217;\u0131n ba\u015f\u0131na gelenler benim de ba\u015f\u0131ma geldi\u201d diyor Karausta&#8230;<\/p>\n<p>Bilmeyen gen\u00e7ler i\u00e7in yazay\u0131m. Erol Ta\u015f k\u00f6t\u00fc rollerin usta oyuncusu, \u00e7o\u011fu yerde dayak yemi\u015ftir. Sebebi de oynad\u0131\u011f\u0131 roller. Adam k\u0131z\u0131yor, Erol Ta\u015f&#8217;\u0131 yakalay\u0131nca bas\u0131yor daya\u011f\u0131. Adam\u0131n zekas\u0131, rol ile ger\u00e7e\u011fi ay\u0131rt edemecek d\u00fczeyde \u00e7\u00fcnk\u00fc!<\/p>\n<p>Benim \u00e7ocuklu\u011fuma denk gelen zamanlarda beyaz perdeye ta\u015f, k\u0131rd\u0131klar\u0131 sandalyeleri (o zamanlarda koltuk yerine sandalyeler vard\u0131), ayakkab\u0131lar\u0131n\u0131, tespihlerini atan \u00e7ok g\u00f6rd\u00fcm. Filmdeki k\u00f6t\u00fc rol oynayan oyuncuya ana avrat k\u00fcfredenler zaten s\u0131radand\u0131.<\/p>\n<p>Ama 2014 y\u0131l\u0131nda yukardaki habere do\u011fru dedirtecek \u00f6k\u00fcz de yoktur bu \u00fclkede yapmay\u0131n!<\/p>\n<p><img decoding=\"async\" class=\"alignnone size-full wp-image-2754\" src=\"http:\/\/circassiancenter.com\/tr\/wp-content\/uploads\/2019\/02\/08-z-HatkoMulayimARA.png\" alt=\"\" width=\"462\" height=\"50\" srcset=\"https:\/\/www.circassiancenter.com\/tr\/wp-content\/uploads\/2019\/02\/08-z-HatkoMulayimARA.png 462w, https:\/\/www.circassiancenter.com\/tr\/wp-content\/uploads\/2019\/02\/08-z-HatkoMulayimARA-300x32.png 300w\" sizes=\"(max-width: 462px) 100vw, 462px\" \/><\/p>\n<p>31 May\u0131s 2014<\/p>\n<p>D\u00fcnyadaki Adige-Abhaz diasporas\u0131n\u0131n durumu esas\u0131nda i\u00e7ler ac\u0131s\u0131d\u0131r. Benim dinci okurum gene azacak ama olsun yine de yazay\u0131m; en iyi durumda olanlar \u0130srail&#8217;deki Adigeler. Adlar\u0131n\u0131, soyadlar\u0131n\u0131, dillerini her \u015feylerini korumalar\u0131na izin verilmi\u015f.<\/p>\n<p>\u00dcrd\u00fcn&#8217;dekiler de Kral&#8217;\u0131n korumal\u0131\u011f\u0131yla \u00f6v\u00fcn\u00fcp duruyorlar. Fakat baya hak, hukuk sahibiler. Ne de olsa Kral&#8217;\u0131n bir kar\u0131s\u0131 da Adige&#8217;ydi!<\/p>\n<p>En feci durumda olan ise T\u00fcrkiye Adige-Abhaz diasporas\u0131d\u0131r. El\u00e7ilik \u00f6nlerinde e\u015finmekten ba\u015fka hi\u00e7bir haklar\u0131 hukuklar\u0131 yoktur. Bir de hem T\u00fcrkiye&#8217;de do\u011fmu\u015f, hem Almanya&#8217;da b\u00fcy\u00fcm\u00fc\u015f olanlar var ki, onlar\u0131n durumu art\u0131k felaket \u00f6tesi. Adige-Abhazl\u0131\u011f\u0131n\u0131 ya d\u00fc\u011f\u00fcn dernekte veya 21 May\u0131slarda hat\u0131rlar. Onun d\u0131\u015f\u0131nda T\u00fcrkiye&#8217;de &#8221;\u00c7erkez&#8221; Almanya&#8217;da T\u00fcrk olarak hayat\u0131na devam eder.<\/p>\n<p>Bunlar\u0131n trajik durumuna en g\u00fczel \u00f6rnek, Almaya Ye\u015filler Partisi Milletvekili Cem \u00d6zdemir&#8217;dir. Hani \u015fu Adigeler i\u00e7in kahramanca i\u015fler yapt\u0131\u011f\u0131 rivayet edilen arkada\u015f. Almanya h\u00fck\u00fcmeti T\u00fcrk El\u00e7isi&#8217;ni makamlar\u0131na \u00e7a\u011f\u0131r\u0131p,&#8221;\u201cT\u00fcrk Alman ili\u015fkilerinin geli\u015fmesi i\u00e7in, Ba\u015fbakan Erdo\u011fan\u2019\u0131n K\u00f6ln ziyareti \u00f6ncesinde bile yo\u011fun \u00e7aba sarf eden Alman politikac\u0131 hakk\u0131ndaki bu a\u00e7\u0131klamalar, T\u00fcrk-Alman ili\u015fkilerini te\u015fvik etmez\u201d demi\u015fler. Peki de\u011ferli Ba\u015fbakan&#8217;\u0131m\u0131z ne demi\u015fti Cem i\u00e7in? \u015eunu: &#8221;\u201cS\u00f6zde bir T\u00fcrk, oradaki bir siyasi partinin e\u015fba\u015fkan\u0131. Kulland\u0131\u011f\u0131 ifadeler \u00e7ok \u00e7irkin. Sen nas\u0131l demokrats\u0131n? \u00d6nce sen k\u00f6kenin itibar\u0131yle mensubu oldu\u011fun \u00fclkenin ba\u015fbakan\u0131na bu \u015fekilde konu\u015famazs\u0131n. Nerede milletvekili olursan ol \u00f6nce haddini bileceksin&#8230;\u201d<\/p>\n<p>Eyyyyy T\u00fcrkiye Adige-Abhaz diasporas\u0131! G\u00fcler misiniz, a\u011flar m\u0131s\u0131n\u0131z, bilemem ama durum \u00e7ok felaket. Bu konu\u015fmalardan \u00e7\u0131kan sonu\u00e7 \u015fu: Cem \u00d6zdemir T\u00fcrk k\u00f6kenli Alman politikac\u0131d\u0131r. Birilerinin yalaklanmas\u0131 bo\u015fa gitti&#8230;<\/p>\n<p><img decoding=\"async\" class=\"alignnone size-full wp-image-2754\" src=\"http:\/\/circassiancenter.com\/tr\/wp-content\/uploads\/2019\/02\/08-z-HatkoMulayimARA.png\" alt=\"\" width=\"462\" height=\"50\" srcset=\"https:\/\/www.circassiancenter.com\/tr\/wp-content\/uploads\/2019\/02\/08-z-HatkoMulayimARA.png 462w, https:\/\/www.circassiancenter.com\/tr\/wp-content\/uploads\/2019\/02\/08-z-HatkoMulayimARA-300x32.png 300w\" sizes=\"(max-width: 462px) 100vw, 462px\" \/><\/p>\n<p>30 May\u0131s 2014<\/p>\n<p>Bir T\u00fcrk atas\u00f6z\u00fc &#8221;Ak\u0131l ya\u015fta de\u011fil, ba\u015ftad\u0131r&#8221; der&#8230; Bu laf\u0131n do\u011frulu\u011funu bug\u00fcn 17 ya\u015f\u0131ndaki ye\u011fenimin arkada\u015f\u0131 g\u00f6sterdi. Bana dedi ki, hep protesto eylemi yapanlar\u0131 ele\u015ftiriyorsunuz. Biz genciz, \u00f6n\u00fcm\u00fcze \u00f6rnek olacak ka\u00e7 insan koyabildiniz?<\/p>\n<p>Bir \u0130talyan ya\u015f\u0131t\u0131mla konu\u015furken, futboldan bahsetsek o &#8221;bizim Milan&#8217;\u0131m\u0131z var, Juventus&#8217;umuz var, Roma&#8217;m\u0131z var diyor. Bizim k\u0131\u00e7\u0131k\u0131r\u0131k FK 1864&#8217;\u00fcm\u00fcz. Ger\u00e7i ona da bizim demek ne kadar do\u011fru o da ayr\u0131, bir tane \u00c7erkes futbolcu yok i\u00e7lerinde.<\/p>\n<p>M\u00fczikten bahsetsek, o Vivaldi&#8217;miz, Paganini&#8217;miz var diyor, bizim akordiyoncu Hac\u0131 Murat&#8217;\u0131m\u0131z var.<\/p>\n<p>O, bizim Ferrari&#8217;miz, Lamborghini&#8217;miz var diyor, bizim el arabam\u0131z bile yok.<\/p>\n<p>Onun Leonardo Da Vinci&#8217;si var bizim kimimiz var?<\/p>\n<p>Bu durum sadece \u0130talyan de\u011fil, Alman, Frans\u0131z, \u0130spanyol, \u0130ngiliz daha hangi birini sayay\u0131m. Allah&#8217;\u0131n Bulgarlar\u0131n\u0131n bile bir Stoi\u00e7kov&#8217;lar\u0131 vard\u0131 bizim yok. Tabiyat\u0131yla biz de kendimizi at\u0131yoruz el\u00e7ilikler \u00f6n\u00fcne. Bari b\u00f6yle kendimizi tatmin edelim.<\/p>\n<p>\u015eimdi ben ne diyeyim?<\/p>\n<p>\u0130nsanlar\u0131n ac\u0131lar\u0131n\u0131 s\u00f6m\u00fcrd\u00fc\u011f\u00fcn i\u00e7in sa\u00e7\u0131n sakal\u0131n a\u011fars\u0131n Kaf-Fed!<\/p>\n<p><img decoding=\"async\" class=\"alignnone size-full wp-image-2754\" src=\"http:\/\/circassiancenter.com\/tr\/wp-content\/uploads\/2019\/02\/08-z-HatkoMulayimARA.png\" alt=\"\" width=\"462\" height=\"50\" srcset=\"https:\/\/www.circassiancenter.com\/tr\/wp-content\/uploads\/2019\/02\/08-z-HatkoMulayimARA.png 462w, https:\/\/www.circassiancenter.com\/tr\/wp-content\/uploads\/2019\/02\/08-z-HatkoMulayimARA-300x32.png 300w\" sizes=\"(max-width: 462px) 100vw, 462px\" \/><\/p>\n<p>29 May\u0131s 2014<\/p>\n<p>D\u00fcnk\u00fc okuyucu e-mailleri yay\u0131nlam\u0131\u015ft\u0131m. Son e-mail i\u00e7in dostlar\u0131m o terbiyesizin yaz\u0131s\u0131n\u0131 &#8221;niye yay\u0131nlad\u0131n&#8221; dediler. \u0130ki sebeple! Birincisi; Adigeler i\u00e7inde de b\u00f6yle a\u015fa\u011f\u0131l\u0131k yarat\u0131klar\u0131n oldu\u011funu g\u00f6stermek, ikincisi; bu arkada\u015f bir s\u00fcredir ana avrat d\u00fcz giden yaz\u0131lar at\u0131yor ve beni bunlar\u0131 yay\u0131nlamaktan korkmakla itham ediyor. Bende sen ahlaks\u0131zsan benim i\u00e7in hi\u00e7 mesele de\u011fil yay\u0131nlar\u0131m dedim ve de yay\u0131nlad\u0131m. Fakat bu ahlaks\u0131z kahraman ile ilgili bir konu var. O da ad\u0131n\u0131 falan yazm\u0131yor. GG diye rumuz kullan\u0131yor. Adresi de ya sahte veya cevap vermiyor. O sebeple buradan sesleneyim. GG rumuzlu arkada\u015f e\u011fer adresini bana yazarsan emin ol ziyaretine gelece\u011fim. \u015eu yazd\u0131klar\u0131n\u0131 bir de y\u00fcz\u00fcme s\u00f6yle bakay\u0131m&#8230;<\/p>\n<p>Bu tipler sayesinde Adige-Abhaz diasporan\u0131n gelece\u011fini de g\u00f6rm\u00fc\u015f oluyoruz.<\/p>\n<p>Neyse!<\/p>\n<p>Ge\u00e7enlerde -hat\u0131rlars\u0131n\u0131z- birka\u00e7 akl\u0131 evvel y\u00f6netici y\u00fcr\u00fcme engelli bir kad\u0131na ak\u00fcl\u00fc tekerlekli sandalye alm\u0131\u015ft\u0131. Sonra da kad\u0131nca\u011f\u0131z\u0131 sandalyeye oturtup, eline kurdela tutu\u015fturup, makasla keserek a\u00e7\u0131l\u0131\u015f yapm\u0131\u015flard\u0131. Ben de buradan \u00e7\u00fc\u00fc\u00fc\u015f\u015f\u015f\u015f demi\u015ftim. Karde\u015fim, ya bunlar ger\u00e7ekten ak\u0131l \u00f6z\u00fcrl\u00fc veya bizimle dalga ge\u00e7iyorlar. Niye mi? Niye olacak; bu sefer de Soma da \u00f6len madenciler i\u00e7in yap\u0131lmas\u0131 planlanan konutlara &#8221;301 Evler&#8221; ad\u0131n\u0131 koymu\u015flar. Bu kez uzun yazaca\u011f\u0131m kusuruma bakmay\u0131n&#8230;<\/p>\n<p>\u00c7\u00fc\u00fc\u00fc\u00fc\u00fc\u00fc\u00fc\u00fc\u00fc\u00fc\u00fc\u00fc\u00fc\u00fc\u00fc\u015f\u015f\u015f\u015f\u015f\u015f\u015f\u015f\u015f\u015f\u015f\u015f\u015f\u015f\u015f\u015f\u015f\u015f\u015f\u015f\u015f\u015f\u015f\u015f\u015f\u015f\u015f\u015f\u015f\u015f\u015f\u015f\u015f\u015f\u015f\u015f\u015f\u015f\u015f\u015f\u015f\u015f\u015f\u015f\u015f&#8230;<\/p>\n<p><img decoding=\"async\" class=\"alignnone size-full wp-image-2754\" src=\"http:\/\/circassiancenter.com\/tr\/wp-content\/uploads\/2019\/02\/08-z-HatkoMulayimARA.png\" alt=\"\" width=\"462\" height=\"50\" srcset=\"https:\/\/www.circassiancenter.com\/tr\/wp-content\/uploads\/2019\/02\/08-z-HatkoMulayimARA.png 462w, https:\/\/www.circassiancenter.com\/tr\/wp-content\/uploads\/2019\/02\/08-z-HatkoMulayimARA-300x32.png 300w\" sizes=\"(max-width: 462px) 100vw, 462px\" \/><\/p>\n<p>28 May\u0131s 2014<\/p>\n<p>Okuyucum Cenk \u015funu yazm\u0131\u015f: M\u00fclayim abi Soma&#8217;da ya\u015fananlara &#8221;kader&#8221; deyip \u00e7\u0131kt\u0131lar. Abi 301 \u00f6l\u00fc&#8230; \u0130simlerini saymaya kalkt\u0131\u011f\u0131n\u0131zda nefesiniz kesiliyor. B\u00f6yle kader yerin dibine girsin.<\/p>\n<p>Okuyucum M. Kardan \u015funu yazm\u0131\u015f: Say\u0131n Hatko. Bu \u00fclkede demokrasi falan yok. Gelecegi de yok. AB AB dediler. AB b\u00f6yle bir \u00fclkeyi i\u00e7ine al\u0131r m\u0131? Bizim yapaca\u011f\u0131m\u0131z en ak\u0131ll\u0131 i\u015f Adigesi Adige cumhuriyetlerine Abhaz&#8217;\u0131 Abhazya&#8217;ya gitmesi. Kendi gidemiyorsa da \u00e7olu\u011funu \u00e7ocu\u011funu g\u00f6ndermesi. Bari onlar\u0131n hayatlar\u0131 kurtulsun, biz nas\u0131l olsa zaten \u00f6ld\u00fck&#8230;<\/p>\n<p>Okuyucum Zekiye Han\u0131m \u015funlar\u0131 yazm\u0131\u015f: Hadi T\u00fcrkleri, K\u00fcrtleri, Araplar\u0131 anl\u0131yorum da \u00c7erkes k\u0131zlar\u0131na neler oluyor. Hem s\u0131kmaba\u015f oluyorlar hem \u015ee\u015fen oynamaktan vazge\u00e7miyorlar. Bana ikiy\u00fczl\u00fc bir davrani\u015f olarak geliyor. Ge\u00e7enlerde biri ile tart\u0131\u015ft\u0131k. Ye\u011fenimin elini s\u0131kmad\u0131. Haram diye. O kadar insan\u0131n i\u00e7inde \u00e7ocu\u011fun eli havada kald\u0131. Bu t\u00fcrbanl\u0131 k\u0131z sonra da kalk\u0131p Apsuwa oynad\u0131.<\/p>\n<p>Okuyucum F. K\u0131ran \u015funlar\u0131 yazm\u0131\u015f: M\u00fclayim bey, Adigelerin ve Abhazlar\u0131n bu kadar uzun s\u00fcre T\u00fcrkiye&#8217;de yok olmamas\u0131n\u0131n tek sebebi s\u0131k\u0131 s\u0131k\u0131ya ba\u011fl\u0131 oldu\u011fumuz geleneklerimiz. Bence siz biraz fazla karamsars\u0131n\u0131z. Fakat tespitlerinizi genlellikle isabetli buluyoruz. Abhazlar\u0131n Adigelere oranla daha iyi durumda oldu\u011fu tespitiniz bence hedefin tam 12&#8217;si.<\/p>\n<p>Okuyucum G.G. \u015funu yazm\u0131\u015f: CC ve sen \u0130srail tohumusunuz. Yahudi d\u00f6lleri sizi. Size ka\u00e7 para ayl\u0131k ba\u011flad\u0131lar? Biz \u015eeyh \u015eamil&#8217;in torunlar\u0131y\u0131z&#8230; Sizin taaa ge\u00e7mi\u015finizi s&#8230;..m. \u0130slam bayra\u011f\u0131n\u0131 Kafkaslar\u0131n her yerine dikece\u011fiz. Sizi o&#8230;. \u00e7ocuklar\u0131&#8230; Nartlar gelecek a&#8230;. s&#8230;..k.<\/p>\n<p><img decoding=\"async\" class=\"alignnone size-full wp-image-2754\" src=\"http:\/\/circassiancenter.com\/tr\/wp-content\/uploads\/2019\/02\/08-z-HatkoMulayimARA.png\" alt=\"\" width=\"462\" height=\"50\" srcset=\"https:\/\/www.circassiancenter.com\/tr\/wp-content\/uploads\/2019\/02\/08-z-HatkoMulayimARA.png 462w, https:\/\/www.circassiancenter.com\/tr\/wp-content\/uploads\/2019\/02\/08-z-HatkoMulayimARA-300x32.png 300w\" sizes=\"(max-width: 462px) 100vw, 462px\" \/><\/p>\n<p>27 May\u0131s 2014<\/p>\n<p>T\u00fcrk insan\u0131 bencildir, e\u011fer \u00e7\u0131kar\u0131na ters giderseniz insan\u0131n g\u00f6z\u00fcn\u00fc oyar. Bunu yaparken de zerre kadar vicdan azab\u0131 duymaz. Ama baz\u0131 T\u00fcrk insan\u0131 vard\u0131r ki, \u00f6l\u00fcnceye kadar ba\u015f\u0131n\u0131z\u0131n \u00fcst\u00fcnde ta\u015f\u0131san\u0131z bir g\u00fcn bile yoruldum demezsiniz. Oranlarsak; ba\u015f tac\u0131 T\u00fcrk y\u00fczde 40 faland\u0131r. \u00c7ocuklu\u011fum ve gen\u00e7li\u011fim zaman\u0131nda bu oran y\u00fczde 80 civar\u0131ndayd\u0131.<\/p>\n<p>Peki burada ya\u015fayan Adige diasporas\u0131nda durum ne?<\/p>\n<p>Y\u00fczdelerde farkl\u0131l\u0131klar var. Ba\u015f tac\u0131 Adige oran\u0131 eskilerde y\u00fczde 99&#8217;du. Bencil, h\u0131rs\u0131z, \u00e7akal, namussuz, \u00e7\u0131karc\u0131 Adige&#8217;yi samanl\u0131kta i\u011fne arar gibi arard\u0131n\u0131z.<\/p>\n<p>Peki \u015fimdi?<\/p>\n<p>\u015eimdi durum tek kelimeyle felaket. K\u00fclt\u00fcr m\u00fclt\u00fcr zaten hak getire! T\u00fcrkiye&#8217;nin sosyo-psikolojik de\u011fi\u015fimi Adige toplumunu da baya derinden etkiledi. O sebeple zaten dangalak say\u0131m\u0131z artt\u0131. E\u011fer bu kafada gidilirse, i\u015fte buraya yaz\u0131yorum: On-on be\u015f sene sonra Adige gibi Adige diyebilece\u011finiz insan say\u0131s\u0131 oran\u0131 y\u00fczde 10&#8217;lara kadar inecek! Var m\u0131s\u0131n\u0131z iddiaya!<\/p>\n<p>Bunlar nerden akl\u0131ma geldi. Ba\u015ftac\u0131m\u0131z Ba\u015fbakan&#8217;\u0131m\u0131z Tayyip bey biliyorsunuz bir madenci yuh \u00e7ekince &#8221;tokad\u0131 yersin&#8221; demi\u015fti. Almanya&#8217;da yapt\u0131\u011f\u0131 mitingte AKP&#8217;liler Merkel ad\u0131 ge\u00e7ince topyekun yuh \u00e7ektiler. Yahu yuh \u00e7eken maden i\u015f\u00e7isinin alternatifi yok ki, bu \u00fclkede ya\u015f\u0131yor. Sen Almanya&#8217;daki AKP&#8217;li, yuh \u00e7ekecek duruma geldiysen orada ne halt yiyorsun bre namussuz! Gelsene T\u00fcrkiye&#8217;ye. Anlad\u0131n\u0131z m\u0131 oranlar\u0131n ger\u00e7ekli\u011fini!<\/p>\n<p><img decoding=\"async\" class=\"alignnone size-full wp-image-2754\" src=\"http:\/\/circassiancenter.com\/tr\/wp-content\/uploads\/2019\/02\/08-z-HatkoMulayimARA.png\" alt=\"\" width=\"462\" height=\"50\" srcset=\"https:\/\/www.circassiancenter.com\/tr\/wp-content\/uploads\/2019\/02\/08-z-HatkoMulayimARA.png 462w, https:\/\/www.circassiancenter.com\/tr\/wp-content\/uploads\/2019\/02\/08-z-HatkoMulayimARA-300x32.png 300w\" sizes=\"(max-width: 462px) 100vw, 462px\" \/><\/p>\n<p>26 May\u0131s 2014<\/p>\n<p>Soma katliam\u0131, ard\u0131ndan 21 May\u0131s anmalar\u0131 derken baya bir ara verdik. Me\u011fer ne zormu\u015f bir \u015fey yazmadan g\u00fcndemi takip etmek.<\/p>\n<p>Ya\u015fad\u0131\u011f\u0131m\u0131z topraklar\u0131n \u00fczerinde k\u00f6t\u00fc bulutlar geziyor bu g\u00fcnlerde. \u015eu &#8221;\u015feyini \u015fey eden&#8221; AKP Bakan\u0131 salya s\u00fcm\u00fck B\u00fclent Ar\u0131n\u00e7 bir ara gaza gelip &#8221;Allah bize verdik\u00e7e veriyor&#8221; demi\u015fti. Valla bunlar galiba Allahlar\u0131n\u0131 k\u0131zd\u0131rd\u0131lar. \u015eimdi de felaket verdik\u00e7e veriyor. Depremi de onun i\u00e7in mi yapt\u0131 bilmem amma T\u00fcrkiye&#8217;deki namuslu insanlar\u0131n y\u00fcz\u00fc suyu h\u00fcrmetine daha b\u00fcy\u00fck felaket ya\u015fam\u0131yoruz zannedersem!<\/p>\n<p>Gelelim 21 May\u0131s anmalar\u0131na. Adam gibi anlamalar oldu\u011fu gibi, ba\u015fta Kaf-Fed olmak \u00fczere 21 May\u0131s ac\u0131s\u0131n\u0131 k\u00f6k\u00fcne kadar s\u00f6m\u00fcrenler de vard\u0131. Tabii bu bir aczin i\u015faretiydi.<\/p>\n<p>Anlayana!<\/p>\n<p>Anlamayana izah edeyim: Kaf-Fed \u00fczerinden misalleyelim. Kaf-Fed son bir y\u0131lda ne yapt\u0131? Bolca ac\u0131 soslu propaganda. \u00d6nce So\u00e7i&#8217;yi dolad\u0131 a\u011fz\u0131na. Ard\u0131ndan 21 May\u0131s&#8217;\u0131. Sonu\u00e7 ikisi de bitti! Kaf-Fed kald\u0131 m\u0131 iyot gibi ortada. Sanmay\u0131n ki sadece Kaf-Fed ac\u0131y\u0131 s\u00f6m\u00fcr s\u00f6m\u00fcr s\u00f6m\u00fcrd\u00fc&#8230; T\u00fcm\u00fc ayn\u0131 durumda! \u015eimdi gelecek 21 May\u0131s&#8217;a kadar yaz uykusuna yatacaklar.<\/p>\n<p>Halbu ki, T\u00fcrkiye&#8217;de ya\u015fayan Adige-Abhaz toplumunun ciddi ekonomik, sosyal, politik ve psikolojik dertleri var. Adige-Abhaz STK ba\u015f\u0131ndakilerin \u00e7aps\u0131zl\u0131\u011f\u0131 sebebiyle bu sorunlar, soyk\u0131r\u0131m soytar\u0131l\u0131klar\u0131yla \u00f6rtbas ediliyor. Derneklerin elektrik paralar\u0131n\u0131 \u00f6demeye takatlar\u0131 yok, Rusya&#8217;dan Adigey&#8217;i kurtaracaklar!<\/p>\n<p>\u00c7ok uzatmayay\u0131m. Okuyucu e-mailleri baya \u00e7o\u011fald\u0131. \u0130\u00e7lerinde \u00e7ok \u00f6nemli olanlar da var. Zaman zaman onlardan size aktaraca\u011f\u0131m.<\/p>\n<p><img decoding=\"async\" class=\"alignnone size-full wp-image-2754\" src=\"http:\/\/circassiancenter.com\/tr\/wp-content\/uploads\/2019\/02\/08-z-HatkoMulayimARA.png\" alt=\"\" width=\"462\" height=\"50\" srcset=\"https:\/\/www.circassiancenter.com\/tr\/wp-content\/uploads\/2019\/02\/08-z-HatkoMulayimARA.png 462w, https:\/\/www.circassiancenter.com\/tr\/wp-content\/uploads\/2019\/02\/08-z-HatkoMulayimARA-300x32.png 300w\" sizes=\"(max-width: 462px) 100vw, 462px\" \/><\/p>\n<p>14 May\u0131s 2014<\/p>\n<p>Mesle\u011fimin bir par\u00e7as\u0131yd\u0131 ocaklar. Orada nice canlar gitti. \u0130statistiklere g\u00f6re T\u00fcrkiye bu konuda d\u00fcnya lideri. Bu \u00fclkenin politikac\u0131lar\u0131 madenlerde yok olan hayatlar\u0131 &#8221;temiz \u00f6ld\u00fcler&#8221; diyecek kadar al\u00e7akt\u0131rlar.<\/p>\n<p>\u00c7ok \u015fey yazam\u0131yorum \u00fcz\u00fcnt\u00fcden! T\u00fcrk halk\u0131n\u0131n ba\u015f\u0131 sa\u011folsun!<\/p>\n<p><img decoding=\"async\" class=\"alignnone size-full wp-image-2754\" src=\"http:\/\/circassiancenter.com\/tr\/wp-content\/uploads\/2019\/02\/08-z-HatkoMulayimARA.png\" alt=\"\" width=\"462\" height=\"50\" srcset=\"https:\/\/www.circassiancenter.com\/tr\/wp-content\/uploads\/2019\/02\/08-z-HatkoMulayimARA.png 462w, https:\/\/www.circassiancenter.com\/tr\/wp-content\/uploads\/2019\/02\/08-z-HatkoMulayimARA-300x32.png 300w\" sizes=\"(max-width: 462px) 100vw, 462px\" \/><\/p>\n<p>13 May\u0131s 2014<\/p>\n<p>Emekli oldu\u011fum i\u00e7in kahveye gelen t\u00fcm gazeteleri ak\u015fama kadar hatim indiriyorum. CC&#8217;ye yazmaya ba\u015flad\u0131kltan sonra k\u00fc\u00e7\u00fck bir defter ta\u015f\u0131yorum yan\u0131mda. Okudu\u011fum veya \u015fahit oldu\u011fum bir olay oldu\u011funda not al\u0131yorum ki, sizlere yazabileyim.<\/p>\n<p>\u0130\u015fte her gazeteleri okudu\u011fumda, g\u00fcnde belki 15 defa Tha&#8217;ya te\u015fekk\u00fcr ediyorum, Adige k\u00fclt\u00fcr\u00fcn\u00fc ald\u0131m diye. Ger\u00e7i \u015fimdilerde Adige&#8217;yim diye ortalarda dola\u015fan zibidiler can\u0131m\u0131 s\u0131km\u0131yor de\u011fil amma gene de moralim iyi.<\/p>\n<p>D\u00fcn CC&#8217;de de g\u00f6rd\u00fcm ba\u015f\u00f6rt\u00fcl\u00fc k\u0131z\u0131 omuzlara alma haberini. Bir AKP milletvekili &#8221;k\u00fclt\u00fcr\u00fcm\u00fcz nerede&#8221; diye sormu\u015f. Yahu nerede olacak i\u015fte orada. Mesela bizim k\u00fclt\u00fcr\u00fcm\u00fcz ikiye ayr\u0131l\u0131r: Anavatanda bozulmam\u0131\u015f Adige k\u00fclt\u00fcr\u00fc ve diaporada son 20 y\u0131lda darmaduman olmu\u015f Adige k\u00fclt\u00fcr enkaz\u0131. Abhazlar\u0131 ay\u0131r\u0131yorum bir kenara. Onlar biz Adigelere g\u00f6re fersah fersah korudular k\u00fclt\u00fcrlerini. Fakat Adigeler resmen da\u011f\u0131ld\u0131lar. Yani \u015fu anda ortal\u0131kta g\u00f6rd\u00fcklerinizin Adige k\u00fclt\u00fcr\u00fcyle uzaktan yak\u0131ndan alakalar\u0131 yok. Farklar\u0131 sadece bunlar omuzlarda de\u011fil!<\/p>\n<p><img decoding=\"async\" class=\"alignnone size-full wp-image-2754\" src=\"http:\/\/circassiancenter.com\/tr\/wp-content\/uploads\/2019\/02\/08-z-HatkoMulayimARA.png\" alt=\"\" width=\"462\" height=\"50\" srcset=\"https:\/\/www.circassiancenter.com\/tr\/wp-content\/uploads\/2019\/02\/08-z-HatkoMulayimARA.png 462w, https:\/\/www.circassiancenter.com\/tr\/wp-content\/uploads\/2019\/02\/08-z-HatkoMulayimARA-300x32.png 300w\" sizes=\"(max-width: 462px) 100vw, 462px\" \/><\/p>\n<p>12 May\u0131s 2014<\/p>\n<p>Bizim Adige-Abhazlarda da \u00e7oktur a\u011fz\u0131na hakim olamayan; &#8221;aman azd\u0131rma \u015funu&#8221; der ge\u00e7eriz. Azg\u0131n adama hi\u00e7bir \u015fey demene luz\u00fcm yok ki, \u00f6ks\u00fcrsen yine azarlan\u0131rs\u0131n.<\/p>\n<p>\u015eimdi bir moda ba\u015flad\u0131; herkes &#8221;aman \u015fu Tayyip Erdo\u011fan&#8217;a bir \u015fey demeyin de adam ma\u011fdur edebiyat\u0131na ba\u015flamas\u0131n.&#8221;diyor. De\u011ferli Ba\u015fbakan&#8217;\u0131m\u0131z\u0131n karakteri bu, siz yoldan ba\u015f\u0131n\u0131z \u00f6nde ge\u00e7seniz o yine &#8221;bak bana bakmaya tenezz\u00fcl etmiyorlar&#8221; diye yine ma\u011fduriyet \u00e7\u0131kar\u0131r. Amma bu halk d\u00fcnyan\u0131n en enteresan halk\u0131d\u0131r, bug\u00fcn ma\u011fdurum diyeni korur, yar\u0131n ma\u011fdurum diyeni lin\u00e7 eder. Bak\u0131n\u0131z: 12 Eyl\u00fcl zaman\u0131nda T\u00fcrk halk\u0131!<\/p>\n<p>Ben de\u011ferli Ba\u015fbakan&#8217;\u0131m\u0131z\u0131, iki g\u00f6z\u00fcm\u00fcz\u00fc, bir a\u011fabeyi olarak uyaray\u0131m, fazla ma\u011fdurlu\u011fa oynamas\u0131n sonu felaket olur.<\/p>\n<p><img decoding=\"async\" class=\"alignnone size-full wp-image-2754\" src=\"http:\/\/circassiancenter.com\/tr\/wp-content\/uploads\/2019\/02\/08-z-HatkoMulayimARA.png\" alt=\"\" width=\"462\" height=\"50\" srcset=\"https:\/\/www.circassiancenter.com\/tr\/wp-content\/uploads\/2019\/02\/08-z-HatkoMulayimARA.png 462w, https:\/\/www.circassiancenter.com\/tr\/wp-content\/uploads\/2019\/02\/08-z-HatkoMulayimARA-300x32.png 300w\" sizes=\"(max-width: 462px) 100vw, 462px\" \/><\/p>\n<p>10 May\u0131s 2014<\/p>\n<p>Gazetelerde okumu\u015fsunuzdur, Tophane&#8217;de bir sanat galerisi sald\u0131r\u0131ya u\u011frad\u0131. Sald\u0131rganlar cam \u00e7er\u00e7eve indirmi\u015fler. Sebep? Malum! Galeri ziyaret\u00e7ileri i\u00e7erde i\u00e7kilerini z\u0131kk\u0131mlanmak yerine kap\u0131n\u0131n \u00f6n\u00fcnde de i\u00e7mi\u015fler. Vay sen misin i\u00e7en, giri\u015fmi\u015fler sopalarla!<\/p>\n<p>Birinci denilecek olan; sald\u0131ranlar kat\u0131ks\u0131z hayvano\u011flu hayvanm\u0131\u015f.<br \/>\n\u0130kinci denilecek olan; bu tip hayvano\u011flu hayvanlar bize, 12 Eyl\u00fcl&#8217;\u00fcn hediyesidir!<br \/>\n\u00dc\u00e7\u00fcnc\u00fc denilecek olan; kim ne derse desin, polis bu hayvano\u011flu hayvanlar\u0131 korumaktad\u0131r&#8230;<br \/>\nD\u00f6rd\u00fcnc\u00fc denilecek olan; &#8221;M\u00fcsl\u00fcmanlar b\u00f6yle haltlar yemez&#8221; diyen M\u00fcsl\u00fcmanlar, bu tip hayvano\u011flu hayvanlara alenen cephe almazlar, her daim sessiz kal\u0131rlar!<br \/>\nSon denilecek olan; bu topraklarda her saniye kar\u015f\u0131n\u0131za bu tip hayvano\u011flu hayvanlar \u00e7\u0131kabilir, dikkatli olun!<\/p>\n<p><img decoding=\"async\" class=\"alignnone size-full wp-image-2754\" src=\"http:\/\/circassiancenter.com\/tr\/wp-content\/uploads\/2019\/02\/08-z-HatkoMulayimARA.png\" alt=\"\" width=\"462\" height=\"50\" srcset=\"https:\/\/www.circassiancenter.com\/tr\/wp-content\/uploads\/2019\/02\/08-z-HatkoMulayimARA.png 462w, https:\/\/www.circassiancenter.com\/tr\/wp-content\/uploads\/2019\/02\/08-z-HatkoMulayimARA-300x32.png 300w\" sizes=\"(max-width: 462px) 100vw, 462px\" \/><\/p>\n<p>09 May\u0131s 2014<\/p>\n<p>Demokratik \u00c7erkes Hareketi&#8217;nin 21 May\u0131s ile alakal\u0131 afi\u015flerini g\u00f6rd\u00fcm. Hareketin \u00f6nderlerini kutluyorum. Bu &#8221;soyk\u0131r\u0131m&#8221; soytar\u0131l\u0131\u011f\u0131na pirim vermemi\u015fler. Hay\u0131r tarihi a\u00e7\u0131dan elaleme maskara oluyoruz. Millet alay ediyor. 1864 s\u00fcrg\u00fcn m\u00fcd\u00fcr? Evet! Sava\u015ft\u0131k, yenildik, topraklar\u0131m\u0131zdan s\u00fcr\u00fcld\u00fck. Bununla beraber \u00e7o\u011fu insan\u0131m\u0131z da g\u00f6\u00e7 etti. Gerek tarihsel olarak, gerek g\u00fcn\u00fcm\u00fcz politikalar\u0131 olarak kendimizi kand\u0131rman\u0131n bize \u015fimdiye kadar ne faydas\u0131 olmu\u015f?<\/p>\n<p>D\u00c7H&#8217;ne dair umutlar\u0131m artt\u0131. Temennim, kendisini takip eden kitleleri (\u00f6zellikle gen\u00e7leri) g\u00fczel projelere y\u00f6nlendirirler, kendileri de y\u00f6neticileri olurlar. Adige-Abhaz toplumunun kendilerini geli\u015ftirecek projelere ihtiyac\u0131 var. Nutuk atan bolca adam var!<\/p>\n<p>T\u00fcrkiye&#8217;de 5 ila 7 milyon aras\u0131nda Adige-Abhaz&#8217;\u0131n ya\u015fad\u0131\u011f\u0131 s\u00f6ylenir. Son 1 y\u0131lda \u00fcretilen kitap say\u0131s\u0131 ka\u00e7 biliyor musunuz? SIFIR! 7 milyon insan\u0131n \u00fcretti\u011fi ila\u00e7 niyetine 1 tane kitap yok! Kabus \u00f6tesi bir \u015fey bu.<\/p>\n<p>Hadi D\u00c7H senden projeler bekliyoruz&#8230;<\/p>\n<p><img decoding=\"async\" class=\"alignnone size-full wp-image-2754\" src=\"http:\/\/circassiancenter.com\/tr\/wp-content\/uploads\/2019\/02\/08-z-HatkoMulayimARA.png\" alt=\"\" width=\"462\" height=\"50\" srcset=\"https:\/\/www.circassiancenter.com\/tr\/wp-content\/uploads\/2019\/02\/08-z-HatkoMulayimARA.png 462w, https:\/\/www.circassiancenter.com\/tr\/wp-content\/uploads\/2019\/02\/08-z-HatkoMulayimARA-300x32.png 300w\" sizes=\"(max-width: 462px) 100vw, 462px\" \/><\/p>\n<p>08 May\u0131s 2014<\/p>\n<p>\u0130ki okuyucu, iki mesaj:<\/p>\n<p>Birinci okuyucum: K\u0131l\u0131\u00e7daro\u011flu, kendini aya\u011f\u0131na \u00e7a\u011f\u0131ran savc\u0131ya &#8221;kimsin sen&#8221; diyor. Savc\u0131dan yan\u0131t: &#8221;Kahramanmara\u015fl\u0131 Af\u015fin beyin torunuyum.&#8221; Buras\u0131 komiklikler \u00fclkesi.<\/p>\n<p>\u0130kinci okuyucum: M\u00fcsl\u00fcmanlar\u0131n cinselli\u011fe bu kadar takmalar\u0131 normal mi?<\/p>\n<p><img decoding=\"async\" class=\"alignnone size-full wp-image-2754\" src=\"http:\/\/circassiancenter.com\/tr\/wp-content\/uploads\/2019\/02\/08-z-HatkoMulayimARA.png\" alt=\"\" width=\"462\" height=\"50\" srcset=\"https:\/\/www.circassiancenter.com\/tr\/wp-content\/uploads\/2019\/02\/08-z-HatkoMulayimARA.png 462w, https:\/\/www.circassiancenter.com\/tr\/wp-content\/uploads\/2019\/02\/08-z-HatkoMulayimARA-300x32.png 300w\" sizes=\"(max-width: 462px) 100vw, 462px\" \/><\/p>\n<p>07 May\u0131s 2014<\/p>\n<p>Gazetelerde haber: \u0130talyanlar &#8221;A\u011fca&#8217;n\u0131n silah sesleriyle ba\u015flayan Papa m\u00fczikali&#8221; yapm\u0131\u015f. Sanat\u00e7\u0131 m\u00fczikal yazarken, katil mermi yak\u0131yor.<\/p>\n<p>Arada ne b\u00fcy\u00fck fark var de\u011fil mi?<\/p>\n<p>O sebeple \u0130talyanlar Ferrari \u00fcretirken, T\u00fcrkler Murat 124&#8217;\u00fc bile \u00fcretemiyor.<\/p>\n<p>Ya bizim diaspora? Onu ne siz sorun, ne ben yazay\u0131m!<\/p>\n<p><img decoding=\"async\" class=\"alignnone size-full wp-image-2754\" src=\"http:\/\/circassiancenter.com\/tr\/wp-content\/uploads\/2019\/02\/08-z-HatkoMulayimARA.png\" alt=\"\" width=\"462\" height=\"50\" srcset=\"https:\/\/www.circassiancenter.com\/tr\/wp-content\/uploads\/2019\/02\/08-z-HatkoMulayimARA.png 462w, https:\/\/www.circassiancenter.com\/tr\/wp-content\/uploads\/2019\/02\/08-z-HatkoMulayimARA-300x32.png 300w\" sizes=\"(max-width: 462px) 100vw, 462px\" \/><\/p>\n<p>06 May\u0131s 2014<\/p>\n<p>Normal bir insan, tepkisinde de sevincinde de normal olan de\u011fil midir? Evet.<\/p>\n<p>Bir halk veya bir inan\u00e7 veya bir inan\u00e7s\u0131zl\u0131k hakarete u\u011fruyorsa, bask\u0131ya u\u011fruyorsa; habire &#8221;soyk\u0131r\u0131ld\u0131\u011f\u0131n\u0131&#8221; dile getiren, d\u00fcnya tarihinin en b\u00fcy\u00fck z\u00fclm\u00fcn\u00fc g\u00f6rd\u00fc\u011f\u00fcn\u00fc iddias\u0131nda olan bir milletin \u00e7ocuklar\u0131n\u0131n normal tepkileri ne olur?<\/p>\n<p>Aslanlar gibi (bizim uyuyan aslanlar\u0131 kastetmiyorum) kar\u015f\u0131lar\u0131nda durur ve haks\u0131zl\u0131\u011f\u0131 y\u00fczlerine hayk\u0131r\u0131r de\u011fil mi?<\/p>\n<p>Yok i\u015fte bizimkilerde \u00f6yle de\u011fil. Ba\u015fkas\u0131na yap\u0131lan her t\u00fcrl\u00fc mezalimi, haks\u0131zl\u0131\u011f\u0131, al\u00e7akl\u0131\u011f\u0131 b\u00fcy\u00fck bir ahlaks\u0131zl\u0131kla sessizce ge\u00e7i\u015ftirirler.<\/p>\n<p>T\u00fcm d\u00fcnyan\u0131n kabul etti\u011fi Ermeni soyk\u0131r\u0131m\u0131na gelince deliklerine giriyorlar. San\u0131yorlar ki, k\u0131\u00e7lar\u0131 d\u0131\u015farda kalmad\u0131. Kald\u0131.<\/p>\n<p>Sadece Kaf-Fed de\u011fil gen\u00e7lerimizi kindarla\u015ft\u0131ranlar\u0131n topunun k\u0131\u00e7lar\u0131 a\u00e7\u0131kta&#8230; Hepsi kafalar\u0131n\u0131 deli\u011fe soktuklar\u0131 i\u00e7in zannediyorlar ki, kimse g\u00f6rm\u00fcyor. Halbuki kabak gibi g\u00f6r\u00fcyoruz.<\/p>\n<p>Bu topraklarda milliyetler s\u00fcrekli a\u015fa\u011f\u0131lanm\u0131\u015ft\u0131r. \u0130nana\u00e7lar da. Ermenisi, Rum&#8217;u, \u0130sraillisi, K\u00fcrt&#8217;\u00fc hatta Laz&#8217;\u0131 ve hatta hatta bu kadar yalakal\u0131\u011fa ra\u011fmen Adige-Abhaz&#8217;\u0131&#8230; H\u0131ristiyan&#8217;\u0131, Yahudisi, Alevisi, ateisti de&#8230; Peki siz bir sefer olsun duydunuz mu Adige-Abhaz diasporas\u0131ndan bir reaksiyon? Duyamazs\u0131n\u0131z&#8230; \u00c7\u00fcnk\u00fc tav\u015fan kadar \u00fcrkektirler. \u00d6yle kafaya kalpak ge\u00e7irerek, fi\u015feklikli \u00c7erkeskalarla el\u00e7ilik \u00f6n\u00fcnde T\u00fcrk polisinin korumas\u0131nda slogan atmaya benzemez bu i\u015f.<\/p>\n<p>Galatasaray ile Fenerbah\u00e7e aras\u0131nda yap\u0131lan basket ma\u00e7\u0131nda olaylar \u00e7\u0131k\u0131yor. Bunun \u00fczerine Fenerbah\u00e7e y\u00f6netimi Galatasarayl\u0131lar i\u00e7in tam da bu topraklardakilerin mant\u0131\u011f\u0131nda bir laf ediyor: \u201cRumlar b\u00f6yle davranmazd\u0131, soytar\u0131lar!\u201d Hadi buyurun!<\/p>\n<p>Ben sadece biz de soytar\u0131lar var zannederdim. Me\u011fer Galatasarayl\u0131lar\u0131n i\u00e7inde de varm\u0131\u015f!<\/p>\n<p>K\u00fcf\u00fcr ama\u00e7l\u0131 bu s\u00f6ylem kar\u015f\u0131s\u0131nda Kaf-Fed&#8217;inden Birle\u015fik\u00e7isine, Demokrat\u0131ndan Forumcusuna, Akademicisinden Yurtseverine, Vak\u0131f\u00e7\u0131s\u0131na; alay\u0131ndan bekliyorum bir &#8221;TIK&#8221;.<\/p>\n<p>Hani \u015f\u00f6yle bir bas\u0131n a\u00e7\u0131klamas\u0131; &#8221;Fenerbah\u00e7e y\u00f6netimi Rumlara hakaret etmi\u015ftir. Protesto ediyoruz!&#8221; gibi&#8230;<\/p>\n<p>Tabi ki, iddiaya da giriyorum, hi\u00e7biri tek kelime dahi edemeyecekler&#8230;<\/p>\n<p>Susun bakal\u0131m, ikiy\u00fczl\u00fc riyakarlar sizi!<\/p>\n<p><img decoding=\"async\" class=\"alignnone size-full wp-image-2754\" src=\"http:\/\/circassiancenter.com\/tr\/wp-content\/uploads\/2019\/02\/08-z-HatkoMulayimARA.png\" alt=\"\" width=\"462\" height=\"50\" srcset=\"https:\/\/www.circassiancenter.com\/tr\/wp-content\/uploads\/2019\/02\/08-z-HatkoMulayimARA.png 462w, https:\/\/www.circassiancenter.com\/tr\/wp-content\/uploads\/2019\/02\/08-z-HatkoMulayimARA-300x32.png 300w\" sizes=\"(max-width: 462px) 100vw, 462px\" \/><\/p>\n<p>05 May\u0131s 2014<\/p>\n<p>Soyk\u0131r\u0131ma u\u011frad\u0131k diye ortal\u0131kta dola\u015fan bizim a\u011flaklar, ya\u015fad\u0131\u011f\u0131m\u0131z \u00fclkede \u015fu \u00fc\u00e7 lafa niye tepkisiz acaba?<\/p>\n<p>Bir: En basit kavgada bile kar\u015f\u0131s\u0131ndakine k\u00fcf\u00fcr ama\u00e7l\u0131 s\u00f6ylenen &#8221;Ermeni d\u00f6l\u00fc&#8221; laf\u0131na!<br \/>\n\u0130ki: D\u00fc\u015fman belledikleri herkese &#8221;Bu Yahudi as\u0131ll\u0131d\u0131r&#8221; laf\u0131na!<br \/>\nBir: \u00c7ocuklukta s\u0131ralara, askerlikte da\u011flara yaz\u0131lan ve beyinlere kaz\u0131nan &#8221;Ne mutlu T\u00fck&#8217;\u00fcm diyene&#8221; laf\u0131na!<\/p>\n<p>\u0130\u00e7inizden bir babayi\u011fit \u00e7\u0131kabilecek mi cevap verebilecek?<\/p>\n<p><img decoding=\"async\" class=\"alignnone size-full wp-image-2754\" src=\"http:\/\/circassiancenter.com\/tr\/wp-content\/uploads\/2019\/02\/08-z-HatkoMulayimARA.png\" alt=\"\" width=\"462\" height=\"50\" srcset=\"https:\/\/www.circassiancenter.com\/tr\/wp-content\/uploads\/2019\/02\/08-z-HatkoMulayimARA.png 462w, https:\/\/www.circassiancenter.com\/tr\/wp-content\/uploads\/2019\/02\/08-z-HatkoMulayimARA-300x32.png 300w\" sizes=\"(max-width: 462px) 100vw, 462px\" \/><\/p>\n<p>03 May\u0131s 2014<\/p>\n<p>Ruh hastal\u0131\u011f\u0131 art\u0131k o \u00e7apta ki, k\u0131yamet bu olsa gerek diyoruz.<\/p>\n<p>Gencin birine askerde tecav\u00fcz ediyorlar, adam askerden sonra gidiyor \u00e7ocuk ka\u00e7\u0131r\u0131p, tecav\u00fcz ederek \u00f6ld\u00fcr\u00fcyor.<\/p>\n<p>T\u00fcrk polisini yazmama bile gerek yok. Her t\u00fcrl\u00fc numara, vah\u015fet bunlarda var!<\/p>\n<p>Savc\u0131, hakimleri biliyorsunuz. Fetullah\u00e7\u0131 ve AKP&#8217;li diye karpuz gibi ikiye ayr\u0131ld\u0131lar. \u0130kisinden de de\u011filseniz zaten yanm\u0131\u015fs\u0131n\u0131z.<\/p>\n<p>Bir de internette daha ki\u015fi \u00f6lmeden \u00f6l\u00fcm haberleri veren ruh hastalar\u0131 var. En \u00e7ok yap\u0131lan\u0131 da sanat\u00e7\u0131 M\u00fcnir \u00d6zkul. Daha \u00f6nce bir \u00e7ok sanat\u00e7\u0131ya yap\u0131ld\u0131. Nas\u0131l bir hastal\u0131kt\u0131r bu? Bundan nas\u0131l bir zevk al\u0131n\u0131r ki?<\/p>\n<p>Bu \u00fclke topyek\u00fcn cinnet ge\u00e7riyor haberiniz olsun. Buradan Adige-Abhaz \u00f6rg\u00fctlerine sesleniyorum. Elinizdeki k\u00fclt\u00fcrel de\u011ferin k\u0131ymetini bilin ve \u015fahsi menfaatleriniz i\u00e7in gen\u00e7leri k\u00fclt\u00fcr\u00fcm\u00fczden uzakla\u015ft\u0131rmay\u0131n. Onlar\u0131 barbarla\u015ft\u0131rmay\u0131n. Bizim toplumumuza tecav\u00fczc\u00fc, \u00f6l\u00fc sevici ve i\u015fkenceden zevk alan insanlar yeti\u015ftirmeyin. Akl\u0131n\u0131z\u0131 ba\u015f\u0131n\u0131za al\u0131n! Bu halinizle \u00e7ekilmiyorsunuz, o halinizle hi\u00e7 \u00e7ekilmezsiniz, haberiniz olsun!<\/p>\n<p><img decoding=\"async\" class=\"alignnone size-full wp-image-2754\" src=\"http:\/\/circassiancenter.com\/tr\/wp-content\/uploads\/2019\/02\/08-z-HatkoMulayimARA.png\" alt=\"\" width=\"462\" height=\"50\" srcset=\"https:\/\/www.circassiancenter.com\/tr\/wp-content\/uploads\/2019\/02\/08-z-HatkoMulayimARA.png 462w, https:\/\/www.circassiancenter.com\/tr\/wp-content\/uploads\/2019\/02\/08-z-HatkoMulayimARA-300x32.png 300w\" sizes=\"(max-width: 462px) 100vw, 462px\" \/><\/p>\n<p>02 May\u0131s 2014<\/p>\n<p>Bug\u00fcn (d\u00fcn) bir daha g\u00f6zlerimle g\u00f6rerek anlad\u0131m ki, bu \u00fclkeden ne k\u00f6y olur ne kasaba. Birka\u00e7 sebebi var bu tespitimin.<\/p>\n<p>Birincisi; AKP&#8217;nin polisi Taksim&#8217;i &#8221;Yasak B\u00f6lge&#8221; ilan etmi\u015f, kedi eni\u011fi bile sokmad\u0131 i\u00e7eri. De\u011ferli Ba\u015fbakan&#8217;\u0131m\u0131z &#8221;esnaf i\u015f yapam\u0131yor onun i\u00e7in Taksim&#8217;de 1 May\u0131s olmayacak&#8221; demi\u015fti. Ne fark etti ki? Esnaf gene i\u015f yapamad\u0131 AKP polisi y\u00fcz\u00fcnden. Demek ki bahaneymi\u015f..<\/p>\n<p>\u0130kincisi; yahu insan evlad\u0131 olanda insaf olur, bu polisin (&#8230;) neyse terbiyemizi bozmayay\u0131m. Kad\u0131n, \u00e7ocuk, ya\u015fl\u0131 demeden kimi g\u00f6rseler bast\u0131lar sopay\u0131. Bir s\u00fcre sonra sayamad\u0131m bizim oldu\u011fumuz b\u00f6lgeye en az 30 gaz kapsulu geldi. Bunlar al\u00e7ak! Polisi b\u00f6yle olan \u00fclkeden hay\u0131r gelir mi?<\/p>\n<p>\u00dc\u00e7\u00fcnc\u00fcs\u00fc; i\u015f\u00e7isi de k\u00f6yl\u00fcs\u00fc de genci de bu al\u00e7ak\u00e7a y\u00f6netimi haketmiyor esas\u0131nda fakat i\u015fin temeli bozuk.<\/p>\n<p>Merakl\u0131s\u0131na Not: Evet gazdan nasibimi ald\u0131m. Hi\u00e7 tavsiye etmem gaz\u0131 yedikten sonra; ne s\u00fct, ne su, ne limon. Ben b\u00f6yle zul\u00fcm g\u00f6rmedim arkada\u015f.<\/p>\n<p><img decoding=\"async\" class=\"alignnone size-full wp-image-2754\" src=\"http:\/\/circassiancenter.com\/tr\/wp-content\/uploads\/2019\/02\/08-z-HatkoMulayimARA.png\" alt=\"\" width=\"462\" height=\"50\" srcset=\"https:\/\/www.circassiancenter.com\/tr\/wp-content\/uploads\/2019\/02\/08-z-HatkoMulayimARA.png 462w, https:\/\/www.circassiancenter.com\/tr\/wp-content\/uploads\/2019\/02\/08-z-HatkoMulayimARA-300x32.png 300w\" sizes=\"(max-width: 462px) 100vw, 462px\" \/><\/p>\n<p>01 May\u0131s 2014<\/p>\n<p>Bug\u00fcn (d\u00fcn) k\u0131sa fakat s\u0131k\u0131nt\u0131l\u0131 bir yolculuk yapt\u0131m, \u0130stanbul&#8217;a geldim. Yan\u0131mdaki adam\u0131n a\u011fz\u0131 \u00f6yle bir kokuyordu ki, anlat\u0131lacak gibi de\u011fil. \u0130nsan bari yolculuk yaparken di\u015fini f\u0131r\u00e7alar be adam! Yar\u0131n (bug\u00fcn) Taksim&#8217;de olaca\u011f\u0131m. \u0130zlenimlerimi aktar\u0131r\u0131m sizlere.<\/p>\n<p>G\u00fcnl\u00fck yaz\u0131 yazmak ne zor imi\u015f. Bir de ben \u00f6yle profesyonel gazeteciler gibi yazam\u0131yorum da. Akl\u0131ma ne gelirse karal\u0131yorum. Bazan yazd\u0131klar\u0131m\u0131 okuyunca &#8221;yahu ben bu kadar g\u00fczel yazmam\u0131\u015ft\u0131m ki&#8221; diyorum i\u00e7imden. Beni tan\u0131yanlar bilir, felakettir T\u00fcrk\u00e7e&#8217;m. CC&#8217;de yazd\u0131klar\u0131m\u0131 kim d\u00fczeltip, derleyip toplay\u0131p sayfaya koyuyorsa buradan huzurlar\u0131n\u0131zda kendisine te\u015fekk\u00fcr ediyorum.<\/p>\n<p>Her \u015fey gibi kaymakamlar da kafay\u0131 yedi. Tamam bizim zaman\u0131m\u0131zda baya gaddard\u0131lar. El etek \u00f6pt\u00fcr\u00fcr, halk\u0131 azarlarlard\u0131. \u015eimdikiler de bir tuhaf. \u0130stisnas\u0131z y\u00fczde 80&#8217;i dinci. Yahu 80 darbesi bu kadar m\u0131 k\u00f6t\u00fc vurdu bu \u00fclkeyi? Her yer yobaz doldu.<\/p>\n<p>Konu Midyat Kaymakam\u0131 O\u011fuzhan Bing\u00f6l karde\u015fimiz. Cami imamlar\u0131n\u0131 azarlam\u0131\u015f. Niye cami de durmuyorsunuz da kendi i\u015finize gidiyorsunuz diye. Yahu sana ne? Sen Diyanet \u0130\u015fleri Ba\u015fkan\u0131 m\u0131s\u0131n be adam! Bahse girerim Midyat&#8217;\u0131n il\u00e7e olarak binlerce sorunu vard\u0131r, k\u00f6ylerinin onbinlerce. Beyzadem imamlara k\u0131z\u0131yor niye i\u015finizi do\u011fru yapm\u0131yorsunuz, diye. Sen i\u015fini do\u011fru d\u00fcr\u00fcst yap\u0131yor musun kaymakam?<\/p>\n<p>T\u00fcm d\u00fcnya emek\u00e7ilerinin 1 May\u0131s \u0130\u015f\u00e7i Bayram\u0131&#8217;n\u0131 kutluyorum.<\/p>\n<p><img decoding=\"async\" class=\"alignnone size-full wp-image-2754\" src=\"http:\/\/circassiancenter.com\/tr\/wp-content\/uploads\/2019\/02\/08-z-HatkoMulayimARA.png\" alt=\"\" width=\"462\" height=\"50\" srcset=\"https:\/\/www.circassiancenter.com\/tr\/wp-content\/uploads\/2019\/02\/08-z-HatkoMulayimARA.png 462w, https:\/\/www.circassiancenter.com\/tr\/wp-content\/uploads\/2019\/02\/08-z-HatkoMulayimARA-300x32.png 300w\" sizes=\"(max-width: 462px) 100vw, 462px\" \/><\/p>\n<p>29 Nisan 2014<\/p>\n<p>Bazan bir biliminsan\u0131ndan, bazan i\u015fin uzman\u0131ndan, bazan ya\u015f ya\u015fam\u0131\u015ftan \u00f6yle \u015feyler duyars\u0131n ki, \u00e7ok kar\u0131\u015f\u0131k gelir sana. Anlayamazs\u0131n anlat\u0131lmak isteneni. Basit bir gazete okuyucu, basit bir yorumla ufkunu \u00f6yle bir a\u00e7ar ki, y\u0131llarca yazd\u0131\u011f\u0131nla kal\u0131rs\u0131n.<\/p>\n<p>H\u00fcrriyet gazesinde Fenerbah\u00e7e ile Galatarasaray taraftarlar\u0131n\u0131n sebep olduklar\u0131 olaylarla alakal\u0131 bir haberin alt\u0131na; Giray Barut isimli okuyucu \u015f\u00f6yle bir yorumda bulunmu\u015f:<\/p>\n<p>&#8221;Bizim sebepleri futbolla filan a\u00e7\u0131klanamayacak toplumsal sorunlar\u0131m\u0131z var. \u0130nsanlar\u0131m\u0131z hayatta kendisini sadece bir grubun par\u00e7as\u0131 olarak ifade edebiliyor. Bireysel ba\u015far\u0131lar\u0131, ama\u00e7lar\u0131, fikirleri, zevkleri yok.&#8221;<\/p>\n<p>Ne kadar bizim Adige-Abhaz toplumunu anlatm\u0131\u015f de\u011fil mi? C\u00fcmleyi \u015f\u00f6yle kursan\u0131z; &#8221;Bizim sebepleri soyk\u0131r\u0131mla filan a\u00e7\u0131klanamayacak toplumsal sorunlar\u0131m\u0131z var. \u0130nsanlar\u0131m\u0131z hayatta kendisini sadece bir grubun par\u00e7as\u0131 olarak ifade edebiliyor. Bireysel ba\u015far\u0131lar\u0131, ama\u00e7lar\u0131, fikirleri, zevkleri yok.&#8221;!<\/p>\n<p><img decoding=\"async\" class=\"alignnone size-full wp-image-2754\" src=\"http:\/\/circassiancenter.com\/tr\/wp-content\/uploads\/2019\/02\/08-z-HatkoMulayimARA.png\" alt=\"\" width=\"462\" height=\"50\" srcset=\"https:\/\/www.circassiancenter.com\/tr\/wp-content\/uploads\/2019\/02\/08-z-HatkoMulayimARA.png 462w, https:\/\/www.circassiancenter.com\/tr\/wp-content\/uploads\/2019\/02\/08-z-HatkoMulayimARA-300x32.png 300w\" sizes=\"(max-width: 462px) 100vw, 462px\" \/><\/p>\n<p>28 Nisan 2014<\/p>\n<p>&#8221;Arkada\u015f Anayasa Hukuk\u00e7usu&#8221; diye tan\u0131t\u0131ld\u0131\u011f\u0131nda &#8221;hadi ya, valla m\u0131?&#8221; diyen binlerce insan tan\u0131yorum. Yani bu vatanda\u015f, Anayasa Hukuk\u00e7usu oldu\u011funu kimseye inand\u0131ram\u0131yor. Fakat adam hakkaten Anayasa Hukuk\u00e7usu ve \u00d6\u011fretim \u00dcyesi Profos\u00f6r, TBMM Anayasa Komisyonu Ba\u015fkan\u0131. Boru de\u011fil.<\/p>\n<p>Kim mi bu zat-\u0131 muhterem?<\/p>\n<p>Anl\u0131 \u015fanl\u0131 Burhan Kuzu!<\/p>\n<p>Bu arkada\u015f &#8221;kuzu&#8221;lu\u011funa bakmam\u0131\u015f &#8221;\u201cGer\u00e7ek soyk\u0131r\u0131m\u0131 ABD yapt\u0131. K\u0131z\u0131lderililere k\u0131yameti ya\u015fatt\u0131lar. Ger\u00e7ek soyk\u0131r\u0131m bu\u201d deyivermi\u015f. Milletin a\u011fz\u0131 torba m\u0131 b\u00fczesin? Ahmet Hakan da \u00e7ak\u0131vermi\u015f. &#8221;Burhan Kuzu\u2019ya sesleniyorum: Hadi ver Meclis\u2019e \u201cK\u0131z\u0131lderili Soyk\u0131r\u0131m\u0131 Tasar\u0131s\u0131\u201dn\u0131. \u201cABD soyk\u0131r\u0131m yapm\u0131\u015ft\u0131r\u201d diye bir Meclis karar\u0131n\u0131n \u00e7\u0131kmas\u0131na \u00f6nayak ol. Hadi. Hadi ama&#8230;&#8221;<\/p>\n<p>Kuzu&#8217;dan &#8221;t\u0131k&#8221; yok!<\/p>\n<p>Bu durum aynen bizim Adige-Abhaz diasporas\u0131na benzedi. Bizimkiler de soyk\u0131r\u0131ld\u0131k diye a\u011fla\u015f\u0131rlar ama &#8221;T\u00fcrkler Ermenilerin soyunu k\u0131rd\u0131 m\u0131&#8221; diye sordu\u011funuzda &#8221;kuzu&#8221; olurlar, &#8221;meeeeeee&#8221;&#8230;<\/p>\n<p>Yahu &#8221;beter olun&#8221; diyece\u011fim de daha beter ne olacaks\u0131n\u0131z be birader!<\/p>\n<p>EK NOT: T\u00fcrke\u015f&#8217;ten bile daha fa\u015fist oldu\u011funu s\u00f6yledi\u011fim Perin\u00e7ek, 1 May\u0131s&#8217;ta Taksim&#8217;de olacak i\u015f\u00e7ileri &#8221;Turuncu Kuvvetler&#8221; olarak nitelemi\u015f. \u00c7\u00fc\u00fc\u00fc\u00fc\u00fc\u015f\u015f\u015f\u015f\u015f\u015f diyorum!<\/p>\n<p><img decoding=\"async\" class=\"alignnone size-full wp-image-2754\" src=\"http:\/\/circassiancenter.com\/tr\/wp-content\/uploads\/2019\/02\/08-z-HatkoMulayimARA.png\" alt=\"\" width=\"462\" height=\"50\" srcset=\"https:\/\/www.circassiancenter.com\/tr\/wp-content\/uploads\/2019\/02\/08-z-HatkoMulayimARA.png 462w, https:\/\/www.circassiancenter.com\/tr\/wp-content\/uploads\/2019\/02\/08-z-HatkoMulayimARA-300x32.png 300w\" sizes=\"(max-width: 462px) 100vw, 462px\" \/><\/p>\n<p>25 Nisan 2014<\/p>\n<p>Bug\u00fcn Taksim Meydan\u0131&#8217;nda Ermeni Soyk\u0131r\u0131m\u0131 eylemi vard\u0131. D\u00fcnyan\u0131n en b\u00fcy\u00fck soyk\u0131r\u0131m\u0131na u\u011frad\u0131\u011f\u0131n\u0131 iddia eden Adige-Abhaz diasporas\u0131 yi\u011fitleri s\u0131rra kadem basm\u0131\u015flard\u0131. \u00d6yle ya kendi soyk\u0131r\u0131mlar\u0131n\u0131n yan\u0131nda Ermeni soyk\u0131r\u0131m\u0131n laf\u0131 m\u0131 olurdu!<\/p>\n<p>Ben bunlara soytar\u0131 deyince baz\u0131 dostlar &#8221;\u00f6yle deme ay\u0131p&#8221; diyorlar. Aha i\u015fte soytar\u0131 olmasalar, Adige, Abhaz, \u00c7e\u00e7en ve bilimum \u00f6b\u00fcr bayraklarla orada olmazlar m\u0131yd\u0131? Nerdeler?<\/p>\n<p>Demek ki, pop\u00fclist olup, \u00e7oluk \u00e7ocu\u011fu kullan\u0131rsan\u0131z b\u00f6yle durumlarda ka\u00e7acak delik bulursunuz&#8230;<\/p>\n<p>Yurtsevercisi, Kaf-Fedcisi, \u0130nisiyatif\u00e7isi, \u00d6zg\u00fcrc\u00fcs\u00fc, Birle\u015fikcisi, Ayr\u0131\u015ft\u0131r\u0131c\u0131s\u0131, hi\u00e7birinden &#8221;t\u0131k&#8221; yok!<\/p>\n<p>Tha kimseyi bunlar\u0131n d\u00fc\u015ft\u00fc\u011f\u00fc duruma d\u00fc\u015f\u00fcrmesin!<\/p>\n<p><img decoding=\"async\" class=\"alignnone size-full wp-image-2754\" src=\"http:\/\/circassiancenter.com\/tr\/wp-content\/uploads\/2019\/02\/08-z-HatkoMulayimARA.png\" alt=\"\" width=\"462\" height=\"50\" srcset=\"https:\/\/www.circassiancenter.com\/tr\/wp-content\/uploads\/2019\/02\/08-z-HatkoMulayimARA.png 462w, https:\/\/www.circassiancenter.com\/tr\/wp-content\/uploads\/2019\/02\/08-z-HatkoMulayimARA-300x32.png 300w\" sizes=\"(max-width: 462px) 100vw, 462px\" \/><\/p>\n<p>24 Nisan 2014<\/p>\n<p>AKP ve yanda\u015flar\u0131; Atat\u00fcrk&#8217;e diktat\u00f6r dediler. Adam tek liderken, neredeyse o zamanlarda Tanr\u0131&#8217;yken; \u00e7ok partili sisteme ge\u00e7ip, parlamento kurdu.<\/p>\n<p>Ayn\u0131 AKP ve yanda\u015flar\u0131; parlamentoyu kald\u0131r\u0131p, padi\u015fahl\u0131\u011f\u0131 getirmek i\u00e7in yemedikleri nane kalmad\u0131. Hak, hukuk yerlerde.<\/p>\n<p>T\u00fcrkiye inan\u0131lmazlar \u00fclkesidir.<\/p>\n<p>KAF-FED&#8217;ten m\u00fcjdemi isterim.<\/p>\n<p>De\u011ferli Ba\u015fbakan&#8217;\u0131m\u0131z Ermeni a\u00e7\u0131l\u0131m\u0131n\u0131 yapt\u0131. Bu f\u0131rsat bir daha ele ge\u00e7mez. Hadi yi\u011fitlerim &#8221;T\u00fcrkler, Ermenilere soyk\u0131r\u0131m yapt\u0131&#8221; deyin! Deyin ki, s\u0131rt\u0131n\u0131z\u0131 T\u00fcrkiye&#8217;ye dayay\u0131p, Rusya&#8217;ya aslan par\u00e7as\u0131 gibi davranman\u0131z\u0131n bir sebebi olsun. Hadi Kaf-Fed, hadi d\u00fcnyaya ult\u00fcmatom veren yi\u011fit Adigeler bekliyorum! Bu f\u0131rsat ka\u00e7maz!<\/p>\n<p><img decoding=\"async\" class=\"alignnone size-full wp-image-2754\" src=\"http:\/\/circassiancenter.com\/tr\/wp-content\/uploads\/2019\/02\/08-z-HatkoMulayimARA.png\" alt=\"\" width=\"462\" height=\"50\" srcset=\"https:\/\/www.circassiancenter.com\/tr\/wp-content\/uploads\/2019\/02\/08-z-HatkoMulayimARA.png 462w, https:\/\/www.circassiancenter.com\/tr\/wp-content\/uploads\/2019\/02\/08-z-HatkoMulayimARA-300x32.png 300w\" sizes=\"(max-width: 462px) 100vw, 462px\" \/><\/p>\n<p>23 Nisan 2014<\/p>\n<p>T\u00fcrkiye&#8217;de g\u00fczel \u015feyler de oluyor. Ateistlerin dernek kurmas\u0131 buna iyi bir \u00f6rnek. T\u00fcrbanl\u0131 nas\u0131l t\u00fcrban\u0131 i\u00e7in garanti istiyorsa, ateistte inan\u00e7s\u0131zl\u0131\u011f\u0131na sald\u0131r\u0131lmamas\u0131 konusunda garant\u0131 istemelidir. Dinci yobazlar\u0131n cirit att\u0131\u011f\u0131 bir toplumda bu derne\u011fi kuranlar\u0131n mangal gibi y\u00fcrekleri varm\u0131\u015f. Ramazan ay\u0131nda bira i\u00e7iyor diye katledilen az insan yok bu \u00fclkede. Bekleyelim bakal\u0131m yobazlar\u0131n tutumu ne olacak?<\/p>\n<p><img decoding=\"async\" class=\"alignnone size-full wp-image-2754\" src=\"http:\/\/circassiancenter.com\/tr\/wp-content\/uploads\/2019\/02\/08-z-HatkoMulayimARA.png\" alt=\"\" width=\"462\" height=\"50\" srcset=\"https:\/\/www.circassiancenter.com\/tr\/wp-content\/uploads\/2019\/02\/08-z-HatkoMulayimARA.png 462w, https:\/\/www.circassiancenter.com\/tr\/wp-content\/uploads\/2019\/02\/08-z-HatkoMulayimARA-300x32.png 300w\" sizes=\"(max-width: 462px) 100vw, 462px\" \/><\/p>\n<p>22 Nisan 2014<\/p>\n<p>T\u00fcrk ve Adige-Abhaz (diaspora) insan\u0131n\u0131n en b\u00fcy\u00fck sorunu empati. Yani, basit\u00e7e; sana yap\u0131landan ho\u015flanmad\u0131\u011f\u0131n bir \u015feyi ba\u015fkas\u0131na yapma. Bu sebeple ne T\u00fcrk insan\u0131 ne de Adige-Abhaz (diaspora) insan\u0131 demokratik bir hayat\u0131 kabullenip ya\u015fayam\u0131yorlar. Daha do\u011frusu ya\u015famak istiyorlar da sadece kendilerine demokrasi i\u015flesin istiyorlar. Di\u011ferleri gebersin!<\/p>\n<p>Fetullah\u00e7\u0131lar, telekulak ve sahte belgelerle bu \u00fclkede o kadar \u00e7ok insan\u0131n can\u0131n\u0131 yakt\u0131lar ki, o d\u00f6nemlerde demokratsinin &#8221;D&#8221;si bile ak\u0131llar\u0131na gelmiyordu. Devran d\u00f6nd\u00fc, \u015fimdi a\u011fla\u015f\u0131yorlar. Fetullah&#8217;\u0131n &#8221;H\u0131k&#8221; deyicisi Ekrem Dumanl\u0131, aynen \u015funu diyor: &#8220;T\u00fcrkiye yeni bir d\u00f6n\u00fcm noktas\u0131nda. Verilecek hukuk m\u00fccadelesi bu \u00fclkenin girece\u011fi y\u00f6r\u00fcngeyi belirleyecek. \u015e\u0131mar\u0131k ve kibirli yakla\u015f\u0131mlar amac\u0131na ula\u015f\u0131rsa T\u00fcrkiye\u2019de adaletin ikame edilmesi \u00e7ok zor art\u0131k. Ancak AYM gibi kurumlar\u0131n h\u00e2l\u00e2 ayakta kalma \u00e7abas\u0131 ve asaleti umut verici.&#8221; Adam\u0131n kafa duman olmu\u015f. Biz gene de &#8221;g\u00fcnayd\u0131n Ekrem&#8221; diyelim.<\/p>\n<p>\u0130\u015fte, &#8221;RUSYA B\u0130ZE SOYKIRIM YAPTI&#8221; diye a\u011fla\u015fan Kaf-Fed de bu mant\u0131k sebebiyle (bug\u00fcn itibariyle) 74 g\u00fcnd\u00fcr &#8221;T\u00dcRKLER ERMEN\u0130LERE SOYKIRIM YAPTI MI?&#8221; sorusuna cevap veremiyor. Bana kal\u0131rsa 744 g\u00fcn de 77.744 g\u00fcnde cevap veremezler. \u00c7\u00fcnk\u00fc, korkudan alt\u0131na ka\u00e7\u0131ran biri bu soruya cevap verebilir mi?<\/p>\n<p><img decoding=\"async\" class=\"alignnone size-full wp-image-2754\" src=\"http:\/\/circassiancenter.com\/tr\/wp-content\/uploads\/2019\/02\/08-z-HatkoMulayimARA.png\" alt=\"\" width=\"462\" height=\"50\" srcset=\"https:\/\/www.circassiancenter.com\/tr\/wp-content\/uploads\/2019\/02\/08-z-HatkoMulayimARA.png 462w, https:\/\/www.circassiancenter.com\/tr\/wp-content\/uploads\/2019\/02\/08-z-HatkoMulayimARA-300x32.png 300w\" sizes=\"(max-width: 462px) 100vw, 462px\" \/><\/p>\n<p>21 Nisan 2014<\/p>\n<p>18 Nisan&#8217;da yazd\u0131\u011f\u0131m yaz\u0131da &#8221;\u015eairi sap\u0131k olan (Necip Faz\u0131l K\u0131sak\u00fcrek) \u00fclkenin gencinden hay\u0131r gelir mi?&#8221; demi\u015ftim. Cumartesi (19 Nisan) g\u00fcn\u00fc Milliyet gazetesinde \u015f\u00f6yle bir haber vard\u0131, bilginiz olsun diye aktar\u0131yorum:<\/p>\n<p>&#8216;Turizm Koordinasyon Toplant\u0131s\u0131&#8217;na Alanya Kaymakam\u0131 Erhan \u00d6zdemir&#8217;in s\u00f6zleri damgas\u0131n\u0131 vurdu. Kaymakam \u00d6zdemir&#8217;in turistlere taciz konusundaki a\u00e7\u0131klamalar\u0131 kat\u0131l\u0131mc\u0131lar\u0131n y\u00fcz\u00fcnde Tokat gibi patlad\u0131&#8230;<\/p>\n<p>\u2019B\u0130Z SAPIK MIYIZ?\u2019<\/p>\n<p>Bir arkada\u015f\u0131m\u0131n anlatt\u0131\u011f\u0131na g\u00f6re yolda y\u00fcr\u00fcrken 2 \u0130sve\u00e7li k\u0131za 14 ki\u015fi laf atm\u0131\u015f. Biz sap\u0131k m\u0131y\u0131z? Sizin k\u0131z\u0131n\u0131za, kar\u0131n\u0131za, bac\u0131n\u0131za b\u00f6yle bir \u015fey yap\u0131lmas\u0131n\u0131 ister misiniz? Bu nas\u0131l kepazelik? \u2019Alanya, en b\u00fcy\u00fck turizm merkezi\u2019 diye hava at\u0131yoruz ama kendi i\u00e7imize d\u00f6n\u00fcp bunlar\u0131 de\u011ferlendirmemiz gerekiyor&#8221; diye konu\u015ftu.<\/p>\n<p><img decoding=\"async\" class=\"alignnone size-full wp-image-2754\" src=\"http:\/\/circassiancenter.com\/tr\/wp-content\/uploads\/2019\/02\/08-z-HatkoMulayimARA.png\" alt=\"\" width=\"462\" height=\"50\" srcset=\"https:\/\/www.circassiancenter.com\/tr\/wp-content\/uploads\/2019\/02\/08-z-HatkoMulayimARA.png 462w, https:\/\/www.circassiancenter.com\/tr\/wp-content\/uploads\/2019\/02\/08-z-HatkoMulayimARA-300x32.png 300w\" sizes=\"(max-width: 462px) 100vw, 462px\" \/><\/p>\n<p>19 Nisan 2014<\/p>\n<p>Bizim Wub\u0131h k\u00f6kenli, T\u00fcrk H\u0131ncal art\u0131k gazetecili\u011fi b\u0131rak\u0131p k\u00f6\u015fesine \u00e7ekilmeli. Ger\u00e7i anlamad\u0131\u011f\u0131m bizim Adige-Abhaz ve Wub\u0131hlar ya\u015fland\u0131k\u00e7a ak\u0131l kapasiteleri artar, H\u0131ncal&#8217;da ters oldu!<\/p>\n<p>Efendim, konu \u015fu: U\u00e7akta klimalar\u0131 a\u00e7may\u0131p milleti bunaltan THY ile ilgili. Yolculardan biri &#8221;s\u0131caktan patlayaca\u011f\u0131z&#8221; deyince, t\u00fcm yolcular indirilip, arama yap\u0131lm\u0131\u015f ve sonra u\u00e7a\u011f\u0131n kalk\u0131\u015f\u0131na izin verilmi\u015f.<\/p>\n<p>H\u0131ncal yap\u0131lan\u0131n do\u011fru oldu\u011funu, -hep yapt\u0131\u011f\u0131 gibi- Amerika&#8217;dan (ABD) misallendiriyor. Aynen \u015funlar\u0131 yaz\u0131yor:<\/p>\n<p>&#8221;Hat\u0131rlar\u0131m bir \u00fcniversite \u00f6\u011frencisi T\u00fcrk Amerika&#8217;da tek yolcusu oldu\u011fu u\u00e7a\u011f\u0131n i\u00e7inde kalk\u0131\u015f\u0131 beklerken hostes elinde bir deste iskambille gelip, vakit ge\u00e7irme teklif etmi\u015fti. &#8220;How about black jack\/ 21 oynamaya ne dersin?&#8221;<\/p>\n<p>Bizim delikanl\u0131 kelime oyunu ile \u015faka yapt\u0131&#8230; &#8220;How about high jack\/ U\u00e7ak ka\u00e7\u0131rmaya ne dersin?&#8221;<\/p>\n<p>\u0130ki dakika i\u00e7inde karga tulumba edildi ve bir sene falan yatt\u0131 i\u00e7erde&#8230;<br \/>\nD\u00fcn okuyorum. 14 ya\u015f\u0131nda Hollandal\u0131 bir k\u0131z \u00e7ocu\u011fu Amerikan Hava Yollar\u0131&#8217;na tweet atm\u0131\u015f&#8230; \u015eaka&#8230; &#8220;Ad\u0131m \u0130brahim. El Kaideciyim. 1 Haziran&#8217;da bir felaket ya\u015fayacaks\u0131n\u0131z&#8230;<\/p>\n<p>K\u0131z \u015fimdi g\u00f6zalt\u0131nda&#8230;&#8221;<\/p>\n<p>Ortalama bir zeka, &#8221;s\u0131caktan patlayaca\u011f\u0131z&#8221; tepkisiyle, yukar\u0131daki \u00f6rnekleri e\u015flemez. Fakat H\u0131ncal gibi \u00fcst\u00fcn zekalar tabii olarak farkl\u0131.<\/p>\n<p>Yahu arkada\u015f, hadi bunu adam Amerika&#8217;daki bir havaalan\u0131nda s\u00f6ylese ve bunu mota mot \u0130ngilizce&#8217;ye \u00e7evirerek \u0130ngilizce s\u00f6ylese tamam dersin. \u00c7\u00fcnk\u00fc \u0130ngilizce&#8217;de &#8221;s\u0131caktan patlad\u0131k&#8221; diye bir kavram yoktur zannedersem. T\u00fcrkiye&#8217;de 70 milyon insan\u0131 s\u0131raya dizsen, bu laf\u0131 tek tek sorsan &#8221;adam s\u0131caktan bunalm\u0131\u015f&#8221; diye size izah eder.<\/p>\n<p>Toparlarsak:<br \/>\n\u00dc\u00e7 olay&#8230;<\/p>\n<p>&#8211; U\u00e7ak ka\u00e7\u0131rmaya ne dersin?<br \/>\n&#8211; El Kaideciyim. 1 Haziran&#8217;da bir felaket ya\u015fayacaks\u0131n\u0131z&#8230;<br \/>\n&#8211; S\u0131caktan patlayaca\u011f\u0131z&#8230;<\/p>\n<p>Ve H\u0131ncal bu \u00fc\u00e7 \u00f6rne\u011fi birle\u015ftirip ayn\u0131 dedi. Valla art\u0131k k\u00f6\u015fesine \u00e7ekilme zaman\u0131 gelmi\u015f, hatta ge\u00e7mi\u015f bile&#8230;<\/p>\n<p><img decoding=\"async\" class=\"alignnone size-full wp-image-2754\" src=\"http:\/\/circassiancenter.com\/tr\/wp-content\/uploads\/2019\/02\/08-z-HatkoMulayimARA.png\" alt=\"\" width=\"462\" height=\"50\" srcset=\"https:\/\/www.circassiancenter.com\/tr\/wp-content\/uploads\/2019\/02\/08-z-HatkoMulayimARA.png 462w, https:\/\/www.circassiancenter.com\/tr\/wp-content\/uploads\/2019\/02\/08-z-HatkoMulayimARA-300x32.png 300w\" sizes=\"(max-width: 462px) 100vw, 462px\" \/><\/p>\n<p>18 Nisan 2014<\/p>\n<p>Herg\u00fcn ba\u015fka bir dangalakl\u0131kla kar\u015f\u0131la\u015f\u0131yoruz. \u0130yi ki, bu t\u00fcr \u015feyler benim ba\u015f\u0131ma gelmiyor, yoksa Hoca Ahmet Yesevi \u0130mam Hatip Lisesi M\u00fcd\u00fcr\u00fc Alaattin \u00d6zt\u00fcrk temiz bir dayak yerdi. \u00d6yle kendinden hem ya\u015f, hem s\u0131klette k\u00fc\u00e7\u00fck bir \u00e7ocu\u011fun a\u011fz\u0131n\u0131 burnunu da\u011f\u0131tmak neymi\u015f g\u00f6sterirdim.<\/p>\n<p>Bu adam niye d\u00f6vm\u00fc\u015f \u00e7ocu\u011fu biliyor musunuz? Bir k\u0131z \u00f6\u011frenciyle yan yana oturarak okul ma\u00e7\u0131n\u0131 seyretti\u011fi i\u00e7in. M\u00fcd\u00fcr gerek\u00e7e olarak da &#8221;mahalleliden \u015fikayet vard\u0131, yan\u0131ndaki k\u0131z\u0131n omuzuna elini at\u0131p oturuyormu\u015f&#8221;u g\u00f6stermi\u015f.<\/p>\n<p>Bu \u00fclkede gen\u00e7lere inan\u0131lmaz bir bask\u0131 vard\u0131r. Ki, bunun yans\u0131mas\u0131 olarak da \u00f6zellikle k\u0131rsal alanlarda gen\u00e7lerin hayvanlarla cinsel ili\u015fkiye girmeleri normal kar\u015f\u0131lan\u0131r. Yobazlar\u0131n, tecav\u00fcz edilmi\u015f hayvanlara ne yap\u0131laca\u011f\u0131 konusunda fetvalar\u0131 bile vard\u0131r. Ayr\u0131ca gizli e\u015fcinsellik, aile i\u00e7i cinsellik, erkek \u00e7ocuklar\u0131na tecav\u00fcz M\u00fcsl\u00fcman \u00fclkelerde son derece fazla olan bir durumdur. Nedenini bilmek i\u00e7in de m\u00fcneccim veya bilimadam\u0131 olman\u0131z gerekmez. Derenin suyununun \u00f6n\u00fcne set \u00e7ekerseniz, su kendine akacak ba\u015fka yer bulur!<\/p>\n<p>Her zaman diyorum ya bu \u00fclke d\u00fcnyan\u0131n en enteresan \u00fclkesidir diye. Konuyla alakal\u0131 oldu\u011fu i\u00e7in yazay\u0131m. Biliyorsunuz daha ge\u00e7enlerde askerde tecav\u00fcze u\u011frad\u0131\u011f\u0131n\u0131 s\u00f6yleyen bir gen\u00e7, bir \u00e7ocu\u011fu ka\u00e7\u0131r\u0131p tecav\u00fcz etmi\u015f sonrada \u00f6ld\u00fcrm\u00fc\u015ft\u00fc. Millet genci lin\u00e7 etmek istedi. Enteresanl\u0131k burada ba\u015fl\u0131yor zaten, bu dinci okul m\u00fcd\u00fcr\u00fc elini kolunu sallayarak gezer. Kimsenin g\u0131k\u0131 \u00e7\u0131kmaz, hatta &#8221;afferin adama, ate\u015fle barut yan yana durmaz zaten&#8221; derler, \u00f6b\u00fcr taraftan sosyoloj\u0131k olarak sebep olduklar\u0131 bir olay\u0131n sorumlusunu lin\u00e7 etmeye kalkarlar. Sizinle bahse var\u0131m, o lin\u00e7 etmek isteyenlerin en az yar\u0131s\u0131 cinsi sap\u0131kt\u0131r. \u0130nanmazsan\u0131z psikologlara sorun!<\/p>\n<p>\u015eairi sap\u0131k olan \u00fclkenin gencinden hay\u0131r gelir mi?<\/p>\n<p>Necip Faz\u0131l K\u0131sak\u00fcrek, hani dinci ve sa\u011fc\u0131lar\u0131n yere g\u00f6\u011fe s\u0131\u011fd\u0131ramad\u0131\u011f\u0131 &#8221;\u015fair&#8221; var ya; zaman\u0131nda demi\u015f ki, &#8221;\u00d6rt\u00fcs\u00fcz kad\u0131n perdesiz eve benzer! Perdesiz ev ya sat\u0131l\u0131kt\u0131r ya da kiral\u0131k&#8230;&#8221;<\/p>\n<p>\u00c7\u00fc\u00fc\u00fc\u00fc\u00fc\u00fc\u00fc\u00fc\u015f\u015f\u015f\u015f\u015f\u015f\u015f\u015f\u015f\u015f\u015f deyip ge\u00e7iyorum.<\/p>\n<p><img decoding=\"async\" class=\"alignnone size-full wp-image-2754\" src=\"http:\/\/circassiancenter.com\/tr\/wp-content\/uploads\/2019\/02\/08-z-HatkoMulayimARA.png\" alt=\"\" width=\"462\" height=\"50\" srcset=\"https:\/\/www.circassiancenter.com\/tr\/wp-content\/uploads\/2019\/02\/08-z-HatkoMulayimARA.png 462w, https:\/\/www.circassiancenter.com\/tr\/wp-content\/uploads\/2019\/02\/08-z-HatkoMulayimARA-300x32.png 300w\" sizes=\"(max-width: 462px) 100vw, 462px\" \/><\/p>\n<p>17 Nisan 2014<\/p>\n<p>Ya\u015fad\u0131\u011f\u0131m\u0131z \u00fclkede haks\u0131zl\u0131\u011f\u0131 sadece dinci AKP iktidar\u0131 yap\u0131yor zannetmeyin. &#8221;Hak yeme&#8221; alyuvarlar\u0131na kadar i\u015flemi\u015ftir T\u00fcrk insan\u0131n\u0131n i\u00e7ine. Mesela Melih A\u015f\u0131k! Milliyet gazetesinin sosyal demokrat yazar\u0131. Bug\u00fcnk\u00fc k\u00f6\u015fesinde &#8221;espiri&#8221; \u015feklinde K\u00fcrt halk\u0131na soku\u015fturuyor. Soku\u015fturmakla da kalm\u0131yor hakaret ediyor. A\u015f\u0131k efendi: &#8221;BDP G\u00fcneydo\u011fu\u2019da \u00e7\u0131kan petrolden pay almak istiyormu\u015f! \u00d6nce birikmi\u015f elektrik bor\u00e7lar\u0131n\u0131 bir \u00f6deseler&#8230;&#8221; diyor!<\/p>\n<p>Bu t\u00fcr hakareti ve soku\u015fturmalar\u0131 dincisinden demokrat\u0131na t\u00fcm\u00fc yap\u0131yor. Tabii akla \u015fu gelmiyor. Ulen biz bunlardan (K\u00fcrtlerden) herkes gibi vergi al\u0131yoruz. Askere g\u00f6t\u00fcr\u00fcyoruz. Se\u00e7ime sokuyoruz. Ama t\u00fcm yat\u0131r\u0131mlar\u0131 niyeyse &#8221;Bat\u0131 B\u00f6lgelerine&#8221;, &#8221;K\u00fcrt Olmayan B\u00f6lgelere&#8221; yap\u0131yoruz. Mesela Kocaeli&#8217;ne, mesela Bursa&#8217;ya, mesela Samsun&#8217;a, mesela Konya&#8217;ya, mesala Adana&#8217;ya, mesela Antalya&#8217;ya yapt\u0131\u011f\u0131m\u0131z yat\u0131r\u0131m\u0131n 10.000&#8217;de 1&#8217;ini bile Diyarbak\u0131r&#8217;a, Mardin&#8217;e, Mu\u015f&#8217;a, Van&#8217;a, Bitlis&#8217;e yap\u0131m\u0131yoruz. \u0130stanbul, Ankara, \u0130zmir gibi kentleri klasmana bile sokmuyorum.<\/p>\n<p>Adamdan ald\u0131\u011f\u0131n vergiyle Bat\u0131&#8217;da fabrika yap, yol yap, hastane yap, k\u0131sacas\u0131 her t\u00fcrl\u00fc yat\u0131r\u0131m\u0131 yap sonra y\u00fcz\u00fcn k\u0131zarmadan elektrik borcunu kafalar\u0131na kak! Terbiyersiz herifler!<\/p>\n<p><img decoding=\"async\" class=\"alignnone size-full wp-image-2754\" src=\"http:\/\/circassiancenter.com\/tr\/wp-content\/uploads\/2019\/02\/08-z-HatkoMulayimARA.png\" alt=\"\" width=\"462\" height=\"50\" srcset=\"https:\/\/www.circassiancenter.com\/tr\/wp-content\/uploads\/2019\/02\/08-z-HatkoMulayimARA.png 462w, https:\/\/www.circassiancenter.com\/tr\/wp-content\/uploads\/2019\/02\/08-z-HatkoMulayimARA-300x32.png 300w\" sizes=\"(max-width: 462px) 100vw, 462px\" \/><\/p>\n<p>16 Nisan 2014<\/p>\n<p>Okuyucumun biri demi\u015f ki; &#8221;M\u00fclayim abi, 150 me\u015fale konusunda aynen size kat\u0131l\u0131yorum. Onlar, b\u0131rak\u0131n 150 genci anavatanda okutmay\u0131 15 genci T\u00fcrkiye&#8217;de okutamazlar. Bunlar\u0131n hepsi \u015fov yap\u0131yorlar. Kaf-Fed&#8217;imiz yeni y\u00f6netimle ayn\u0131 bunlara benzedi. \u0130\u015fleri g\u00fc\u00e7leri \u015fov.&#8221; Valla k\u0131ymetli okuyucum hakl\u0131s\u0131n.<\/p>\n<p>Bug\u00fcn bir belgesel seyrettim, adamlar d\u00fcnyam\u0131za bir \u015fey olursa haz\u0131rl\u0131kl\u0131 olal\u0131m diye ya\u015fanabilir ba\u015fka d\u00fcnya ara\u015ft\u0131r\u0131yorlarm\u0131\u015f. Nefes almadan seyrettim. Akl\u0131ma bizimkiler geldi. Millet ileri bakarken niye bizimkiler \u0131srarla geriye bak\u0131yorlar, diye d\u00fc\u015f\u00fcnd\u00fcm. Ge\u00e7mi\u015fe d\u00f6n\u00fck ya\u015faman\u0131n psikolojisi; her alanda ba\u015far\u0131s\u0131z bir kitleye sahip olunmas\u0131 y\u00fcz\u00fcnden. Hesap edin; sporda yoksun, edebiyatta yoksun, bilimde yoksun, sanatta yoksun, teknolojide yoksun. Bir &#8221;hi\u00e7&#8221;sin yani. O zaman i\u015fte bula bula 150 me\u015fale buluyor kafa! Beynindeki karanl\u0131\u011f\u0131 ayd\u0131nlatacak zannediyor ahmak!<\/p>\n<p><img decoding=\"async\" class=\"alignnone size-full wp-image-2754\" src=\"http:\/\/circassiancenter.com\/tr\/wp-content\/uploads\/2019\/02\/08-z-HatkoMulayimARA.png\" alt=\"\" width=\"462\" height=\"50\" srcset=\"https:\/\/www.circassiancenter.com\/tr\/wp-content\/uploads\/2019\/02\/08-z-HatkoMulayimARA.png 462w, https:\/\/www.circassiancenter.com\/tr\/wp-content\/uploads\/2019\/02\/08-z-HatkoMulayimARA-300x32.png 300w\" sizes=\"(max-width: 462px) 100vw, 462px\" \/><\/p>\n<p>15 Nisan 2014<\/p>\n<p>Biz hukuk\u00e7u de\u011filiz, o sebeple Anayasa Mahkemesi&#8217;nin (AYM) kararlar\u0131na a\u011fz\u0131m\u0131za geleni s\u00f6yleriz. Hadi de\u011ferli y\u00fcce Ba\u015fbakan&#8217;\u0131m\u0131z da hukuk\u00e7u de\u011fil akl\u0131na eseni s\u00f6yl\u00fcyor. Yahu koskoca Adalet Bakan\u0131 AYM kararlar\u0131 hakk\u0131nda konu\u015fur mu? Yuh!<\/p>\n<p>Bundan ba\u015fka; AKP&#8217;nin anayasa haz\u0131rlamakla g\u00f6revli milletvekili ad\u0131n\u0131n ba\u015f\u0131nda profes\u00f6r olan Burhan Kuzu var ya bir twitter mesaj\u0131nda muhatab\u0131na &#8221;Ha.. s&#8230;.&#8221; yazm\u0131\u015f. Millet tepki g\u00f6sterince de &#8221;Ha.. s&#8230;.&#8221;in a\u00e7\u0131l\u0131m\u0131 &#8221;Hadi sende&#8221;dir diye k\u0131v\u0131rtm\u0131\u015f. Tabii twitter da g\u0131rg\u0131r \u015famata ba\u015flam\u0131\u015f. Onlar\u0131 buraya yazmam\u0131z tabi ki m\u00fcmk\u00fcn de\u011fil. K\u0131sacas\u0131 iktidar\u0131n en yetkili anayasa prof\u00f6s\u00f6r\u00fcn\u00fcn kulland\u0131\u011f\u0131 dil bu. \u0130kinci yuh!<\/p>\n<p>Ne g\u00fcnlerden ge\u00e7iyoruz yahu!<\/p>\n<p><img decoding=\"async\" class=\"alignnone size-full wp-image-2754\" src=\"http:\/\/circassiancenter.com\/tr\/wp-content\/uploads\/2019\/02\/08-z-HatkoMulayimARA.png\" alt=\"\" width=\"462\" height=\"50\" srcset=\"https:\/\/www.circassiancenter.com\/tr\/wp-content\/uploads\/2019\/02\/08-z-HatkoMulayimARA.png 462w, https:\/\/www.circassiancenter.com\/tr\/wp-content\/uploads\/2019\/02\/08-z-HatkoMulayimARA-300x32.png 300w\" sizes=\"(max-width: 462px) 100vw, 462px\" \/><\/p>\n<p>14 Nisan 2014<\/p>\n<p>&#8221;\u00c7akma-omurgas\u0131z solcular sadece T\u00fcrklerden \u00e7\u0131kar&#8221; gibi bir neticeye sak\u0131n varmay\u0131n. Bizim \u00e7akma-omurgas\u0131z solcumuz onlara 10 basar. Bakars\u0131n adam zaman\u0131n en h\u0131zl\u0131 &#8221;solcu&#8221;lar\u0131ndand\u0131r, \u015fimdi a\u011fz\u0131ndan &#8221;Allah&#8217;a \u015f\u00fck\u00fcr, Allah&#8217;\u0131n izniyle, in\u015fallah, ma\u015fallah&#8221; kelimeleri d\u00f6k\u00fcl\u00fcr. Eeee? Ay\u0131p m\u0131 bu kelimeleri kullanmak? Yoo, e\u011fer adam dinciyse tabi kullanabilir, neden ay\u0131p olsun. Amma solcuyum deyip de kullan\u0131yorsa i\u015fte o &#8221;\u00e7akma-omurgas\u0131z&#8221;d\u0131r. Anti-Kapitalist M\u00fcsl\u00fcmanlar diye birileri \u00e7\u0131km\u0131\u015ft\u0131 ortaya, i\u015fte onlar gibi bunlar da soytar\u0131d\u0131r.<\/p>\n<p>\u00c7akma-omurgas\u0131z solcular bir araya gelip inisiyatif kurmu\u015flar. Daha dakka bir gol bir; &#8221;T\u00fcrkiye oligar\u015fisi, d\u0131\u015f dinamiklerin etkisiyse de\u011fi\u015fime girmi\u015f.&#8221; b\u00f6yle bir tespitte bulunmu\u015flar. Get len!<\/p>\n<p>Eski Dev-Yol, Dev-Sol a\u011fz\u0131yla tahlil yapanlara sorsan, &#8221;Birader kim bu d\u0131\u015f dinamikler&#8221; diye, Avrupa \u00fclkelerini g\u00f6sterecekler! Ben bunlara soytar\u0131 deyince k\u0131z\u0131yorlar. Aha i\u015fte soytar\u0131 de\u011filler mi?<\/p>\n<p>Bak\u0131yorsun bu \u00e7akma-omurgas\u0131zlara kimle kolkala diye, diasporan\u0131n en az\u0131l\u0131 yobazlar\u0131yla, kumpas\u00e7\u0131-telekulak Fetullah\u00e7\u0131lar\u0131yla! Buyrun buradan yak\u0131n!<\/p>\n<p>14 ayd\u0131r Rus Konsoloslu\u011fu \u00f6n\u00fcne gidiyorlarm\u0131\u015f. Sizi anca oras\u0131 paklar. T\u00fcrk Oligari\u015fisi&#8217;nin polisinin korumas\u0131nda konsoloslu\u011fa eylem yapmaya gitmek nas\u0131l bir duygudur acaba? Sizi gidi \u00e7akma-omurgas\u0131z solcular sizi!<\/p>\n<p><img decoding=\"async\" class=\"alignnone size-full wp-image-2754\" src=\"http:\/\/circassiancenter.com\/tr\/wp-content\/uploads\/2019\/02\/08-z-HatkoMulayimARA.png\" alt=\"\" width=\"462\" height=\"50\" srcset=\"https:\/\/www.circassiancenter.com\/tr\/wp-content\/uploads\/2019\/02\/08-z-HatkoMulayimARA.png 462w, https:\/\/www.circassiancenter.com\/tr\/wp-content\/uploads\/2019\/02\/08-z-HatkoMulayimARA-300x32.png 300w\" sizes=\"(max-width: 462px) 100vw, 462px\" \/><\/p>\n<p>12 Nisan 2014<\/p>\n<p>Ge\u00e7enlerde bir yerde g\u00f6rd\u00fcm. Nerdeysi hat\u0131rlayamad\u0131m. Ama mutlaka sizlerde g\u00f6rm\u00fc\u015fs\u00fcn\u00fczd\u00fcr.<\/p>\n<p>\u2019\u2019150.nci y\u0131lda 150 me\u015fale\u2019\u2019. Ulen, diyorsun sonunda ak\u0131lland\u0131lar. Art\u0131k 150 genci anavatana g\u00f6nderip orada okutacaklar. \u00d6yle a\u011flayarak, s\u0131zlayarak, kendini ac\u0131nd\u0131rmayacaklar&#8230; Aslanlar gibi \u00e7al\u0131\u015facaklar bir kasa olu\u015fturacaklar ve bu 150 gencin masraflar\u0131n\u0131 t\u00fcm\u00fcyle kar\u015f\u0131layacaklar&#8230;<\/p>\n<p>Bir de ne g\u00f6reyim; me\u011fer y\u00fcz elli me\u015fale yak\u0131p konsolosluk \u00f6n\u00fcne gideceklermi\u015f. Tha sizi e\u015f\u015fek pe\u015finden y\u00fcr\u00fcts\u00fcn emi!<\/p>\n<p><img decoding=\"async\" class=\"alignnone size-full wp-image-2754\" src=\"http:\/\/circassiancenter.com\/tr\/wp-content\/uploads\/2019\/02\/08-z-HatkoMulayimARA.png\" alt=\"\" width=\"462\" height=\"50\" srcset=\"https:\/\/www.circassiancenter.com\/tr\/wp-content\/uploads\/2019\/02\/08-z-HatkoMulayimARA.png 462w, https:\/\/www.circassiancenter.com\/tr\/wp-content\/uploads\/2019\/02\/08-z-HatkoMulayimARA-300x32.png 300w\" sizes=\"(max-width: 462px) 100vw, 462px\" \/><\/p>\n<p>11 Nisan 2014<\/p>\n<p>Baz\u0131 okuyucular\u0131m tela\u015flanm\u0131\u015f fakat gayet iyiyim. Hani derler ya nezle ila\u00e7la 7 g\u00fcn ila\u00e7s\u0131z bir haftada ge\u00e7er diye. Bir hafta bekleyece\u011fiz.<\/p>\n<p>O kadar k\u00f6t\u00fc g\u00fcnler ge\u00e7iriyor ki T\u00fcrkiye, ele\u015ftirel yaz\u0131 yazmak gayet basit. Ben de rahat rahat yaz\u0131yorum zaten. Tabii k\u0131z\u0131yorlar &#8221;nedir bu senin T\u00fcrklerle al\u0131p veremedi\u011fin&#8221; diyorlar. Benim T\u00fcrklerle bir al\u0131p veremedi\u011fim yok, benim derdim kendini Adige-Abhaz zannedenlerle. Halbuki bu \u00fclkede ba\u015f\u0131m\u0131z \u00fczerinde tutaca\u011f\u0131m\u0131z insanlar da var. Fakat o kadar az\u0131nl\u0131ktalar ki, anca gazetelere \u00e7\u0131kt\u0131klar\u0131nda haberimiz oluyor.<\/p>\n<p>Tekin A\u00e7\u0131muz&#8230; \u015eu anda aram\u0131zda de\u011fil. GATA Hastanesi&#8217;nin morgunda. Ailesi ne zaman isterse alabilecek ama \u015fimdilik alm\u0131yorlar.<\/p>\n<p>Tekin A\u00e7\u0131muz&#8230; GATA&#8217;da nurlar i\u00e7inde yat b\u00fcy\u00fck insan.<\/p>\n<p>Kim bu Tekin A\u00e7\u0131muz?<\/p>\n<p>1984 y\u0131l\u0131nda Tank\u00e7\u0131 Y\u00fczba\u015f\u0131 r\u00fctbesindeyken y\u00fcksek tansiyon hastal\u0131\u011f\u0131 nedeniyle TSK\u2019dan ayr\u0131lmak zorunda kald\u0131. Uzun s\u00fcre tedavi g\u00f6ren A\u00e7\u0131muz daha sonra b\u00f6brek yetmezli\u011fi nedeniyle de yo\u011fun bir tedavi g\u00f6rmeye ba\u015flad\u0131. Daha sonra b\u00f6bre\u011fi iflas eden A\u00e7\u0131muz\u2019a 10 y\u0131l \u00f6nce kanser te\u015fhisi konuldu.<\/p>\n<p>Sonras\u0131n\u0131 k\u0131z\u0131 \u0130rem A\u00e7\u0131muz&#8217;dan dinleyelim:<\/p>\n<p>\u201cBabam\u0131n tedavi i\u00e7in b\u00f6brek nakline ihtiyac\u0131 vard\u0131. Ancak kendisi \u2018Benim ya\u015f\u0131m ilerledi. S\u0131rada bekleyen bu kadar gen\u00e7 \u00e7oluk \u00e7ocuk varken ben bu s\u0131raya giremem. Organlar\u0131m\u0131 bu \u00e7ocuklara b\u0131rakaca\u011f\u0131m. Kadavram\u0131 da ba\u011f\u0131\u015flayaca\u011f\u0131m\u2019 dedi. Ancak vefat ettikten sonra kanser ge\u00e7mi\u015fi oldu\u011fu i\u00e7in organlar\u0131 al\u0131namad\u0131. GATA\u2019dan istedi\u011fim tek \u015fey kadavra \u00fczerinde yap\u0131lacak e\u011fitimler bitti\u011fi zaman bize defin i\u00e7in teslim edilmesi oldu. Yararlanabildikleri kadar yararlans\u0131nlar dedik. Onlar da bunu kabul ettiler. GATA doktorlar\u0131 babam\u0131n cenazesini istedi\u011fim zaman alabilme hakk\u0131m\u0131n oldu\u011funu s\u00f6ylediler. \u00c7ok duyarl\u0131 bir insand\u0131. Radyoda bir kan anonsu duysa hemen hastaneye ko\u015fard\u0131. Bu davran\u0131\u015f\u0131n\u0131n herkese \u00f6rnek olmas\u0131 gerekiyor.\u201d<\/p>\n<p>T\u00fcrkiye&#8217;de de insanlar var, hem de 1000 Adige-Abhaz bir araya gelse ayn\u0131 de\u011ferde olamayacak! Amma i\u015fte maalesef o kadar az\u0131nl\u0131ktalar ki, anca haber olduklar\u0131nda duyuyoruz. Yoksa topyekun halk\u0131 su\u00e7laman\u0131n mant\u0131\u011f\u0131 olur mu hi\u00e7?<\/p>\n<p><img decoding=\"async\" class=\"alignnone size-full wp-image-2754\" src=\"http:\/\/circassiancenter.com\/tr\/wp-content\/uploads\/2019\/02\/08-z-HatkoMulayimARA.png\" alt=\"\" width=\"462\" height=\"50\" srcset=\"https:\/\/www.circassiancenter.com\/tr\/wp-content\/uploads\/2019\/02\/08-z-HatkoMulayimARA.png 462w, https:\/\/www.circassiancenter.com\/tr\/wp-content\/uploads\/2019\/02\/08-z-HatkoMulayimARA-300x32.png 300w\" sizes=\"(max-width: 462px) 100vw, 462px\" \/><\/p>\n<p>8-9 Nisan 2014<\/p>\n<p>Bizim derneklerde bazan rastlar\u0131m, b\u00f6yle tiplere. Adam alt\u0131 \u00fcst\u00fc akordeon \u00e7al\u0131yor, havas\u0131na bakt\u0131\u011f\u0131n\u0131zda zannedersin Mozart. Eskiden mesela Hac\u0131 Murat vard\u0131. Akordeonu \u00f6tt\u00fcr\u00fcrd\u00fc, parmaklar\u0131n\u0131 g\u00f6remezdik, ayr\u0131ca iyi de dans ederdi amma al\u00e7akg\u00f6n\u00fcll\u00fcl\u00fc\u011f\u00fc ile y\u00fcreklerimizde taht kuran bir arkada\u015f\u0131m\u0131zd\u0131. \u015eimdikiler tam zibidi. Dans edeni de 1500 havalarda (sanki arkada\u015f Rudolf Nureyev) akerdeon \u00e7alan\u0131 da. Ha T\u00fcrk k\u00fclt\u00fcr\u00fcyle yo\u011frulmu\u015f olsak diyece\u011fim ki, ya\u015fland\u0131k, gen\u00e7lerin hal ve davran\u0131\u015flar\u0131 bat\u0131yor. Fakat bizim k\u00fclt\u00fcr\u00fcm\u00fczde b\u00f6yle bir \u015fey yok ki. Dik duracaks\u0131n amma beyefendi olacaks\u0131n. S\u00f6z\u00fcn\u00fc sak\u0131nmayacaks\u0131n fakat a\u011fz\u0131ndan \u00e7\u0131kan\u0131 kula\u011f\u0131n duyacak. \u00d6yle kalpak giyerek &#8221;Adige-Abhaz oldum&#8221; dersen, surat\u0131n\u0131n ortas\u0131na &#8221;y\u00fcr\u00fc anca gidersin&#8221; derler. Ne akordeon \u00e7al, ne dans et ne de havalara gir. Yok ille \u00e7alacam, dans edece\u011fim diyorsan \u00f6nce adam ol, adam!<\/p>\n<p>Okuyucumun biri demi\u015f ki; &#8221;M\u00fclayim a\u011fabey, Do\u011fu Perincek ile ilgili yazd\u0131klar\u0131n\u0131zdan sonra &#8221;Hatko abart\u0131yor&#8221; demi\u015ftim. Ama siz hakl\u0131 \u00e7\u0131kt\u0131n\u0131z. Perin\u00e7ek, Tayyip&#8217;i destekledi\u011fini a\u00e7\u0131klad\u0131, iyi mi! \u00d6ng\u00f6r\u00fcn\u00fcze hayran kald\u0131m.&#8221;<\/p>\n<p>De\u011ferli karde\u015fim bu \u00fclkede ger\u00e7ekten de\u011ferli insanlar, dosdo\u011fru ayd\u0131nlar, siyaset\u00e7iler yok de\u011fil. Fakat bir elin parmaklar\u0131n\u0131 ge\u00e7mezler ve seslerini soluklar\u0131n\u0131 sistem duyurmaz. Maalesef Perin\u00e7ek arkada\u015f\u0131m\u0131z bu klasmana dahil de\u011fil. Ayr\u0131ca iltifat\u0131n i\u00e7in de te\u015fekk\u00fcr ederim.<\/p>\n<p><img decoding=\"async\" class=\"alignnone size-full wp-image-2754\" src=\"http:\/\/circassiancenter.com\/tr\/wp-content\/uploads\/2019\/02\/08-z-HatkoMulayimARA.png\" alt=\"\" width=\"462\" height=\"50\" srcset=\"https:\/\/www.circassiancenter.com\/tr\/wp-content\/uploads\/2019\/02\/08-z-HatkoMulayimARA.png 462w, https:\/\/www.circassiancenter.com\/tr\/wp-content\/uploads\/2019\/02\/08-z-HatkoMulayimARA-300x32.png 300w\" sizes=\"(max-width: 462px) 100vw, 462px\" \/><\/p>\n<p>7 Nisan 2014<\/p>\n<p>Baz\u0131 okuyucular\u0131m bana k\u0131zar ve klasikle\u015fmi\u015f &#8221;Ekme\u011fini yedi\u011fin T\u00fcrkiye&#8217;ye ve T\u00fcrklere neden a\u011f\u0131r yaz\u0131lar yaz\u0131yorsun&#8221; derler. Ben bu okuyucular\u0131m\u0131 3,5 ya\u015f\u0131nda aram\u0131zdan ayr\u0131lan Pamir \u00e7ocu\u011fa havale ediyorum, bu bir.<\/p>\n<p>En k\u0131zd\u0131\u011f\u0131m konu &#8221;Ekme\u011fini yedi\u011fin&#8221; laf\u0131. Ulen bu \u00fclkede ya\u015f\u0131yorsak kelaynak m\u0131y\u0131z? Yatt\u0131\u011f\u0131m\u0131z yerde ball\u0131 b\u00f6rekle mi besliyor T\u00fcrkiye bizi? \u00c7at\u0131r \u00e7at\u0131r vergimi al\u0131yor ve sormadan istedi\u011finin cebine at\u0131yor. Ben k\u00f6t\u00fcy\u00fcm bu h\u0131rs\u0131zlar iyi \u00f6yle mi? Akl\u0131n\u0131z\u0131 ba\u015f\u0131na al\u0131n; her \u00fclkede iyi insan da vard\u0131r, \u00f6k\u00fcz insan da! Sen oran\u0131na bakacaks\u0131n tamam m\u0131; bu da iki!<\/p>\n<p><img decoding=\"async\" class=\"alignnone size-full wp-image-2754\" src=\"http:\/\/circassiancenter.com\/tr\/wp-content\/uploads\/2019\/02\/08-z-HatkoMulayimARA.png\" alt=\"\" width=\"462\" height=\"50\" srcset=\"https:\/\/www.circassiancenter.com\/tr\/wp-content\/uploads\/2019\/02\/08-z-HatkoMulayimARA.png 462w, https:\/\/www.circassiancenter.com\/tr\/wp-content\/uploads\/2019\/02\/08-z-HatkoMulayimARA-300x32.png 300w\" sizes=\"(max-width: 462px) 100vw, 462px\" \/><\/p>\n<p>5 Nisan 2014<\/p>\n<p>Avrupa&#8217;daki muhafazakarl\u0131k ile T\u00fcrkiye&#8217;deki muhafazakarl\u0131\u011f\u0131n uzaktan yak\u0131ndan alakas\u0131 yok. Dini bak\u0131mdan s\u00f6ylemiyorum. \u0130lkesel a\u00e7\u0131dan alakas\u0131 yok. Ba\u015ftan gururla yazay\u0131m; bizim Adige-Abhazlar\u0131n muhafazakarlar\u0131 (\u015fimdiki yeni yetme zibidileri kastetmiyorum) tipik Avrupa muhafazakarlar\u0131 gibiydiler.<\/p>\n<p>T\u00fcrkiye&#8217;deki muhafazakarl\u0131k &#8221;ben&#8221; \u00fczerine kuruludur. &#8221;Benim d\u0131\u015f\u0131ndaki gebersin bana ne&#8221; ilkesi her daim ge\u00e7erlidir. Mesela M\u00fcsl\u00fcman olmayanlar\u0131n t\u00fcm\u00fc; ister Hristiyan olsun, ister Budist, ister \u015eaman olsun ister ateist, hepsi z\u0131nd\u0131kt\u0131r ve cehennemin dibine kadar yollar\u0131 vard\u0131r. E\u011fer \u0131rz d\u00fc\u015fman\u0131 tecav\u00fczc\u00fc muhafazakar cenahtansa -nas\u0131l oldu\u011funu anlayamazs\u0131n\u0131z- aklan\u0131r, paklan\u0131r ve unutturulur. (\u00d6rne\u011fi \u00e7ok\u00e7a vard\u0131r, isimleri buraya s\u0131\u011fmaz.) Fakat muhafazakar de\u011filse, k\u0131zl\u0131 erkekli bile bir araya gelinmesi zinhar haramd\u0131r.<\/p>\n<p>H\u0131rs\u0131zl\u0131k ve soyguzlu\u011fa da muhafazakar cehahta ses edilmez. Yeter ki, birbirlerinin cebine el uzatmas\u0131nlar. \u0130\u015fte o zaman \u00e7\u0131ngar \u00e7\u0131kar. (Misal; AKP ile Fetullah\u00e7\u0131lar)<\/p>\n<p>Muhafazar kesim ba\u015fka dinlere hakaret etmekte gram sak\u0131nca g\u00f6rmez. Bunu b\u00fcy\u00fck bir rahatl\u0131kla yapar, fakat kendi dinine s\u00f6ylenen en ufak \u015feyden yang\u0131n \u00e7\u0131kar\u0131r. \u0130\u015fi kafa kesmeye kadar g\u00f6t\u00fcr\u00fcr. Kendisi, kendi diniyle alay etmekte bir beis g\u00f6rmez.<\/p>\n<p>Hak, hukuk, adalet kendilerini alakadar etti\u011finde sesleri bir yaman \u00e7\u0131kar. Fakat konu ba\u015fkalar\u0131na gelince hak, hukuk, adaletin zerresini g\u00f6remezsiniz.<\/p>\n<p>Bu listeyi sayfalarca uzatmak m\u00fcmk\u00fcn. \u0130\u015fte bu sebeple Avrupa muhafazakarl\u0131\u011f\u0131 ile T\u00fcrk muhafazakarl\u0131\u011f\u0131 aras\u0131nda gram benzerlik yoktur.<\/p>\n<p>20 y\u0131l \u00f6ncesinin Adige-Abhazlar\u0131 da iyi muhafazakarlard\u0131. G\u00fcn\u00fcm\u00fcz\u00fc sorarsan\u0131z ne siz sorun ne ben s\u00f6yleyim. Rezalet!<\/p>\n<p><img decoding=\"async\" class=\"alignnone size-full wp-image-2754\" src=\"http:\/\/circassiancenter.com\/tr\/wp-content\/uploads\/2019\/02\/08-z-HatkoMulayimARA.png\" alt=\"\" width=\"462\" height=\"50\" srcset=\"https:\/\/www.circassiancenter.com\/tr\/wp-content\/uploads\/2019\/02\/08-z-HatkoMulayimARA.png 462w, https:\/\/www.circassiancenter.com\/tr\/wp-content\/uploads\/2019\/02\/08-z-HatkoMulayimARA-300x32.png 300w\" sizes=\"(max-width: 462px) 100vw, 462px\" \/><\/p>\n<p>4 Nisan 2014<\/p>\n<p>Daha d\u00fcn yazd\u0131m, bug\u00fcn de Ahmet Hakan ayn\u0131 \u015feyi farkl\u0131 perspektiften yapt\u0131.<\/p>\n<p>Diyor ki Ahmet; &#8221;E\u011fer se\u00e7imde bir sahtek\u00e2rl\u0131k yap\u0131labiliyorsa&#8230; Bunun nedeni senin ihmalk\u00e2rl\u0131\u011f\u0131nd\u0131r. Sand\u0131\u011fa sahip \u00e7\u0131kamazsan, son a\u015famas\u0131na kadar s\u00fcreci denetlemezsen, sand\u0131k ba\u015f\u0131 organizasyonunu m\u00fckemmel bir \u015fekilde kurgulamazsan&#8230; Se\u00e7imde sahtek\u00e2rl\u0131k da olur, hile de olur.&#8221;<\/p>\n<p>Yani &#8221;biz insan de\u011filiz&#8221;e getiriyor laf\u0131. \u015eimdi anl\u0131yor musunuz c\u00fczdan bulup da karakola g\u00f6t\u00fcren vatanda\u015f neden kahraman muamelesi g\u00f6r\u00fcyor. Halbuki normal insan kendine ait olmayan\u0131 al\u0131p g\u00f6t\u00fcrmez. Sahtekarl\u0131k yapmaz, hile de.<\/p>\n<p>Buradan \u00e7\u0131kan sonu\u00e7 \u015fu: T\u00fcrk k\u00fclt\u00fcr\u00fc b\u00f6yle. Sevsek de sevmesekte durum bu. Kaf-Fed ve t\u00fcrevi dernek y\u00f6neticilerinin de T\u00fcrkle\u015fti\u011fi ger\u00e7e\u011finden yola \u00e7\u0131karsak yapt\u0131klar\u0131 rezillikleri daha anlay\u0131\u015fla kar\u015f\u0131layabiliriz demektir.<\/p>\n<p><img decoding=\"async\" class=\"alignnone size-full wp-image-2754\" src=\"http:\/\/circassiancenter.com\/tr\/wp-content\/uploads\/2019\/02\/08-z-HatkoMulayimARA.png\" alt=\"\" width=\"462\" height=\"50\" srcset=\"https:\/\/www.circassiancenter.com\/tr\/wp-content\/uploads\/2019\/02\/08-z-HatkoMulayimARA.png 462w, https:\/\/www.circassiancenter.com\/tr\/wp-content\/uploads\/2019\/02\/08-z-HatkoMulayimARA-300x32.png 300w\" sizes=\"(max-width: 462px) 100vw, 462px\" \/><\/p>\n<p>3 Nisan 2014<\/p>\n<p>Wub\u0131h k\u00f6kenli fakat T\u00fcrk olan abimiz H\u0131ncal yine d\u00f6kt\u00fcrm\u00fc\u015f. Efendim T\u00fcrkiye halk\u0131 karizmatik lidere oy verirmi\u015f, partiye oy vermezmi\u015f. Kenan Evren bu \u00fclkede \u015faka de\u011fil % 99 oy ald\u0131 H\u0131ncal!<\/p>\n<p>Y\u0131llar\u0131n gazetecisi olmasa &#8221;bu kadar da acemice siyasi tespitleri anca bizimkiler yapar&#8221; der ge\u00e7erdik. Amma durum farkl\u0131.<\/p>\n<p>H\u0131ncal&#8217;\u0131n yapt\u0131\u011f\u0131 \u015fu: Eyyyy T\u00fcrk milleti siz h\u0131rs\u0131z, yalanc\u0131, halk\u0131n\u0131 a\u015fa\u011f\u0131layan, diktat\u00f6r heveslilerine lay\u0131ks\u0131n\u0131z. Efendi, d\u00fcr\u00fcst, \u00e7al\u0131\u015fkan, demokrat lider sizin neyinize!<\/p>\n<p>Tabii H\u0131cal&#8217;a \u015funu da sormak isterim: Holanda Ba\u015fbakan\u0131 evinden ba\u015fbakanl\u0131\u011fa bisikletle gidip geliyormu\u015f. Karizma s\u0131f\u0131r m\u0131 yani?<\/p>\n<p>Bizim Wub\u0131h pardon T\u00fcrk, karizmatikli\u011fi kabaday\u0131l\u0131k, terbiyesizlik, hadsizlik san\u0131yor. Bir ara Kadir \u0130nan\u0131r&#8217;a bile karizmatik diyordu. Gerisini siz hesap edin!<\/p>\n<p>\u0130lahi H\u0131ncal abi, valla bir \u00f6m\u00fcrs\u00fcn!<\/p>\n<p><img decoding=\"async\" class=\"alignnone size-full wp-image-2754\" src=\"http:\/\/circassiancenter.com\/tr\/wp-content\/uploads\/2019\/02\/08-z-HatkoMulayimARA.png\" alt=\"\" width=\"462\" height=\"50\" srcset=\"https:\/\/www.circassiancenter.com\/tr\/wp-content\/uploads\/2019\/02\/08-z-HatkoMulayimARA.png 462w, https:\/\/www.circassiancenter.com\/tr\/wp-content\/uploads\/2019\/02\/08-z-HatkoMulayimARA-300x32.png 300w\" sizes=\"(max-width: 462px) 100vw, 462px\" \/><\/p>\n<p>2 Nisan 2014<\/p>\n<p>S\u00fctte leke kabul g\u00f6r\u00fcr se\u00e7imlerde hile kabul g\u00f6rmez. Amerika&#8217;ya da gitsen bu b\u00f6yledir, \u00c7in&#8217;e de; Kamerun&#8217;a da gitsen bu b\u00f6yledir, Danimtearka&#8217;ya da!<\/p>\n<p>Bir tek T\u00fcrkiye&#8217;de b\u00f6yle \u015feylerin ya\u015fan\u0131yor olmas\u0131 sizce niyedir? Ve de niye kafas\u0131z baz\u0131 Adige-Abhazlar anavatanlar\u0131m\u0131z\u0131n k\u0131ymetini hala anlayamazlar da dangul dungul konu\u015furlar?<\/p>\n<p>Bir de dikkatimi \u00e7ekti. AKP iktidar\u0131 art\u0131k o kadar umars\u0131z ki, yalan s\u00f6ylerken bile &#8221;ne s\u00f6ylersen s\u00f6yle, bu dangalak halk yiyor&#8221; havas\u0131nda. Koskoca Enerji Bakan\u0131&#8217;n\u0131n a\u00e7\u0131klamas\u0131na insan poposuyla g\u00fcler. Neymi\u015f; se\u00e7im gecesi elektrik kesintileri kedilerin trafolara girmesiyle olmu\u015f. Facebook&#8217;ta g\u00f6rd\u00fcm. Biri aynen \u015funu demi\u015f:<\/p>\n<p>Tamam do\u011frudur, elektrikleri trafolara giren kediler kesti. Peki Twitter ve You Tube&#8217;u hangi hayvan kesti?<\/p>\n<p>Enerji Bakan\u0131&#8217;na k\u00f6t\u00fc kapak olmu\u015f!<\/p>\n<p><img decoding=\"async\" class=\"alignnone size-full wp-image-2754\" src=\"http:\/\/circassiancenter.com\/tr\/wp-content\/uploads\/2019\/02\/08-z-HatkoMulayimARA.png\" alt=\"\" width=\"462\" height=\"50\" srcset=\"https:\/\/www.circassiancenter.com\/tr\/wp-content\/uploads\/2019\/02\/08-z-HatkoMulayimARA.png 462w, https:\/\/www.circassiancenter.com\/tr\/wp-content\/uploads\/2019\/02\/08-z-HatkoMulayimARA-300x32.png 300w\" sizes=\"(max-width: 462px) 100vw, 462px\" \/><\/p>\n<p>1 Nisan 2014<\/p>\n<p>CC&#8217;yi tebrik ettim. \u00c7\u00fcnk\u00fc halk\u0131 koyun yerine koymu\u015flar. Eminim bir\u00e7ok AKP&#8217;li Adige-Abhaz buna bozuluyorlard\u0131r ama ne yapal\u0131m karde\u015fim; koyun olmasan\u0131z, umars\u0131zca milletin zenginliklerini ya\u011fmalayan iktidara oy vermezdiniz (s\u00fclalenizin topunun hayatlar\u0131 boyunca biriktirseler bir araya getiremeyece\u011fi paralar\u0131 g\u00f6t\u00fcrd\u00fcler). Bu arada Aziz Nesin&#8217;i de anmadan ge\u00e7emeyece\u011fim. Nurlar i\u00e7inde yat Aziz Nesin!<\/p>\n<p><img decoding=\"async\" class=\"alignnone size-full wp-image-2754\" src=\"http:\/\/circassiancenter.com\/tr\/wp-content\/uploads\/2019\/02\/08-z-HatkoMulayimARA.png\" alt=\"\" width=\"462\" height=\"50\" srcset=\"https:\/\/www.circassiancenter.com\/tr\/wp-content\/uploads\/2019\/02\/08-z-HatkoMulayimARA.png 462w, https:\/\/www.circassiancenter.com\/tr\/wp-content\/uploads\/2019\/02\/08-z-HatkoMulayimARA-300x32.png 300w\" sizes=\"(max-width: 462px) 100vw, 462px\" \/><\/p>\n<p>31 Mart 2014<\/p>\n<p>Niye Ye\u015fil\u00e7am sinema emek\u00e7isi rahmetli Nubar Terziyan&#8217;\u0131n ad\u0131, Nubar Terziyan&#8217;d\u0131 da; yine Ye\u015fil\u00e7am emek\u00e7isi Y\u0131ld\u0131r\u0131m Gencer&#8217;in ad\u0131, Y\u0131ld\u0131r\u0131m Gencer&#8217;di. Birinin ad\u0131 ve soyad\u0131ndan \u015fak diye Ermeni oldu\u011funu anl\u0131yordunuz. Peki Y\u0131ld\u0131r\u0131m Gencer&#8217;in Abhaz oldu\u011funa dair tek ipucu var m\u0131yd\u0131? Yoktu. \u0130\u015fte T\u00fcrkiye Adige-Abhaz diasporas\u0131 budur!<\/p>\n<p>K\u0131sacas\u0131 T\u00fcrkiye diasporas\u0131 ve di\u011fer \u00fclkelerdeki Adige-Abhaz diasporas\u0131, anavantan\u0131ndan sava\u015f dolay\u0131s\u0131yla ka\u00e7m\u0131\u015f, sava\u015farak \u00f6lmeyi g\u00f6ze alamam\u0131\u015f insanlar toplulu\u011fudur. Adlar\u0131n\u0131 de\u011fi\u015ftirmeye bile cesaret edemeyecek kadar korkakt\u0131rlar.<\/p>\n<p>O sebeple 150 senedir timsah g\u00f6zya\u015f\u0131 d\u00f6kerek bu ger\u00e7e\u011fi gizlemeye \u00e7al\u0131\u015f\u0131rlar.<br \/>\nO sebeple el\u00e7ilik \u00f6n\u00fcnde soytar\u0131l\u0131k yaparlar.<br \/>\nO sebeple kimliklerine sahip \u00e7\u0131kamazlar.<br \/>\nO sebeple anavatana d\u00f6nemezler.<\/p>\n<p>&#8230;ve i\u015fte o sebeple Ermeni Nubar&#8217;\u0131n ad\u0131 Nubar, Abhaz Y\u0131ld\u0131r\u0131m&#8217;\u0131n ad\u0131 Y\u0131ld\u0131r\u0131m&#8217;d\u0131r!<\/p>\n<p>Se\u00e7im sonu\u00e7lar\u0131 da g\u00f6sterdi ki, tespitlerimde hakl\u0131y\u0131m. H\u0131rs\u0131z\u0131 bol olan evin e\u015fyas\u0131 \u00e7ok kaybolur!<\/p>\n<p><img decoding=\"async\" class=\"alignnone size-full wp-image-2754\" src=\"http:\/\/circassiancenter.com\/tr\/wp-content\/uploads\/2019\/02\/08-z-HatkoMulayimARA.png\" alt=\"\" width=\"462\" height=\"50\" srcset=\"https:\/\/www.circassiancenter.com\/tr\/wp-content\/uploads\/2019\/02\/08-z-HatkoMulayimARA.png 462w, https:\/\/www.circassiancenter.com\/tr\/wp-content\/uploads\/2019\/02\/08-z-HatkoMulayimARA-300x32.png 300w\" sizes=\"(max-width: 462px) 100vw, 462px\" \/><\/p>\n<p>29 Mart 2014<\/p>\n<p>Dinci cemaat liderinin bo\u011faz\u0131na kadar siyasete, siyasi lider olan Ba\u015fbakan&#8217;\u0131n bo\u011faz\u0131na kadar dine batt\u0131\u011f\u0131 yere T\u00fcrkiye denir!<\/p>\n<p>\u00c7\u00fcnk\u00fc, demokrasi ile y\u00f6netilebilmek i\u00e7in; birincisi, Osmanl\u0131 ge\u00e7mi\u015finizin olmamas\u0131, ikincisi \u0130slam inanc\u0131n\u0131z\u0131n olmamas\u0131 gerekmektedir.<\/p>\n<p>A\u00e7acak olursak; Osmanl\u0131 demokrasi ile de\u011fil hanedanl\u0131kla y\u00f6netiliyordu, \u0130slamiyet siyasi olarak zaten devlet y\u00f6netimini \u015fart ko\u015far. Ad\u0131na da &#8221;\u015eeriat&#8221; der. Bu sebeplerden dolay\u0131, T\u00fcrkiye&#8217;de kimse demokrasi beklemesin, bo\u015fa bekler.<\/p>\n<p><img decoding=\"async\" class=\"alignnone size-full wp-image-2754\" src=\"http:\/\/circassiancenter.com\/tr\/wp-content\/uploads\/2019\/02\/08-z-HatkoMulayimARA.png\" alt=\"\" width=\"462\" height=\"50\" srcset=\"https:\/\/www.circassiancenter.com\/tr\/wp-content\/uploads\/2019\/02\/08-z-HatkoMulayimARA.png 462w, https:\/\/www.circassiancenter.com\/tr\/wp-content\/uploads\/2019\/02\/08-z-HatkoMulayimARA-300x32.png 300w\" sizes=\"(max-width: 462px) 100vw, 462px\" \/><\/p>\n<p>28 Mart 2014<\/p>\n<p>Bir yandan \u00fcz\u00fcc\u00fc, \u00e7\u00fcnk\u00fc y\u00fcz binlerce masum insan katledildi bu topraklarda, daha da katledilece\u011fi ortaya \u00e7\u0131kt\u0131. Bir yandan sevindirici baz\u0131 dangalak Adigeler belki ak\u0131llan\u0131r, buna Kaf-Fed ve di\u011fer STK y\u00f6neticileri de dahil.<\/p>\n<p>Olay ne derseniz, M\u0130T&#8217;in ba\u015f\u0131n\u0131n D\u0131\u015fi\u015fleri Bakan\u0131 Ahmet Davuto\u011flu, D\u0131\u015fi\u015fleri Bakanl\u0131\u011f\u0131 M\u00fcste\u015far\u0131 Feridun Sinirlio\u011flu ve Genelkurmay 2. Ba\u015fkan\u0131 Orgeneral Ya\u015far G\u00fcler&#8217;in de bulundu\u011fu bir toplant\u0131da dile getirdikleri. Arkada\u015f utanmadan, s\u0131k\u0131lmadan adamlar\u0131n\u0131 Suriye&#8217;ye yollayabilece\u011fini oradan T\u00fcrkiye&#8217;ye 8 f\u00fcze att\u0131rabilece\u011fini, b\u00f6ylece Suriye ile sava\u015fa bahane \u00fcretebileceklerini s\u00f6yl\u00fcyor. Kime? \u015eu parmakla \u00e7a\u011f\u0131r\u0131lan T\u00fcrk D\u0131\u015f \u0130\u015fleri Bakan\u0131 arkada\u015fa! Sava\u015f \u00e7\u0131karmak i\u00e7in kendi topraklar\u0131na f\u00fcze atabilece\u011fini belirten bir anlay\u0131\u015f bu \u00fclkenin en \u00f6nemli kurumlar\u0131ndan birinin ba\u015f\u0131.<\/p>\n<p>Olay\u0131n ortaya \u00e7\u0131kmas\u0131ndan sonra, di\u011fer ba\u015f olan D\u0131\u015fi\u015fleri&#8217;nin ba\u015f\u0131 arkada\u015f da utanmadan s\u0131k\u0131lmadan &#8221;Casusluk faaliyeti \u00e7ok a\u011f\u0131r bir su\u00e7&#8221; diye buyurmu\u015f. B\u0131rak\u0131n ba\u015fka \u00fclke insan\u0131na, kendi insan\u0131na f\u00fcze atmay\u0131 konu\u015fabilecek kadar aymaz olanlar\u0131n &#8221;casusluk su\u00e7&#8221; demesi de tam bir kara-komedi olsa gerek.<\/p>\n<p>Diyece\u011fim tek \u015fey var: Tha topunuzun belas\u0131n\u0131 versin!<\/p>\n<p>Bug\u00fcn g\u00fcndem dolu. Ya\u015fad\u0131\u011f\u0131m\u0131z topraklar\u0131n sosyal demokratlar\u0131 ve yurtseverleri ayn\u0131 bizimkiler gibi asl\u0131nda kat\u0131ks\u0131z fa\u015fisttirler. Garip \u00fctopyalar\u0131 vard\u0131r. Mesela T\u00fcrk k\u00f6kenli yurtsever-demokrat fa\u015fistler &#8221;D\u00f6rtnala gelip Uzak Asya&#8217;dan &#8211; Akdenize bir k\u0131srak ba\u015f\u0131 gibi uzanan &#8211; Bu memleket bizim!&#8221; derken; bizim yurtsever-demokrat fa\u015fistler Karadeniz&#8217;den Hazar&#8217;a b\u00fcy\u00fck \u00c7erkesya bizim&#8221; der. Yani, yerli halk gebersin gitsin, bunlar\u0131n umurunda de\u011fildir. O kadar konsantre fa\u015fisttirler. Ulen \u015feref yoksunlar\u0131, sen Ortaasya&#8217;dan d\u00f6rtnala geldi\u011finde bu topraklarda tav\u015fanlar m\u0131 ya\u015f\u0131yordu, ma\u011fara? Nereden bu memleket senin oluyor? \u015eunu de can\u0131m\u0131 ye: Arkada\u015f geldik buradaki yerli halk\u0131n \u00e7an\u0131na ot t\u0131kad\u0131k, \u00e7o\u011funu da yok ettik. Eskide kald\u0131. \u00d6z\u00fcr dileriz. Ancak art\u0131k bu topraklar bizim.<\/p>\n<p>Bizim yurtsever fa\u015fistler de bunlara \u00f6yk\u00fcn\u00fcyor. K\u0131srak ba\u015f\u0131 gibi Hazar&#8217;a uzanma hayali kuruyorlar. Tha sizi bildi\u011fi gibi yaps\u0131n emi!<\/p>\n<p>Konuyu da\u011f\u0131tt\u0131m, g\u00fcndeme d\u00f6neyim. \u0130\u015fte bu bilgilerin \u0131\u015f\u0131\u011f\u0131nda ekranlarda sol-sosyal demokrat pozlar\u0131 veren Enver Aysever adl\u0131 fa\u015fist, twitter hesab\u0131ndan &#8220;Postac\u0131 S\u0131rr\u0131 demokrat de\u011fil mi?&#8221; &#8220;\u0130stanbul&#8217;un truva at\u0131 kim?&#8221; diye yaz\u0131nca, S\u0131rr\u0131 S\u00fcreyya \u00d6nder anlayaca\u011f\u0131 dilde bir kar\u015f\u0131l\u0131k vermi\u015f.<\/p>\n<p>A\u011fz\u0131na sa\u011fl\u0131k S\u0131rr\u0131.<\/p>\n<p><img decoding=\"async\" class=\"alignnone size-full wp-image-2754\" src=\"http:\/\/circassiancenter.com\/tr\/wp-content\/uploads\/2019\/02\/08-z-HatkoMulayimARA.png\" alt=\"\" width=\"462\" height=\"50\" srcset=\"https:\/\/www.circassiancenter.com\/tr\/wp-content\/uploads\/2019\/02\/08-z-HatkoMulayimARA.png 462w, https:\/\/www.circassiancenter.com\/tr\/wp-content\/uploads\/2019\/02\/08-z-HatkoMulayimARA-300x32.png 300w\" sizes=\"(max-width: 462px) 100vw, 462px\" \/><\/p>\n<p>27 Mart 2014<\/p>\n<p>&#8221;\u00c7ocuklar \u00f6ld\u00fcr\u00fcl\u00fcr, susars\u0131n.<br \/>\n\u00c7ocu\u011fu \u00f6ld\u00fcr\u00fclm\u00fc\u015f bir ana yuhalat\u0131l\u0131r, susars\u0131n.<br \/>\nBakara\/Makara\u201d denilerek Kuran\u2019la dalga ge\u00e7ilir, susars\u0131n.<br \/>\nYolsuzluk, h\u0131rs\u0131zl\u0131k, r\u00fc\u015fvet iddialar\u0131 ar\u015fa y\u00fckselir, susars\u0131n.<br \/>\nYolsuzluk, h\u0131rs\u0131zl\u0131k, r\u00fc\u015fvet iddialar\u0131na kar\u015f\u0131 \u201cdin\u201d kullan\u0131l\u0131r, susars\u0131n.<br \/>\nYalanlar s\u00f6ylenir, susars\u0131n.<br \/>\nHakaretler edilir, susars\u0131n.<br \/>\n\u0130ftiralar at\u0131l\u0131r, susars\u0131n.<br \/>\nCHP\u2019linin yatak odas\u0131 g\u00f6zlenir, susars\u0131n.<br \/>\nMHP\u2019linin mahremine kamera dayan\u0131r, susars\u0131n.<\/p>\n<p>Ama&#8230; Fakat&#8230; Lakin&#8230;<br \/>\nMuktedirlerin mahrem alanlar\u0131na dal\u0131naca\u011f\u0131na dair tevat\u00fcrler ve dedikodular \u00e7\u0131k\u0131nca&#8230;Ba\u015flars\u0131n konu\u015fmaya.<br \/>\nVe dayars\u0131n milletin \u00f6n\u00fcne 15 maddelik bildirini.<\/p>\n<p>Ba\u015fkalar\u0131 i\u00e7in hat\u0131rlatmad\u0131\u011f\u0131n \u0130slami ilkeleri, muktedirler i\u00e7in hat\u0131rlat\u0131rs\u0131n.<br \/>\nB\u00f6ylece ortaya&#8230;<br \/>\nSadece muktedirlerin hak ve hukukunu koruyan bir \u201cdin\u201d \u00e7\u0131karm\u0131\u015f olursun.<\/p>\n<p>Bizim inand\u0131\u011f\u0131m\u0131z din, b\u00f6yle bir din olmad\u0131\u011f\u0131na g\u00f6re&#8230;<br \/>\nS\u00f6yler misin:<br \/>\nSen kimin \u2018Diyanet\u2019isin?&#8221;<\/p>\n<p>Yukardaki s\u00f6zler i\u00e7in afferin Ahmet Hakan. Bir soru da ben ekleyeyim. Diyanet b\u00fct\u00e7esinin Sa\u011fl\u0131k Bakanl\u0131\u011f\u0131 da dahil 5 bakanl\u0131k b\u00fct\u00e7esinin toplam\u0131ndan fazla b\u00fct\u00e7esi var. Sebep?<\/p>\n<p><img decoding=\"async\" class=\"alignnone size-full wp-image-2754\" src=\"http:\/\/circassiancenter.com\/tr\/wp-content\/uploads\/2019\/02\/08-z-HatkoMulayimARA.png\" alt=\"\" width=\"462\" height=\"50\" srcset=\"https:\/\/www.circassiancenter.com\/tr\/wp-content\/uploads\/2019\/02\/08-z-HatkoMulayimARA.png 462w, https:\/\/www.circassiancenter.com\/tr\/wp-content\/uploads\/2019\/02\/08-z-HatkoMulayimARA-300x32.png 300w\" sizes=\"(max-width: 462px) 100vw, 462px\" \/><\/p>\n<p>26 Mart 2014<\/p>\n<p>Daha milletin y\u00fcre\u011findeki ate\u015f s\u00f6nmeden, katil polis bu sefer de Silvan&#8217;da 10 ya\u015f\u0131ndaki Mehmet Ezer&#8217;i ba\u015f\u0131ndan biber gaz\u0131 fi\u015fe\u011fiyle vurdu. \u0130nsanlar\u0131 hedef alarak \u00e7oluk \u00e7ocuk, kad\u0131n erkek demeden ate\u015f eden bu polislere a\u011f\u0131z dolusu bir e\u015f\u015feko\u011flu e\u015f\u015fekler diyorum ve de ba\u015fka da bir \u015fey demiyorum!<\/p>\n<p><img decoding=\"async\" class=\"alignnone size-full wp-image-2754\" src=\"http:\/\/circassiancenter.com\/tr\/wp-content\/uploads\/2019\/02\/08-z-HatkoMulayimARA.png\" alt=\"\" width=\"462\" height=\"50\" srcset=\"https:\/\/www.circassiancenter.com\/tr\/wp-content\/uploads\/2019\/02\/08-z-HatkoMulayimARA.png 462w, https:\/\/www.circassiancenter.com\/tr\/wp-content\/uploads\/2019\/02\/08-z-HatkoMulayimARA-300x32.png 300w\" sizes=\"(max-width: 462px) 100vw, 462px\" \/><\/p>\n<p>25 Mart 2014<\/p>\n<p>Ya\u015fad\u0131\u011f\u0131m\u0131z topraklar d\u00fcnyan\u0131n &#8220;en yavuz h\u0131rs\u0131z&#8221;lar\u0131n\u0131n oldu\u011fu yerdir. O kadar ki; g\u00fcvenlik kameralarar\u0131na yakalanan mahallenin tan\u0131d\u0131k h\u0131rz\u0131s\u0131 karakoldan adliyeye g\u00f6t\u00fcr\u00fcl\u00fcrken fotograf\u0131n\u0131 \u00e7eken gazetecilere &#8221;kamera kay\u0131tlar\u0131 montaj&#8221; dedi iyi mi!<\/p>\n<p>Garibime giden iki \u015fey var: Birincisi; bu \u00fclkenin h\u0131rs\u0131z\u0131, u\u011fursuzu, haydutu, \u00e7akal\u0131 kameralara g\u00fclerek poz veriyor. \u0130kincisi yine bu soysuzlar acayip yurtsever, acayip milliyet\u00e7i ve acayip Allah\u00e7\u0131 oluyorlar.<\/p>\n<p>Tha bizi h\u0131rs\u0131z\u0131n yurtseverinden de, milliyet\u00e7isinden de, Allah\u00e7\u0131s\u0131ndan da korusun!<\/p>\n<p><img decoding=\"async\" class=\"alignnone size-full wp-image-2754\" src=\"http:\/\/circassiancenter.com\/tr\/wp-content\/uploads\/2019\/02\/08-z-HatkoMulayimARA.png\" alt=\"\" width=\"462\" height=\"50\" srcset=\"https:\/\/www.circassiancenter.com\/tr\/wp-content\/uploads\/2019\/02\/08-z-HatkoMulayimARA.png 462w, https:\/\/www.circassiancenter.com\/tr\/wp-content\/uploads\/2019\/02\/08-z-HatkoMulayimARA-300x32.png 300w\" sizes=\"(max-width: 462px) 100vw, 462px\" \/><\/p>\n<p>24 Mart 2014<\/p>\n<p>Mehmet Barlas soruyor: Obama&#8217;y\u0131 Putin de\u011fil de Erdo\u011fan m\u0131 kayg\u0131land\u0131r\u0131yor?<br \/>\nHatko M\u00fclayim soruyor: Kaf-Fed&#8217;i Erdo\u011fan de\u011fil de Putin mi kayg\u0131land\u0131r\u0131yor?<\/p>\n<p><img decoding=\"async\" class=\"alignnone size-full wp-image-2754\" src=\"http:\/\/circassiancenter.com\/tr\/wp-content\/uploads\/2019\/02\/08-z-HatkoMulayimARA.png\" alt=\"\" width=\"462\" height=\"50\" srcset=\"https:\/\/www.circassiancenter.com\/tr\/wp-content\/uploads\/2019\/02\/08-z-HatkoMulayimARA.png 462w, https:\/\/www.circassiancenter.com\/tr\/wp-content\/uploads\/2019\/02\/08-z-HatkoMulayimARA-300x32.png 300w\" sizes=\"(max-width: 462px) 100vw, 462px\" \/><\/p>\n<p>22 Mart 2014<\/p>\n<p>&#8221;O\u011flu Bilal Erdo\u011fan\u2019la konu\u015fmalar\u0131 bask\u0131c\u0131, karar verici, cezaland\u0131r\u0131c\u0131 bir baban\u0131n her t\u00fcrl\u00fc \u00f6rne\u011fini ta\u015f\u0131yor. \u00c7ocukken yanl\u0131\u015f yapt\u0131\u011f\u0131nda babas\u0131 taraf\u0131ndan ayaklar\u0131ndan tavana as\u0131lan, korkudan babas\u0131n\u0131n ayakkab\u0131lar\u0131n\u0131 \u00f6pen bir adamdan bahsediyoruz.&#8221; Bu laflar\u0131 Ergun Babahan yazm\u0131\u015f.<\/p>\n<p>Adigeler ve de \u00f6zellikle Kaf-Fed y\u00f6neticileri, nas\u0131l bir k\u00fclt\u00fcre sahip oldu\u011funuzu g\u00f6r\u00fcn. B\u00f6yle bir k\u00fclt\u00fcr\u00fc &#8221;es&#8221; ge\u00e7ip T\u00fcrkiye politikalar\u0131n\u0131n u\u015fa\u011f\u0131 olmay\u0131n. Sahip oldu\u011funuz Adige ailesi de\u011ferini \u00fc\u00e7-be\u015f dangala\u011f\u0131n pe\u015fine tak\u0131larak harcamay\u0131n, \u00f6zellikle siz gen\u00e7ler! E\u011fer bu kafada giderseniz baban\u0131z\u0131n ayakkab\u0131s\u0131n\u0131 \u00f6pmek durumunda kalacaks\u0131n\u0131z. Bunu g\u00f6rmek i\u00e7in m\u00fcneccim olmaya gerek yok!<\/p>\n<p><img decoding=\"async\" class=\"alignnone size-full wp-image-2754\" src=\"http:\/\/circassiancenter.com\/tr\/wp-content\/uploads\/2019\/02\/08-z-HatkoMulayimARA.png\" alt=\"\" width=\"462\" height=\"50\" srcset=\"https:\/\/www.circassiancenter.com\/tr\/wp-content\/uploads\/2019\/02\/08-z-HatkoMulayimARA.png 462w, https:\/\/www.circassiancenter.com\/tr\/wp-content\/uploads\/2019\/02\/08-z-HatkoMulayimARA-300x32.png 300w\" sizes=\"(max-width: 462px) 100vw, 462px\" \/><\/p>\n<p>21 Mart 2014<\/p>\n<p>Ya\u015fad\u0131\u011f\u0131m\u0131z topraklarda gerilim \u00e7ok artt\u0131. Tabiyat\u0131yla bu gerginlik Adigelere de yans\u0131yor. Aman dikkat. Onun bunun oyununa gelmeyin!<\/p>\n<p><img decoding=\"async\" class=\"alignnone size-full wp-image-2754\" src=\"http:\/\/circassiancenter.com\/tr\/wp-content\/uploads\/2019\/02\/08-z-HatkoMulayimARA.png\" alt=\"\" width=\"462\" height=\"50\" srcset=\"https:\/\/www.circassiancenter.com\/tr\/wp-content\/uploads\/2019\/02\/08-z-HatkoMulayimARA.png 462w, https:\/\/www.circassiancenter.com\/tr\/wp-content\/uploads\/2019\/02\/08-z-HatkoMulayimARA-300x32.png 300w\" sizes=\"(max-width: 462px) 100vw, 462px\" \/><\/p>\n<p>20 Mart 2014<\/p>\n<p>Daha d\u00fcn &#8221;Konuyu de\u011fi\u015ftireyim diyorum fakat adamlar durmuyor ki. Ku\u015f gribi gibi her yerdeler.&#8221; demi\u015ftim. Bu sefer de Eski AB Bakan\u0131 arkada\u015f ile Ankara&#8217;da Hacivat bir gazetecinin din ile dalga ge\u00e7me tapeleri ortal\u0131\u011fa sa\u00e7\u0131ld\u0131. Bu arkada\u015flar\u0131 bizim k\u00fcf\u00fcrbaz dinci Adigelere b\u0131rak\u0131p \u0131srarla konuyu de\u011fi\u015ftiriyorum.<\/p>\n<p>Nevzat Tarak\u00e7\u0131 bey karde\u015fimin yaz\u0131s\u0131 \u00e7ok \u00f6nemli bir yaraya parmak basm\u0131\u015f. O asil Adige gen\u00e7li\u011fi gitti yerine l\u00fcmpen, a\u011fz\u0131ndan \u00e7\u0131kan\u0131 kula\u011f\u0131 duymayan, etrafa posta koyan zibidiler geldi. Tabii t\u00fcm\u00fcyle onlar\u0131 su\u00e7lamak hata olur. Mesela dernekler ve y\u00f6neticileri bu gen\u00e7lere \u00f6nder olacak kapasitede ve kalitede de\u011fil. Tepe \u00f6rg\u00fct Kaf-Fed&#8217;ten pay bi\u00e7in. Adamlar\u0131n gen\u00e7lerin \u00f6n\u00fcn\u00fc a\u00e7acak gram \u00e7al\u0131\u015fmas\u0131 yok. Yapt\u0131klar\u0131 tek \u015fey, ellerine bayrak, pankart tutu\u015fturup Rus El\u00e7ili\u011fi \u00f6n\u00fcne yollamak. Ba\u015fka bir \u015fey yapamaz. \u00c7\u00fcnk\u00fc kapasite bu kadar. Ka\u011fn\u0131yla ancak saman ta\u015f\u0131rs\u0131n. Bunlar saman bile ta\u015f\u0131yam\u0131yor!<\/p>\n<p><img decoding=\"async\" class=\"alignnone size-full wp-image-2754\" src=\"http:\/\/circassiancenter.com\/tr\/wp-content\/uploads\/2019\/02\/08-z-HatkoMulayimARA.png\" alt=\"\" width=\"462\" height=\"50\" srcset=\"https:\/\/www.circassiancenter.com\/tr\/wp-content\/uploads\/2019\/02\/08-z-HatkoMulayimARA.png 462w, https:\/\/www.circassiancenter.com\/tr\/wp-content\/uploads\/2019\/02\/08-z-HatkoMulayimARA-300x32.png 300w\" sizes=\"(max-width: 462px) 100vw, 462px\" \/><\/p>\n<p>19 Mart 2014<\/p>\n<p>Konuyu de\u011fi\u015ftireyim diyorum fakat adamlar durmuyor ki. Ku\u015f gribi gibi her yerdeler. K\u0131l\u0131\u00e7taro\u011flu&#8217;nun program\u0131n\u0131 seyrettiniz mi bilmem. Kar\u015f\u0131s\u0131na farkl\u0131 siyasi g\u00f6r\u00fc\u015flerden gen\u00e7ler getirmi\u015fler. Ve hepsinin bir\u00e7ok yerli yerinde, bir miktarsa pek yersiz sorular\u0131 var. Bir de anti-kapitalist M\u00fcsl\u00fcmanlar\u2019dan Yasin isimli bir dingil kat\u0131lm\u0131\u015f, adam a\u015fa\u011f\u0131 yukar\u0131 her \u015feye kar\u015f\u0131! San\u0131rs\u0131n anar\u015fist! K\u0131l\u0131\u00e7daro\u011flu\u2019na \u201cHadi, peki buna ne diyeceksin\u201d tonlamas\u0131yla soru soruyor, cevab\u0131 bile dinlemeden \u201cYa b\u0131rak allasen, zaten her \u015fey yanl\u0131\u015f \u015fu d\u00fcnyada, ge\u00e7 bunlar\u0131\u0131ee\u201d tarz\u0131nda bir bak\u0131\u015f at\u0131yor.<\/p>\n<p>\u00dclen zibidi; birincisi M\u00fcsl\u00fcman&#8217;dan anti-kapilist olur mu? Kuran&#8217;\u0131 okumad\u0131n m\u0131? Miras, sadaka, sava\u015f ganimeti, fitre, zekat bunlar\u0131 -de\u011ferli Ba\u015fbakan&#8217;\u0131m\u0131z\u0131n deyi\u015fiyle- nerene sokacaks\u0131n?<\/p>\n<p>\u0130kincisi; soruyu soruyorsun cevab\u0131n\u0131 dinlesene balta!<\/p>\n<p>\u015eimdi de bu moda \u00e7\u0131kt\u0131. Sosyalist M\u00fcsl\u00fcman, anti-kapitalist M\u00fcsl\u00fcman, utanmasalar kom\u00fcnist M\u00fcsl\u00fcman da diyecekler de o biraz a\u011f\u0131r ka\u00e7ar diye oraya bula\u015fm\u0131yorlar.<\/p>\n<p>Belli oldu ki; say\u0131n ve de\u011ferli Ba\u015fbakan&#8217;\u0131m kusura bakmay\u0131n fakat art\u0131k AKP gitmeli. Yoksa art\u0131k kendi evimizdeki tuvalete girdi\u011fimizde bile bu t\u00fcr yarat\u0131klarla kar\u015f\u0131laca\u011f\u0131z!<\/p>\n<p><img decoding=\"async\" class=\"alignnone size-full wp-image-2754\" src=\"http:\/\/circassiancenter.com\/tr\/wp-content\/uploads\/2019\/02\/08-z-HatkoMulayimARA.png\" alt=\"\" width=\"462\" height=\"50\" srcset=\"https:\/\/www.circassiancenter.com\/tr\/wp-content\/uploads\/2019\/02\/08-z-HatkoMulayimARA.png 462w, https:\/\/www.circassiancenter.com\/tr\/wp-content\/uploads\/2019\/02\/08-z-HatkoMulayimARA-300x32.png 300w\" sizes=\"(max-width: 462px) 100vw, 462px\" \/><\/p>\n<p>18 Mart 2014<\/p>\n<p>Dinci kad\u0131n yazarlardan \u015eefkatli Tuksal&#8217;\u0131n ba\u015f\u0131na gelenler kedi yavrusunun ba\u015f\u0131na gelse o bile evi terkeder, bu inatla bekliyor. Bu kad\u0131nca\u011f\u0131z ilk \u00f6nce \u015fu akl\u0131 fikri bel alt\u0131nda olan dinci yazarla televizyonda bir tart\u0131\u015fmaya girmi\u015f, o arada adam\u0131n telefonu \u00e7alm\u0131\u015f, akl\u0131 hep bel alt\u0131nda oldu\u011fu i\u00e7in telefonu hoparl\u00f6re alan yobaz\u0131n telefondaki arkada\u015f\u0131 &#8221;\u015fu kad\u0131na haddini bildir hocam&#8221; demi\u015fti. Aha o dinci kad\u0131n me\u011fer tam dincilik yapamam\u0131\u015f ki, tapelere g\u00f6re de\u011ferli Ba\u015fbakan\u0131m\u0131z taraf\u0131ndan da h\u0131\u015fma u\u011fram\u0131\u015f ve de i\u015finden at\u0131lm\u0131\u015f. Ne g\u00fcnler ya\u015f\u0131yoruz de\u011fil mi a dostlar! Birbirlerini yiyorlar. Eeee, inanc\u0131n\u0131 siyasete meze yaparsan sonucuna katlan\u0131rs\u0131n!<\/p>\n<p><img decoding=\"async\" class=\"alignnone size-full wp-image-2754\" src=\"http:\/\/circassiancenter.com\/tr\/wp-content\/uploads\/2019\/02\/08-z-HatkoMulayimARA.png\" alt=\"\" width=\"462\" height=\"50\" srcset=\"https:\/\/www.circassiancenter.com\/tr\/wp-content\/uploads\/2019\/02\/08-z-HatkoMulayimARA.png 462w, https:\/\/www.circassiancenter.com\/tr\/wp-content\/uploads\/2019\/02\/08-z-HatkoMulayimARA-300x32.png 300w\" sizes=\"(max-width: 462px) 100vw, 462px\" \/><\/p>\n<p>17 Mart 2014<\/p>\n<p>Baz\u0131lar\u0131 \u015fa\u015f\u0131r\u0131yor. Diyorlar ki: &#8221;Yuhu adamlar h\u0131rs\u0131zl\u0131\u011f\u0131n rekorunu k\u0131rm\u0131\u015flar, ars\u0131zl\u0131k desen diz boyu, hala nas\u0131l % 38 oy \u00e7\u0131k\u0131yor ankatlerde&#8221;. Bunu s\u00f6yleyenler ya yurtd\u0131\u015f\u0131nda do\u011fmu\u015f b\u00fcy\u00fcm\u00fc\u015f veya ya\u015fad\u0131\u011f\u0131 toplumu hala tan\u0131yamam\u0131\u015f. Ya karde\u015fim bu toplumda r\u00fcsvet almayan memur konu\u015fmaya tak\u0131l\u0131nca uzaydan gelmi\u015f uzayl\u0131 muamelesi g\u00f6rmedi mi? Para bulup da sahibini arayan gazetelere man\u015fet olmuyor mu? R\u00fc\u015fvet almamak da, buldu\u011fun paray\u0131 sahibine iade etmen de normal insan tavr\u0131 de\u011fil mi. Evet normal olan her insan bunlar\u0131 yapar zaten fakat T\u00fcrk toplumunda 100 ki\u015fiden (buna bizimkiler de dahil) 90&#8217;\u0131 r\u00fc\u015fvet de al\u0131r, buldu\u011fu paray\u0131 da cebe indirir, kendimizi kand\u0131rmayal\u0131m. Eh b\u00f6yle bir insanlar birli\u011fi de bu iktidara % 38 gibi bir oy verir. Bu \u015fa\u015f\u0131lacak bir \u015fey de\u011fildir.<\/p>\n<p><img decoding=\"async\" class=\"alignnone size-full wp-image-2754\" src=\"http:\/\/circassiancenter.com\/tr\/wp-content\/uploads\/2019\/02\/08-z-HatkoMulayimARA.png\" alt=\"\" width=\"462\" height=\"50\" srcset=\"https:\/\/www.circassiancenter.com\/tr\/wp-content\/uploads\/2019\/02\/08-z-HatkoMulayimARA.png 462w, https:\/\/www.circassiancenter.com\/tr\/wp-content\/uploads\/2019\/02\/08-z-HatkoMulayimARA-300x32.png 300w\" sizes=\"(max-width: 462px) 100vw, 462px\" \/><\/p>\n<p>15 Mart 2014<\/p>\n<p>D\u00fcn yazd\u0131klar\u0131mdan dolay\u0131 hem tenkit edildim, hem takdir g\u00f6rd\u00fcm. Hayret etti\u011fim bana ana avrat k\u00fcfreden dinci Adigelerden biri de takdir ediyordu. Tenkit eden bir okuyucum Burakcan&#8217;\u0131n vuruldugu b\u00f6lgede oldu\u011funu, olay\u0131 g\u00f6remedi\u011fini fakat ilk tabacayla ate\u015fin Burakcan&#8217;\u0131n oldu\u011fu taraftan geldi\u011fini yazm\u0131\u015f ve haks\u0131zl\u0131k yapmay\u0131n demi\u015f. \u0130\u015fte ben de tam bunu diyorum. Ya\u015f\u0131n\u0131z belki yetmemi\u015ftir, fakat biz 12 Eyl\u00fcl&#8217;\u00fcn \u00f6ncesini bizzat ya\u015fam\u0131\u015f insanlar\u0131z. Bu i\u015fler b\u00f6yle ba\u015flar. Fa\u015fist sol demem bu sebeple. T\u00fcrkiye&#8217;de sa\u011f her zaman sa\u011f gibi olmu\u015ftur fakat sol hi\u00e7bir zaman sol gibi olmam\u0131\u015ft\u0131r. Bak\u0131n i\u015fte Perin\u00e7ek bile ben solcuyum diyebiliyor. Yahu Perin\u00e7ek T\u00fcrke\u015f&#8217;ten bile ileri fa\u015fisttir. Ne solcusu. Ayn\u0131 \u015fekilde &#8221;Karao\u011flan&#8221;\u0131n\u0131z Ecevit&#8217;te a\u015f\u0131r\u0131 sa\u011fc\u0131 fa\u015fistin biriydi. \u0130steyenle istedi\u011fi kadar bu konuyu derinlemesine tart\u0131\u015f\u0131r\u0131m. Benim dedi\u011fim \u015fu: Hi\u00e7bir genci hi\u00e7bir \u00e7ocu\u011fu topra\u011f\u0131n alt\u0131na sokmaya sebep \u00fcretemezsiniz. Analar\u0131n babalar\u0131n y\u00fcreklerine ate\u015fi d\u00fc\u015f\u00fcremezsiniz. E\u011fer d\u00fc\u015f\u00fcr\u00fcyorsan\u0131z siz fa\u015fistsinizdir. Bu kadar basit.<\/p>\n<p>Gelelim bir de \u015fu mafya \u00f6zentisi dangalaklara. Milletin can\u0131 s\u0131kk\u0131n, \u00fczg\u00fcn, daralm\u0131\u015f, metroda yolculuk yap\u0131yorlar ve Berkin&#8217;i an\u0131yorlar. \u0130ki dangalak day\u0131lan\u0131yor ve k\u00fcf\u00fcrler ederek kalabal\u0131\u011fa kafa tutuyor. Videosu You Tube&#8217;da var. (CC Notu: Say\u0131n Hatko&#8217;nun s\u00f6z\u00fcn\u00fc etti\u011fi videoyu yukarda izleyebilirsiniz.) Birinin elinde tabanca, di\u011ferinin elinde b\u0131\u00e7ak. Baya bir k\u00fcfrediyorlar oradaki yolculara. Sonra olan oluyor. Bu iki sala\u011f\u0131 e\u015fek sudan gelinceye kadar d\u00f6v\u00fcyor yolcular. \u0130ki dangalaktan biri &#8221;Hata yapt\u0131k baba&#8221; diyor dayaktan sonra.<\/p>\n<p>Esas\u0131nda bu t\u00fcr adamlar\u0131 g\u00fcnl\u00fck hayat\u0131n\u0131zda sokakta s\u0131k\u00e7a g\u00f6r\u00fcrs\u00fcn\u00fcz. Kollar\u0131 yanlara a\u00e7\u0131k, yenge\u00e7 gibi y\u00fcr\u00fcrler. A\u011f\u0131r abi gibi garip tamlamalar koyarlar adlar\u0131n\u0131n \u00f6n\u00fcne. Tam ac\u0131nacak adamlard\u0131r. Tutunamam\u0131\u015f, sistem taraf\u0131ndan itilmi\u015f kak\u0131lm\u0131\u015f adamlard\u0131r. Ama netice de dangalakt\u0131rlar. B\u00f6yle dayak yer gezerler.<\/p>\n<p><img decoding=\"async\" class=\"alignnone size-full wp-image-2754\" src=\"http:\/\/circassiancenter.com\/tr\/wp-content\/uploads\/2019\/02\/08-z-HatkoMulayimARA.png\" alt=\"\" width=\"462\" height=\"50\" srcset=\"https:\/\/www.circassiancenter.com\/tr\/wp-content\/uploads\/2019\/02\/08-z-HatkoMulayimARA.png 462w, https:\/\/www.circassiancenter.com\/tr\/wp-content\/uploads\/2019\/02\/08-z-HatkoMulayimARA-300x32.png 300w\" sizes=\"(max-width: 462px) 100vw, 462px\" \/><\/p>\n<p>14 Mart 2014<\/p>\n<p>Gariban ana-babalar\u0131 a\u011flatmaya, y\u00fcreklerine ate\u015f d\u00fc\u015f\u00fcrmeye d\u00fcn de davam ettiler. \u00dcstelik bu sefer eli kanl\u0131 Fa\u015fist Sol \u00f6rg\u00fctt\u00fc kibriti \u00e7alan. Ya\u015fad\u0131\u011f\u0131m\u0131z topraklar bir okuyucumun da dedi\u011fi gibi kana doymuyor, bizim ku\u015fak buna en iyi \u015fahittir. Daha \u00f6nce de demi\u015ftim bu bir ilahi adalet.<\/p>\n<p>Ya\u015fad\u0131\u011f\u0131mz\u0131 topraklarda i\u015fler iyi gitmiyor. D\u00fczelece\u011fi de yok gibi. \u00d6ld\u00fcr\u00fclen Burakcan&#8217;\u0131n babas\u0131 Hasan Karamano\u011flu&#8217;nun a\u011flarken fotograf\u0131n\u0131 g\u00f6rd\u00fcm gazetede. O teti\u011fi \u00e7eken namussuz sana sesleniyorum: Ellerin k\u0131r\u0131ls\u0131n! Bir genci topra\u011fa g\u00f6nderdi\u011fin, o babay\u0131 g\u00f6z\u00fc ya\u015fl\u0131 b\u0131rakt\u0131\u011f\u0131n i\u00e7in Tha senin belan\u0131 versin.<\/p>\n<p><img decoding=\"async\" class=\"alignnone size-full wp-image-2754\" src=\"http:\/\/circassiancenter.com\/tr\/wp-content\/uploads\/2019\/02\/08-z-HatkoMulayimARA.png\" alt=\"\" width=\"462\" height=\"50\" srcset=\"https:\/\/www.circassiancenter.com\/tr\/wp-content\/uploads\/2019\/02\/08-z-HatkoMulayimARA.png 462w, https:\/\/www.circassiancenter.com\/tr\/wp-content\/uploads\/2019\/02\/08-z-HatkoMulayimARA-300x32.png 300w\" sizes=\"(max-width: 462px) 100vw, 462px\" \/><\/p>\n<p>13 Mart 2014<\/p>\n<p>Bug\u00fcn\u00fc okuyucular\u0131mdan gelen mesajlara ay\u0131rd\u0131m.<\/p>\n<p>Murat Bey: Berkin i\u00e7in diyecek \u00e7ok \u015fey var. Ben sadece \u015funu diyeyim size. Berkin 14 ya\u015f\u0131nda ve 16 kg bu d\u00fcnyadan g\u00f6\u00e7\u00fcrt\u00fcld\u00fc. Anne ve babas\u0131n\u0131 ac\u0131lar i\u00e7inde b\u0131rakt\u0131lar. Dilerim ba\u015fta Berkin&#8217;i vuran polis olmak \u00fczere, Allah Fetullah G\u00fclen&#8217;i, Tayyip Erdo\u011fan&#8217;\u0131 ve onun emirlerini sadakatla yerine getirenleri Cehennem&#8217;de sonsuza kadar yakar.<\/p>\n<p>Seda Han\u0131m: Polis her zaman katil olmu\u015ftur. \u00c7oluk \u00e7ocuk demeden ate\u015f ederler. \u0130\u00e7inizde polise g\u00fcvenen bir insan \u00e7\u0131kar m\u0131?<\/p>\n<p>Seyhan Han\u0131m\/Bey: Berkin uyand\u0131ramad\u0131k. Ekmek almaya gitmi\u015fti oysa. Hepimizin sorumlulu\u011fu var. Mekan\u0131 cennet olsun. \u00c7ok \u00fczg\u00fcn\u00fcm \u00e7ok.<\/p>\n<p>\u0130rfan Bey: Berkin&#8217;e k\u0131yd\u0131lar, Allah belan\u0131z\u0131 versin.<\/p>\n<p>Adige Han\u0131m\/Bey: Adalete g\u00fcvenemiyoruz, Polise g\u00fcvenemiyoruz. \u00c7oluk \u00e7ocu\u011fumuzu kime emanet edece\u011fiz? Bek\u00e7i amcalar\u0131 \u00f6zledim.<\/p>\n<p>Kafkas Kartal\u0131 Han\u0131m\/Bey: Sadece Berkin de\u011fil Uludere&#8217;de katliam yapt\u0131lar. \u00c7oluk \u00e7ocuk 35 insan\u0131 \u00f6ld\u00fcrd\u00fcler. Ya bu \u00fclke kana ne zaman dolayacak? Yeter be yeter!<\/p>\n<p>Melike Han\u0131m: Ben de anneyim, ayn\u0131 ya\u015fta o\u011flum var Nart. O yobaz polislerin Allah belalar\u0131n\u0131 versin. D\u00f6kd\u00fckleri kanda bo\u011fulsunlar. Vurduklar\u0131 elleri k\u0131r\u0131ls\u0131n.<\/p>\n<p>Ender Bey: Bu \u00fclkenin polisi kadar a\u015fa\u011f\u0131l\u0131k komleksli, katil ruhlu, sadist bir polisin d\u00fcnya \u00fczerinde var oldu\u011funu sanm\u0131yorum. Berkin&#8217;in ailesine ba\u015fsa\u011fl\u0131\u011f\u0131 diliyorum.<\/p>\n<p>Esra Han\u0131m: \u015eeyh Alman yap\u0131m\u0131 arabas\u0131ndan indi, Rus yap\u0131m\u0131 asans\u00f6re bindi,<br \/>\n\u0130talyan yap\u0131m\u0131 kap\u0131y\u0131 a\u00e7arken Kore \u00fcretimi kefiyyesini ve Tayvan yap\u0131m\u0131 cilbab\u0131n\u0131 d\u00fczeltti.<\/p>\n<p>\u0130svi\u00e7re yap\u0131m\u0131 saatine bakt\u0131, Benglade\u015fli hizmet\u00e7isi ve \u00e7ocuklar\u0131n\u0131n Endonozyal\u0131 m\u00fcrebbiyesiyle Fin yap\u0131m\u0131 cep telefonuyla g\u00f6r\u00fc\u015ft\u00fc.<\/p>\n<p>Sonra a\u011f\u0131r ad\u0131mlarla Hollanda yap\u0131m\u0131 mikrona y\u00f6neldi ve \u00c7in yap\u0131m\u0131 kalemi sallayarak; &#8221;Sizi uyar\u0131yorum, sak\u0131n kravat takmay\u0131n. Muhakkak ki, kravat kafir Bat\u0131&#8217;n\u0131n bir sembol\u00fcd\u00fcr.&#8221; dedi.<\/p>\n<p>Not: Ayr\u0131ca 12 okuyucum da Berkin&#8217;in ailesine ba\u015fsa\u011fl\u0131\u011f\u0131 dilemi\u015ftir.<\/p>\n<p><img decoding=\"async\" class=\"alignnone size-full wp-image-2754\" src=\"http:\/\/circassiancenter.com\/tr\/wp-content\/uploads\/2019\/02\/08-z-HatkoMulayimARA.png\" alt=\"\" width=\"462\" height=\"50\" srcset=\"https:\/\/www.circassiancenter.com\/tr\/wp-content\/uploads\/2019\/02\/08-z-HatkoMulayimARA.png 462w, https:\/\/www.circassiancenter.com\/tr\/wp-content\/uploads\/2019\/02\/08-z-HatkoMulayimARA-300x32.png 300w\" sizes=\"(max-width: 462px) 100vw, 462px\" \/><\/p>\n<p>12 Mart 2014<\/p>\n<p>Fetullah&#8217;\u0131n polisleri, Tayyip&#8217;in emriyle torunum ya\u015f\u0131ndaki Berkin&#8217;i annesinin koynundan al\u0131p topra\u011f\u0131n koynuna soktular. Ac\u0131 ne b\u00fcy\u00fck, ne tarifsiz. Utanmadan taziye yay\u0131nl\u0131yorlar. E\u015f\u015feko\u011flu e\u015f\u015fekler! Tha topunuzun belas\u0131n\u0131 versin!<\/p>\n<p><img decoding=\"async\" class=\"alignnone size-full wp-image-2754\" src=\"http:\/\/circassiancenter.com\/tr\/wp-content\/uploads\/2019\/02\/08-z-HatkoMulayimARA.png\" alt=\"\" width=\"462\" height=\"50\" srcset=\"https:\/\/www.circassiancenter.com\/tr\/wp-content\/uploads\/2019\/02\/08-z-HatkoMulayimARA.png 462w, https:\/\/www.circassiancenter.com\/tr\/wp-content\/uploads\/2019\/02\/08-z-HatkoMulayimARA-300x32.png 300w\" sizes=\"(max-width: 462px) 100vw, 462px\" \/><\/p>\n<p>10 Mart 2014<\/p>\n<p>\u00c7o\u011fu okuyucum bilir, bilmeyenler i\u00e7in yazay\u0131m. Benim dinci, yobaz Adige okuyucular\u0131m da var. Di\u011fer Adigelerden farkl\u0131 olarak bunlar ele\u015ftirilerini a\u011f\u0131z dolusu k\u00fcf\u00fcrle yaparlar. Ben de aynen iade ederim, s\u00fcrt\u00fc\u015f\u00fcr gideriz. Gene biri yazm\u0131\u015f; efendim ben din d\u00fc\u015fman\u0131 oldu\u011fum i\u00e7in bu iktidara laf ediyormu\u015fum. Evet aynen \u00f6yle! Niye laf ediyorum? \u00c7\u00fcnk\u00fc d\u00fcrt\u00fcyorlar.<\/p>\n<p>Nas\u0131l m\u0131?<\/p>\n<p>\u015e\u00f6yle: Eski Ekonomi Bakan\u0131 ve AKP Mersin Milletvekili Zafer \u00c7a\u011flayan, \u201cNas\u0131l bir zihniyetle m\u00fccadele etti\u011fimizi bu millet \u00e7ok iyi g\u00f6r\u00fcyor. Sizlere anlataca\u011f\u0131m \u00e7ok \u015fey var. Ama bunlar\u0131 bize bir Yahudi, bir ateist, bir Zerd\u00fc\u015ft yapsa anlar\u0131m. Ama bunlar\u0131 yapan M\u00fcsl\u00fcman\u0131m diye ge\u00e7iniyorsa yaz\u0131klar olsun\u201d diyor.<\/p>\n<p>Adam, durduk yerde Yahudi&#8217;ye de ateiste de Zerd\u00fc\u015ft&#8217;e de k\u00fcf\u00fcr ediyor. Sanki milyon Dolarlar\u0131 Yahudi y\u00fcr\u00fctt\u00fc, sanki Zerd\u00fc\u015ft y\u00fcr\u00fctt\u00fc, sanki ben y\u00fcr\u00fctt\u00fcm. 700 bin Dolarl\u0131k &#8221;hediye&#8221; kol saatini Zafer \u00c7a\u011flayan de\u011fil de ben koluma takt\u0131m. Gel de kar\u015f\u0131l\u0131k verme.<\/p>\n<p>Ben yine sizi uyaray\u0131m; &#8221;Elhamd\u00fclillah M\u00fcsl\u00fcman&#8217;\u0131m&#8221; diyenden uzak durun.<\/p>\n<p><img decoding=\"async\" class=\"alignnone size-full wp-image-2754\" src=\"http:\/\/circassiancenter.com\/tr\/wp-content\/uploads\/2019\/02\/08-z-HatkoMulayimARA.png\" alt=\"\" width=\"462\" height=\"50\" srcset=\"https:\/\/www.circassiancenter.com\/tr\/wp-content\/uploads\/2019\/02\/08-z-HatkoMulayimARA.png 462w, https:\/\/www.circassiancenter.com\/tr\/wp-content\/uploads\/2019\/02\/08-z-HatkoMulayimARA-300x32.png 300w\" sizes=\"(max-width: 462px) 100vw, 462px\" \/><\/p>\n<p>08 Mart 2014<\/p>\n<p>Zaman su gibi ak\u0131yor derler de inanmay\u0131z. CC&#8217;de yazal\u0131 bir y\u0131l olmu\u015f. 8 Mart 2013&#8217;de ba\u015flam\u0131\u015f\u0131z muhalefete. Bu diasporan\u0131n halini g\u00f6rd\u00fck\u00e7e iktidar olamay\u0131p CHP gibi hep muhalefette kalaca\u011f\u0131m\u0131z belli oldu. Ger\u00e7i AKP gibi iktidar olaca\u011f\u0131ma muhalefet kal\u0131r\u0131m daha iyi. Bu arada okuyucular\u0131ma da ayr\u0131ca beni yaln\u0131z b\u0131rakmad\u0131klar\u0131 i\u00e7in te\u015fekk\u00fcr\u00fc bor\u00e7 biliyorum. Tabii ki, bir de CC y\u00f6netimine. Bir iste\u011fimi ikiletmediler. Sa\u011folsunlar, varolsunlar.<\/p>\n<p>Gazeteci Yal\u00e7\u0131n Do\u011fan yazmasa bilmeyecektim; eski Ba\u015fbakanlar\u0131m\u0131zdan Mesut Y\u0131lmaz&#8217;\u0131 &#8221;ihaleye fesat kar\u0131\u015ft\u0131rmak&#8221;tan Y\u00fcce Divan&#8217;a g\u00f6nderenler 43 AKP milletvekiliymi\u015f. Bu 43 kahraman yurtsever milletvekili \u015fimdi de Tayyip beyi Y\u00fcce Divan&#8217;a g\u00f6nderecekler mi yoksa bizim yurtseverler gibi s\u0131k\u0131y\u0131 g\u00f6r\u00fcnce kuyruklar\u0131n\u0131 s\u0131k\u0131\u015ft\u0131r\u0131p sinecekler mi? Bekleyip g\u00f6rece\u011fiz. Ger\u00e7i biz g\u00f6rd\u00fck de T\u00fcrk halk\u0131 g\u00f6recek mi?<\/p>\n<p><img decoding=\"async\" class=\"alignnone size-full wp-image-2754\" src=\"http:\/\/circassiancenter.com\/tr\/wp-content\/uploads\/2019\/02\/08-z-HatkoMulayimARA.png\" alt=\"\" width=\"462\" height=\"50\" srcset=\"https:\/\/www.circassiancenter.com\/tr\/wp-content\/uploads\/2019\/02\/08-z-HatkoMulayimARA.png 462w, https:\/\/www.circassiancenter.com\/tr\/wp-content\/uploads\/2019\/02\/08-z-HatkoMulayimARA-300x32.png 300w\" sizes=\"(max-width: 462px) 100vw, 462px\" \/><\/p>\n<p>07 Mart 2014<\/p>\n<p>Yemin ederim ki, AKP milleti salak yerine koyuyor. Bak\u0131n Adalet Bakan\u0131&#8217;m\u0131z Bekir Bozda\u011f beyefendi hazretleri ne diyor: &#8221;G\u00fclen&#8217;e k\u0131rm\u0131z\u0131 b\u00fclten \u00e7\u0131karma yetkimiz yok. Bu karar\u0131 yarg\u0131 verir.&#8221;<\/p>\n<p>Yediniz mi?<\/p>\n<p><img decoding=\"async\" class=\"alignnone size-full wp-image-2754\" src=\"http:\/\/circassiancenter.com\/tr\/wp-content\/uploads\/2019\/02\/08-z-HatkoMulayimARA.png\" alt=\"\" width=\"462\" height=\"50\" srcset=\"https:\/\/www.circassiancenter.com\/tr\/wp-content\/uploads\/2019\/02\/08-z-HatkoMulayimARA.png 462w, https:\/\/www.circassiancenter.com\/tr\/wp-content\/uploads\/2019\/02\/08-z-HatkoMulayimARA-300x32.png 300w\" sizes=\"(max-width: 462px) 100vw, 462px\" \/><\/p>\n<p>06 Mart 2014<\/p>\n<p>Her g\u00fcn ve de 5 vakit oldu\u011fu i\u00e7in art\u0131k duysak da beyin \u00f6nemsemedi\u011finden ezan rahats\u0131zl\u0131k vermiyor. Fakat oru\u00e7 zaman\u0131 ciddi olarak -hele bizim gibi k\u00fc\u00e7\u00fck yerlerde ya\u015fayanlar- tedirginlik ya\u015f\u0131yoruz. Oru\u00e7 tutanlardan s\u00fcrekli ikaz almaktan usan\u0131yor insan.<\/p>\n<p>Orucuma sayg\u0131l\u0131 ol kar\u015f\u0131mda sigara i\u00e7me! Peki olur i\u00e7meyelim.<br \/>\nOrucuma sayg\u0131l\u0131 ol kar\u015f\u0131mda yemek yeme! Peki olur yemeyelim.<br \/>\nOrucuma sayg\u0131l\u0131 ol kar\u015f\u0131mda su i\u00e7me! Peki olur i\u00e7meyelim.<\/p>\n<p>E\u015f\u015fe\u011fin o\u011flu sanki bana tutuyor orucu!<\/p>\n<p>Her \u015feyi kan\u0131ksar olduk ya; aman pisli\u011fe bula\u015faca\u011f\u0131na \u00e7evreyi dola\u015f diyoruz ya; yetmedi karde\u015fim. Bu dinciler art\u0131k iyiden iyiye az\u0131tt\u0131lar. \u0130stanbul AKP Milletvekili Metin K\u00fcl\u00fcnk Haber T\u00fcrk ekranlar\u0131nda yay\u0131nlanan &#8220;S\u00f6z Sende&#8221; program\u0131nda aynen \u015funu dedi: Yay\u0131nlanan kasetler g\u00fcnah i\u015fleme \u00f6zg\u00fcrl\u00fc\u011f\u00fcne bir m\u00fcdahaledir&#8230;<\/p>\n<p>Yani arkada\u015f diyor ki; &#8221;benim inanc\u0131ma m\u00fcdahale etme!&#8221;<\/p>\n<p>Sen beni soyup so\u011fana \u00e7evir. Yetimin hakk\u0131n\u0131 cebine indir. Ben &#8221;aman adam\u0131n g\u00fcnah i\u015fleme \u00f6zg\u00fcrl\u00fcne m\u00fcdahale etmeyeyim&#8221; diyeyim. Olur!<\/p>\n<p>Bu arada i\u00e7imde kalaca\u011f\u0131ndan aff\u0131n\u0131za s\u0131\u011f\u0131narak Mozambik Cumhuriyeti&#8217;nde bir adam i\u00e7in &#8221;\u00c7\u00fc\u00fc\u00fc\u00fc\u00fc\u00fc\u00fc\u00fc\u015f\u015f\u015f\u015f\u015f\u015f\u015f\u015f!&#8221; diyorum. \u00c7\u00fcnk\u00fc bu Mozambikli tarlada hala karasaban kullan\u0131yormu\u015f! Yahu niye evdeki trakt\u00f6r\u00fcn\u00fc kullanm\u0131yorsun diyenlere &#8221;inanc\u0131ma m\u00fcdahale etmeyin&#8221; diyormu\u015f!<\/p>\n<p><img decoding=\"async\" class=\"alignnone size-full wp-image-2754\" src=\"http:\/\/circassiancenter.com\/tr\/wp-content\/uploads\/2019\/02\/08-z-HatkoMulayimARA.png\" alt=\"\" width=\"462\" height=\"50\" srcset=\"https:\/\/www.circassiancenter.com\/tr\/wp-content\/uploads\/2019\/02\/08-z-HatkoMulayimARA.png 462w, https:\/\/www.circassiancenter.com\/tr\/wp-content\/uploads\/2019\/02\/08-z-HatkoMulayimARA-300x32.png 300w\" sizes=\"(max-width: 462px) 100vw, 462px\" \/><\/p>\n<p>05 Mart 2014<\/p>\n<p>Tha&#8217;ya \u015f\u00fck\u00fcrler olsun ki Adige&#8217;yim. Tamam beni sinirlendiriyorlar ve a\u011fz\u0131ma geleni s\u00f6yl\u00fcyorum amma&#8230; \u0130\u015fte &#8216;amma&#8217;ya gelince; yahu Ba\u015fbakan\u0131 milleti azarlar, hakaret eder. Muhalefeti milleti a\u015fa\u011f\u0131lar, hakaret eder. Valisi, polisi, zab\u0131tas\u0131, memuru, amiri, muhtar\u0131, m\u0131lletvekili -k\u0131sacas\u0131- g\u00fcc\u00fc, g\u00fcc\u00fcne yetene vurur ha vurur! \u0130\u015fte bu noktada Adige&#8217;li\u011fin ne kadar b\u00fcy\u00fck bir k\u00fclt\u00fcr oldu\u011fu ortaya \u00e7\u0131k\u0131yor. Bu kadar asimile olmam\u0131za ra\u011fmen hala i\u00e7imizde kalan k\u0131r\u0131nt\u0131lar sayesinde insan gibi davran\u0131yoruz. K\u0131ymetini bilin!<\/p>\n<p><img decoding=\"async\" class=\"alignnone size-full wp-image-2754\" src=\"http:\/\/circassiancenter.com\/tr\/wp-content\/uploads\/2019\/02\/08-z-HatkoMulayimARA.png\" alt=\"\" width=\"462\" height=\"50\" srcset=\"https:\/\/www.circassiancenter.com\/tr\/wp-content\/uploads\/2019\/02\/08-z-HatkoMulayimARA.png 462w, https:\/\/www.circassiancenter.com\/tr\/wp-content\/uploads\/2019\/02\/08-z-HatkoMulayimARA-300x32.png 300w\" sizes=\"(max-width: 462px) 100vw, 462px\" \/><\/p>\n<p>04 Mart 2014<\/p>\n<p>Ahmet Hakan karde\u015fim demi\u015f ki; &#8221;Bu halk koyun de\u011fildir!&#8221;<\/p>\n<p>Emin misin Ahmet?<\/p>\n<p><img decoding=\"async\" class=\"alignnone size-full wp-image-2754\" src=\"http:\/\/circassiancenter.com\/tr\/wp-content\/uploads\/2019\/02\/08-z-HatkoMulayimARA.png\" alt=\"\" width=\"462\" height=\"50\" srcset=\"https:\/\/www.circassiancenter.com\/tr\/wp-content\/uploads\/2019\/02\/08-z-HatkoMulayimARA.png 462w, https:\/\/www.circassiancenter.com\/tr\/wp-content\/uploads\/2019\/02\/08-z-HatkoMulayimARA-300x32.png 300w\" sizes=\"(max-width: 462px) 100vw, 462px\" \/><\/p>\n<p>03 Mart 2014<\/p>\n<p>Almanc\u0131 bir arkada\u015f\u0131m anlatt\u0131 d\u00fcn. Ge\u00e7en sene torununun Hannover&#8217;deki okulunda veli toplant\u0131s\u0131 olmu\u015f. T\u00fcm okulun velilerini spor salonunda toplam\u0131\u015flar. Okul m\u00fcd\u00fcr\u00fc \u00e7\u0131km\u0131\u015f k\u00fcrs\u00fcye &#8221;biliyorsunuz okulumuzun orkestras\u0131 i\u00e7in enstr\u00fcman almam\u0131z gerekiyordu. Bunun i\u00e7in sizlerden yard\u0131m da istemi\u015ftik. \u015eu anda i\u00e7inizde olan bir veli ihtiyac\u0131m\u0131z olan 20 bin Euro&#8217;yu kar\u015f\u0131lad\u0131. Kendisi ad\u0131n\u0131n a\u00e7\u0131klanmas\u0131n\u0131 istemedi o nedenle sadece alk\u0131\u015flaman\u0131z\u0131 rica ediyorum&#8221; demi\u015f. T\u00fcm salon alk\u0131\u015fla inlemi\u015f. Tabi yard\u0131m\u0131 yapan da alk\u0131\u015flad\u0131\u011f\u0131 i\u00e7in kimin yard\u0131m yapt\u0131\u011f\u0131n\u0131 yine kimse allayamam\u0131\u015f.<\/p>\n<p>Devletin paras\u0131yla \u00f6z\u00fcrl\u00fc bir kad\u0131na elektrikli sandalye alan ve utanmadan kad\u0131n\u0131 \u00fczerine oturtup, eline kurdela tutturup bunu keserek a\u00e7\u0131l\u0131\u015f yapan anlay\u0131\u015f ancak T\u00fcrkiye&#8217;de ya\u015fayabilir ve bu sebeple T\u00fcrkiye T\u00fcrkiye&#8217;dir, kendi cebindeki paray\u0131 ba\u011f\u0131\u015flay\u0131p ad\u0131n\u0131 a\u00e7\u0131klamayan veli Almaya&#8217;da ya\u015fayabilir ve bu sebeple Almanya Almanya&#8217;d\u0131r.<\/p>\n<p>CC y\u00f6netiminden rica da bulundum Milletin Kaf-Fed&#8217;ten \u00f6\u011frenmek istedi\u011fi soruyu daha g\u00f6r\u00fcn\u00fcr yere koymalar\u0131n\u0131 rica ettim. Onlarda k\u0131rmad\u0131lar ve sayfan\u0131n ba\u015f\u0131na ald\u0131lar. Bakal\u0131m cevab\u0131 ne zaman verecek bizim Ka-Fed.<\/p>\n<p>Cuma g\u00fcnk\u00fc sorumun cevab\u0131 da; de\u011ferli Ba\u015fbakan&#8217;\u0131m\u0131z Recep beydi.<\/p>\n<p><img decoding=\"async\" class=\"alignnone size-full wp-image-2754\" src=\"http:\/\/circassiancenter.com\/tr\/wp-content\/uploads\/2019\/02\/08-z-HatkoMulayimARA.png\" alt=\"\" width=\"462\" height=\"50\" srcset=\"https:\/\/www.circassiancenter.com\/tr\/wp-content\/uploads\/2019\/02\/08-z-HatkoMulayimARA.png 462w, https:\/\/www.circassiancenter.com\/tr\/wp-content\/uploads\/2019\/02\/08-z-HatkoMulayimARA-300x32.png 300w\" sizes=\"(max-width: 462px) 100vw, 462px\" \/><\/p>\n<p>28 \u015eubat 2014<\/p>\n<p>Gene CC Okuyucusu. \u015e\u00f6yle diyor: &#8221;M\u00fclayim a\u011fabey, iyi ki vars\u0131n\u0131z. Bizim d\u00fc\u015f\u00fcn\u00fcp de dile getiremediklerimizi siz a\u00e7\u0131k a\u00e7\u0131k s\u00f6yl\u00fcyorsunuz. Sizi \u00e7ok seviyorum. Ve size mutlu bir ya\u015fam diliyorum.<\/p>\n<p>M\u00fclayim a\u011fabey, H\u0131ncal Ulu\u00e7 beyin \u0130stanbul Trafik M\u00fcd\u00fcr\u00fc&#8217;yle olan diyalo\u011funu dile getirmi\u015ftiniz. Haberiniz olsun ad\u0131 ge\u00e7en Trafik M\u00fcd\u00fcr\u00fc H\u0131ncal beyi ekmi\u015f ve her \u015fey eski tas eski hamam devam ediyormu\u015f. H\u0131ncal bey fellik fellik m\u00fcd\u00fcr\u00fc ar\u0131yor. Konuyu do\u011fru tahlil etmi\u015fsiniz. Te\u015fekk\u00fcrler.&#8221;<\/p>\n<p>As\u0131l ben te\u015fekk\u00fcr ederim Gubse karde\u015fim. Varolunuz&#8230; B\u00f6yle dikkatli ve g\u00fcndemi takip eden gen\u00e7ler de olmasa \u00e7ekilir gibi de\u011fil buralar!<\/p>\n<p>&#8221;Milleti ayakta tutan en \u00f6nemli g\u00fc\u00e7 toplumsal ahlakt\u0131r. Bunun \u00fczerinde spek\u00fclasyona girenler var. Bunun \u00fczerinden ma\u011fduru oynayanlar var. Kusura bakmas\u0131nlar, b\u00f6yle bir anlay\u0131\u015f\u0131 kabul etmemiz m\u00fcmk\u00fcn de\u011fildir.&#8221; Sizce bu s\u00f6zleri s\u00f6yleyen kimdi? D\u00fc\u015f\u00fcn\u00fcn bakal\u0131m. Cevap yar\u0131n!<\/p>\n<p>23. G\u00fcn:<br \/>\nMillet Kaf-Fed&#8217;ten cevap bekliyor: T\u00fcrkiye, Ermenilere soyk\u0131r\u0131m yapt\u0131 m\u0131?<\/p>\n<p>27 \u015eubat 2014<\/p>\n<p>B\u0130L\u0130M ve TEKNOLOJ\u0130 Bakan\u0131\u2019n\u0131n, \u2019\u2019Ba\u015fbakan\u2019\u0131n ses kay\u0131tlar\u0131n\u0131n montaj oldu\u011funu hissediyorum\u2019\u2019 dedi\u011fi \u00fclke T\u00fcrkiye\u2019dir.<\/p>\n<p>De\u011ferli Ba\u015fbakan\u2019\u0131m\u0131z ve de\u011ferli o\u011flunun telefon kay\u0131tlar\u0131na hakk\u0131nda;<\/p>\n<p>AKP\u2019liler diyor ki, Ba\u015fbakan\u2019\u0131n o telefon konu\u015fmas\u0131n\u0131n yap\u0131ld\u0131\u011f\u0131 saatte bir televizyonda canl\u0131 yay\u0131ndayd\u0131. Bunun yalan oldu\u011fu hemen ortaya \u00e7\u0131kt\u0131.<br \/>\nAKP\u2019liler diyor ki, Ba\u015fbakan\u2019\u0131n k\u0131z\u0131n\u0131n o g\u00fcn \u0130stanbul\u2019da de\u011fil, Konya\u2019dayd\u0131. Al\u0131n size fotograf\u0131 da g\u00f6sterelim. Bunun da yalan oldu\u011fu hemen ortaya \u00e7\u0131kt\u0131. K\u0131z Konya\u2019da olmad\u0131\u011f\u0131 gibi, g\u00f6sterdikleri fotograf bir y\u0131l \u00f6ncesine ait \u00e7\u0131kt\u0131.<\/p>\n<p>AKP\u2019liler diyor ki, Amerika\u2019da bu i\u015flerde uzman olan bir \u015firket ses kayd\u0131n\u0131 inceledi ve montaj oldu\u011funa dair bir rapor da verdi. Bunun da yalan oldu\u011fu hemen ortaya \u00e7\u0131kt\u0131. \u015eirket y\u00f6neticisi b\u00f6yle bir inceleme yapmad\u0131klar\u0131n\u0131 a\u00e7\u0131klad\u0131.<\/p>\n<p>Demek ki neymi\u015f: \u2019\u2019Elhamd\u00fclillah M\u00fcsl\u00fcman\u2019\u0131m\u2019\u2019 diyenden uzak duracaks\u0131n!<\/p>\n<p>22. G\u00fcn:<br \/>\nMillet Kaf-Fed&#8217;ten cevap bekliyor: T\u00fcrkiye, Ermenilere soyk\u0131r\u0131m yapt\u0131 m\u0131?<\/p>\n<p><img decoding=\"async\" class=\"alignnone size-full wp-image-2754\" src=\"http:\/\/circassiancenter.com\/tr\/wp-content\/uploads\/2019\/02\/08-z-HatkoMulayimARA.png\" alt=\"\" width=\"462\" height=\"50\" srcset=\"https:\/\/www.circassiancenter.com\/tr\/wp-content\/uploads\/2019\/02\/08-z-HatkoMulayimARA.png 462w, https:\/\/www.circassiancenter.com\/tr\/wp-content\/uploads\/2019\/02\/08-z-HatkoMulayimARA-300x32.png 300w\" sizes=\"(max-width: 462px) 100vw, 462px\" \/><\/p>\n<p>26 \u015eubat 2014<\/p>\n<p>Diyelim ki;<\/p>\n<p>Bir devlet dairesinde memursunuz. \u015eefiniz size bir belgeyi imzalaman\u0131z i\u00e7in 100 Lira r\u00fc\u015fvet verdi.<\/p>\n<p>\u015eefinize M\u00fcd\u00fcr\u00fc 1.000 Lira r\u00fc\u015fvet verdi ayn\u0131 belge i\u00e7in.<br \/>\nM\u00fcd\u00fcr\u00fcn\u00fcze B\u00f6lge M\u00fcd\u00fcr\u00fc 10.000 Lira r\u00fc\u015fvet verdi ayn\u0131 belge i\u00e7in.<br \/>\nB\u00f6lge M\u00fcd\u00fcr\u00fcn\u00fcze Genel M\u00fcd\u00fcr\u00fc 100.000 Lira r\u00fc\u015fvet verdi ayn\u0131 belge i\u00e7in.<br \/>\nGenel M\u00fcd\u00fcr\u00fcn\u00fcze M\u00fc\u015fte\u015far 1.000.000 Lira r\u00fc\u015fvet verdi ayn\u0131 belge i\u00e7in.<br \/>\nM\u00fcste\u015far\u0131n\u0131za Bakan Yard\u0131mc\u0131s\u0131 10.000.000 Lira r\u00fc\u015fvet verdi ayn\u0131 belge i\u00e7in.<br \/>\nBakan Yard\u0131mc\u0131n\u0131za Bakan 100.000.000 Lira r\u00fc\u015fvet verdi ayn\u0131 belge i\u00e7in.<br \/>\nBakan\u0131n\u0131za Ba\u015fbakan 1.000.000.000 Lira r\u00fc\u015fvet verdi ayn\u0131 belge i\u00e7in.<\/p>\n<p>&#8230;ve soru\u015fturma a\u00e7\u0131ld\u0131 size geldiler. \u015eefinizden 100 Lira r\u00fc\u015fvet ald\u0131\u011f\u0131n\u0131z\u0131 s\u00f6yleyebilir misiniz?<\/p>\n<p>T\u00fcrkiye&#8217;de bu sebeple hi\u00e7bir zaman h\u0131rs\u0131zl\u0131klar\u0131n \u00f6n\u00fc al\u0131namam\u0131\u015ft\u0131r.<\/p>\n<p>21. G\u00fcn:<br \/>\nMillet Kaf-Fed&#8217;ten cevap bekliyor: T\u00fcrkiye, Ermenilere soyk\u0131r\u0131m yapt\u0131 m\u0131?<\/p>\n<p><img decoding=\"async\" class=\"alignnone size-full wp-image-2754\" src=\"http:\/\/circassiancenter.com\/tr\/wp-content\/uploads\/2019\/02\/08-z-HatkoMulayimARA.png\" alt=\"\" width=\"462\" height=\"50\" srcset=\"https:\/\/www.circassiancenter.com\/tr\/wp-content\/uploads\/2019\/02\/08-z-HatkoMulayimARA.png 462w, https:\/\/www.circassiancenter.com\/tr\/wp-content\/uploads\/2019\/02\/08-z-HatkoMulayimARA-300x32.png 300w\" sizes=\"(max-width: 462px) 100vw, 462px\" \/><\/p>\n<p>25 \u015eubat 2014<\/p>\n<p>Biliyorsunuz baz\u0131 yi\u011fit Adige y\u00f6neticileri &#8221;anavatana giderim ama hi\u00e7bir \u015fey vermiyorlar. Maa\u015f garanti etmiyorlar&#8221; gibisinden &#8221;avanta talebinde bulunmu\u015ftu. Ne yazk\u0131 ki say\u0131lar\u0131 da az de\u011fildi. Sonradan bu al\u0131\u015fkanl\u0131\u011fa d\u00f6n\u00fc\u015ft\u00fc evde yemeye ekme\u011fi olmayan, &#8221;d\u00f6n\u00fcm d\u00f6n\u00fcm arazi, ev, \u00e7iftlik falan verirlerse anavatana d\u00f6nerim&#8221; demeye ba\u015flad\u0131. Bunlar\u0131n kim olduklar\u0131 da internet sitelerinde kay\u0131tl\u0131d\u0131r. O zamanlar &#8221;Ulen demek ki, Adigelerin i\u00e7inden de \u015feref yoksunu \u00e7\u0131k\u0131yormu\u015f&#8221; demi\u015ftim. Me\u011fer bizimkilerin istekleri ne kadar da masummu\u015f!<\/p>\n<p>Gene de bu \u015feref yoksunlar\u0131ndan tek iste\u011fim var: Sa\u011fda solda Adige oldu\u011funuzu s\u00f6ylemeyin!<\/p>\n<p>20. G\u00fcn:<br \/>\nMillet Kaf-Fed&#8217;ten cevap bekliyor: T\u00fcrkiye, Ermenilere soyk\u0131r\u0131m yapt\u0131 m\u0131?<\/p>\n<p><img decoding=\"async\" class=\"alignnone size-full wp-image-2754\" src=\"http:\/\/circassiancenter.com\/tr\/wp-content\/uploads\/2019\/02\/08-z-HatkoMulayimARA.png\" alt=\"\" width=\"462\" height=\"50\" srcset=\"https:\/\/www.circassiancenter.com\/tr\/wp-content\/uploads\/2019\/02\/08-z-HatkoMulayimARA.png 462w, https:\/\/www.circassiancenter.com\/tr\/wp-content\/uploads\/2019\/02\/08-z-HatkoMulayimARA-300x32.png 300w\" sizes=\"(max-width: 462px) 100vw, 462px\" \/><\/p>\n<p>24 \u015eubat 2014<\/p>\n<p>Ya\u015fad\u0131\u011f\u0131m\u0131z topraklarda i\u015fler iyice kar\u0131\u015ft\u0131. Yalan dolan\u0131n bini bin para. Hukuksuzluk desen zaten H&#8217;si bile kalmad\u0131. Bizim Adige Abhazlar\u0131n bu hengame i\u00e7indeki durumlar\u0131 gene de iyi. Adige-Abhaz&#8217;dan h\u0131rs\u0131z olmaz demiyorum. Mutlaka vard\u0131r fakat en az\u0131ndan ars\u0131z\u0131m\u0131z yoktur! Birazc\u0131k olsun k\u00fclt\u00fcr\u00fcm\u00fczden nasiplenmi\u015f biri bu kadar madrabazl\u0131\u011fa bula\u015fmaz! O kadar!<\/p>\n<p>Sadece \u015fa\u015f\u0131rd\u0131\u011f\u0131m bir konu var. Adigelerin i\u00e7inde Fetullah\u00e7\u0131lar\u0131n oldu\u011fu kula\u011f\u0131ma geliyor. Benim bildi\u011fim Fetullah T\u00fcrk\u00e7\u00fc bir tip, Adigelerin onunla ne i\u015fi olur ki! Ayr\u0131ca tekin adam g\u00f6r\u00fcnt\u00fcs\u00fc de vermiyor, baksan\u0131za 7000 insan\u0131 dinlemi\u015f. &#8221;Din adam\u0131y\u0131m&#8221; diyen biri niye insanlar\u0131n telefonunu dinler ki? Aman Adigeler dikkat!<\/p>\n<p>19. G\u00fcn:<br \/>\nMillet Kaf-Fed&#8217;ten cevap bekliyor: T\u00fcrkiye, Ermenilere soyk\u0131r\u0131m yapt\u0131 m\u0131?<\/p>\n<p><img decoding=\"async\" class=\"alignnone size-full wp-image-2754\" src=\"http:\/\/circassiancenter.com\/tr\/wp-content\/uploads\/2019\/02\/08-z-HatkoMulayimARA.png\" alt=\"\" width=\"462\" height=\"50\" srcset=\"https:\/\/www.circassiancenter.com\/tr\/wp-content\/uploads\/2019\/02\/08-z-HatkoMulayimARA.png 462w, https:\/\/www.circassiancenter.com\/tr\/wp-content\/uploads\/2019\/02\/08-z-HatkoMulayimARA-300x32.png 300w\" sizes=\"(max-width: 462px) 100vw, 462px\" \/><\/p>\n<p>23 \u015eubat 2014<\/p>\n<p>Bu topraklar\u0131n havas\u0131ndan m\u0131d\u0131r suyundan m\u0131 bilmem ama entelekt\u00fcelle\u015ftik\u00e7e al\u00e7akg\u00f6n\u00fcll\u00fc ve sade olacaklar\u0131na z\u00fcppele\u015fiyor insanlar. Mesela H\u00fcrriyet ba\u015f yazar\u0131 Ertu\u011frul \u00d6zk\u00f6k. Yahu be adam sen entelekt\u00fcel bir gazeteci misin podyum mankeni mi? Giyim ku\u015famda bu kadar z\u00fcppele\u015fmenin manas\u0131 nedir?<\/p>\n<p>Bir de davran\u0131\u015f\u0131nda z\u00fcppele\u015fenler var. Buna iki \u00f6rnek vereyim. Biri bizim hem\u015ferimiz Murat Bardak\u00e7\u0131 di\u011feri \u0130lber Ortayl\u0131. Adamlar\u0131 dinlerken san\u0131rs\u0131n Osmanl\u0131 padi\u015fahlar\u0131n\u0131n ruhlar\u0131 bunlar\u0131n i\u00e7ine girmi\u015f. Acayip bir k\u00fcstahl\u0131k, acayip bir \u00fcst perde davran\u0131\u015f\u0131. Murat gene Adige k\u00f6kenli oldu\u011fu i\u00e7in biraz aile terbiyesi alm\u0131\u015f, \u0130lber t\u00fcmden z\u00fcppe. U\u011fur D\u00fcndar\u2019a \u00f6yle \u015feyler s\u00f6yl\u00fcyor ki, ulen bu laflar\u0131 bizim inisiyatif\u00e7iler bile s\u00f6ylemez.<\/p>\n<p>Bu kadar z\u00fcppe olan bir \u00fclkede ya\u015famak zor mu? Zor!<\/p>\n<p>Okuyucum Meral han\u0131m Kaf-Fed konusunda yazd\u0131klar\u0131ma kat\u0131ld\u0131\u011f\u0131n\u0131 belirmi\u015f ve eklemi\u015f; \u2018\u2019M\u00fclayim bey, belirtti\u011finiz gibi Kaf-Fed ancak burada s\u0131rt\u0131n\u0131 T\u00fcrkiye\u2019ye dayayarak Rus d\u00fc\u015fmanl\u0131\u011f\u0131 yapar. T\u00fcrk D\u0131\u015fi\u015fleri Bakan\u0131\u2019n\u0131n s\u00f6yledikleri yenilir yutulur \u015feyler mi? Neden Kaf-Fed D\u0131\u015f\u015fileri Bakanl\u0131\u011f\u0131 \u00f6n\u00fcne protesto eylemine gitmiyor da bildiri yay\u0131nlayarak ge\u00e7i\u015ftiriyor konuyu? Bir \u00c7erkes olarak bunun yan\u0131t\u0131n\u0131 istiyorum ve Kaf-Fed&#8217;i T\u00fcrk D\u0131\u015fi\u015fleri Bakanl\u0131\u011f\u0131 \u00f6n\u00fcne bekliyorum.\u2019\u2019<\/p>\n<p>Meral han\u0131m karde\u015fim, birincisi sen \u00c7erkes de\u011fil ya Adige\u2019sin ya Abhaz. \u0130kincisi Kaf-Fed D\u0131\u015fi\u015fleri Bakanl\u0131\u011f\u0131\u2019n\u0131n \u00f6n\u00fcne protesto eylemine gidebilir mi? Yer mi? S\u0131kar biraz. B\u0131rak\u0131n T\u00fcrk devletinin kurumu olan Kaf-Fed\u2019i herhangi bir Adige Abhaz grubu gidebilir mi? Hani \u015fu mangalda k\u00fcl b\u0131rakmayan vak\u0131f\u00e7\u0131, yurtsever, forumcu, inisiyatif\u00e7i falan var ya! Bunlar\u0131n topunu biraraya getirsen 5 para etmedikleri i\u015fte b\u00f6yle durumlarda ortaya \u00e7\u0131k\u0131yor maalesef. A\u011fababalar\u0131 arkalar\u0131nda de\u011filse; bunlar\u0131n merdiven altlar\u0131na nas\u0131l sakland\u0131klar\u0131n\u0131 biliriz de\u011ferli karde\u015fim.<\/p>\n<p>18. G\u00fcn:<br \/>\nMillet Kaf-Fed&#8217;ten cevap bekliyor: T\u00fcrkiye, Ermenilere soyk\u0131r\u0131m yapt\u0131 m\u0131?<\/p>\n<p><img decoding=\"async\" class=\"alignnone size-full wp-image-2754\" src=\"http:\/\/circassiancenter.com\/tr\/wp-content\/uploads\/2019\/02\/08-z-HatkoMulayimARA.png\" alt=\"\" width=\"462\" height=\"50\" srcset=\"https:\/\/www.circassiancenter.com\/tr\/wp-content\/uploads\/2019\/02\/08-z-HatkoMulayimARA.png 462w, https:\/\/www.circassiancenter.com\/tr\/wp-content\/uploads\/2019\/02\/08-z-HatkoMulayimARA-300x32.png 300w\" sizes=\"(max-width: 462px) 100vw, 462px\" \/><\/p>\n<p>22 \u015eubat 2014<\/p>\n<p>Gene \u0130stanbul&#8217;dan bir okuyucumuz \u0130smail bey: Cahit bey \u00e7ok iyimser bir oran yazm\u0131\u015f size. T\u00fcrkiye&#8217;deki \u00c7erkeslerin y\u00fczde 0.5&#8217;i de\u011fil binde 0.5&#8217;i derneklere gider veya \u00fcye olur. Dernekler bu bak\u0131mdan s\u0131n\u0131fta kalm\u0131\u015flard\u0131r. Kaf-Fed Ermeni soyk\u0131r\u0131m\u0131 konusunda bir \u015fey diyemez. Bo\u015fa beklersiniz. (\u0130smail bey, arzunuz \u00fczerine Cahit beye sizin e-mail adresinizi yollad\u0131k. CC).<\/p>\n<p>Prof. Dr. Mehmet Mutaf&#8230; Mehmet beyin \u00f6n\u00fcnde sayg\u0131yla e\u011filiyorum. Gaziantep T\u0131p&#8217;da g\u00f6revli bu arkada\u015f\u0131m\u0131z; 41 ya\u015f\u0131nda olan Asiye Engiz&#8217;in, bebekken tamamen yanan y\u00fcz\u00fcn\u00fc hastan\u0131n kendi dokular\u0131 kullanarak ameliyatlarla normal g\u00f6r\u00fcn\u00fcmde bir y\u00fcze kavu\u015fturmu\u015f. Gazetede fotograflar\u0131n\u0131 g\u00f6rd\u00fcm Asiye karde\u015fimin. Fevkalade&#8230;<\/p>\n<p>Bu \u00fclkede bu haberler de olmasa vallahi de billlahi de tillahi de ya\u015fan\u0131lmaz.<\/p>\n<p>Binlerce defa te\u015fekk\u00fcrler Prof. Dr. Mehmet Mutaf&#8230;<\/p>\n<p>17. G\u00fcn:<br \/>\nMillet Kaf-Fed&#8217;ten cevap bekliyor: T\u00fcrkiye, Ermenilere soyk\u0131r\u0131m yapt\u0131 m\u0131?<\/p>\n<p><img decoding=\"async\" class=\"alignnone size-full wp-image-2754\" src=\"http:\/\/circassiancenter.com\/tr\/wp-content\/uploads\/2019\/02\/08-z-HatkoMulayimARA.png\" alt=\"\" width=\"462\" height=\"50\" srcset=\"https:\/\/www.circassiancenter.com\/tr\/wp-content\/uploads\/2019\/02\/08-z-HatkoMulayimARA.png 462w, https:\/\/www.circassiancenter.com\/tr\/wp-content\/uploads\/2019\/02\/08-z-HatkoMulayimARA-300x32.png 300w\" sizes=\"(max-width: 462px) 100vw, 462px\" \/><\/p>\n<p>21 \u015eubat 2014<\/p>\n<p>\u0130stanbul&#8217;dan okuyucum Cahit bey \u015f\u00f6yle demi\u015f: Say\u0131n Hatko, Kaf-Fed ve benzeri kurumlar\u0131n ayakta durabilmesi i\u00e7in Rusya aleyhtar\u0131 propaganda yapmalar\u0131 elzemdir. \u00c7\u00fcnk\u00fc bu kurumlar\u0131n bilimsel, artistik ve ekonomik \u00e7aplar\u0131 ba\u015fka bir \u015fey yapmalar\u0131na izin vermez. D\u00fcnya politikas\u0131n\u0131n tek harfinden haberi olmayan Kaf-Fed ve benzeri dernek y\u00f6netimlerinden \u00e7ok fazla \u015fey beklemek anca hayal k\u0131r\u0131kl\u0131\u011f\u0131na neden olur. Ki, y\u0131llard\u0131r baz\u0131 dernekler \u00f6yle b\u00fcy\u00fck b\u00fcy\u00fck laflar ederlerken kiralar\u0131n\u0131 bile \u00f6deyemez durumdad\u0131rlar.<\/p>\n<p>Adige halk\u0131n\u0131n ezici \u00e7o\u011funlu\u011fu da bu derneklere zaten gitmemektedir. Yani Adige n\u00fcfusunun % 0.5&#8217;i derneklere gider ya da \u00fcye olur. \u00c7\u00fcnk\u00fc, derneklerin kendilerine katacaklar\u0131 hi\u00e7bir \u015feyin olmad\u0131\u011f\u0131n\u0131 bilmektedirler. Durum bu kadar vahimdir yani. Y\u0131llard\u0131r ahmak\u00e7a Rus d\u00fc\u015fmanl\u0131\u011f\u0131 yapan Kaf-Fed ve benzeri kurumlar donan\u0131ms\u0131zl\u0131kl\u0131k ve yetersizlikleriyle anca Rus B\u00fcy\u00fckel\u00e7ili\u011fi \u00f6n\u00fcne gidebilirler. Bu arada Kaf-Fed&#8217;in, Ermeni soyk\u0131r\u0131m\u0131na ili\u015fkin soruya ne cavap verece\u011fini merakla beklemekteyim. Sayg\u0131lar\u0131mla.<\/p>\n<p>16. G\u00fcn:<br \/>\nMillet Kaf-Fed&#8217;ten cevap bekliyor: T\u00fcrkiye, Ermenilere soyk\u0131r\u0131m yapt\u0131 m\u0131?<\/p>\n<p><img decoding=\"async\" class=\"alignnone size-full wp-image-2754\" src=\"http:\/\/circassiancenter.com\/tr\/wp-content\/uploads\/2019\/02\/08-z-HatkoMulayimARA.png\" alt=\"\" width=\"462\" height=\"50\" srcset=\"https:\/\/www.circassiancenter.com\/tr\/wp-content\/uploads\/2019\/02\/08-z-HatkoMulayimARA.png 462w, https:\/\/www.circassiancenter.com\/tr\/wp-content\/uploads\/2019\/02\/08-z-HatkoMulayimARA-300x32.png 300w\" sizes=\"(max-width: 462px) 100vw, 462px\" \/><\/p>\n<p>20 \u015eubat 2014<\/p>\n<p>Okuyucum Fatih \u00c7a\u011flar d\u00fcn yazd\u0131\u011f\u0131m Mara\u015f ve \u00c7orum olaylar\u0131n\u0131n \u00e7ok \u00e7ok geride kald\u0131\u011f\u0131n\u0131, hi\u00e7bir T\u00fcrk&#8217;\u00fcn bebek \u00f6ld\u00fcremeyece\u011fini yazm\u0131\u015f ve beni bu konuda ele\u015ftirmi\u015f. K\u00f6t\u00fc talih bu olsa gerek! Bug\u00fcn Mehmet Y. Y\u0131lmaz H\u00fcrriyet&#8217;teki k\u00f6\u015fesinde \u015funu yazm\u0131\u015f:<\/p>\n<p>&#8221;Ba\u015fbakan\u2019\u0131n \u00fcniversite rekt\u00f6rleri ile yapaca\u011f\u0131 toplant\u0131y\u0131 protesto etmek isteyen gen\u00e7lere polis sert bir m\u00fcdahalede bulunmu\u015ftu, hat\u0131rlars\u0131n\u0131z. Tarih 4 Aral\u0131k 2010 idi ve Ba\u015fbakan ile \u201cparalel yap\u0131\u201d, o g\u00fcnlerde canci\u011fer kuzu sarmas\u0131 durumundayd\u0131lar. Polis m\u00fcdahalesi s\u0131ras\u0131nda 19 ya\u015f\u0131ndaki E.\u00d6. isimli bir gen\u00e7 kad\u0131n polis taraf\u0131ndan d\u00f6v\u00fcld\u00fc. Polisin, \u201cHamileyim vurmay\u0131n\u201d diye \u00e7\u0131\u011fl\u0131k atan E.\u00d6.\u2019n\u00fcn \u00f6zellikle karn\u0131n\u0131 g\u00f6zeterek vurdu\u011fu g\u00f6rg\u00fc tan\u0131klar\u0131n\u0131n ifadelerinde de yer al\u0131yor. E.\u00d6. bu olay\u0131n ard\u0131ndan bebe\u011fini d\u00fc\u015f\u00fcrd\u00fc. Bebek katili o polislerden hen\u00fcz iz yok. Vicdandan s\u00f6z eden Ba\u015fbakan\u2019\u0131n bu olaydan s\u00f6z etti\u011fini, \u201cBenim demokratik hakk\u0131n\u0131 kullan\u0131p, izinli g\u00f6steriye kat\u0131lan karde\u015fimin bebe\u011fini d\u00fc\u015f\u00fcrd\u00fcler\u201d diye sa\u011fa sola sallad\u0131\u011f\u0131n\u0131 g\u00f6rd\u00fcn\u00fcz, duydunuz mu?&#8221;<\/p>\n<p>S\u00f6z sizin Fatih \u00c7a\u011flar bey karde\u015fim!<\/p>\n<p>15. G\u00fcn:<br \/>\nMillet Kaf-Fed&#8217;ten cevap bekliyor: T\u00fcrkiye, Ermenilere soyk\u0131r\u0131m yapt\u0131 m\u0131?<\/p>\n<p><img decoding=\"async\" class=\"alignnone size-full wp-image-2754\" src=\"http:\/\/circassiancenter.com\/tr\/wp-content\/uploads\/2019\/02\/08-z-HatkoMulayimARA.png\" alt=\"\" width=\"462\" height=\"50\" srcset=\"https:\/\/www.circassiancenter.com\/tr\/wp-content\/uploads\/2019\/02\/08-z-HatkoMulayimARA.png 462w, https:\/\/www.circassiancenter.com\/tr\/wp-content\/uploads\/2019\/02\/08-z-HatkoMulayimARA-300x32.png 300w\" sizes=\"(max-width: 462px) 100vw, 462px\" \/><\/p>\n<p>19 \u015eubat 2014<\/p>\n<p>Ahmet Hakan karde\u015fim; &#8221;Bu topraklar\u0131n tarihinin hi\u00e7bir d\u00f6neminde&#8230;S\u00fcnni, Alevi&#8230; T\u00fcrk, K\u00fcrt&#8230; Laik, dindar&#8230; Sol, sa\u011f&#8230; Hi\u00e7bir fay hatt\u0131ndan&#8230; \u201cBebek tekmeleme\u201d diye bir al\u00e7akl\u0131k \u00e7\u0131kmam\u0131\u015ft\u0131r.&#8221; demi\u015f.<\/p>\n<p>Kahramanmara\u015f ve \u00c7orum olaylar\u0131nda \u00f6ld\u00fcr\u00fclen bebekler i\u00e7in ne cevab\u0131 var merak ediyorum. Bildi\u011fim kadar\u0131yla bu iki \u015fehir T\u00fcrkiye Cumhuriyeti&#8217;nin topraklar\u0131. Yanl\u0131\u015f\u0131m varsa d\u00fczeltin!<\/p>\n<p>14. G\u00fcn:<br \/>\nMillet Kaf-Fed&#8217;ten cevap bekliyor: T\u00fcrkiye, Ermenilere soyk\u0131r\u0131m yapt\u0131 m\u0131?<\/p>\n<p><img decoding=\"async\" class=\"alignnone size-full wp-image-2754\" src=\"http:\/\/circassiancenter.com\/tr\/wp-content\/uploads\/2019\/02\/08-z-HatkoMulayimARA.png\" alt=\"\" width=\"462\" height=\"50\" srcset=\"https:\/\/www.circassiancenter.com\/tr\/wp-content\/uploads\/2019\/02\/08-z-HatkoMulayimARA.png 462w, https:\/\/www.circassiancenter.com\/tr\/wp-content\/uploads\/2019\/02\/08-z-HatkoMulayimARA-300x32.png 300w\" sizes=\"(max-width: 462px) 100vw, 462px\" \/><\/p>\n<p>18 \u015eubat 2014<\/p>\n<p>Bir okuyucum soruyor: M\u00fclayim Abi, herkes \u2019\u2019AKP iktidar\u0131 \u00e7ok yalanc\u0131, d\u00fczenbaz, \u00e7\u0131karc\u0131\u2019\u2019 diyor. Ama %50 oy al\u0131yorlar. Nas\u0131l oluyor bu? Cevap \u00e7ok basit Serpil karde\u015fim: T\u00fcrkiye\u2019nin % 50\u2019si yalanc\u0131, d\u00fczenbaz, \u00e7\u0131karc\u0131 da ondan al\u0131yor oyu.<\/p>\n<p>\u201c\u0130nsan utan\u0131r yahu!..\u201d Her yerde duyuyorum bu s\u00f6z\u00fc&#8230; Ama yok. Bunlar utanm\u0131yorlar. G\u00f6z\u00fcm\u00fcz\u00fcn i\u00e7ine baka baka \u00e7al\u0131p \u00e7\u0131rpan utanm\u0131yor. H\u0131rs\u0131zl\u0131\u011f\u0131, yolsuzlu\u011fu ayyuka \u00e7\u0131kan utanm\u0131yor, yalan s\u00f6yleyen utanm\u0131yor. Yalan\u0131 y\u00fcz\u00fcne vuruldu\u011funda yine utanm\u0131yor. Ayakkab\u0131 kutusundan utanm\u0131yor. Evindeki \u00e7elik kasalar, para sayma makinelerinden utanm\u0131yor.<\/p>\n<p>TV kanal\u0131na gazeteciye \u015funu koy, \u015funu kald\u0131r, \u015funu yaz, \u015funu yazma diyen utanm\u0131yor. Tamamd\u0131r, emredersiniz efendim diyen gazeteci utanm\u0131yor.<\/p>\n<p>Milletin anas\u0131na k\u00fcf\u00fcr eden utanm\u0131yor. Milyarlara \u201c\u00f6nemli de\u011fil, \u00fc\u00e7 be\u015f kuru\u015f\u201d diyen gen\u00e7 utanm\u0131yor. \u00c7ocu\u011funa doland\u0131r\u0131c\u0131l\u0131k \u00f6\u011f\u00fcd\u00fc verenler utanm\u0131yor. R\u00fc\u015fvet alan da veren de utanm\u0131yor.<\/p>\n<p>Aday g\u00f6sterilmedi\u011fi i\u00e7in partisini terk edip ba\u015fka bir partiye ge\u00e7en utanm\u0131yor. Urla\u2019daki villalara ili\u015fkin yalanlar\u0131 yaln\u0131z millet de\u011fil Google haritalar\u0131 g\u00f6r\u00fcyor: Kabata\u015f\u2019ta \u201cbac\u0131m\u0131za sald\u0131rd\u0131lar\u201d yalan\u0131n\u0131 kameralar g\u00f6r\u00fcyor. Yine utanan yok!\u2019\u2019 diyor Cumhuriyet\u2019ten Zeynep Oral. Tarihe not d\u00fc\u015fs\u00fcn!<\/p>\n<p>13. G\u00fcn:<br \/>\nMillet Kaf-Fed&#8217;ten cevap bekliyor: T\u00fcrkiye, Ermenilere soyk\u0131r\u0131m yapt\u0131 m\u0131?<\/p>\n<p><img decoding=\"async\" class=\"alignnone size-full wp-image-2754\" src=\"http:\/\/circassiancenter.com\/tr\/wp-content\/uploads\/2019\/02\/08-z-HatkoMulayimARA.png\" alt=\"\" width=\"462\" height=\"50\" srcset=\"https:\/\/www.circassiancenter.com\/tr\/wp-content\/uploads\/2019\/02\/08-z-HatkoMulayimARA.png 462w, https:\/\/www.circassiancenter.com\/tr\/wp-content\/uploads\/2019\/02\/08-z-HatkoMulayimARA-300x32.png 300w\" sizes=\"(max-width: 462px) 100vw, 462px\" \/><\/p>\n<p>17 \u015eubat 2014<\/p>\n<p>Bir Adige (diasporan\u0131n bir k\u0131sm\u0131n\u0131 katm\u0131yorum) ya da Adige kurumu, bir su\u00e7 ya da su\u00e7suzlu\u011fa ili\u015fkin elinde -farzedelim- bir video kayd\u0131 varsa; o videoyu insanlara hemen g\u00f6sterir ya da savc\u0131l\u0131\u011fa teslim eder.<\/p>\n<p>Ayn\u0131 \u015fekilde Alman da&#8230;<br \/>\nAyn\u0131 \u015fekilde \u0130ngiliz de&#8230;<br \/>\nAyn\u0131 \u015fekilde Rus da&#8230;<br \/>\nAyn\u0131 \u015fekilde Ermeni de&#8230;<br \/>\nAyn\u0131 \u015fekilde Yunan da&#8230;<br \/>\nAyn\u0131 \u015fekilde Bulgar da&#8230;<br \/>\nAyn\u0131 \u015fekilde Bolivyal\u0131 da&#8230;<br \/>\nAyn\u0131 \u015fekilde \u00c7inli de&#8230;<br \/>\nAyn\u0131 \u015fekilde Japon da&#8230;<\/p>\n<p>T\u00fcrk?<\/p>\n<p>\u0130\u015fte orada dur! T\u00fcrk bu videoyu rakibinin poziyonunu g\u00f6zetleyerek bekletir, zaman\u0131 \u2019\u2019manidar\u2019\u2019 olunca g\u00f6sterir!<\/p>\n<p>\u2019\u2019Biz, Ermenileri Yahudiler gibi durup dururken kesmeye ba\u015flamad\u0131k.\u2019\u2019 demi\u015f Ay\u015fe Kulin. Kaf-Fed a\u011fz\u0131ndaki baklay\u0131 bir t\u00fcrl\u00fc \u00e7\u0131karam\u0131yor bari yard\u0131mc\u0131 olay\u0131m dedim! G\u00fczel f\u0131rsat!<\/p>\n<p>12. G\u00fcn:<br \/>\nMillet Kaf-Fed&#8217;ten cevap bekliyor: T\u00fcrkiye, Ermenilere soyk\u0131r\u0131m yapt\u0131 m\u0131?<\/p>\n<p><img decoding=\"async\" class=\"alignnone size-full wp-image-2754\" src=\"http:\/\/circassiancenter.com\/tr\/wp-content\/uploads\/2019\/02\/08-z-HatkoMulayimARA.png\" alt=\"\" width=\"462\" height=\"50\" srcset=\"https:\/\/www.circassiancenter.com\/tr\/wp-content\/uploads\/2019\/02\/08-z-HatkoMulayimARA.png 462w, https:\/\/www.circassiancenter.com\/tr\/wp-content\/uploads\/2019\/02\/08-z-HatkoMulayimARA-300x32.png 300w\" sizes=\"(max-width: 462px) 100vw, 462px\" \/><\/p>\n<p>15 \u015eubat 2014<\/p>\n<p>Ya\u015fad\u0131\u011f\u0131m\u0131z topraklar hakk\u0131n hukukun olmad\u0131\u011f\u0131 bir co\u011frafyad\u0131r. Bunu &#8221;es&#8221; ge\u00e7ip anavatan\u0131m\u0131z hakk\u0131nda abuk subuk konu\u015ftuklar\u0131nda kafam\u0131n tas\u0131 at\u0131yor. Emin olun art niyet falan da aram\u0131yorum, o sebeble a\u00e7\u0131k\u00e7a yaz\u0131yorum; T\u00fcrkiye&#8217;deki bu durumu gaza getirip, anavatan hakk\u0131nda tek kelime k\u00f6t\u00fc s\u00f6z s\u00f6yleyen kat\u0131ks\u0131z dangalakt\u0131r.<\/p>\n<p>Gene niye dellendin derseniz, yahu de\u011ferli Ba\u015fbakan&#8217;\u0131m\u0131z\u0131n m\u00fcbarek o\u011flu savc\u0131 de\u011fi\u015ftikten sonra ifade vermeye gitmeye tevecc\u00fch buyurmu\u015f. Soruyorlar daha \u00f6nce niye gitmedin diye, el-cevap; \u00f6nceki savc\u0131 tarafl\u0131yd\u0131!<\/p>\n<p>Ulen savc\u0131 taraf olur mu? Olursa o memlekette adaletten kim bahsedebilir! Eh ben de bunlar\u0131 g\u00f6r\u00fcp, birka\u00e7 dangala\u011f\u0131n anavatan\u0131m\u0131z hakk\u0131nda konu\u015fmas\u0131na k\u0131z\u0131yorum. Ben dellenmeyim de Fidel Kastro mu dellensin!<\/p>\n<p>10. G\u00fcn:<br \/>\nMillet Kaf-Fed&#8217;ten cevap bekliyor: T\u00fcrkiye, Ermenilere soyk\u0131r\u0131m yapt\u0131 m\u0131?<\/p>\n<p><img decoding=\"async\" class=\"alignnone size-full wp-image-2754\" src=\"http:\/\/circassiancenter.com\/tr\/wp-content\/uploads\/2019\/02\/08-z-HatkoMulayimARA.png\" alt=\"\" width=\"462\" height=\"50\" srcset=\"https:\/\/www.circassiancenter.com\/tr\/wp-content\/uploads\/2019\/02\/08-z-HatkoMulayimARA.png 462w, https:\/\/www.circassiancenter.com\/tr\/wp-content\/uploads\/2019\/02\/08-z-HatkoMulayimARA-300x32.png 300w\" sizes=\"(max-width: 462px) 100vw, 462px\" \/><\/p>\n<p>14 \u015eubat 2014<\/p>\n<p>Rahmetli anam; o\u011flum bir adam sana g\u00f6stere g\u00f6stere namaz k\u0131l\u0131yorsa, bir kad\u0131n kara\u00e7ar\u015fafa giriyorsa (ya\u015fad\u0131\u011f\u0131 zamanlarda t\u00fcrban yoktu) bunlardan hem sen uzak dur hem aileni uzak tut, derdi. Dinin bizim Adigelere verdi\u011fi zarar\u0131 ne Osmanl\u0131 ne Rus vermi\u015ftir. Hani baz\u0131 baltalar soyk\u0131r\u0131m diyorlar ya as\u0131l soyk\u0131r\u0131m\u0131 din yapm\u0131\u015ft\u0131r. \u0130nanm\u0131yorsan\u0131z tarihi rotam\u0131za bak\u0131n; Adigeler ne zaman \u0130slam&#8217;\u0131 se\u00e7mi\u015fler i\u015fte o zaman bitmi\u015fler. Baz\u0131 hem\u015ferilerim hemen hoplamas\u0131n. \u0130slam&#8217;\u0131 se\u00e7ip de adam olmu\u015f bir tane \u00fclke, bir tane millet var m\u0131 d\u00fcnya dedi\u011fimiz co\u011frafyada? B\u0131rak\u0131n adam olmay\u0131, nerede cehalet var, nerede kan var, nerede namussuzluk var bir bak\u0131n!<\/p>\n<p>Bunlar\u0131 neden yaz\u0131yorum! Dini b\u00fct\u00fcn t\u00fcrbanl\u0131 bir bac\u0131m\u0131z &#8221;t\u00fcrbanl\u0131y\u0131m diye bana sald\u0131rd\u0131lar, \u00fcst\u00fcme idrarlar\u0131n\u0131 yapt\u0131lar&#8221; diye ortal\u0131\u011f\u0131 aya\u011fa kald\u0131rm\u0131\u015ft\u0131. Bug\u00fcn bu kad\u0131n\u0131n yalan s\u00f6yledi\u011fi ortaya \u00e7\u0131kt\u0131. Anam geldi akl\u0131ma. Yahu insanda biraz ar, namus olur! Hadi yalan s\u00f6yl\u00fcyorsun bunu niye t\u00fcrban\u0131na ba\u011fl\u0131yorsun? Benim heh\u015ferilerime tavsiyem uzak durun bu insanlardan! \u0130drar\u0131 bilmem ama bunlar\u0131n \u015ferri \u00fcst\u00fcn\u00fcz\u00fc felaket kirletir! Biz 160 y\u0131ld\u0131r temizleyemiyoruz i\u015fte, gerisini siz hesap edin!<\/p>\n<p>9. G\u00fcn:<br \/>\nMillet Kaf-Fed&#8217;ten cevap bekliyor: T\u00fcrkiye, Ermenilere soyk\u0131r\u0131m yapt\u0131 m\u0131?<\/p>\n<p><img decoding=\"async\" class=\"alignnone size-full wp-image-2754\" src=\"http:\/\/circassiancenter.com\/tr\/wp-content\/uploads\/2019\/02\/08-z-HatkoMulayimARA.png\" alt=\"\" width=\"462\" height=\"50\" srcset=\"https:\/\/www.circassiancenter.com\/tr\/wp-content\/uploads\/2019\/02\/08-z-HatkoMulayimARA.png 462w, https:\/\/www.circassiancenter.com\/tr\/wp-content\/uploads\/2019\/02\/08-z-HatkoMulayimARA-300x32.png 300w\" sizes=\"(max-width: 462px) 100vw, 462px\" \/><\/p>\n<p>13 \u015eubat 2014<\/p>\n<p>Hani \u015fu T\u00fcrkl\u00fc\u011f\u00fcyle g\u00f6\u011fs\u00fcn\u00fc gere gere \u00f6v\u00fcnen Wub\u0131h abimiz H\u0131ncal Ulu\u00e7 var ya, yine d\u00f6kt\u00fcrm\u00fc\u015f. Takip edenler bilir; abimiz Milli \u0130stibarat&#8217;\u0131n trafik \u015fube polisidir, bakmay\u0131n siz gazeteciyim demesine. Bug\u00fcn (d\u00fcn) yine bir ka\u00e7 plakay\u0131 \u0130stanbul Trafik M\u00fcd\u00fcr\u00fc&#8217;ne \u015fikayet ettikten sonra, m\u00fcd\u00fcr\u00fcn &#8221;Araba \u00fcst\u00fcne tak\u0131lan mavi fla\u015f\u00f6rleri yasaklatt\u0131m H\u0131ncal Bey, bundan sonra kimse kullanamayacak&#8221; demesine pek keyiflenmi\u015f, kas\u0131m kas\u0131m kas\u0131larak; &#8221;Te\u015fekk\u00fcr ettim. Yeni M\u00fcd\u00fcrle en k\u0131sa zamanda bulu\u015fup sohbet etmek \u00fczere de s\u00f6zle\u015ftik.&#8221; demi\u015f.<\/p>\n<p>Yahu H\u0131ncal abi, y\u0131llar\u0131n gazetecisiyim diye hava at\u0131yorsun amma \u015funu d\u00fc\u015f\u00fcnemiyorsun; \u0130stanbul Trafik M\u00fcd\u00fcr\u00fc e\u011fer yasa d\u0131\u015f\u0131 bir trafik olay\u0131n\u0131 senin uyar\u0131nla fark\u0131na var\u0131yor ve de senin uyar\u0131nla engelliyorsa, o anlay\u0131\u015ftan hay\u0131r gelir mi? Bu kadar m\u0131 kocad\u0131n! Ne i\u015f?<\/p>\n<p>8. G\u00fcn:<br \/>\nMillet Kaf-Fed&#8217;ten cevap bekliyor: T\u00fcrkiye, Ermenilere soyk\u0131r\u0131m yapt\u0131 m\u0131?<\/p>\n<p><img decoding=\"async\" class=\"alignnone size-full wp-image-2754\" src=\"http:\/\/circassiancenter.com\/tr\/wp-content\/uploads\/2019\/02\/08-z-HatkoMulayimARA.png\" alt=\"\" width=\"462\" height=\"50\" srcset=\"https:\/\/www.circassiancenter.com\/tr\/wp-content\/uploads\/2019\/02\/08-z-HatkoMulayimARA.png 462w, https:\/\/www.circassiancenter.com\/tr\/wp-content\/uploads\/2019\/02\/08-z-HatkoMulayimARA-300x32.png 300w\" sizes=\"(max-width: 462px) 100vw, 462px\" \/><\/p>\n<p>12 \u015eubat 2014<\/p>\n<p>Amasya&#8217;da Mehmet Pa\u015fa Ortaokulu&#8217;nda din \u00f6\u011fretmeni olan Abdussamet Arslan&#8217;\u0131n derste &#8220;Bir S\u00fcnni, Alevi ile evlenirse y\u00fcz k\u0131rk k\u0131rba\u00e7 cezas\u0131 ile cezaland\u0131r\u0131l\u0131r, \u00e7ocuk yaparsa \u00f6l\u00fcr&#8221; demi\u015f ve eklemi\u015f: &#8221;Kurtulu\u015f Sava\u015f\u0131\u2019na yard\u0131m eden bayanlar\u0131n ba\u015f\u0131 kapal\u0131 oldu\u011fu i\u00e7in biz bu sava\u015f\u0131 kazand\u0131k, bug\u00fcn olsa kazanamay\u0131z.&#8221; Adam\u0131n ad\u0131nda meymenet yok. Ad\u0131 Abdussamet olandan nas\u0131l bir mant\u0131k \u00e7\u0131kar ki? Vaaaahhh zavall\u0131 T\u00fcrkiye&#8217;m! Bu hallere de d\u00fc\u015ft\u00fcn ya!<\/p>\n<p>7. G\u00fcn:<br \/>\nMillet Kaf-Fed&#8217;ten cevap bekliyor: T\u00fcrkiye, Ermenilere soyk\u0131r\u0131m yapt\u0131 m\u0131?<\/p>\n<p><img decoding=\"async\" class=\"alignnone size-full wp-image-2754\" src=\"http:\/\/circassiancenter.com\/tr\/wp-content\/uploads\/2019\/02\/08-z-HatkoMulayimARA.png\" alt=\"\" width=\"462\" height=\"50\" srcset=\"https:\/\/www.circassiancenter.com\/tr\/wp-content\/uploads\/2019\/02\/08-z-HatkoMulayimARA.png 462w, https:\/\/www.circassiancenter.com\/tr\/wp-content\/uploads\/2019\/02\/08-z-HatkoMulayimARA-300x32.png 300w\" sizes=\"(max-width: 462px) 100vw, 462px\" \/><\/p>\n<p>11 \u015eubat 2014<\/p>\n<p>FLA\u015e&#8230; FLA\u015e&#8230; FLA\u015e&#8230; Bir \u015feyi 40 defa s\u00f6ylersen olur, derler ya. Aha da oldu. Ba\u015fbakan Erdo\u011fan&#8217;\u0131n Kaf-Fed Ba\u015fkan\u0131&#8217;n\u0131 arad\u0131\u011f\u0131 dinlemelere tak\u0131lm\u0131\u015f. Baz\u0131 dostlar\u0131m tapeleri bana da yollad\u0131lar. Bu tam bir SKANDAL! Tapeler \u015f\u00f6yle:<\/p>\n<p>Tayyip Erdo\u011fan: Olmuyor Ya\u015far! &#8221;Ne demek Ba\u015fbakan \u00c7erkeslerin sesine kulak vermiyor.&#8221; daha ne verecem karde\u015fim. Yedi\u011finiz \u00f6n\u00fcn\u00fczde yemedi\u011finiz arkan\u0131zda.<br \/>\nYa\u015far Kaplankaya: Kem k\u00fcm!<br \/>\nTayyip Erdo\u011fan: Ne oldu? Sesin i\u00e7ine mi ka\u00e7t\u0131 Ya\u015far! Bak karde\u015fim ben Ruslara benzemem kodum mu iki seksen uzat\u0131r\u0131m! Biz seni o federasyonun ba\u015f\u0131na niye oturttuk? Senin g\u00f6revin Rus B\u00fcy\u00fckel\u00e7ili\u011fi \u00f6n\u00fc n\u00f6beti.<br \/>\nYa\u015far Kaplankaya: Emriniz olur efendim!<br \/>\nTayyip Erdo\u011fan: Gen\u00e7leri Ruslara d\u00fc\u015fman edip, k\u0131\u015fk\u0131rtacaks\u0131n ki, sana verdiklerimizi hak etmi\u015f olas\u0131n.<br \/>\nYa\u015far Kaplankaya: Zaten yapm\u0131yor muyum ha\u015fmetbap?<br \/>\nTayyip Erdo\u011fan: Tamam yap\u0131yorsun da arada bize ne \u00e7akmaya kalk\u0131yorsun denyo. Sen beni Putin mi sand\u0131n? Al\u0131r\u0131m dala\u011f\u0131n\u0131!<br \/>\nYa\u015far Kaplankaya: Hebele hebele&#8230;<br \/>\nTayyip Erdo\u011fan: Size biz ne kadar hak verirsek ona kanaat getireceksiniz. \u00d6yle K\u00fcrtlere \u00f6zenip abuk subuk taleplerde bulunma! Orada m\u0131s\u0131n eyyyyy?<br \/>\nYa\u015far Kaplankaya: Haniki haniki haniki&#8230;<br \/>\nTayyip Erdo\u011fan: Senin g\u00f6revin, bilim, sanat, spor alan\u0131nda geli\u015fmek isteyen gen\u00e7leri toplay\u0131p; &#8221;N&#8217;apcan\u0131z lan bilimi, sanat\u0131, sporu?! Ba\u015f\u0131m\u0131za adam m\u0131 olacaks\u0131n\u0131z? Al\u0131n elinize pankart\u0131, neyinize yetmiyor El\u00e7ilik \u00f6n\u00fc!&#8221; demek! K\u0131ro!<br \/>\nYa\u015far Kaplankaya: Zelili, zelili, zelili, zelili&#8230;<br \/>\nTayyip Erdo\u011fan: Hah \u015f\u00f6yle adam ol! Almayay\u0131m ayam\u0131n alt\u0131na!<br \/>\nYa\u015far Kaplankaya: Miniti miniti minitii&#8230;<br \/>\nTayyip Erdo\u011fan: Ulen Ya\u015far ben YED\u0130C H\u00fcsn\u00fc! Telefon \u015fakas\u0131 yapt\u0131m \u00fclen sana!<br \/>\nYa\u015far Kaplankaya: Zimiti heb\u00fclelil\u00fcp tiritripti h\u00fcl\u00fcl\u00fc h\u00fcl\u00fcl\u00fc&#8230; F\u0131\u0131rrt&#8230;<br \/>\nYED\u0130C H\u00fcsn\u00fc: \u015eaka yapt\u0131m o\u011flum ne a\u011fl\u0131yon? Ya\u015far&#8230; Ya\u015far&#8230; Orada m\u0131s\u0131n? T\u00fch gitti da\u011f gibi o\u011flan&#8230;<\/p>\n<p>Son bilgilere g\u00f6re Kaplankaya&#8217;n\u0131n sa\u011fl\u0131\u011f\u0131 yerinde&#8230; Rus B\u00fcy\u00fckel\u00e7ili\u011fi \u00fcn\u00fcnde n\u00f6bet tutmaya ba\u015flam\u0131\u015f. YED\u0130C H\u00fcsn\u00fc, \u015faka yapt\u0131\u011f\u0131n\u0131, Tayyip Erdo\u011fan&#8217;\u0131n sesini taklit etti\u011fini Kaplankaya&#8217;ya anlatmaya \u00e7al\u0131\u015ft\u0131\u011f\u0131 haberleri geliyor.<\/p>\n<p>6. G\u00fcn:<br \/>\nMillet Kaf-Fed&#8217;ten cevap bekliyor: T\u00fcrkiye, Ermenilere soyk\u0131r\u0131m yapt\u0131 m\u0131?<\/p>\n<p><img decoding=\"async\" class=\"alignnone size-full wp-image-2754\" src=\"http:\/\/circassiancenter.com\/tr\/wp-content\/uploads\/2019\/02\/08-z-HatkoMulayimARA.png\" alt=\"\" width=\"462\" height=\"50\" srcset=\"https:\/\/www.circassiancenter.com\/tr\/wp-content\/uploads\/2019\/02\/08-z-HatkoMulayimARA.png 462w, https:\/\/www.circassiancenter.com\/tr\/wp-content\/uploads\/2019\/02\/08-z-HatkoMulayimARA-300x32.png 300w\" sizes=\"(max-width: 462px) 100vw, 462px\" \/><\/p>\n<p>10 \u015eubat 2014<\/p>\n<p>Amerika&#8217;yla Rusya ezelden d\u00fc\u015fman birbirine. Bizim Kaf-Fed&#8217;in hamisi T\u00fcrkiye de cihan d\u00fc\u015fman\u0131 Rusya&#8217;n\u0131n. Amerika&#8217;yla T\u00fcrkiye ne yapt\u0131lar So\u00e7i hakk\u0131nda? Aslanlar gibi sporcu yeti\u015ftirdiler, yar\u0131\u015ft\u0131rd\u0131lar, yar\u0131\u015ft\u0131r\u0131yolar. D\u00fcnya bas\u0131n\u0131 Amerikal\u0131 sporcular\u0131n ba\u015far\u0131lar\u0131n\u0131 televizyonlardan, internetlerden ve yaz\u0131l\u0131 bas\u0131ndan milyarlarca insana duyuruyor. Tabii Amerikal\u0131 da gururlan\u0131yor.<\/p>\n<p>Bizim zontaralar da durum ne? Gittiler olimpiyat me\u015falesini s\u00f6nd\u00fcrmek i\u00e7in \u00fcflediler. Kafalar\u0131 ve \u00f6ng\u00f6r\u00fcleri bu kadar! Kafa olsa s\u00f6nd\u00fcrmesi imkans\u0131z olan ate\u015fe \u00fcfler mi? Bu \u00fcfler! Daha \u00f6nce de Kefken k\u0131y\u0131lar\u0131ndan anavatana ok att\u0131yd\u0131lar! Yani pa\u00e7alar\u0131ndan pespayelik, zavall\u0131l\u0131k ak\u0131yor.<\/p>\n<p>\u0130\u015fte \u00e7aps\u0131z, ilkesiz, onun bunun ma\u015fas\u0131 olursan\u0131z b\u00f6yle maymuna \u00e7evirirler adam\u0131. T\u00fcrkiye&#8217;de iyi k\u00f6t\u00fc bir itibar\u0131m\u0131z vard\u0131, bu kepazeler y\u00fcz\u00fcnden o da gitti.<\/p>\n<p>5. G\u00fcn:<br \/>\nMillet Kaf-Fed&#8217;ten cevap bekliyor: T\u00fcrkiye, Ermenilere soyk\u0131r\u0131m yapt\u0131 m\u0131?<\/p>\n<p><img decoding=\"async\" class=\"alignnone size-full wp-image-2754\" src=\"http:\/\/circassiancenter.com\/tr\/wp-content\/uploads\/2019\/02\/08-z-HatkoMulayimARA.png\" alt=\"\" width=\"462\" height=\"50\" srcset=\"https:\/\/www.circassiancenter.com\/tr\/wp-content\/uploads\/2019\/02\/08-z-HatkoMulayimARA.png 462w, https:\/\/www.circassiancenter.com\/tr\/wp-content\/uploads\/2019\/02\/08-z-HatkoMulayimARA-300x32.png 300w\" sizes=\"(max-width: 462px) 100vw, 462px\" \/><\/p>\n<p>07 \u015eubat 2014<\/p>\n<p>Ya\u011fmur ya\u011fs\u0131n diye 4 deve kesen bir \u00fclkede olimpiyat me\u015falesini \u00fcf\u00fcrerek s\u00f6nd\u00fcrmeye \u00e7al\u0131\u015fan anlay\u0131\u015f alk\u0131\u015flan\u0131r. Cehalet baka baka birbirine ge\u00e7er.<\/p>\n<p>Amma, sen o ate\u015fi \u00fcflerken elalemin Kazak\u2019\u0131 olimpiyatlara sahip \u00e7\u0131kt\u0131. D\u00fcnya o topraklar\u0131n bizim de\u011fil de Kazaklar\u0131n oldu\u011funu san\u0131yor. Kaf-Fed\u2019in k\u0131nas\u0131 haz\u0131r birazdan Kargo\u2019ya verece\u011fim.<\/p>\n<p>2. G\u00fcn:<br \/>\nMillet Kaf-Fed&#8217;ten cevap bekliyor: T\u00fcrkiye, Ermenilere soyk\u0131r\u0131m yapt\u0131 m\u0131?<\/p>\n<p><img decoding=\"async\" class=\"alignnone size-full wp-image-2754\" src=\"http:\/\/circassiancenter.com\/tr\/wp-content\/uploads\/2019\/02\/08-z-HatkoMulayimARA.png\" alt=\"\" width=\"462\" height=\"50\" srcset=\"https:\/\/www.circassiancenter.com\/tr\/wp-content\/uploads\/2019\/02\/08-z-HatkoMulayimARA.png 462w, https:\/\/www.circassiancenter.com\/tr\/wp-content\/uploads\/2019\/02\/08-z-HatkoMulayimARA-300x32.png 300w\" sizes=\"(max-width: 462px) 100vw, 462px\" \/><\/p>\n<p>06 \u015eubat 2014<\/p>\n<p>Okuyucu mektuplar\u0131na devam.<\/p>\n<p>&#8221;M\u00fclayim abi, \u00f6ncelikle sayg\u0131lar. Abi biliyorsunuz T\u00fcrkiye Rusya&#8217;n\u0131n da i\u00e7inde bulundu\u011fu \u015eangay Birli\u011fi&#8217;ne girmek i\u00e7in baya bir \u00e7aba g\u00f6steriyor. Olmaz da hani olur da \u015eangay Be\u015flisi&#8217;ne girersek Kaf-Fed ne yapacak, bir \u015feyler diyebilir misiniz bu konuda? Sayg\u0131lar.&#8221;<\/p>\n<p>De\u011ferli okuyucum, olmaz da e\u011fer olur da T\u00fcrkiye \u015eangay Be\u015flisi&#8217;ne girerse Kaf-Fed bu sefer Porto Riko El\u00e7ili\u011fi \u00f6n\u00fcne gider. Bundan zerre kadar \u015f\u00fcphen olmas\u0131n.<\/p>\n<p>1. G\u00fcn:<br \/>\nMillet Kaf-Fed&#8217;ten cevap bekliyor: T\u00fcrkiye, Ermenilere soyk\u0131r\u0131m yapt\u0131 m\u0131?<\/p>\n<p><img decoding=\"async\" class=\"alignnone size-full wp-image-2754\" src=\"http:\/\/circassiancenter.com\/tr\/wp-content\/uploads\/2019\/02\/08-z-HatkoMulayimARA.png\" alt=\"\" width=\"462\" height=\"50\" srcset=\"https:\/\/www.circassiancenter.com\/tr\/wp-content\/uploads\/2019\/02\/08-z-HatkoMulayimARA.png 462w, https:\/\/www.circassiancenter.com\/tr\/wp-content\/uploads\/2019\/02\/08-z-HatkoMulayimARA-300x32.png 300w\" sizes=\"(max-width: 462px) 100vw, 462px\" \/><\/p>\n<p>05 \u015eubat 2014<\/p>\n<p>Okuyuculardan bana yazmaya yer kalm\u0131yor. Ama velinimettir. Buyrun bir okuyucu daha.<\/p>\n<p>&#8221;Say\u0131n M\u00fclayim, sor bakal\u0131m Kaf-Fed&#8217;e, soyk\u0131r\u0131m soyk\u0131r\u0131m diye b\u00fcy\u00fckel\u00e7ilik \u00f6nlerinde s\u00fcrt\u00fcyorlar. Ermeni soyk\u0131r\u0131m\u0131 yapan T\u00fcrkiye i\u00e7in de sesleri \u00e7\u0131kacak m\u0131? Usta Kaf-Fed ne diyor bu hususta?&#8221;<\/p>\n<p>Valla bizim milletten korkulur. Hadi Kaf-Fed \u00e7\u0131k bakal\u0131m i\u015fin i\u00e7inden. T\u00fcrkler soyk\u0131r\u0131m yapmad\u0131lar desen a\u011fz\u0131ndan p\u00fcsk\u00fcrtt\u00fc\u011f\u00fcn t\u00fck\u00fcr\u00fck b\u0131y\u0131\u011f\u0131na \u00e7arpacak, yapt\u0131lar desen t\u00fck\u00fcr\u00fck sakal\u0131na gelecek.<\/p>\n<p>\u015eimdi anlad\u0131n\u0131z m\u0131 Kaf-Fed bu y\u00f6netimiyle neden tam bir \u00e7ad\u0131r tiyatrosu? \u00c7\u00fcnk\u00fc \u00e7aps\u0131z, cahil ne kadar adam varsa topland\u0131lar el\u00e7ilik \u00f6n\u00fcnde yat\u0131p kalk\u0131yorlar. M\u0131llet de bunlar\u0131n a\u011fz\u0131n\u0131n pay\u0131n\u0131 b\u00f6yle veriyor.<\/p>\n<p>Evet Kaf-Fed&#8217;e buradan \u00e7a\u011fr\u0131da bulunuyorum ve her g\u00fcn de bulunaca\u011f\u0131m. T\u00fcrkler Ermenilere soyk\u0131r\u0131m yapt\u0131 m\u0131? Ver bakal\u0131m cevab\u0131n\u0131 millete de g\u00f6relim boyunun \u00f6l\u00e7\u00fcs\u00fcn\u00fc!<\/p>\n<p>De\u011ferli Ba\u015fbakan\u0131m\u0131z ne demi\u015f bug\u00fcn (d\u00fcn); \u015euna &#8216;istifa et&#8217;, buna &#8216;istifa et&#8217; diyenler, \u00e7ok uzaklarda kalmas\u0131nlar, siyasetin yeri T\u00fcrkiye. Gelsinler siyaseti T\u00fcrkiye&#8217;de yaps\u0131nlar. Kaf-Fed&#8217;e duyurulur. Siyaset yapacaksan\u0131z anavatana! Hadi bakim \u00f6yle uzaktan uzaktan k\u0131\u015fk\u0131rtmac\u0131l\u0131kla olmaz bu i\u015fler!<\/p>\n<p><img decoding=\"async\" class=\"alignnone size-full wp-image-2754\" src=\"http:\/\/circassiancenter.com\/tr\/wp-content\/uploads\/2019\/02\/08-z-HatkoMulayimARA.png\" alt=\"\" width=\"462\" height=\"50\" srcset=\"https:\/\/www.circassiancenter.com\/tr\/wp-content\/uploads\/2019\/02\/08-z-HatkoMulayimARA.png 462w, https:\/\/www.circassiancenter.com\/tr\/wp-content\/uploads\/2019\/02\/08-z-HatkoMulayimARA-300x32.png 300w\" sizes=\"(max-width: 462px) 100vw, 462px\" \/><\/p>\n<p>04 \u015eubat 2014<\/p>\n<p>Okuyucum demi\u015f ki; KAF-FED TERS\u0130NE TAR\u0130H YAZDI!<\/p>\n<p>Devam etmi\u015f&#8230;<\/p>\n<p>Binlerce y\u0131l \u00f6nce, Sosr\u0131kua, ate\u015fi ma\u015faleyle Nartlara getirdi. Binlerce y\u0131l sonra, Nartlar\u0131n T\u00fcrkle\u015fmi\u015f torunlar\u0131ndan Kaf-Fed de yanan me\u015faleyi s\u00f6nd\u00fcrd\u00fc. Var\u0131n siz anlay\u0131n art\u0131k diasporan\u0131n ne halt oldu\u011funu, Kaf-Fed\u2019in kimin u\u015fakl\u0131\u011f\u0131n\u0131 yapt\u0131\u011f\u0131n\u0131!<\/p>\n<p>Ben de okuyucumuza ekleme yapay\u0131m: \u00c7erkeska giyip, kalpak takmakla Adige olunmuyormu\u015f demek ki! Adam\u0131n i\u00e7ine bakmak laz\u0131m adam m\u0131 diye!<\/p>\n<p><img decoding=\"async\" class=\"alignnone size-full wp-image-2754\" src=\"http:\/\/circassiancenter.com\/tr\/wp-content\/uploads\/2019\/02\/08-z-HatkoMulayimARA.png\" alt=\"\" width=\"462\" height=\"50\" srcset=\"https:\/\/www.circassiancenter.com\/tr\/wp-content\/uploads\/2019\/02\/08-z-HatkoMulayimARA.png 462w, https:\/\/www.circassiancenter.com\/tr\/wp-content\/uploads\/2019\/02\/08-z-HatkoMulayimARA-300x32.png 300w\" sizes=\"(max-width: 462px) 100vw, 462px\" \/><\/p>\n<p>01 \u015eubat 2014<\/p>\n<p>Legal-illegal dinlemeler g\u0131rla gidiyor yurdumda. Ba\u015fbakan\u0131 dinlemi\u015fler, k\u0131z\u0131n\u0131, o\u011flunu dinlemi\u015fler, Cumhurba\u015fkan\u0131n\u0131 dinlemi\u015fler, bakanlar\u0131 bakmayanlar\u0131 dinlemi\u015fler, Fetullah&#8217;\u0131 dinlemi\u015fler, bizim mahallenin bakkal\u0131n\u0131 bile dinlemi\u015fler. Dinlemekle kalmay\u0131p, bunlar\u0131 kaydedip, zaman\u0131 gelince haydaaa piyasaya. Insan ister istemez \u00fcrk\u00fcyor.<\/p>\n<p>Kaf-Fed&#8217;in bu kadar sa\u00e7malamas\u0131n\u0131n alt\u0131nda dinleme kay\u0131tlar\u0131 m\u0131 yat\u0131yor diye s\u00f6ylenirken arkada\u015f\u0131m lafa girdi; &#8221;Ya b\u0131rak allasen Kaf-Fed&#8217;i dinlemelerine ne gerek var, zaten istediklerini ikiletmiyor ki. Baksana o kadar derne\u011fin bir araya gelip de insanl\u0131k yarar\u0131na bir \u015fey yapt\u0131klar\u0131n\u0131 g\u00f6rd\u00fcn\u00fcz m\u00fc? Niye kap\u0131 kap\u0131 dola\u015f\u0131yorlar zannediyorsun, ba\u011fl\u0131l\u0131klar\u0131n\u0131 sunuyorlar.&#8221; Telefonlar\u0131 dinlemeye alan kurumun en rahat oldugu kar\u015f\u0131 kurum Kaf-Fed dersek yanl\u0131\u015f olmaz. Bo\u015funa m\u0131 el\u00e7ilik \u00f6n\u00fc n\u00f6betini devrald\u0131lar san\u0131yorsunuz!<\/p>\n<p><img decoding=\"async\" class=\"alignnone size-full wp-image-2754\" src=\"http:\/\/circassiancenter.com\/tr\/wp-content\/uploads\/2019\/02\/08-z-HatkoMulayimARA.png\" alt=\"\" width=\"462\" height=\"50\" srcset=\"https:\/\/www.circassiancenter.com\/tr\/wp-content\/uploads\/2019\/02\/08-z-HatkoMulayimARA.png 462w, https:\/\/www.circassiancenter.com\/tr\/wp-content\/uploads\/2019\/02\/08-z-HatkoMulayimARA-300x32.png 300w\" sizes=\"(max-width: 462px) 100vw, 462px\" \/><\/p>\n<p>30 Ocak 2014<\/p>\n<p>Ba\u015fbakan\u0131m\u0131z\u0131n \u201cucube\u201d diyerek y\u0131kt\u0131rd\u0131\u011f\u0131 Kars\u2019taki \u0130nsanl\u0131k An\u0131t\u0131 Heykeli ile ilgili olarak, heykelt\u0131ra\u015f Mehmet Aksoy\u2019un, Ba\u015fbakan\u2019a kar\u015f\u0131 a\u00e7t\u0131\u011f\u0131 tazminat davas\u0131 ileri bir tarihe at\u0131lm\u0131\u015f. Sebep: Mahkeme \u201cucube\u201d kelimesinin anlam\u0131n\u0131 T\u00fcrk Dil Kurumu\u2019na sormu\u015f, TDK\u2019dan yan\u0131t gelmedi\u011fi i\u00e7in de duru\u015fmay\u0131 ileri bir tarihe ertelemi\u015f. Yuh diyorum. Ulen kitap\u00e7\u0131dan bir TDK s\u00f6zl\u00fck almak akl\u0131n\u0131za gelmedi mi? Hadi mahkeme olarak \u00fc\u015fendiniz kitap\u00e7\u0131ya kadar gitmeye, \u00f6n\u00fcn\u00fczdeki bilgisayardan TDK sitesine giripte de mi bakamad\u0131n\u0131z? Yuh!<\/p>\n<p>Bu \u00fclkede davalar maalesef y\u0131llar s\u00fcrer. Hak hukuk ayaklar alt\u0131ndad\u0131r ve T\u00fcrk halk\u0131 adaletini kendi sa\u011flar. O sebeple de abart\u0131s\u0131z herkesin belinde bir silah vard\u0131r. T\u00fcm bunlar\u0131n \u0131\u015f\u0131\u011f\u0131nda bizim baz\u0131 ahmak hem\u015ferilerimiz hala o kopas\u0131ca dillerini anavatana uzat\u0131rlar. Yahu biraz izan sahibi olun be!<\/p>\n<p>Kaf-Fed&#8217;e not: Yak\u0131nda h\u00fck\u00fcmet kap\u0131n\u0131z\u0131 \u00e7alabilir. Korkmay\u0131n size madalya takmak i\u00e7in. Bug\u00fcn ki H\u00fcrriyet gazetesinde &#8221;Ukrayna par\u00e7alan\u0131rsa, T\u00fcrkiye\u2019nin K\u0131r\u0131m hakk\u0131 do\u011far&#8221; diye haber var. Sayenizde uzak de\u011fil anavatan\u0131m\u0131zda da kar\u0131\u015f\u0131kl\u0131k \u00e7\u0131karsa T\u00fcrkiye&#8217;de kahraman ilan edilirsiniz. Ne de olsa Kafkas T\u00fcrk&#8217;\u00fc oldu\u011funuz i\u00e7in size madalya takarlar. Ard\u0131ndan da &#8221;Adige Cumhuriyetleri par\u00e7alan\u0131rsa, T\u00fcrkiye\u2019nin Adigey hakk\u0131 do\u011far&#8221; diye man\u015fet atarlar. Siz uyuyun! So\u00e7i ve soyk\u0131r\u0131m zokas\u0131n\u0131 yutmaya devam edin! Yatacak yeriniz yok, yatacak!<\/p>\n<p><img decoding=\"async\" class=\"alignnone size-full wp-image-2754\" src=\"http:\/\/circassiancenter.com\/tr\/wp-content\/uploads\/2019\/02\/08-z-HatkoMulayimARA.png\" alt=\"\" width=\"462\" height=\"50\" srcset=\"https:\/\/www.circassiancenter.com\/tr\/wp-content\/uploads\/2019\/02\/08-z-HatkoMulayimARA.png 462w, https:\/\/www.circassiancenter.com\/tr\/wp-content\/uploads\/2019\/02\/08-z-HatkoMulayimARA-300x32.png 300w\" sizes=\"(max-width: 462px) 100vw, 462px\" \/><\/p>\n<p>29 Ocak 2014<\/p>\n<p>H\u0131ncal Ulu\u00e7&#8217;la Kaf-Fed aras\u0131ndaki fark nedir?<\/p>\n<p>H\u0131ncal Ulu\u00e7 a\u00e7\u0131k a\u00e7\u0131k T\u00fcrk oldu\u011funu fakat Wub\u0131h k\u00f6kenden geldi\u011fini s\u00f6yler.<\/p>\n<p>Kaf-Fed a\u00e7\u0131k a\u00e7\u0131k Adige oldu\u011funu fakat T\u00fcrk&#8217;ten daha T\u00fcrk oldu\u011funu s\u00f6ylemez!<\/p>\n<p><img decoding=\"async\" class=\"alignnone size-full wp-image-2754\" src=\"http:\/\/circassiancenter.com\/tr\/wp-content\/uploads\/2019\/02\/08-z-HatkoMulayimARA.png\" alt=\"\" width=\"462\" height=\"50\" srcset=\"https:\/\/www.circassiancenter.com\/tr\/wp-content\/uploads\/2019\/02\/08-z-HatkoMulayimARA.png 462w, https:\/\/www.circassiancenter.com\/tr\/wp-content\/uploads\/2019\/02\/08-z-HatkoMulayimARA-300x32.png 300w\" sizes=\"(max-width: 462px) 100vw, 462px\" \/><\/p>\n<p>28 Ocak 2014<\/p>\n<p>Demokrasiyi sindirmi\u015f toplumlarda \u00fcniformalar (polis, asker, koruyucu, g\u00fcvenlik vb.) o ki\u015finin g\u00fcvenlik g\u00f6revlisi oldu\u011funu belirtmek gayesiyle giydirilir. Demokrasiyi sindirememi\u015f toplumlarda ise \u00fcniformalar zalimlik arac\u0131 olarak kullan\u0131l\u0131r. Adam \u00fcniforma yokken bizim Kaf-Fed&#8217;in T\u00fcrkiye&#8217;deki konumu gibi m\u00fclayimdir. Yani vur ensesine elinden ekme\u011fini al. Fakat \u00fcniformay\u0131 giymeye g\u00f6rs\u00fcn i\u015fte kimse tutamaz art\u0131k onu. Ezilmi\u015fli\u011finin, sinikli\u011finin, i\u015fe yaramazl\u0131\u011f\u0131n\u0131n, cahilli\u011finin t\u00fcm h\u0131nc\u0131n\u0131 eline ge\u00e7irdi\u011fi su\u00e7lu, su\u00e7suz kim varsa ondan \u00e7\u0131kar\u0131r. \u00d6yle g\u00f6z\u00fc d\u00f6ner ki, kad\u0131n, \u00e7ocuk, hamile, ya\u015fl\u0131 kad\u0131n demez basar tekmeyi, indirir kafas\u0131na jopu. Geli\u015fmemi\u015f toplumlar\u0131n y\u00fczkaras\u0131d\u0131r \u00fcniforma! Bu ba\u011flamda Kaf-Fed&#8217;te T\u00fcrkiye Adige diasporas\u0131n\u0131n y\u00fczkaras\u0131d\u0131r. Siz g\u00f6remezsiniz ama onlar\u0131n da ceketlerinin alt\u0131nda T\u00fcrkiye \u00fcniformas\u0131 var!<\/p>\n<p><img decoding=\"async\" class=\"alignnone size-full wp-image-2754\" src=\"http:\/\/circassiancenter.com\/tr\/wp-content\/uploads\/2019\/02\/08-z-HatkoMulayimARA.png\" alt=\"\" width=\"462\" height=\"50\" srcset=\"https:\/\/www.circassiancenter.com\/tr\/wp-content\/uploads\/2019\/02\/08-z-HatkoMulayimARA.png 462w, https:\/\/www.circassiancenter.com\/tr\/wp-content\/uploads\/2019\/02\/08-z-HatkoMulayimARA-300x32.png 300w\" sizes=\"(max-width: 462px) 100vw, 462px\" \/><\/p>\n<p>27 Ocak 2014<\/p>\n<p>Okuyucu soruyor bana, &#8221;M\u00fclayim bey, Ba\u015fbakan&#8217;dan bahsederken \u00e7ok dikkatlisiniz, Fetullah&#8217;a \u00e7ok mu kar\u015f\u0131n\u0131z da b\u00f6yle yaz\u0131yorsunuz? A\u00e7\u0131klayay\u0131m. Prensip olarak onlarla i\u015fim olmaz. Hem Tayyip hem Fetullah, \u00fclkenin ba\u015f\u0131na bu g\u00fcne kadar gelmi\u015f en b\u00fcy\u00fck felakettir. O sebeple ikisine de ayn\u0131 mesafedeyim.<\/p>\n<p>Ammmaaaa!<\/p>\n<p>\u0130\u015fte bir &#8221;ama&#8221;s\u0131 var. Yani 40 sat\u0131r m\u0131 40 kat\u0131r m\u0131 hikayesi var ya! O misal ben Erdo\u011fan&#8217;\u0131 se\u00e7erim. \u00c7\u00fcnk\u00fc legal adamd\u0131r Ba\u015fbakan ve bir su\u00e7u olu\u011funda kanunlar kar\u015f\u0131s\u0131nda bunun hesab\u0131n\u0131 verir. Fetullah? \u0130\u015fte o \u00f6yle de\u011fil. Adam d\u00fcnyan\u0131n en karanl\u0131k \u00f6rg\u00fct\u00fcn\u00fcn ba\u015f\u0131. Yapt\u0131\u011f\u0131 hi\u00e7bir \u015feyi legal yapm\u0131yor (siyasi bak\u0131mdan diyorum). Onun i\u00e7in taraf olmam laz\u0131msa Erdo\u011fan derim!<\/p>\n<p><img decoding=\"async\" class=\"alignnone size-full wp-image-2754\" src=\"http:\/\/circassiancenter.com\/tr\/wp-content\/uploads\/2019\/02\/08-z-HatkoMulayimARA.png\" alt=\"\" width=\"462\" height=\"50\" srcset=\"https:\/\/www.circassiancenter.com\/tr\/wp-content\/uploads\/2019\/02\/08-z-HatkoMulayimARA.png 462w, https:\/\/www.circassiancenter.com\/tr\/wp-content\/uploads\/2019\/02\/08-z-HatkoMulayimARA-300x32.png 300w\" sizes=\"(max-width: 462px) 100vw, 462px\" \/><\/p>\n<p>25 Ocak 2014<\/p>\n<p>De\u011ferli Ba\u015fbakan&#8217;\u0131m\u0131z bug\u00fcn dedi ki CHP&#8217;ye; &#8221;Sar\u0131g\u00fcl&#8217;\u00fcn yolsuzluklar\u0131n\u0131 a\u00e7\u0131klaman\u0131z i\u00e7in size 2 g\u00fcn s\u00fcre a\u00e7\u0131klad\u0131n\u0131z a\u00e7\u0131klad\u0131n\u0131z&#8230;&#8221; Yok; vallahi, billahi, tillahi bu \u00fclke bitti art\u0131k. Yahu bir su\u00e7 varsa ne beklersin? Su\u00e7 tehdit arac\u0131 olarak kullan\u0131l\u0131r m\u0131?<\/p>\n<p><img decoding=\"async\" class=\"alignnone size-full wp-image-2754\" src=\"http:\/\/circassiancenter.com\/tr\/wp-content\/uploads\/2019\/02\/08-z-HatkoMulayimARA.png\" alt=\"\" width=\"462\" height=\"50\" srcset=\"https:\/\/www.circassiancenter.com\/tr\/wp-content\/uploads\/2019\/02\/08-z-HatkoMulayimARA.png 462w, https:\/\/www.circassiancenter.com\/tr\/wp-content\/uploads\/2019\/02\/08-z-HatkoMulayimARA-300x32.png 300w\" sizes=\"(max-width: 462px) 100vw, 462px\" \/><\/p>\n<p>24 Ocak 2014<\/p>\n<p>Me\u015fhur f\u0131krad\u0131r. Bilmeyenleriniz i\u00e7in k\u0131saca tekrarlayay\u0131m: Adam h\u0131rs\u0131z. Bankaya girmi\u015f eller yukar\u0131 s\u00f6k\u00fcl\u00fcn paralar\u0131 demi\u015f. Bu arada polis ekibi de oradan ge\u00e7iyormu\u015f, g\u00f6rm\u00fc\u015fler dalm\u0131\u015flar i\u00e7eri, yakalam\u0131\u015flar h\u0131rs\u0131z\u0131.<br \/>\nMahkeme zaman\u0131 gelmi\u015f, t\u00fcm banka personeli, m\u00fc\u015fteriler, polisler \u015fahit olarak bekliyorlar, hakim h\u0131rs\u0131za d\u00f6nm\u00fc\u015f avukat hakk\u0131n\u0131 kullanacak m\u0131s\u0131n demi\u015f. H\u0131rs\u0131z da evet demi\u015f. Hakim yahu onlarca insan\u0131n g\u00f6z\u00fc \u00f6n\u00fcnde soygun yapmaya kalkt\u0131n, polise su\u00e7\u00fcst\u00fc yakalnd\u0131n avukat ne desin sana? H\u0131rs\u0131z pi\u015fkin pi\u015fkin s\u0131r\u0131tm\u0131\u015f: Ben de onu merak ediyorum ya!<\/p>\n<p>AKP\u2019nin soygun d\u00fczeni ortaya \u00e7\u0131k\u0131nca yeminle akl\u0131ma Engin Ard\u0131\u00e7 geldi. Hani \u015fu kaleminden kaka damlayan amans\u0131z her iktidar\u0131n adam\u0131. Ulen, dedim herhalde art\u0131k nedamet getirmi\u015ftir. Merak ettiniz de\u011fil mi ne dedi\u011fini? Ben yazay\u0131m.<\/p>\n<p>Engin Ard\u0131\u00e7: \u015ei\u015ftiniz mi d\u00fcd\u00fck makarnalar\u0131?<\/p>\n<p>Pi\u015fkini Engin Ard\u0131\u00e7 olan \u00fclkenin ad\u0131 T\u00fcrkiye\u2019dir.<\/p>\n<p><img decoding=\"async\" class=\"alignnone size-full wp-image-2754\" src=\"http:\/\/circassiancenter.com\/tr\/wp-content\/uploads\/2019\/02\/08-z-HatkoMulayimARA.png\" alt=\"\" width=\"462\" height=\"50\" srcset=\"https:\/\/www.circassiancenter.com\/tr\/wp-content\/uploads\/2019\/02\/08-z-HatkoMulayimARA.png 462w, https:\/\/www.circassiancenter.com\/tr\/wp-content\/uploads\/2019\/02\/08-z-HatkoMulayimARA-300x32.png 300w\" sizes=\"(max-width: 462px) 100vw, 462px\" \/><\/p>\n<p>23 Ocak 2014<\/p>\n<p>Gazeteler M\u00dcJDE&#8230; M\u00dcJDE&#8230; M\u00dcJDE&#8230; diye b\u00fcy\u00fck haberler yap\u0131p -mesela- Estonya&#8217;ya vize kalkt\u0131 yaz\u0131yorlar. 50 y\u0131ld\u0131r Avrupa&#8217;ya el a\u00e7\u0131l\u0131yor &#8221;Vize Kalks\u0131n&#8221; diye. Siz bir \u015fey anl\u0131yor musunuz bundan? Bir toplum vize kalkt\u0131 diye neden sevinir?<\/p>\n<p><img decoding=\"async\" class=\"alignnone size-full wp-image-2754\" src=\"http:\/\/circassiancenter.com\/tr\/wp-content\/uploads\/2019\/02\/08-z-HatkoMulayimARA.png\" alt=\"\" width=\"462\" height=\"50\" srcset=\"https:\/\/www.circassiancenter.com\/tr\/wp-content\/uploads\/2019\/02\/08-z-HatkoMulayimARA.png 462w, https:\/\/www.circassiancenter.com\/tr\/wp-content\/uploads\/2019\/02\/08-z-HatkoMulayimARA-300x32.png 300w\" sizes=\"(max-width: 462px) 100vw, 462px\" \/><\/p>\n<p>22 Ocak 2014<\/p>\n<p>\u0130ki okuyucu e-maili daha aynen aktar\u0131yorum:<\/p>\n<p>&#8221;M\u00fclayim bey, Kaf-Fed konusunda benim de bir tuzum olsun. Kaf-Fed ad\u0131 \u00fczerinde &#8221;Kafkas&#8217; federasyonudur. Yani &#8221;siz Kafkasyal\u0131lar \u00f6p\u00f6z T\u00fcrks\u00fcn\u00fcz politikas\u0131&#8221;n\u0131n ad\u0131d\u0131r Kafkas. Tabii olarak olaylara, T\u00fcrk politik bak\u0131\u015f\u0131yla bakmak mecburiyetindirler. Yoksa ciddi bi\u00e7imde ba\u015flar\u0131 derde girer.<\/p>\n<p>Bak\u0131n\u0131z, Hrant Dink tam Kaf-Fed politikalar\u0131n\u0131n benzerlerini s\u00f6yl\u00fcyordu. Biraz kafas\u0131n\u0131 \u00e7\u0131kard\u0131, an\u0131nda yok ettiler. Yok etmekle kalmad\u0131lar, bunca y\u0131l ge\u00e7ti hala arkas\u0131ndan (hem\u015ferilerimizin de yo\u011fun ya\u015fad\u0131\u011f\u0131 Yalova&#8217;a Ak\u015fam gazetesi b\u00f6lge temsilcisi) bir adam \u00e7\u0131k\u0131yor ve aynen \u015funu s\u00f6yl\u00fcyor. &#8221;Tam bundan 7 y\u0131l \u00f6nce bir o&#8230;.. \u00e7&#8230;&#8230; geberdi. Siz Hrant olun biz Samast oluruz. Adam gibi Ermeni&#8217;ye laf\u0131m\u0131z yok. Ama adamlar bu vatana laf eden pi\u00e7e sahip \u00e7\u0131k\u0131yorlar&#8230;&#8221;<br \/>\n\u015eimdi bunlar\u0131 bilen ve duyan Kaf-Fed ne yapacakt\u0131 sizce? Tabii olarak T\u00fcrk politikalar\u0131 yapacak. Yani \u00c7erkes&#8217;e T\u00fcrk politikas\u0131. Yoksa Rusya&#8217;ya efelenmede ne var? Siz de yapabilirsiniz. T\u00fcrkiye&#8217;de ya\u015fad\u0131\u011f\u0131n\u0131z s\u00fcrece s\u0131rt\u0131n\u0131z ok\u015fan\u0131r. T\u00fcrkiye&#8217;de Kaf-Fed&#8217;in s\u0131rt\u0131n\u0131 ok\u015fuyor. Demek istedi\u011fim Kaf-Fed Yalova temsilcisinin dedi\u011fi gibi adam gibi Ermeni, pardon Kafkas olmak mecburiyetinde. Onun i\u00e7in Kaf-Fed&#8217;den demokrasi, insan haklar\u0131, k\u00fclt\u00fcrel haklar t\u00fcr\u00fc \u00e7\u0131k\u0131\u015flar beklemek l\u00fczumsuzluktur. Onlar anca So\u00e7i, S\u00fcrg\u00fcn, Soyk\u0131r\u0131m \u00fc\u00e7geninde d\u00f6nmek mecburiyetindedirler. \u00c7\u00fcnk\u00fc T\u00fcrkiye&#8217;nin onlardan istedi\u011fi bu. Anlay\u0131n art\u0131k bunu! Sayg\u0131lar.&#8221;<\/p>\n<p>Di\u011fer okuyucu:<\/p>\n<p>&#8221;Bir-Kaf, Kaf-Fed&#8217;e g\u00f6re daha d\u00fcr\u00fcst bir \u00f6rg\u00fctlenme bence. \u00c7\u00fcnk\u00fc; \u00c7e\u00e7en&#8217;i de, Kara\u00e7ay&#8217;\u0131 da, Abhaz&#8217;\u0131 da, Oseti&#8217;de ayn\u0131 kaba koyup \u00e7orba haline getiriyorlar ve onlar\u0131n \u00fczerinden siyaset yap\u0131yorlar. Yani aleni olarak T\u00fcrk\u00e7\u00fcy\u00fcz diyorlar. Kaf-Fed&#8217;in fark\u0131 bunu gizli kapakl\u0131 yapmas\u0131. Bizi enayi yerine koyuyorlar.&#8221;<\/p>\n<p><img decoding=\"async\" class=\"alignnone size-full wp-image-2754\" src=\"http:\/\/circassiancenter.com\/tr\/wp-content\/uploads\/2019\/02\/08-z-HatkoMulayimARA.png\" alt=\"\" width=\"462\" height=\"50\" srcset=\"https:\/\/www.circassiancenter.com\/tr\/wp-content\/uploads\/2019\/02\/08-z-HatkoMulayimARA.png 462w, https:\/\/www.circassiancenter.com\/tr\/wp-content\/uploads\/2019\/02\/08-z-HatkoMulayimARA-300x32.png 300w\" sizes=\"(max-width: 462px) 100vw, 462px\" \/><\/p>\n<p>20 Ocak 2014<\/p>\n<p>Okuyucu e-maili yorum yapmadan aynen aktar\u0131yorum:<\/p>\n<p>&#8221;Say\u0131n M\u00fclayim a\u011fabey, Kaf-Fed hakk\u0131nda az bile yaz\u0131yorsunuz. Ayn\u0131 zamanda diaspora i\u00e7in de az yaz\u0131yorsunuz. M\u00fcsadenizle ben de d\u00fc\u015f\u00fcncemi s\u00f6yleyeyim. D\u00fcnyan\u0131n en p\u0131s\u0131r\u0131k ve korkak milleti \u00c7erkeslerdir. Bu korkakl\u0131klar\u0131 nedeniyle anavatanlar\u0131nda ka\u00e7m\u0131\u015f Osmanl\u0131&#8217;ya biat etmi\u015flerdir. \u015eimdiki ku\u015fak bundan utand\u0131\u011f\u0131 i\u00e7in soyk\u0131r\u0131ma u\u011frad\u0131k palavras\u0131na ba\u015fvuruyor. Ak\u0131l var mant\u0131k var a\u011fabey. Y\u0131llarca &#8221;g\u00f6\u00e7&#8221; dedin sonra &#8221;s\u00fcrg\u00fcn&#8221; dedin \u015fimdi ne oldu da &#8221;soyk\u0131r\u0131m&#8221; oldu? Soyk\u0131r\u0131ma u\u011frad\u0131ysan \u015fimdi ne demeye d\u00f6nm\u00fcyorsun vatan\u0131na? Bunlar\u0131n t\u00fcm\u00fc yalanc\u0131, resmen yalan s\u00f6yl\u00fcyorlar. Sizin de belirtti\u011finiz gibi hem tembeller hem g\u00fc\u00e7l\u00fcn\u00fcn yan\u0131nda kahraman, g\u00fc\u00e7l\u00fcn\u00fcn kar\u015f\u0131s\u0131nda zavall\u0131 adamlard\u0131r.<\/p>\n<p>Mesela, T\u00fcrk ad\u0131yla T\u00fcrk soyad\u0131yla ya\u015far, tek kelime \u00c7erkesce bilmez fakat \u015fikayet\u00e7i olmaz biat eder. K\u00fcrtler itiraz etmese bunlar \u00c7erkesce ders talebinde de bulunamazlard\u0131. Yani sava\u015f ka\u00e7k\u0131nlar\u0131 olmaktan utan\u0131yorlar a\u011fabey! Utand\u0131klar\u0131 i\u00e7in de anavatana ve Rusya&#8217;ya sald\u0131r\u0131yorlar ki ger\u00e7ekleri saklayabilsinler.<\/p>\n<p>Dikkatinizi \u00e7ekmi\u015ftir. Zaten bir yaz\u0131n\u0131zda da bahsetmi\u015ftiniz. Bunlara dikkat edin kim \u00c7erkeslere ger\u00e7ek haklar\u0131n\u0131 vermi\u015fse ona d\u00fc\u015fmand\u0131rlar. Mesela T\u00fcrkiye, \u00dcrd\u00fcn ve Suriye&#8217;deki \u00c7erkeslere bak\u0131n bir de \u0130srail&#8217;dekilere. Aralar\u0131nda hak, hukuk, insanl\u0131k bak\u0131m\u0131ndan da\u011flar kadar fark vard\u0131r. Ama gelin g\u00f6r\u00fcn ki \u0130srail&#8217;i karalayan da bu zavall\u0131 korkaklard\u0131r. Bir haberde adam\u0131n biri utanmadan aynen \u015funu yazm\u0131\u015f a\u011fabey; &#8221;\u0130srail&#8217;de do\u011fdu b\u00fcy\u00fcd\u00fc \u0130srail milli tak\u0131m\u0131nda oynuyor ama Yahudi de\u011fil. (\u00c7erkes futbolcu i\u00e7in) Bunlar bu kadar a\u015fa\u011f\u0131l\u0131k yarat\u0131klard\u0131r a\u011fabey. \u00dcrd\u00fcn Kral\u0131&#8217;n\u0131n soytar\u0131l\u0131\u011f\u0131n\u0131 yaparlar, T\u00fcrk h\u00fck\u00fcmetinin g\u00f6n\u00fcll\u00fc hizmet\u00e7ileridir, ayn\u0131 \u015fekilde Suriye&#8217;nin. Fakat \u0130srail mevzubahis olunca &#8221;Tu kaka&#8221;. Sen az bile diyorsun. Bunlardan ne k\u00f6y olur ne kasaba&#8230; Senin gibi d\u00fc\u015f\u00fcnen \u00e7ok insan oldu\u011funu bil a\u011fabey sadece dile getiren sensin. Sa\u011fl\u0131cakla kal.&#8221;<\/p>\n<p><img decoding=\"async\" class=\"alignnone size-full wp-image-2754\" src=\"http:\/\/circassiancenter.com\/tr\/wp-content\/uploads\/2019\/02\/08-z-HatkoMulayimARA.png\" alt=\"\" width=\"462\" height=\"50\" srcset=\"https:\/\/www.circassiancenter.com\/tr\/wp-content\/uploads\/2019\/02\/08-z-HatkoMulayimARA.png 462w, https:\/\/www.circassiancenter.com\/tr\/wp-content\/uploads\/2019\/02\/08-z-HatkoMulayimARA-300x32.png 300w\" sizes=\"(max-width: 462px) 100vw, 462px\" \/><\/p>\n<p>19 Ocak 2014<\/p>\n<p>Futbolla aram iyi de\u011fildir. \u0130lgi alan\u0131m\u0131n d\u0131\u015f\u0131ndad\u0131r. Hangi tak\u0131m\u0131 tutuyorsun sorusuna klasik olarak &#8221;BJK&#8217;y\u0131 Adige Abhazlar kurdu o sebeble Kara Kartal&#8217;\u0131m&#8221; derim o kadar. K\u0131sacas\u0131 futbol benim i\u00e7in kitleleri uyu\u015fturan bir spor. Amma k\u00fc\u00e7\u00fcmsenemeyecek fazlal\u0131kta bir kitle de bu top pe\u015finde ko\u015fanlar\u0131 seyrediyor. Tabi bizim Adigeler de. Laf\u0131 uzatt\u0131m da nereden girece\u011fimi bilemedim. Hani \u015fu 7 milyonluk anl\u0131 \u015fanl\u0131 T\u00fcrkiye diasporas\u0131 var ya! Hah i\u015fte o diaspora Rusya liginde oynayan tek tak\u0131m\u0131m\u0131z\u0131n, Nal\u00e7ik&#8217;in (CC Notu: Spartak Nal\u00e7ik) iflas bayra\u011f\u0131n\u0131 \u00e7ekip, kap\u0131s\u0131na kilit vurmas\u0131na engel olamad\u0131. Yurtsever aslanlar ve bizim \u015fanl\u0131 Kaf-Fed&#8217;den bir ses var m\u0131? &#8221;T\u0131k&#8221; yok! Kaf-Fed hala olimpiyatlar\u0131 nas\u0131l protesto edece\u011finin hesab\u0131nda, yani hala T\u00fcrkiye \u00e7\u0131kar\u0131na g\u00fcd\u00fcml\u00fc y\u00f6netime devam. Nal\u00e7ik tak\u0131m\u0131 kapanm\u0131\u015f umurunda m\u0131? Yani, bunlara \u00e7al\u0131\u015f demeyeceksin. Bol bol konu\u015f ve miting yap diyeceksin. Ha d\u00fc\u011f\u00fcn\u00fc de unutmayal\u0131m!<\/p>\n<p><img decoding=\"async\" class=\"alignnone size-full wp-image-2754\" src=\"http:\/\/circassiancenter.com\/tr\/wp-content\/uploads\/2019\/02\/08-z-HatkoMulayimARA.png\" alt=\"\" width=\"462\" height=\"50\" srcset=\"https:\/\/www.circassiancenter.com\/tr\/wp-content\/uploads\/2019\/02\/08-z-HatkoMulayimARA.png 462w, https:\/\/www.circassiancenter.com\/tr\/wp-content\/uploads\/2019\/02\/08-z-HatkoMulayimARA-300x32.png 300w\" sizes=\"(max-width: 462px) 100vw, 462px\" \/><\/p>\n<p>18 Ocak 2014<\/p>\n<p>Ya\u015fad\u0131\u011f\u0131m\u0131z co\u011frafyada trafik \u0131\u015f\u0131klar\u0131 k\u0131rm\u0131z\u0131 sar\u0131 ve ye\u015fil oldu\u011fu i\u00e7in PKK renkleri diye ye\u015fil renkleri maviye \u00e7evirdiler do\u011fuda, ge\u00e7mi\u015fte. Yani ge\u00e7mek i\u00e7in maviyi bekledi benim gariban halk\u0131m. Aradan baya bir zaman ge\u00e7ti. G\u00fcn\u00fcm\u00fczde \u00c7orum Ziraat Odas\u0131 \u00f6n\u00fcm\u00fczdeki g\u00fcnlerde \u00fclke genelinde ya\u015fanan kurakl\u0131\u011fa \u00e7are i\u00e7in geni\u015f kat\u0131l\u0131ml\u0131 bir ya\u011fmur duas\u0131 d\u00fczenleyecek. Yak\u0131\u015f\u0131r!<\/p>\n<p><img decoding=\"async\" class=\"alignnone size-full wp-image-2754\" src=\"http:\/\/circassiancenter.com\/tr\/wp-content\/uploads\/2019\/02\/08-z-HatkoMulayimARA.png\" alt=\"\" width=\"462\" height=\"50\" srcset=\"https:\/\/www.circassiancenter.com\/tr\/wp-content\/uploads\/2019\/02\/08-z-HatkoMulayimARA.png 462w, https:\/\/www.circassiancenter.com\/tr\/wp-content\/uploads\/2019\/02\/08-z-HatkoMulayimARA-300x32.png 300w\" sizes=\"(max-width: 462px) 100vw, 462px\" \/><\/p>\n<p>16 Ocak 2014<\/p>\n<p>Fatih Altayl\u0131&#8217;y\u0131 bilmeyeniz yoktur. Son y\u0131llar\u0131n en enteresan gazetecilerinden biridir. Son yaz\u0131s\u0131nda AKP&#8217;lilere \u00f6yle \u015feyler yazm\u0131\u015f ki, buraya yazsam CC y\u00f6netimi beni kap\u0131ya koyar. Velas\u0131l\u0131 kelam Fatih Altayl\u0131, T\u00fcrk toplumunun gazeteye yans\u0131m\u0131\u015f \u015feklidir. Yaz\u0131k!<\/p>\n<p><img decoding=\"async\" class=\"alignnone size-full wp-image-2754\" src=\"http:\/\/circassiancenter.com\/tr\/wp-content\/uploads\/2019\/02\/08-z-HatkoMulayimARA.png\" alt=\"\" width=\"462\" height=\"50\" srcset=\"https:\/\/www.circassiancenter.com\/tr\/wp-content\/uploads\/2019\/02\/08-z-HatkoMulayimARA.png 462w, https:\/\/www.circassiancenter.com\/tr\/wp-content\/uploads\/2019\/02\/08-z-HatkoMulayimARA-300x32.png 300w\" sizes=\"(max-width: 462px) 100vw, 462px\" \/><\/p>\n<p>15 Ocak 2014<\/p>\n<p>AKP&#8217;lisi Fetullah&#8217;\u0131 \u0130srail ajan\u0131 olmakla su\u00e7lar, Fetullah&#8217;\u0131 AKP&#8217;yi \u0130srail&#8217;in piyonu olarak lanse eder. Ulen ne \u0130srailmi\u015f be. Yapt\u0131klar\u0131 pislikleri, birbirlerini \u0130srail&#8217;e yamayarak kurtuluyorlar. \u0130\u015fin enteresan\u0131 millet de uyanm\u0131yor.<\/p>\n<p><img decoding=\"async\" class=\"alignnone size-full wp-image-2754\" src=\"http:\/\/circassiancenter.com\/tr\/wp-content\/uploads\/2019\/02\/08-z-HatkoMulayimARA.png\" alt=\"\" width=\"462\" height=\"50\" srcset=\"https:\/\/www.circassiancenter.com\/tr\/wp-content\/uploads\/2019\/02\/08-z-HatkoMulayimARA.png 462w, https:\/\/www.circassiancenter.com\/tr\/wp-content\/uploads\/2019\/02\/08-z-HatkoMulayimARA-300x32.png 300w\" sizes=\"(max-width: 462px) 100vw, 462px\" \/><\/p>\n<p>14 Ocak 2014<\/p>\n<p>D\u00fcnyada cesurlu\u011fuyla bu kadar \u00f6v\u00fcnen ancak bu kadar korkak bir millet var m\u0131d\u0131r acaba? Al\u0131n size haber ba\u015fl\u0131klar\u0131: &#8221;Korkutan Geli\u015fme&#8221;, &#8221;Korkutan Ya\u011fmurlar&#8221;, &#8221;Korkutan Kaza&#8221;, &#8221;Korkutan Ekonomi&#8221;, &#8221;Korkutan Trafik&#8221;, &#8221;Korkutan Tahmin&#8221;, &#8221;Korkutan Konu\u015fma&#8221;, &#8221;Korkutan \u0130hanet&#8221;, &#8221;Korkutan Enflasyon&#8221;&#8230; Daha y\u00fczlercesini yazabilirim. Siz de y\u00fczlercesini ekleyebilirsiniz. T\u00fcrk halk\u0131n\u0131n korkutan psikolojisine uzmanlar bir \u00e7are aramal\u0131lar!<\/p>\n<p>Bir de &#8221;d\u00fc\u011fme&#8221; var. Her olumsuz geli\u015fmede birirleri bu me\u015fhur d\u00fc\u011fmeye basar. Kimdir bunlar ve bu d\u00fc\u011fme nerededir kimse bilmez. Ama basarlar i\u015fte. Yahu ger\u00e7ekten antika bir \u00fclkede ya\u015f\u0131yoruz vesselam!<\/p>\n<p><img decoding=\"async\" class=\"alignnone size-full wp-image-2754\" src=\"http:\/\/circassiancenter.com\/tr\/wp-content\/uploads\/2019\/02\/08-z-HatkoMulayimARA.png\" alt=\"\" width=\"462\" height=\"50\" srcset=\"https:\/\/www.circassiancenter.com\/tr\/wp-content\/uploads\/2019\/02\/08-z-HatkoMulayimARA.png 462w, https:\/\/www.circassiancenter.com\/tr\/wp-content\/uploads\/2019\/02\/08-z-HatkoMulayimARA-300x32.png 300w\" sizes=\"(max-width: 462px) 100vw, 462px\" \/><\/p>\n<p>13 Ocak 2014<\/p>\n<p>Ba\u015fta ailem olmak \u00fczere e\u015f-dost ve okuyucudan Kaf-Fed&#8217;e a\u015f\u0131r\u0131 y\u00fcklendi\u011fim konusunda ele\u015ftiri al\u0131yorum. Baz\u0131lar\u0131 &#8221;Ne yani Kaf-Fed&#8217;i b\u0131rak\u0131p, Bir-Kafc\u0131 m\u0131 olal\u0131m&#8221; diyor. Yok o kadar da de\u011fil. Birle\u015fik Kafkasyac\u0131 ve t\u00fcrevlerini zaten adam yerine koymuyorum. Onlar, T\u00fcrkiye \u00e7\u0131karlar\u0131na uygun g\u00f6revlerini yerine getirip, tarihin \u00e7\u00f6pl\u00fc\u011f\u00fcne gideli y\u0131llar oluyor. Ge\u00e7in onlar\u0131. Kaf-Fed&#8217;e bu kadar takmam\u0131n sebebi zaten bu. Kaf-Fed h\u0131zla Birle\u015fik\u00e7i oluyor. Ben de buradaki elle tutulur tek kurumumuz oldu\u011fu i\u00e7in onlar\u0131 topa tutuyorum. Ki, ak\u0131llar\u0131n\u0131 ba\u015flar\u0131na dev\u015firsinler. Yoksa 3-5 sene sonra Birle\u015fik\u00e7ilerden beter durumda olacaklar.<\/p>\n<p>Niye mi? Cevab\u0131 \u00e7ok basit. Kaf-Fed; demokrasi ve insan haklar\u0131 konusunda d\u00fcnyan\u0131n en k\u00f6t\u00fc \u00fclkesinde ya\u015fay\u0131p bu konuda tek kelime laf etmezken, hi\u00e7bir sorumlulu\u011fu olmad\u0131\u011f\u0131 bir \u00fclkeye a\u011fz\u0131na geleni s\u00f6yl\u00fcyor.<\/p>\n<p>E\u011fer Kaf-Fed T\u00fcrkiye&#8217;de ya\u015fanan bu insanl\u0131k ve k\u00fclt\u00fcr k\u0131y\u0131mlar\u0131 konusunda yi\u011fit\u00e7e tav\u0131r koysayd\u0131, &#8221;adamlar T\u00fcrkiye&#8217;ye bile aslanlar gibi demokrat tav\u0131r koyuyorlar, tabiki Rusya&#8217;ya da tav\u0131r koyacaklar&#8221; derdi insanlar&#8230; Fakat burada kuyru\u011funu bacaklar\u0131n\u0131n aras\u0131na s\u0131k\u0131\u015ft\u0131r\u0131p, d\u0131\u015far\u0131ya kuyru\u011funu dik tutmaya kalk\u0131yor. Yemezler! (Ayr\u0131ca zaman\u0131 gelince as\u0131l Adigeleri yokedeninin Rusya m\u0131 T\u00fcrkiye mi oldu\u011funu da konu\u015furuz. Art\u0131k masallara karn\u0131m\u0131z tok.)<\/p>\n<p>Kaf-Fed a\u011f\u0131rba\u015fl\u0131 olmak mecburiyetinde. \u00c7emi\u015fgezek Kamyoncular Derne\u011fi gibi akl\u0131na esti\u011fi gibi bildiri yay\u0131nlayamaz. Yay\u0131nlarsa ben de onlar\u0131 b\u00f6yle afi\u015fe ederim, kimse kusura bakmas\u0131n! Ya\u015fad\u0131\u011f\u0131m\u0131z \u00fclkedeki tek kurumumuz olan Kaf-Fed&#8217;i 3-5 kifayetsize oyuncak edecek de\u011filiz&#8230; O kadar!<\/p>\n<p><img decoding=\"async\" class=\"alignnone size-full wp-image-2754\" src=\"http:\/\/circassiancenter.com\/tr\/wp-content\/uploads\/2019\/02\/08-z-HatkoMulayimARA.png\" alt=\"\" width=\"462\" height=\"50\" srcset=\"https:\/\/www.circassiancenter.com\/tr\/wp-content\/uploads\/2019\/02\/08-z-HatkoMulayimARA.png 462w, https:\/\/www.circassiancenter.com\/tr\/wp-content\/uploads\/2019\/02\/08-z-HatkoMulayimARA-300x32.png 300w\" sizes=\"(max-width: 462px) 100vw, 462px\" \/><\/p>\n<p>11 Ocak 2014<\/p>\n<p>Hepinizin bir akrabas\u0131 veya arkada\u015f\u0131 kansere yakalanm\u0131\u015ft\u0131r. \u00c7ok felaket bir d\u00f6nemdir hasta ve yak\u0131n\u0131 i\u00e7in. \u00c7aresizlik i\u00e7inde ne yapacaklar\u0131n\u0131 \u015fa\u015f\u0131r\u0131r insanlar. \u0130\u015fte bu durumdaki kanser hastas\u0131 yak\u0131nlar\u0131n\u0131 sahte ila\u00e7larla doland\u0131rd\u0131klar\u0131n\u0131 bildiriyor T\u00fcrk Eczac\u0131lar Birli\u011fi. \u0130nsan\u0131n kan\u0131 donuyor. Bu sahte ila\u00e7 i\u015fi yapan herkese a\u011f\u0131z dolusu bir e\u015f\u015f\u015f\u015fooo\u011f\u011f\u011f\u011flu e\u015f\u015f\u015feeeekkkler diyorum, ba\u015fka da bir \u015fey demiyorum.<\/p>\n<p>K\u0131z ve erkek \u00f6\u011frencilerin bir arada e\u011fitim yapmalar\u0131 fevkalade sak\u0131ncal\u0131d\u0131r, diyen TMMB Meclis Ba\u015fkanvekili Sad\u0131k Yakut gazeteciyi ebesini \u00f6pmekle tehdit etti. \u015eimdi anlad\u0131n\u0131z m\u0131 Kaf-Fed niye T\u00fcrkiye&#8217;de tav\u015fan, Rusya&#8217;da aslan. \u00c7\u00fcnk\u00fc g\u0131k derse ebesinin \u00f6p\u00fclece\u011fini biliyor.<\/p>\n<p><img decoding=\"async\" class=\"alignnone size-full wp-image-2754\" src=\"http:\/\/circassiancenter.com\/tr\/wp-content\/uploads\/2019\/02\/08-z-HatkoMulayimARA.png\" alt=\"\" width=\"462\" height=\"50\" srcset=\"https:\/\/www.circassiancenter.com\/tr\/wp-content\/uploads\/2019\/02\/08-z-HatkoMulayimARA.png 462w, https:\/\/www.circassiancenter.com\/tr\/wp-content\/uploads\/2019\/02\/08-z-HatkoMulayimARA-300x32.png 300w\" sizes=\"(max-width: 462px) 100vw, 462px\" \/><\/p>\n<p>10 Ocak 2014<\/p>\n<p>Dincilerin klasik laf\u0131d\u0131r; &#8221;M\u00fcsl\u00fcmanl\u0131k bu de\u011fil&#8221; derler. Ben 60 y\u0131ll\u0131k ya\u015f\u0131mda bunlar\u0131n ger\u00e7ek M\u00fcsl\u00fcmanl\u0131\u011f\u0131n\u0131n ne oldu\u011funu bir t\u00fcrl\u00fc g\u00f6remedim. Adamlar masum insanlar\u0131n bo\u011faz\u0131n\u0131 keser, yahu bu ne rezalet dersin. Cevap haz\u0131r: M\u00fcsl\u00fcmanl\u0131k bu de\u011fil. Adamlar 9 ya\u015f\u0131ndaki \u00e7ocukla evlenir. Yahu bu ne ahlaks\u0131zl\u0131kt\u0131r dersin. Cevap haz\u0131r: M\u00fcsl\u00fcmanl\u0131k bu de\u011fil. Adamlar r\u00fc\u015fvetin, h\u0131rs\u0131zl\u0131\u011f\u0131n, soysuzlu\u011fun kral\u0131n\u0131 yaparlar, yahu m\u00fcbarek bu nedir dersin. Cevap haz\u0131r: M\u00fcsl\u00fcmanl\u0131k bu de\u011fil. Ne acayip bir inan\u0131\u015ft\u0131r bu M\u00fcsl\u00fcmanl\u0131k. Yolsuzlu\u011fun, r\u00fc\u015fvetin, ahlaks\u0131zl\u0131\u011f\u0131n, haysiyetsizli\u011fin, hukuksuzlu\u011fun, vah\u015fili\u011fin k\u0131saca insanl\u0131k d\u0131\u015f\u0131 her\u015feyin alt\u0131ndan M\u00fcsl\u00fcmanl\u0131k \u00e7\u0131k\u0131yor. Ama M\u00fcsl\u00fcmanl\u0131k bu de\u011fil. T\u00fcm bu rezaletleri biz yap\u0131yoruz sanki.<\/p>\n<p>\u00c7e\u00e7en katilleri hat\u0131rlay\u0131n. Hani bizim Adigeler pe\u015flerine tak\u0131l\u0131p \u2018\u2019\u00f6zg\u00fcrl\u00fck sava\u015f\u00e7\u0131lar\u0131\u2019\u2019 diyorlard\u0131. (Ger\u00e7i hala bunlar\u0131 kahraman g\u00f6ren dangalaklar yok zannetmeyin.) Osetya&#8217;da y\u00fczlerce \u00e7ocu\u011fu katlettiler ya, i\u015fte o \u00c7e\u00e7en katiller Suriye\u2019de yolunu kestikleri gariban kamyon \u015fof\u00f6rlerini Alevi olduklar\u0131 i\u00e7in kameralar \u00f6n\u00fcnde tak\u0131r tak\u0131r \u00f6ld\u00fcrd\u00fcler. Soruyorsun, m\u00fcbarek bu ne? El Cevap: M\u00fcsl\u00fcmanl\u0131k bu de\u011fil. Bire namussuz, M\u00fcsl\u00fcmanl\u0131k bu de\u011filse ne demeye bu adamlara \u00f6zg\u00fcrl\u00fck sava\u015f\u00e7\u0131s\u0131 dersin?<\/p>\n<p>\u015eimdi bunlar nerden akl\u0131na geldi derseniz. Yolsuzluk ve r\u00fc\u015fvet operasyonu kapsam\u0131nda tutuklanan i\u015fadam\u0131 R\u0131za Sarraf ile ayn\u0131 operasyon nedeniyle o\u011flu Kaan \u00c7a\u011flayan tutukland\u0131\u011f\u0131 i\u00e7in Ekonomi Bakanl\u0131\u011f\u0131\u2019ndan istifa eden Zafer \u00c7a\u011flayan\u2019\u0131n 22 Mart 2013\u2019te Sarraf\u2019\u0131n \u00f6zel u\u00e7a\u011f\u0131yla umre i\u00e7in \u0130stanbul\u2019dan Cidde\u2019ye gitti\u011fi ortaya \u00e7\u0131km\u0131\u015f. \u0130\u015fte tepedeki M\u00fcsl\u00fcman koluna 700 Dolarl\u0131k saati tak\u0131p h\u0131rs\u0131z, u\u011fursuzun u\u00e7a\u011f\u0131yla umreye gitmi\u015f.<\/p>\n<p>Soruyorsun, m\u00fcbarek bu ne? El Cevap: M\u00fcsl\u00fcmanl\u0131k bu de\u011fil!<\/p>\n<p><img decoding=\"async\" class=\"alignnone size-full wp-image-2754\" src=\"http:\/\/circassiancenter.com\/tr\/wp-content\/uploads\/2019\/02\/08-z-HatkoMulayimARA.png\" alt=\"\" width=\"462\" height=\"50\" srcset=\"https:\/\/www.circassiancenter.com\/tr\/wp-content\/uploads\/2019\/02\/08-z-HatkoMulayimARA.png 462w, https:\/\/www.circassiancenter.com\/tr\/wp-content\/uploads\/2019\/02\/08-z-HatkoMulayimARA-300x32.png 300w\" sizes=\"(max-width: 462px) 100vw, 462px\" \/><\/p>\n<p>09 Ocak 2014<\/p>\n<p>Gazeteci Ahmet Hakan &#8221;T\u00fcrkiye&#8217;de her \u015fey olursun ama rezil olmazs\u0131n&#8221; demi\u015f. Yahu diyorum bizimkiler bunu bildiklerinden mi sus pus oturuyorlar yerlerinde! T\u00f6vbe! Oturmuyorlar o d\u00fc\u011f\u00fcn senin bu d\u00fc\u011f\u00fcn benim dola\u015f\u0131yorlar!<\/p>\n<p><img decoding=\"async\" class=\"alignnone size-full wp-image-2754\" src=\"http:\/\/circassiancenter.com\/tr\/wp-content\/uploads\/2019\/02\/08-z-HatkoMulayimARA.png\" alt=\"\" width=\"462\" height=\"50\" srcset=\"https:\/\/www.circassiancenter.com\/tr\/wp-content\/uploads\/2019\/02\/08-z-HatkoMulayimARA.png 462w, https:\/\/www.circassiancenter.com\/tr\/wp-content\/uploads\/2019\/02\/08-z-HatkoMulayimARA-300x32.png 300w\" sizes=\"(max-width: 462px) 100vw, 462px\" \/><\/p>\n<p>07 Ocak 2014<\/p>\n<p>T\u00fcrkiye Cumhuriyeti&#8217;nin en \u00fcst y\u00f6neticisi Cumhurba\u015fkan\u0131 Abdullah G\u00fcl, Fetullah&#8217;a el\u00e7i yolluyor. Fetullah kim? Bir softa! Dini, \u00e7\u0131karlar\u0131 i\u00e7in kullananlardan yani. Hangi kafayla ona el\u00e7i yollad\u0131 T\u00fcrkiye&#8217;nin ve T\u00fcrk ordusunun ba\u015fkumandan\u0131 G\u00fcl, anlamak m\u00fcmk\u00fcn de\u011fil. Art\u0131k ipin ucu iyice ka\u00e7t\u0131. Tahminimden \u00f6te geli\u015fmelere gebe \u00fclke. Ve de T\u00fcrkiye diasporas\u0131 bavullar\u0131n\u0131 toplamaya ba\u015flas\u0131n. O a\u015fa\u011f\u0131lad\u0131klar\u0131 anavatana her an muhta\u00e7 olabilirler. S\u00f6ylemedi demeyin!<\/p>\n<p><img decoding=\"async\" class=\"alignnone size-full wp-image-2754\" src=\"http:\/\/circassiancenter.com\/tr\/wp-content\/uploads\/2019\/02\/08-z-HatkoMulayimARA.png\" alt=\"\" width=\"462\" height=\"50\" srcset=\"https:\/\/www.circassiancenter.com\/tr\/wp-content\/uploads\/2019\/02\/08-z-HatkoMulayimARA.png 462w, https:\/\/www.circassiancenter.com\/tr\/wp-content\/uploads\/2019\/02\/08-z-HatkoMulayimARA-300x32.png 300w\" sizes=\"(max-width: 462px) 100vw, 462px\" \/><\/p>\n<p>06 Ocak 2014<\/p>\n<p>Konumuz yine Kaf-Fed! Bu \u00f6rg\u00fct\u00fcn siyasi i\u00e7erikli tutmuna bakt\u0131\u011f\u0131n\u0131zda san\u0131rs\u0131n\u0131z Adigey Cumhuriyeti&#8217;ndeki bir STK&#8217;n\u0131n T\u00fcrkiye \u015fubesi gibi. Yani? Yanisi, Adigey&#8217;de ne id\u00fc\u011f\u00fc belirsiz ki\u015filer i\u00e7in son derece &#8221;diplomatik&#8221; bildiri yay\u0131nlayarak Rusya&#8217;ya meydan okuyan Kaf-Fed, T\u00fcrkiye&#8217;de k\u0131yamet kopuyor t\u0131k yok. Sanki burada ya\u015fam\u0131yorlar, misafir olarak gelmi\u015fler, \u015f\u00f6yle bir haluj yiyip geri anavatana d\u00f6necekler!<\/p>\n<p>Eyyyyyy Kaf-Fed! Millet taraf\u0131ndan se\u00e7ilmi\u015f ve -iktidar\u0131n deyimiyle- kumpas kurulmu\u015f milletvekillerinin t\u00fcm\u00fc hapisten \u00e7\u0131kt\u0131. Bir tek MHP milletvekili olan arkada\u015f i\u00e7erde kald\u0131. Neredesin benim demokrat mangalda k\u00fcl b\u0131rakmayan Kaf-Fed&#8217;im. Rusya&#8217;ya tuttu\u011fun kafay\u0131 neden \u015fu T\u00fcrkiye&#8217;ye tutam\u0131yorsun? Yoksa hak, hukuk, adalet senin i\u00e7in Rusya&#8217;da ba\u015fka T\u00fcrkiye&#8217;de ba\u015fka m\u0131? \u015eehir \u015fehir turluyorsun, derneklere anlat\u0131yor musun neden Ruslara aslan T\u00fcrklere kedi oldu\u011funu! Yatacak yerin yok, yatacak! T\u00fcrkiye diasporas\u0131nda ya\u015fayan Adige ve Abhazlar\u0131 dezenforme etti\u011finiz m\u00fcddet\u00e7e ensenizde boza pi\u015firece\u011fim haberiniz olsun. &#8221;Ben Kaf-Fed&#8217;im kafama g\u00f6re tak\u0131l\u0131r\u0131m&#8221; gibi davranmaktan vazge\u00e7.<\/p>\n<p>Hapis milletvekiline d\u00f6nersek; bu MHP&#8217;li arkada\u015f derhal \u00e7\u0131kar\u0131lmal\u0131. Di\u011fer milletvekilleri nas\u0131l \u00e7\u0131kar\u0131ld\u0131ysa. Fakat \u015funu da s\u00f6yleyeyim cinim kadar sevmem bu adam\u0131! Bana g\u00f6re T\u00fcrk ordusunun y\u00fczkaralar\u0131ndan biridir. Amerika&#8217;n\u0131n teslim etti\u011fi Apo&#8217;yu kendi yakalam\u0131\u015f gibi u\u00e7akta &#8221;\u00e7aaakk&#8221; yapan artislerin ba\u015f\u0131 bu. Fakat adelet terazisi onu da do\u011fru tartmal\u0131.<\/p>\n<p><img decoding=\"async\" class=\"alignnone size-full wp-image-2754\" src=\"http:\/\/circassiancenter.com\/tr\/wp-content\/uploads\/2019\/02\/08-z-HatkoMulayimARA.png\" alt=\"\" width=\"462\" height=\"50\" srcset=\"https:\/\/www.circassiancenter.com\/tr\/wp-content\/uploads\/2019\/02\/08-z-HatkoMulayimARA.png 462w, https:\/\/www.circassiancenter.com\/tr\/wp-content\/uploads\/2019\/02\/08-z-HatkoMulayimARA-300x32.png 300w\" sizes=\"(max-width: 462px) 100vw, 462px\" \/><\/p>\n<p>04 Ocak 2014<\/p>\n<p>Bir \u0130talyan gladiosunu \u00e7\u00f6kerten Savc\u0131 Antonio Di Pietro\u2019ya; bir de T\u00fcrk gladyosunu \u00e7\u00f6kerten Savc\u0131 Zekeriya \u00d6z&#8217;e bak\u0131n. \u015eimdi \u015fapkan\u0131z\u0131 \u00f6n\u00fcn\u00fcze koyup d\u00fc\u015f\u00fcn\u00fcn. \u0130talya neden \u0130talya, T\u00fcrkiye neden T\u00fcrkiye?<\/p>\n<p><img decoding=\"async\" class=\"alignnone size-full wp-image-2754\" src=\"http:\/\/circassiancenter.com\/tr\/wp-content\/uploads\/2019\/02\/08-z-HatkoMulayimARA.png\" alt=\"\" width=\"462\" height=\"50\" srcset=\"https:\/\/www.circassiancenter.com\/tr\/wp-content\/uploads\/2019\/02\/08-z-HatkoMulayimARA.png 462w, https:\/\/www.circassiancenter.com\/tr\/wp-content\/uploads\/2019\/02\/08-z-HatkoMulayimARA-300x32.png 300w\" sizes=\"(max-width: 462px) 100vw, 462px\" \/><\/p>\n","protected":false},"excerpt":{"rendered":"<p>30 Haziran 2014 D&ouml;rt-be&#351; okurum ayn&#305; konuya temas etmi&#351;ler. Diyorlar ki, &rdquo;I&#350;&#304;D denen ter&ouml;r &ouml;rg&uuml;t&uuml; &rdquo;&#304;stanbul&rsquo;a gelece&#287;iz&rdquo; diyor. Bu konuda ne d&uuml;&#351;&uuml;n&uuml;yorsunuz?&rdquo; Bu olmayacak bir r&uuml;ya de&#287;il. &Ccedil;&uuml;nk&uuml; ya&#351;ad&#305;&#287;&#305;m&#305;z &uuml;lkenin politik ve insani profili son 20 y&#305;lda inan&#305;lmaz derecede de&#287;i&#351;ti. Bu tip namussuzlar T&uuml;rkiye&rsquo;de daha &ouml;nce de vard&#305;, fakat az&#305;nl&#305;ktayd&#305;lar. Son katliamlar&#305; Sivas&rsquo;t&#305;. Bunlar o [&hellip;]<\/p>\n","protected":false},"author":1,"featured_media":0,"comment_status":"closed","ping_status":"closed","sticky":false,"template":"","format":"standard","meta":{"_bbp_topic_count":0,"_bbp_reply_count":0,"_bbp_total_topic_count":0,"_bbp_total_reply_count":0,"_bbp_voice_count":0,"_bbp_anonymous_reply_count":0,"_bbp_topic_count_hidden":0,"_bbp_reply_count_hidden":0,"_bbp_forum_subforum_count":0,"ocean_post_layout":"","ocean_both_sidebars_style":"","ocean_both_sidebars_content_width":0,"ocean_both_sidebars_sidebars_width":0,"ocean_sidebar":"0","ocean_second_sidebar":"0","ocean_disable_margins":"enable","ocean_add_body_class":"","ocean_shortcode_before_top_bar":"","ocean_shortcode_after_top_bar":"","ocean_shortcode_before_header":"","ocean_shortcode_after_header":"","ocean_has_shortcode":"","ocean_shortcode_after_title":"","ocean_shortcode_before_footer_widgets":"","ocean_shortcode_after_footer_widgets":"","ocean_shortcode_before_footer_bottom":"","ocean_shortcode_after_footer_bottom":"","ocean_display_top_bar":"default","ocean_display_header":"default","ocean_header_style":"","ocean_center_header_left_menu":"0","ocean_custom_header_template":"0","ocean_custom_logo":0,"ocean_custom_retina_logo":0,"ocean_custom_logo_max_width":0,"ocean_custom_logo_tablet_max_width":0,"ocean_custom_logo_mobile_max_width":0,"ocean_custom_logo_max_height":0,"ocean_custom_logo_tablet_max_height":0,"ocean_custom_logo_mobile_max_height":0,"ocean_header_custom_menu":"0","ocean_menu_typo_font_family":"0","ocean_menu_typo_font_subset":"","ocean_menu_typo_font_size":0,"ocean_menu_typo_font_size_tablet":0,"ocean_menu_typo_font_size_mobile":0,"ocean_menu_typo_font_size_unit":"px","ocean_menu_typo_font_weight":"","ocean_menu_typo_font_weight_tablet":"","ocean_menu_typo_font_weight_mobile":"","ocean_menu_typo_transform":"","ocean_menu_typo_transform_tablet":"","ocean_menu_typo_transform_mobile":"","ocean_menu_typo_line_height":0,"ocean_menu_typo_line_height_tablet":0,"ocean_menu_typo_line_height_mobile":0,"ocean_menu_typo_line_height_unit":"","ocean_menu_typo_spacing":0,"ocean_menu_typo_spacing_tablet":0,"ocean_menu_typo_spacing_mobile":0,"ocean_menu_typo_spacing_unit":"","ocean_menu_link_color":"","ocean_menu_link_color_hover":"","ocean_menu_link_color_active":"","ocean_menu_link_background":"","ocean_menu_link_hover_background":"","ocean_menu_link_active_background":"","ocean_menu_social_links_bg":"","ocean_menu_social_hover_links_bg":"","ocean_menu_social_links_color":"","ocean_menu_social_hover_links_color":"","ocean_disable_title":"default","ocean_disable_heading":"default","ocean_post_title":"","ocean_post_subheading":"","ocean_post_title_style":"","ocean_post_title_background_color":"","ocean_post_title_background":0,"ocean_post_title_bg_image_position":"","ocean_post_title_bg_image_attachment":"","ocean_post_title_bg_image_repeat":"","ocean_post_title_bg_image_size":"","ocean_post_title_height":0,"ocean_post_title_bg_overlay":0.5,"ocean_post_title_bg_overlay_color":"","ocean_disable_breadcrumbs":"default","ocean_breadcrumbs_color":"","ocean_breadcrumbs_separator_color":"","ocean_breadcrumbs_links_color":"","ocean_breadcrumbs_links_hover_color":"","ocean_display_footer_widgets":"default","ocean_display_footer_bottom":"default","ocean_custom_footer_template":"0","ocean_post_oembed":"","ocean_post_self_hosted_media":"","ocean_post_video_embed":"","ocean_link_format":"","ocean_link_format_target":"self","ocean_quote_format":"","ocean_quote_format_link":"post","ocean_gallery_link_images":"off","ocean_gallery_id":[],"footnotes":""},"categories":[98],"tags":[],"class_list":["post-2759","post","type-post","status-publish","format-standard","hentry","category-yazarlar-hatko-mulayim","entry"],"_links":{"self":[{"href":"https:\/\/www.circassiancenter.com\/tr\/wp-json\/wp\/v2\/posts\/2759","targetHints":{"allow":["GET"]}}],"collection":[{"href":"https:\/\/www.circassiancenter.com\/tr\/wp-json\/wp\/v2\/posts"}],"about":[{"href":"https:\/\/www.circassiancenter.com\/tr\/wp-json\/wp\/v2\/types\/post"}],"author":[{"embeddable":true,"href":"https:\/\/www.circassiancenter.com\/tr\/wp-json\/wp\/v2\/users\/1"}],"replies":[{"embeddable":true,"href":"https:\/\/www.circassiancenter.com\/tr\/wp-json\/wp\/v2\/comments?post=2759"}],"version-history":[{"count":2,"href":"https:\/\/www.circassiancenter.com\/tr\/wp-json\/wp\/v2\/posts\/2759\/revisions"}],"predecessor-version":[{"id":2787,"href":"https:\/\/www.circassiancenter.com\/tr\/wp-json\/wp\/v2\/posts\/2759\/revisions\/2787"}],"wp:attachment":[{"href":"https:\/\/www.circassiancenter.com\/tr\/wp-json\/wp\/v2\/media?parent=2759"}],"wp:term":[{"taxonomy":"category","embeddable":true,"href":"https:\/\/www.circassiancenter.com\/tr\/wp-json\/wp\/v2\/categories?post=2759"},{"taxonomy":"post_tag","embeddable":true,"href":"https:\/\/www.circassiancenter.com\/tr\/wp-json\/wp\/v2\/tags?post=2759"}],"curies":[{"name":"wp","href":"https:\/\/api.w.org\/{rel}","templated":true}]}}