{"id":2982,"date":"2019-02-24T17:34:56","date_gmt":"2019-02-24T17:34:56","guid":{"rendered":"http:\/\/circassiancenter.com\/tr\/?p=2982"},"modified":"2019-02-24T17:34:56","modified_gmt":"2019-02-24T17:34:56","slug":"sevgili-erhan","status":"publish","type":"post","link":"https:\/\/www.circassiancenter.com\/tr\/sevgili-erhan\/","title":{"rendered":"SEVG\u0130L\u0130 ERHAN!"},"content":{"rendered":"<p><img fetchpriority=\"high\" decoding=\"async\" src=\"http:\/\/circassiancenter.com\/cc-turkiye\/z-2013-Images-2\/265.JPG\" alt=\"\" width=\"417\" height=\"305\" \/><\/p>\n<p><span style=\"font-family: Arial; font-size: small;\"><strong>Ali \u00c7urey<\/strong><br \/>\n<\/span><span class=\"auto-style8\">25<\/span><span style=\"font-family: Arial;\">.01.2016<\/span><\/p>\n<p>\u00d6nce selam eder g\u00f6zlerinden incitmeden \u00f6perim.<\/p>\n<p>Ben teknoloji fukaras\u0131y\u0131m. Ama ye\u011fenim \u0130brahim \u00c7urey, o bilinen aletin i\u00e7inden seni bulmu\u015f ve okumu\u015f. Bana da okuttu. Sesini duymak mutlu etti beni.<\/p>\n<p>Erhanc\u0131\u011f\u0131m ben Tav\u015fanda\u011fl\u0131y\u0131m biliyorsun. Co\u011frafyas\u0131 gere\u011fi alg\u0131lama ve anlama \u00f6z\u00fcrl\u00fcs\u00fcy\u00fcm. Yanl\u0131\u015f anlad\u0131msa da beni ba\u011f\u0131\u015fla.<\/p>\n<p>Erhanc\u0131\u011f\u0131m, ben do\u011fdu\u011fum g\u00fcnden beri \u201d<strong>D\u00f6n\u00fc\u015f\u00e7\u00fcy\u00fcm<\/strong>\u201d ve o nedenle g\u00fcc\u00fcm\u00fcn ve akl\u0131m\u0131n yetti\u011fi kadar anavatana g\u00f6nderebildi\u011fimiz, ba\u015fta k\u0131z\u0131m olmak \u00fczere ye\u011fenlerim oldu. Onlara maddi ve manevi destek olduk ve \u015fu anda orada \u00e7ok mutlular. Oradan evlendiler. Bu eylemimizden de son derece mutluyuz. \u0130n\u015fallah bu yolda devam imkan\u0131m\u0131z olur.<\/p>\n<p>Erhanc\u0131\u011f\u0131m, sen ve bir ba\u015fkas\u0131 d\u00f6nmedi\u011finiz i\u00e7in mutlu iseniz \u015fahsen ben mutluluk ve sayg\u0131 duyar\u0131m. O da sizin do\u011frunuz.<\/p>\n<p>\u015eimdi neden \u201cO\u201d g\u00fcn\u00fcn ko\u015fullar\u0131 ile \u201cbug\u00fcn\u00fcn\u201d ko\u015fullar\u0131n\u0131 kar\u015f\u0131la\u015ft\u0131rma ihtiyac\u0131 duydun? Tamam anlad\u0131m ve zaten biliyordum. \u201c<strong>d\u00f6n\u00fcc\u00fc<\/strong>\u201d olmayanlar\u0131n \u00f6n sezililerinin ve ileri g\u00f6r\u00fc\u015flerinin derinli\u011fini. Bizler cahillik ettik. Bug\u00fcn\u00fcn Suriye\u2019sini hesap edemedik. \u00a0 \u00a0 \u00a0 Allah m\u00fcbarek etsin. Hay\u0131rl\u0131 u\u011furlu olsun Suriyeli karde\u015flerimize. Kutluyorum seni! Haf\u0131za-i be\u015fer, nisyan ile \u015fa\u015far.<\/p>\n<p>Erhanc\u0131\u011f\u0131m, bug\u00fcnlerde Paris iyi g\u00f6r\u00fcnm\u00fcyor. Ter\u00f6r oraya da s\u0131\u00e7rad\u0131. (\u015faka)<\/p>\n<p>Bu konular\u0131, yani \u201c<strong>d\u00f6n\u00fc\u015f<\/strong>\u201d ve \u201c<strong>kal\u0131\u015f<\/strong>\u201d meselesini seninde \u00e7ok iyi an\u0131msayaca\u011f\u0131n gibi 1970&#8217;lerden beri \u00e7e\u015fitli platformlarda tart\u0131\u015ft\u0131k.<\/p>\n<p>\u201c<strong>Osmanl\u0131 kucak a\u00e7t\u0131, T.C kucak a\u00e7t\u0131.<\/strong>\u201d Vallahi ben b\u0131kt\u0131m bu kucak a\u00e7ma sohbetlerinden.<\/p>\n<p>Ben ve ailem ve hatta sadece ben \u201d<strong>\u00c7erkes<\/strong>\u201d insan\u0131 olarak kalabilmenin tek \u00e7\u0131k\u0131\u015f yolunun \u201canavatana\u201d d\u00f6n\u00fc\u015fte buluyorum. Ay\u0131p m\u0131? Sende \u201ckal\u0131\u015fta\u201d \u00a0 \u00a0 \u00a0 buluyorsun g\u00fcnah m\u0131? \u00a0 \u00a0 \u00a0 Neden bunca \u00e7eki\u015fme.<\/p>\n<p>Erhanc\u0131\u011f\u0131m, seni k\u0131racak ve incitecek bir ima, s\u00f6z ve bir bak\u0131\u015f ger\u00e7ekten beni \u00fczer. Zira sen kim kimdir, ne ister ne istemez bunlar\u0131 biliyorsun. Bunca n\u00fcfusa sahip K\u00fcrtler ve Alevilerin \u201c<strong>kendileri<\/strong>\u201d olarak kalamad\u0131klar\u0131 bir d\u00fczende ya\u015f\u0131yoruz. \u00c7erkes&#8217;in esamesi Ankara\u2019n\u0131n sesinde var m\u0131? Ankara, zaman kazanarak ve g\u00fcndem yaratarak meseleleri suland\u0131r\u0131p, c\u0131lk\u0131n\u0131 \u00e7\u0131kart\u0131yor. Yok anayasa, yok yasa, yok kanun ve sonunda insanlar lodos vurmu\u015f bal\u0131k gibi yalpalay\u0131p duruyor. \u00c7erkesler, daha do\u011frusu \u201c<strong>ben \u00c7erkes insan\u0131\u201d<\/strong> olarak ya\u015famak ve bunun i\u00e7inde \u00e7\u0131k\u0131\u015f ar\u0131yorum. Bak \u015fu anda internet denilen \u015feytan d\u00fcnyas\u0131nda yaz\u0131lan ve s\u00f6ylenenlere, provakat\u00f6r kayn\u0131yor platform.<\/p>\n<p>\u201c<strong>\u00c7erkes\u2019im<\/strong>\u201d demekle de \u00c7erkes olunmuyor. \u00c7\u00fcnk\u00fc kimin \u00c7erkes ve kimin \u00c7erkesler ad\u0131na konu\u015ftu\u011fu belli de\u011fil. O bak\u0131mdan ben sadece tan\u0131d\u0131klar\u0131m\u0131n s\u00f6zlerine ve eylemlerine kat\u0131l\u0131yor veya kat\u0131lm\u0131yorum.<\/p>\n<p>Erhanc\u0131\u011f\u0131m, benim k\u0131z\u0131m ve ye\u011fenim 1991 y\u0131l\u0131nda de\u011fil 1989-1990 y\u0131llar\u0131nda anavatana kesin d\u00f6n\u00fc\u015f yapt\u0131. Son iki t\u00fcmcene kat\u0131lmak istemiyorum. Suriyeliler meselesine. \u00c7\u00fcnk\u00fc Suriyelilere Ankara kucak a\u00e7mad\u0131. Osmanl\u0131&#8217;n\u0131n \u0130stanbul&#8217;u da. Mesele \u015fudur. Zaman\u0131n pay-\u0131 taht\u0131 \u0130stanbul, \u00c7arl\u0131k&#8217;a kar\u015f\u0131 \u00c7erkesleri \u0130slamla\u015ft\u0131rarak kulland\u0131 . Osmanl\u0131 yenik d\u00fc\u015f\u00fcnce \u00c7erkeslerde m\u00fcttefiklerine postaland\u0131. T\u0131pk\u0131 g\u00fcn\u00fcm\u00fcz Suriyesinde oldu\u011fu gibi. Bunu tam olarak anlamad\u0131\u011f\u0131m\u0131zda &#8220;<strong>kucaktan kuca\u011fa dola\u015fan!<\/strong>&#8221; bir toplum olmaya devam ederiz.<\/p>\n<p>Sevgili Erhan, t\u00fcm mesele \u201c<strong>kucak a\u00e7\u0131lacak<\/strong>\u201d bir duruma gelmemektir.<\/p>\n<p>G\u00fcn\u00fcm\u00fczde yabanc\u0131 topraklarda ya\u015fayan ve \u201c<strong>kucak a\u00e7\u0131lan<\/strong>\u201d \u00c7erkeslerin ac\u0131l\u0131 ve ac\u0131kl\u0131 durumu seni hi\u00e7 rahats\u0131z etmiyor mu?<\/p>\n<p>Can\u0131m karde\u015fim, benim o\u011flum ve torunlar\u0131m\u0131z Adigece\u2019nin \u201cA\u201d sini bilmiyorlar. Ama kesin d\u00f6n\u00fc\u015f yapan k\u0131z\u0131m ve ye\u011fenim ve onun \u00e7ocuklar\u0131 \u015fimdi Adigece\u2019yi anadil edindiler. Bildi\u011finiz gibi dilini yitiren toplumlar her\u015feyini yititir.<\/p>\n<p>Erhanc\u0131\u011f\u0131m, \u015fu veya bu \u015fekilde anavatanda kalm\u0131\u015f ve kalabilmi\u015f bir avu\u00e7 insan\u0131m\u0131z olmasa idi, bizler Kafkasya&#8217;ya, de\u011fil <strong>d\u00f6n\u00fc\u015f<\/strong> yapmak, oralarda turist bile olamazd\u0131k. Tarihin ve talihin bir cilvesi sonucu orada kurulan sistem, orada kalabilen bir avu\u00e7 \u00c7erkes&#8217;e tan\u0131d\u0131\u011f\u0131, daha do\u011frusu; t\u00fcm k\u00fc\u00e7\u00fck halklara tan\u0131d\u0131\u011f\u0131 \u201c<strong>kendi kaderini kendi tayin etme hakk\u0131<\/strong>\u201d sayesinde ayakta kalabildiler. Do\u011fru, eksik veya fazla ele\u015ftirilebilir.<\/p>\n<p>Sevgili Erhan, i\u00e7inde birlikte ya\u015fad\u0131\u011f\u0131m\u0131z toplumlar\u0131n varl\u0131\u011f\u0131na ve bu \u00fclke topraklar\u0131na sadakatimiz tart\u0131\u015f\u0131l\u0131r m\u0131? \u00dclkesiz kalman\u0131n ac\u0131s\u0131n\u0131 bilen insanlar olarak \u00e7al\u0131\u015ft\u0131k, \u00e7al\u0131\u015f\u0131yoruz ve \u00e7al\u0131\u015faca\u011f\u0131z. Bunda problem yok. Biz kimseden toprak ve bayrak istemiyoruz. Sadece tekrar ediyorum \u201ckendi tarihsel topraklar\u0131nda kendi kaderini kendi tayin eden bir toplum\u201d olarak kalmak istiyoruz.<\/p>\n<p><strong>Ay\u0131p m\u0131?<\/strong><\/p>\n<p><strong>G\u00fcnah m\u0131?<\/strong><\/p>\n<p>Sevgili Erhan, ki\u015filerin s\u00f6ylem ve eylemleri zaman i\u00e7inde lehte veya aleyhte geli\u015febilir. Bu durum meselenin \u00f6z\u00fcn\u00fc de\u011fi\u015ftirmez. Bizim meselemiz \u201c<strong>\u00c7erkes insan\u0131 olarak<\/strong>\u201d kalabilmektir. Burada veya anavatanda. \u00a0 \u00a0 \u00a0 Dilerim Allah\u2019tan burada da, \u00dcrd\u00fcn\u2019de de ve daha nerede ya\u015f\u0131yor isek orada \u00c7erkes insan\u0131 olarak kalal\u0131m.<\/p>\n<p>G\u00f6zlerinden \u00f6perim.<\/p>\n<p>&nbsp;<\/p>\n<p><strong>NOTLAR:<br \/>\n<\/strong><br \/>\n<strong>1) <\/strong>\u00c7erkesler tarih i\u00e7inde yaz\u0131 kulland\u0131 m\u0131?<br \/>\n<strong>2) <\/strong>\u00c7erkesler tarih i\u00e7inde devlet kurdu mu? (zamana uygun olarak)<br \/>\n<strong>3) <\/strong>\u00c7erkesler tarih i\u00e7inde t\u00fcm insanl\u0131\u011f\u0131n yarar\u0131na olacak veya \u00f6rnek alacak bir uygarl\u0131k yarat\u0131lar\u0131 var m\u0131?<br \/>\n<strong>4)<\/strong> Ve nihayet \u00c7erkeslerin kadim yurdu bug\u00fcnk\u00fc Kafkasya\u2019dan ibaret miydi?<\/p>\n<p>Birazda bunlar ile ilgili kafa yormam\u0131z m\u00fcmk\u00fcn m\u00fc acaba?<\/p>\n","protected":false},"excerpt":{"rendered":"<p>Ali &Ccedil;urey 25.01.2016 &Ouml;nce selam eder g&ouml;zlerinden incitmeden &ouml;perim. Ben teknoloji fukaras&#305;y&#305;m. Ama ye&#287;enim &#304;brahim &Ccedil;urey, o bilinen aletin i&ccedil;inden seni bulmu&#351; ve okumu&#351;. Bana da okuttu. Sesini duymak mutlu etti beni. Erhanc&#305;&#287;&#305;m ben Tav&#351;anda&#287;l&#305;y&#305;m biliyorsun. Co&#287;rafyas&#305; gere&#287;i alg&#305;lama ve anlama &ouml;z&uuml;rl&uuml;s&uuml;y&uuml;m. Yanl&#305;&#351; anlad&#305;msa da beni ba&#287;&#305;&#351;la. Erhanc&#305;&#287;&#305;m, ben do&#287;du&#287;um g&uuml;nden beri &rdquo;D&ouml;n&uuml;&#351;&ccedil;&uuml;y&uuml;m&rdquo; ve o [&hellip;]<\/p>\n","protected":false},"author":1,"featured_media":0,"comment_status":"closed","ping_status":"closed","sticky":false,"template":"","format":"standard","meta":{"_bbp_topic_count":0,"_bbp_reply_count":0,"_bbp_total_topic_count":0,"_bbp_total_reply_count":0,"_bbp_voice_count":0,"_bbp_anonymous_reply_count":0,"_bbp_topic_count_hidden":0,"_bbp_reply_count_hidden":0,"_bbp_forum_subforum_count":0,"ocean_post_layout":"","ocean_both_sidebars_style":"","ocean_both_sidebars_content_width":0,"ocean_both_sidebars_sidebars_width":0,"ocean_sidebar":"0","ocean_second_sidebar":"0","ocean_disable_margins":"enable","ocean_add_body_class":"","ocean_shortcode_before_top_bar":"","ocean_shortcode_after_top_bar":"","ocean_shortcode_before_header":"","ocean_shortcode_after_header":"","ocean_has_shortcode":"","ocean_shortcode_after_title":"","ocean_shortcode_before_footer_widgets":"","ocean_shortcode_after_footer_widgets":"","ocean_shortcode_before_footer_bottom":"","ocean_shortcode_after_footer_bottom":"","ocean_display_top_bar":"default","ocean_display_header":"default","ocean_header_style":"","ocean_center_header_left_menu":"0","ocean_custom_header_template":"0","ocean_custom_logo":0,"ocean_custom_retina_logo":0,"ocean_custom_logo_max_width":0,"ocean_custom_logo_tablet_max_width":0,"ocean_custom_logo_mobile_max_width":0,"ocean_custom_logo_max_height":0,"ocean_custom_logo_tablet_max_height":0,"ocean_custom_logo_mobile_max_height":0,"ocean_header_custom_menu":"0","ocean_menu_typo_font_family":"0","ocean_menu_typo_font_subset":"","ocean_menu_typo_font_size":0,"ocean_menu_typo_font_size_tablet":0,"ocean_menu_typo_font_size_mobile":0,"ocean_menu_typo_font_size_unit":"px","ocean_menu_typo_font_weight":"","ocean_menu_typo_font_weight_tablet":"","ocean_menu_typo_font_weight_mobile":"","ocean_menu_typo_transform":"","ocean_menu_typo_transform_tablet":"","ocean_menu_typo_transform_mobile":"","ocean_menu_typo_line_height":0,"ocean_menu_typo_line_height_tablet":0,"ocean_menu_typo_line_height_mobile":0,"ocean_menu_typo_line_height_unit":"","ocean_menu_typo_spacing":0,"ocean_menu_typo_spacing_tablet":0,"ocean_menu_typo_spacing_mobile":0,"ocean_menu_typo_spacing_unit":"","ocean_menu_link_color":"","ocean_menu_link_color_hover":"","ocean_menu_link_color_active":"","ocean_menu_link_background":"","ocean_menu_link_hover_background":"","ocean_menu_link_active_background":"","ocean_menu_social_links_bg":"","ocean_menu_social_hover_links_bg":"","ocean_menu_social_links_color":"","ocean_menu_social_hover_links_color":"","ocean_disable_title":"default","ocean_disable_heading":"default","ocean_post_title":"","ocean_post_subheading":"","ocean_post_title_style":"","ocean_post_title_background_color":"","ocean_post_title_background":0,"ocean_post_title_bg_image_position":"","ocean_post_title_bg_image_attachment":"","ocean_post_title_bg_image_repeat":"","ocean_post_title_bg_image_size":"","ocean_post_title_height":0,"ocean_post_title_bg_overlay":0.5,"ocean_post_title_bg_overlay_color":"","ocean_disable_breadcrumbs":"default","ocean_breadcrumbs_color":"","ocean_breadcrumbs_separator_color":"","ocean_breadcrumbs_links_color":"","ocean_breadcrumbs_links_hover_color":"","ocean_display_footer_widgets":"default","ocean_display_footer_bottom":"default","ocean_custom_footer_template":"0","ocean_post_oembed":"","ocean_post_self_hosted_media":"","ocean_post_video_embed":"","ocean_link_format":"","ocean_link_format_target":"self","ocean_quote_format":"","ocean_quote_format_link":"post","ocean_gallery_link_images":"off","ocean_gallery_id":[],"footnotes":""},"categories":[91],"tags":[],"class_list":["post-2982","post","type-post","status-publish","format-standard","hentry","category-yazarlar-ali-curey","entry"],"_links":{"self":[{"href":"https:\/\/www.circassiancenter.com\/tr\/wp-json\/wp\/v2\/posts\/2982","targetHints":{"allow":["GET"]}}],"collection":[{"href":"https:\/\/www.circassiancenter.com\/tr\/wp-json\/wp\/v2\/posts"}],"about":[{"href":"https:\/\/www.circassiancenter.com\/tr\/wp-json\/wp\/v2\/types\/post"}],"author":[{"embeddable":true,"href":"https:\/\/www.circassiancenter.com\/tr\/wp-json\/wp\/v2\/users\/1"}],"replies":[{"embeddable":true,"href":"https:\/\/www.circassiancenter.com\/tr\/wp-json\/wp\/v2\/comments?post=2982"}],"version-history":[{"count":1,"href":"https:\/\/www.circassiancenter.com\/tr\/wp-json\/wp\/v2\/posts\/2982\/revisions"}],"predecessor-version":[{"id":2983,"href":"https:\/\/www.circassiancenter.com\/tr\/wp-json\/wp\/v2\/posts\/2982\/revisions\/2983"}],"wp:attachment":[{"href":"https:\/\/www.circassiancenter.com\/tr\/wp-json\/wp\/v2\/media?parent=2982"}],"wp:term":[{"taxonomy":"category","embeddable":true,"href":"https:\/\/www.circassiancenter.com\/tr\/wp-json\/wp\/v2\/categories?post=2982"},{"taxonomy":"post_tag","embeddable":true,"href":"https:\/\/www.circassiancenter.com\/tr\/wp-json\/wp\/v2\/tags?post=2982"}],"curies":[{"name":"wp","href":"https:\/\/api.w.org\/{rel}","templated":true}]}}