{"id":37159,"date":"2023-11-27T10:10:50","date_gmt":"2023-11-27T16:10:50","guid":{"rendered":"https:\/\/www.circassiancenter.com\/tr\/?p=37159"},"modified":"2023-11-27T13:03:04","modified_gmt":"2023-11-27T19:03:04","slug":"asker-oldum-piyade","status":"publish","type":"post","link":"https:\/\/www.circassiancenter.com\/tr\/asker-oldum-piyade\/","title":{"rendered":"ASKER OLDUM P\u0130YADE"},"content":{"rendered":"<p><img fetchpriority=\"high\" decoding=\"async\" class=\"alignnone size-full wp-image-37161\" src=\"https:\/\/www.circassiancenter.com\/tr\/wp-content\/uploads\/2023\/11\/ASKER-OLDUM-PIYADE-b.png\" alt=\"\" width=\"571\" height=\"300\" srcset=\"https:\/\/www.circassiancenter.com\/tr\/wp-content\/uploads\/2023\/11\/ASKER-OLDUM-PIYADE-b.png 571w, https:\/\/www.circassiancenter.com\/tr\/wp-content\/uploads\/2023\/11\/ASKER-OLDUM-PIYADE-b-300x158.png 300w\" sizes=\"(max-width: 571px) 100vw, 571px\" \/><\/p>\n<p><strong>KITIJ Cemil Bi\u00e7er<\/strong><\/p>\n<p>Erkek milletinin hayat\u0131nda anlatmaya doyamad\u0131\u011f\u0131 iki olay vard\u0131r, biri av hat\u0131ralar\u0131, di\u011feri askerlik hat\u0131ralar\u0131. Ama ill\u00e2 ki, askerlik hat\u0131ralar\u0131 her anlat\u0131\u015fta ayn\u0131 olaya yeni b\u00f6l\u00fcmler eklenir, eklendik\u00e7e i\u00e7inden \u00e7\u0131k\u0131lmaz bir h\u00e2l al\u0131r. Benim askerlik hat\u0131ram \u00f6yle olmayacak seveceksiniz, sabredip sonuna dek okursan\u0131z&#8230;<\/p>\n<p>Efendim gelelim &#8220;May\u0131n e\u015fe\u011fi ile alk\u0131\u015f \u00e7avu\u015fu\u2019\u2019nun hikayesine.\u00a0Hikaye dedi\u011fime bakmay\u0131n anlatt\u0131klar\u0131m edebiyat literat\u00fcr\u00fcnde &#8220;An\u0131&#8221; t\u00fcr\u00fcne dahildir, Hikaye dememdeki maksat, kirli ve k\u00f6t\u00fc kokulu adamlar\u0131n &#8220;ak\u0131m&#8221;\u0131, &#8220;bokum&#8221; anlay\u0131p hakk\u0131mda tevat\u00fcr \u00fcretmeleri endi\u015fesi nedeni iledir.<\/p>\n<p><img decoding=\"async\" class=\"alignnone size-full wp-image-37088\" src=\"https:\/\/www.circassiancenter.com\/tr\/wp-content\/uploads\/2023\/11\/z-Ara-1.png\" alt=\"\" width=\"45\" height=\"18\" \/><\/p>\n<p>Ben askerli\u011fimi bir hudut karakolunda yedek subay olarak yapt\u0131m. Co\u011frafi olarak yer belirtmeyece\u011fim. Kimse heveslenmesin varsay\u0131n ki olay Fizan&#8217;da ge\u00e7iyor! Anlatan da Meml\u00fck as\u0131ll\u0131 bir \u00c7erkes aste\u011fmen -kurgu nas\u0131l ama!-&#8230;<\/p>\n<p>\u00c7erkesler diasporada; ya \u00fcst d\u00fczey b\u00fcrokrat ya da bencileyin -yedek de olsa- subay olurlar. En iyi bildikleri i\u015f zabitanl\u0131kt\u0131r! Arada s\u0131rada i\u00e7lerinde yazar, \u00e7izer tak\u0131m\u0131 da \u00e7\u0131kt\u0131\u011f\u0131 olur&#8230;<\/p>\n<p>Karakolumuz doksan y\u0131l \u00f6nce, gece yar\u0131s\u0131 yap\u0131lan anla\u015fma ile apar topar \u00e7izilmi\u015f bir s\u0131n\u0131r ile ortas\u0131ndan ge\u00e7en, dere baz al\u0131narak b\u00f6l\u00fcnm\u00fc\u015f bir k\u00f6y\u00fcn ortas\u0131na kurulmu\u015f,<\/p>\n<p>Sabah uyananlar bakm\u0131\u015flar ki, derenin iki yan\u0131na dikenli teller \u00e7ekiliyor, &#8220;aman&#8221;, &#8220;zaman&#8221; dinlemeyen askerler dereyi ge\u00e7meye \u00e7al\u0131\u015fanlara vermi\u015fler dip\u00e7i\u011fi.<\/p>\n<p>Jandarma komutan\u0131 \u00f6\u011fleden sonra toplam\u0131\u015f k\u00f6y ahalisini dere kenar\u0131na, &#8220;Eyyyy ahaliii!&#8221; diye k\u00fckremi\u015f, &#8220;Bundan sonra derenin \u00f6te yan\u0131 Fizanistan&#8217;a aittir ve orada kalanlar da Fizan vatanda\u015flar\u0131d\u0131r&#8221; diye devam etmi\u015f. Ahalinin kah\u0131r ekseriyesi T\u00fcrk\u00e7e bilmedi\u011finden olay\u0131n vahameti anla\u015f\u0131lmam\u0131\u015f, k\u00f6yl\u00fcler k\u0131k\u0131r k\u0131k\u0131r g\u00fclm\u00fc\u015f. Komutan, muhtar\u0131 \u00e7a\u011f\u0131rm\u0131\u015f yan\u0131na olay\u0131 \u00f6zetle anlatm\u0131\u015f &#8220;Benim s\u00f6ylediklerimi bunlara lisan-\u0131 m\u00fcnasiple anlat\u2019\u2019 demi\u015f.<\/p>\n<p>Muhtar bu, adam\u0131 durduk yerde muhtar se\u00e7mezler! Akl\u0131 ve feraseti en uygun olan muhtar olur, bu memlekette! Her i\u015f bombok yap\u0131l\u0131r ama tek do\u011fru ve isabetli se\u00e7im muhtar tespitinde yap\u0131l\u0131r, Serkisof saati gibidir, t\u0131k\u0131r t\u0131k\u0131r y\u00fcr\u00fcr b\u00fct\u00fcn i\u015fler.<\/p>\n<p>Muhtarlar, devlet ile ba\u015f\u0131 bozuk ahali aras\u0131nda \u00f6yle uyumlu g\u00f6rev yaparlar ki, alan da memnundur satan da! &#8220;Her mesle\u011fin bir piri vard\u0131r&#8221; derler ya rivayet olunur ki, &#8220;diplomasi&#8221; ilminin piri muhtarlard\u0131r!<\/p>\n<p>Muhtar lisan-\u0131 m\u00fcnasip ile olay\u0131 anlatm\u0131\u015f ahaliye, olay\u0131n ay\u0131rd\u0131na varan kad\u0131nlar, k\u0131zlar ba\u015flam\u0131\u015flar z\u0131lg\u0131t \u00e7ekmeye, ama ne z\u0131lg\u0131t..! Yer g\u00f6k imlemi\u015f, kurtlar ku\u015flar yuvalar\u0131na saklanm\u0131\u015flar.<\/p>\n<p>G\u00fcnlerce, aylarca, y\u0131llarca s\u00fcrm\u00fc\u015f bu zamans\u0131z ayr\u0131l\u0131\u011f\u0131n travmas\u0131. Hatta aradan ge\u00e7en doksan y\u0131la ra\u011fmen g\u00f6rev yapt\u0131\u011f\u0131m d\u00f6nemde hala bu derin travman\u0131n izlerine tan\u0131k olmu\u015fumdur&#8230;<\/p>\n<p>Tavuklar birbirine kar\u0131\u015fm\u0131\u015f, inekler, koyunlar birbirine kar\u0131\u015fm\u0131\u015f! Kuzular bir yanda kalm\u0131\u015f civcivler \u00f6te yanda ama insanlar asla birbirlerine kavu\u015famam\u0131\u015flar,<\/p>\n<p>O me\u015fum ayr\u0131l\u0131k gecesinde, nenesi ile birlikte derenin \u00f6te yan\u0131ndaki akrabalar\u0131na yat\u0131l\u0131 misafirli\u011fe giden Z\u00fchre ve karde\u015fleri bile \u00f6lene kadar birbirlerine sar\u0131lamam\u0131\u015flar. Uzaktan uza\u011fa hasretle t\u00fcketmi\u015fler \u00f6m\u00fcrlerini.<\/p>\n<p>Derenin bu yan\u0131nda cenaze olmu\u015f, seslenmi\u015fler \u00f6te yana. Bir o yanda cenaze namaz\u0131 k\u0131l\u0131nm\u0131\u015f, bir bu yanda,<\/p>\n<p>Derenin bu yan\u0131nda d\u00fc\u011f\u00fcn olmu\u015f, seslenmi\u015fler \u00f6te yana. Bir bu yanda halaylar \u00e7ekilmi\u015f, bir \u00f6te yanda.<\/p>\n<p>\u0130\u015fte \u00f6yk\u00fcm\u00fcz\u00fcn \u00f6znesi olan hat\u0131rat\u0131m\u0131z b\u00f6yle bir ge\u00e7mi\u015fe sahip!<\/p>\n<p>Gelelim \u015fimdi as\u0131l konumuz olan may\u0131n e\u015fe\u011fi ile alk\u0131\u015f \u00e7avu\u015flar\u0131n\u0131n maceralar\u0131na&#8230;.<\/p>\n<p><img decoding=\"async\" class=\"alignnone size-full wp-image-37088\" src=\"https:\/\/www.circassiancenter.com\/tr\/wp-content\/uploads\/2023\/11\/z-Ara-1.png\" alt=\"\" width=\"45\" height=\"18\" \/><\/p>\n<p>Aradan ge\u00e7en doksan be\u015f y\u0131lda k\u00f6y ahalisi tar\u0131m ve hayvanc\u0131l\u0131kla ge\u00e7imlerini sa\u011flayamad\u0131k\u00e7a kar\u015f\u0131l\u0131kl\u0131 olarak iki \u00fclke aras\u0131nda ka\u00e7ak\u00e7\u0131l\u0131\u011fa ba\u015flam\u0131\u015flar. &#8220;Ka\u00e7ak\u00e7\u0131l\u0131k&#8221; deyince \u00f6yle h\u0131rs\u0131zl\u0131k, ya\u011fma, talan falan anla\u015f\u0131lmas\u0131n. Bu bir ticaret \u015feklinin ad\u0131d\u0131r ve gayette namuslu ahlaki kurallara dayal\u0131 yap\u0131l\u0131r. Sadece devlet bu ticaretten vergisini alamad\u0131\u011f\u0131 i\u00e7in olay\u0131 yasa d\u0131\u015f\u0131 ilan etmi\u015ftir, ceberrutlu\u011fu da bundand\u0131r! Yoksa ne ka\u00e7ak\u00e7\u0131l\u0131k k\u00f6t\u00fcd\u00fcr, ne de ka\u00e7ak\u00e7\u0131lar. E\u011fer devlet vergisini d\u00fczenli alabilse i\u015fler t\u0131k\u0131r t\u0131k\u0131r y\u00fcr\u00fcyecek.<\/p>\n<p>Zaten s\u00fcre\u00e7 i\u00e7erisinde i\u015fler t\u0131k\u0131r\u0131na girmi\u015f bile, devlet ad\u0131na o co\u011frafyada g\u00f6ren yapan b\u00fcrokrat memur ve dahi \u00f6zellikle asker taifesi i\u015fi \u00f6ylesine &#8220;organize&#8221; hale getirmi\u015fler ki, devlet bile bu i\u015fe \u015fa\u015far olmu\u015f&#8230; Yani &#8220;al takke-ver k\u00fclah&#8221; kanunu y\u00fcr\u00fcrl\u00fc\u011fe girmi\u015f zimnen.<\/p>\n<p>Ben o karakolda g\u00f6rev yaparken bu zimnen uygulanan &#8220;ka\u00e7ak\u00e7\u0131l\u0131k&#8221; yasas\u0131 y\u00fcr\u00fcrl\u00fckteydi. Ancak, yeni filizlenmeye ba\u015flayan ayr\u0131l\u0131k\u00e7\u0131 ter\u00f6r \u00f6rg\u00fct\u00fc de b\u00f6ylesi vergisi alg\u0131s\u0131 olmayan ticari alan\u0131 kontrol etmeye, ka\u00e7ak\u00e7\u0131lardan vergi almaya ba\u015flam\u0131\u015ft\u0131! Bu durum, devletten ziyade devlet ad\u0131na z\u0131mni uygulamalar yapan zevat-\u0131 k\u00eeram huzursuz etmeye yetmi\u015fti.<\/p>\n<p>Zaman zaman ka\u00e7ak\u00e7\u0131larla g\u00fcvenlik g\u00fc\u00e7leri aras\u0131nda \u00e7\u0131kan silahl\u0131 \u00e7at\u0131\u015fmalarda ka\u00e7ak\u00e7\u0131lar ve askerler yaralanmaya, \u00f6lmeye ba\u015flam\u0131\u015ft\u0131. \u00d6len askerler al bayra\u011fa sar\u0131l\u0131 anl\u0131 \u015fanl\u0131 t\u00f6renlerle \u015fehadet br\u00f6veleri ile son yolculuklar\u0131na u\u011furlan\u0131rken, ka\u00e7ak\u00e7\u0131lar\u0131n \u00f6l\u00fcs\u00fc k\u00f6y meydan\u0131nda sahipleri taraf\u0131ndan al\u0131ns\u0131n diye g\u00fcnlerce bekletilir olmu\u015ftu. Ahali korkudan \u00f6l\u00fcs\u00fcne sahip \u00e7\u0131kamad\u0131\u011f\u0131 i\u00e7in ka\u00e7ak\u00e7\u0131n\u0131n cesedi s\u0131cak havada \u015fi\u015fip kokmaya ba\u015flard\u0131.<\/p>\n<p>S\u0131n\u0131ra d\u00f6\u015fenen &#8220;topuk koparan&#8221; ad\u0131 ile maruf \u0130talya yap\u0131m\u0131 may\u0131nlar i\u015fimizi olduk\u00e7a kolayla\u015ft\u0131rm\u0131\u015ft\u0131 art\u0131k gece yar\u0131lar\u0131na kadar karda, buzda s\u0131cakta devriye gezip risk almak y\u00fck\u00fcm\u00fcz hafiflemi\u015fti! Biz sadece may\u0131n sesine odakl\u0131yd\u0131k. N\u00f6bet\u00e7i kulelerinden may\u0131n patlamas\u0131n\u0131 duyar duymaz alarma ge\u00e7ip olay yerine intikal ediyorduk.<\/p>\n<p>Patlama olan yere vard\u0131\u011f\u0131m\u0131zda, aya\u011f\u0131 par\u00e7alanm\u0131\u015f ka\u00e7ak\u00e7\u0131 ile \u00f6lm\u00fc\u015f e\u015fe\u011fin cesedinden ba\u015fka bir \u015feyde bulam\u0131yorduk. Geride kalan ka\u00e7ak\u00e7\u0131lar, t\u00fcm ka\u00e7ak mallar\u0131 al\u0131p ya s\u0131n\u0131r\u0131n bu yan\u0131na, ya di\u011fer yan\u0131na ka\u00e7m\u0131\u015f olurlard\u0131. Yani parsadan pay\u0131m\u0131z\u0131 alamaz olmu\u015ftuk! Bu da g\u00f6rev a\u015fk\u0131m\u0131z\u0131 kam\u00e7\u0131l\u0131yordu. Bizimki vallahi ki\u015fisel menfaat de\u011fil, tamam\u0131 ile memleket sevdas\u0131 idi!<\/p>\n<p>Bu olaylarda bol miktarda da sahipsiz y\u00fck\u00fc olmayan e\u015fekler yakalard\u0131k may\u0131nl\u0131 sahada ve etraf\u0131nda. Halk aras\u0131nda bu e\u015feklere &#8220;may\u0131n e\u015fe\u011fi&#8221; ad\u0131 verilir, may\u0131nl\u0131 araziye bir gurup e\u015fek s\u00fcr\u00fcl\u00fcr arkadan ticari emtia y\u00fckl\u00fc kat\u0131rlar ve arkalar\u0131ndan da ka\u00e7ak\u00e7\u0131lar y\u00fcr\u00fcrd\u00fc.<\/p>\n<p>E\u015fek deyip ge\u00e7meyin! E\u015fekler \u00f6nsezileri \u00e7ok g\u00fc\u00e7l\u00fc hayvanlard\u0131r. Topra\u011f\u0131n alt\u0131nda belirli mesafede g\u00f6m\u00fcl\u00fc may\u0131nlar\u0131 alg\u0131lama yetenekleri vard\u0131r. Ancak, bazen derine d\u00fc\u015fen may\u0131n\u0131 hissedemediklerinde de may\u0131n patlar, e\u015fekte &#8220;e\u015fek cennetine&#8221; giderdi.<\/p>\n<p>\u00c7o\u011fu zaman e\u015fekler may\u0131nl\u0131 araziden kervan\u0131 kazas\u0131z belas\u0131z ge\u00e7irirlerdi. Kimsenin ruhu duymadan, burnu kanamadan ticaret hitama ererdi. Bunlar hi\u00e7 ho\u015fnut olmad\u0131\u011f\u0131m\u0131z durumlard\u0131r, vergi tahsilat\u0131 ger\u00e7ekle\u015femedi\u011fi i\u00e7in!<\/p>\n<p>Baz\u0131 zamanlarda may\u0131n e\u015fekleri may\u0131na basar par\u00e7alan\u0131rlar. Yan\u0131ndaki e\u015fekler panik yapar da\u011f\u0131l\u0131rlar may\u0131nl\u0131 araziye. O esnada gerideki temizlenmi\u015f araziden gelen ka\u00e7ak\u00e7\u0131lar ve kat\u0131rlar tornistan edip kaybolurlar! \u00a0Biz olay yerine geldi\u011fimizde may\u0131nl\u0131 arazi i\u00e7inde onlarca may\u0131n e\u015fe\u011finin k\u0131p\u0131rdamadan durdu\u011funu g\u00f6r\u00fcrd\u00fck.<\/p>\n<p>Patlaman\u0131n \u015foku ile \u00f6nsezileri dumura u\u011fram\u0131\u015f may\u0131n e\u015fekleri saatlerce kendilerine gelmek i\u00e7in beklerler. Biz o may\u0131n e\u015feklerini may\u0131nl\u0131 araziden \u00e7\u0131kart\u0131p m\u00fcsadere etmek zorunda kal\u0131rd\u0131k. E\u015feklerin saatlerce kendilerine gelip may\u0131nl\u0131 arazinin d\u0131\u015f\u0131na \u00e7\u0131kmalar\u0131n\u0131 beklemeden askerler \u00e7avu\u015flar\u0131n e\u015fli\u011finde tempo ile alk\u0131\u015f yaparak e\u015fekleri y\u00fcr\u00fcmeye zorlarlard\u0131&#8230;<\/p>\n<p>Bu g\u00f6reve <strong>S\u0131n\u0131r G\u00fcvenli\u011fi Talimnamesi<\/strong> -ST-7 -10\/B gere\u011fince &#8220;Alk\u0131\u015f \u00e7avu\u015flu\u011fu&#8221; denirdi&#8230;<\/p>\n<p><img decoding=\"async\" class=\"alignnone size-full wp-image-37088\" src=\"https:\/\/www.circassiancenter.com\/tr\/wp-content\/uploads\/2023\/11\/z-Ara-1.png\" alt=\"\" width=\"45\" height=\"18\" \/><\/p>\n<p>\u015eimdi yukar\u0131da anlatt\u0131\u011f\u0131m \u00f6yk\u00fcy\u00fc, \u00e7ocuklar p\u0131r\u0131l p\u0131r\u0131l zekalar\u0131 ile anlay\u0131p yorumlam\u0131\u015flard\u0131r! Hayal d\u00fcnyalar\u0131nda yeni pencereler a\u00e7\u0131lm\u0131\u015ft\u0131r.<\/p>\n<p>Kirli ve pis kokulu b\u00fcy\u00fckler ise anlatt\u0131klar\u0131ma de\u011fi\u015fik anlamlar y\u00fckleyip &#8220;Sen bizim kahraman askerlerimize dil mi uzat\u0131yorsun? Vatan\u0131n bekas\u0131 i\u00e7in ba\u015flatt\u0131\u011f\u0131m\u0131z \u015fanl\u0131 harekat\u0131 k\u00fc\u00e7\u00fcms\u00fcyorsun musun..?&#8221; gibi afkurmalara ba\u015flarlar&#8230;<\/p>\n<p>Yok efendim! Yok \u00f6yle \u015fey!<\/p>\n<p>Hezeyanlar\u0131n\u0131z\u0131 ba\u015fka yere kusun, bu olay T\u00fcrkiye&#8217;de de\u011fil Fizanistan&#8217;da ya\u015fanm\u0131\u015f bu bir&#8230;<\/p>\n<p>\u0130kincisi bizim ordumuzda hi\u00e7 bir zaman may\u0131n e\u015fekleri kullan\u0131lmam\u0131\u015ft\u0131r&#8230;<\/p>\n<p>\u00dc\u00e7\u00fcnc\u00fc olarak biz e\u015fe\u011fi may\u0131n tarlas\u0131ndan \u00e7\u0131kartmak i\u00e7in alk\u0131\u015f tutmay\u0131z, \u2018\u2019ne hali varsa g\u00f6rs\u00fcn\u2019\u2019 der geldi\u011fimiz gibi geri d\u00f6neriz&#8230;<\/p>\n<p>D\u00f6rd\u00fcnc\u00fcs\u00fc bizde vatan i\u00e7in \u00f6lmeye haz\u0131r milyonlarca e\u015f\u015fek var.<\/p>\n","protected":false},"excerpt":{"rendered":"<p>KITIJ Cemil Bi&ccedil;er Erkek milletinin hayat&#305;nda anlatmaya doyamad&#305;&#287;&#305; iki olay vard&#305;r, biri av hat&#305;ralar&#305;, di&#287;eri askerlik hat&#305;ralar&#305;. Ama ill&acirc; ki, askerlik hat&#305;ralar&#305; her anlat&#305;&#351;ta ayn&#305; olaya yeni b&ouml;l&uuml;mler eklenir, eklendik&ccedil;e i&ccedil;inden &ccedil;&#305;k&#305;lmaz bir h&acirc;l al&#305;r. Benim askerlik hat&#305;ram &ouml;yle olmayacak seveceksiniz, sabredip sonuna dek okursan&#305;z&hellip; Efendim gelelim &ldquo;May&#305;n e&#351;e&#287;i ile alk&#305;&#351; &ccedil;avu&#351;u&rsquo;&rsquo;nun hikayesine.&nbsp;Hikaye dedi&#287;ime bakmay&#305;n [&hellip;]<\/p>\n","protected":false},"author":1,"featured_media":0,"comment_status":"closed","ping_status":"closed","sticky":false,"template":"","format":"standard","meta":{"_bbp_topic_count":0,"_bbp_reply_count":0,"_bbp_total_topic_count":0,"_bbp_total_reply_count":0,"_bbp_voice_count":0,"_bbp_anonymous_reply_count":0,"_bbp_topic_count_hidden":0,"_bbp_reply_count_hidden":0,"_bbp_forum_subforum_count":0,"ocean_post_layout":"","ocean_both_sidebars_style":"","ocean_both_sidebars_content_width":0,"ocean_both_sidebars_sidebars_width":0,"ocean_sidebar":"0","ocean_second_sidebar":"0","ocean_disable_margins":"enable","ocean_add_body_class":"","ocean_shortcode_before_top_bar":"","ocean_shortcode_after_top_bar":"","ocean_shortcode_before_header":"","ocean_shortcode_after_header":"","ocean_has_shortcode":"","ocean_shortcode_after_title":"","ocean_shortcode_before_footer_widgets":"","ocean_shortcode_after_footer_widgets":"","ocean_shortcode_before_footer_bottom":"","ocean_shortcode_after_footer_bottom":"","ocean_display_top_bar":"default","ocean_display_header":"default","ocean_header_style":"","ocean_center_header_left_menu":"0","ocean_custom_header_template":"0","ocean_custom_logo":0,"ocean_custom_retina_logo":0,"ocean_custom_logo_max_width":0,"ocean_custom_logo_tablet_max_width":0,"ocean_custom_logo_mobile_max_width":0,"ocean_custom_logo_max_height":0,"ocean_custom_logo_tablet_max_height":0,"ocean_custom_logo_mobile_max_height":0,"ocean_header_custom_menu":"0","ocean_menu_typo_font_family":"0","ocean_menu_typo_font_subset":"","ocean_menu_typo_font_size":0,"ocean_menu_typo_font_size_tablet":0,"ocean_menu_typo_font_size_mobile":0,"ocean_menu_typo_font_size_unit":"px","ocean_menu_typo_font_weight":"","ocean_menu_typo_font_weight_tablet":"","ocean_menu_typo_font_weight_mobile":"","ocean_menu_typo_transform":"","ocean_menu_typo_transform_tablet":"","ocean_menu_typo_transform_mobile":"","ocean_menu_typo_line_height":0,"ocean_menu_typo_line_height_tablet":0,"ocean_menu_typo_line_height_mobile":0,"ocean_menu_typo_line_height_unit":"","ocean_menu_typo_spacing":0,"ocean_menu_typo_spacing_tablet":0,"ocean_menu_typo_spacing_mobile":0,"ocean_menu_typo_spacing_unit":"","ocean_menu_link_color":"","ocean_menu_link_color_hover":"","ocean_menu_link_color_active":"","ocean_menu_link_background":"","ocean_menu_link_hover_background":"","ocean_menu_link_active_background":"","ocean_menu_social_links_bg":"","ocean_menu_social_hover_links_bg":"","ocean_menu_social_links_color":"","ocean_menu_social_hover_links_color":"","ocean_disable_title":"default","ocean_disable_heading":"default","ocean_post_title":"","ocean_post_subheading":"","ocean_post_title_style":"","ocean_post_title_background_color":"","ocean_post_title_background":0,"ocean_post_title_bg_image_position":"","ocean_post_title_bg_image_attachment":"","ocean_post_title_bg_image_repeat":"","ocean_post_title_bg_image_size":"","ocean_post_title_height":0,"ocean_post_title_bg_overlay":0.5,"ocean_post_title_bg_overlay_color":"","ocean_disable_breadcrumbs":"default","ocean_breadcrumbs_color":"","ocean_breadcrumbs_separator_color":"","ocean_breadcrumbs_links_color":"","ocean_breadcrumbs_links_hover_color":"","ocean_display_footer_widgets":"default","ocean_display_footer_bottom":"default","ocean_custom_footer_template":"0","ocean_post_oembed":"","ocean_post_self_hosted_media":"","ocean_post_video_embed":"","ocean_link_format":"","ocean_link_format_target":"self","ocean_quote_format":"","ocean_quote_format_link":"post","ocean_gallery_link_images":"on","ocean_gallery_id":[],"footnotes":""},"categories":[61],"tags":[],"class_list":["post-37159","post","type-post","status-publish","format-standard","hentry","category-yazarlar-kitij-cemil-bicer","entry"],"_links":{"self":[{"href":"https:\/\/www.circassiancenter.com\/tr\/wp-json\/wp\/v2\/posts\/37159","targetHints":{"allow":["GET"]}}],"collection":[{"href":"https:\/\/www.circassiancenter.com\/tr\/wp-json\/wp\/v2\/posts"}],"about":[{"href":"https:\/\/www.circassiancenter.com\/tr\/wp-json\/wp\/v2\/types\/post"}],"author":[{"embeddable":true,"href":"https:\/\/www.circassiancenter.com\/tr\/wp-json\/wp\/v2\/users\/1"}],"replies":[{"embeddable":true,"href":"https:\/\/www.circassiancenter.com\/tr\/wp-json\/wp\/v2\/comments?post=37159"}],"version-history":[{"count":1,"href":"https:\/\/www.circassiancenter.com\/tr\/wp-json\/wp\/v2\/posts\/37159\/revisions"}],"predecessor-version":[{"id":37162,"href":"https:\/\/www.circassiancenter.com\/tr\/wp-json\/wp\/v2\/posts\/37159\/revisions\/37162"}],"wp:attachment":[{"href":"https:\/\/www.circassiancenter.com\/tr\/wp-json\/wp\/v2\/media?parent=37159"}],"wp:term":[{"taxonomy":"category","embeddable":true,"href":"https:\/\/www.circassiancenter.com\/tr\/wp-json\/wp\/v2\/categories?post=37159"},{"taxonomy":"post_tag","embeddable":true,"href":"https:\/\/www.circassiancenter.com\/tr\/wp-json\/wp\/v2\/tags?post=37159"}],"curies":[{"name":"wp","href":"https:\/\/api.w.org\/{rel}","templated":true}]}}