{"id":38453,"date":"2024-02-26T01:55:30","date_gmt":"2024-02-26T07:55:30","guid":{"rendered":"https:\/\/www.circassiancenter.com\/tr\/?p=38453"},"modified":"2024-02-23T12:58:17","modified_gmt":"2024-02-23T18:58:17","slug":"15-temmuz-muzesi","status":"publish","type":"post","link":"https:\/\/www.circassiancenter.com\/tr\/15-temmuz-muzesi\/","title":{"rendered":"15 TEMMUZ M\u00dcZES\u0130"},"content":{"rendered":"<p><img fetchpriority=\"high\" decoding=\"async\" class=\"alignnone size-full wp-image-38455\" src=\"https:\/\/www.circassiancenter.com\/tr\/wp-content\/uploads\/2024\/02\/15-TEMMUZ-MUZESI-b.png\" alt=\"\" width=\"571\" height=\"300\" srcset=\"https:\/\/www.circassiancenter.com\/tr\/wp-content\/uploads\/2024\/02\/15-TEMMUZ-MUZESI-b.png 571w, https:\/\/www.circassiancenter.com\/tr\/wp-content\/uploads\/2024\/02\/15-TEMMUZ-MUZESI-b-300x158.png 300w\" sizes=\"(max-width: 571px) 100vw, 571px\" \/><\/p>\n<p><strong>KITIJ Cemil Bi\u00e7er<\/strong><\/p>\n<p>H\u00fcda-i n\u00e2b\u00eet topraklard\u0131r bu co\u011frafya! Topra\u011f\u0131 ayakkab\u0131n\u0131z\u0131n burnu ile e\u015feleyin tarih f\u0131\u015fk\u0131r\u0131r&#8230;<\/p>\n<p>Binlerce m\u00fczemiz var, a\u00e7\u0131\u011f\u0131 var, kapal\u0131s\u0131 var, yar\u0131 a\u00e7\u0131\u011f\u0131 var, tarihi eserlerimizi sergiledi\u011fimiz.<\/p>\n<p>Bir yenisi daha a\u00e7\u0131ld\u0131 d\u00fcn! &#8220;15 Temmuz M\u00fczesi!&#8221; Haberi yanda\u015f televizyonlardan izleyince merak ettim ne sergilenir bu m\u00fczede diye?<\/p>\n<p>Vavvvvv&#8230;!<\/p>\n<p>Aman efendim aman &#8230;<\/p>\n<p>Neleri sergilemi\u015fler neleri&#8230;<\/p>\n<p>Darbecilerden ka\u00e7anlar\u0131n papu\u00e7lar\u0131 m\u0131 dersiniz?!<\/p>\n<p>U\u00e7aklar\u0131n vurdu\u011fu minibuslar m\u0131 istersiniz?!<\/p>\n<p>Ku\u015f sapan\u0131 m\u0131 istersiniz?!<\/p>\n<p>Gaz tenekesi mi?!<\/p>\n<p>Anahtarl\u0131klar&#8230;<\/p>\n<p>Islak mendiller&#8230;<\/p>\n<p>Boklu \u00e7ocuk bezleri&#8230;<\/p>\n<p>\u0130mamesi k\u0131r\u0131k 99&#8217;luk tespihler&#8230;<\/p>\n<p>Rengarenk nemaz takkeleri&#8230;<\/p>\n<p>\u00c7in i\u015fi zikirmatikler&#8230;<\/p>\n<p>Versace marka e\u015faplar&#8230;<\/p>\n<p>tarikat takunyalar\u0131&#8230;<\/p>\n<p>S\u00fcrmene yap\u0131m\u0131 z\u00fclfik\u00e2r k\u0131l\u0131\u00e7lar&#8230;<\/p>\n<p>7,65 kalibre tabanca mermileri&#8230;<\/p>\n<p>\u00c7atapatlar, hava-i fi\u015fekler&#8230;<\/p>\n<p>Daha neler nelerrrr&#8230;<\/p>\n<p>Sk\u015fama kadar seyretseniz insan doyam\u0131yor.<\/p>\n<p>Ama bence milli ve yerli bu m\u00fczemizin en \u00f6nemli sergi malzemesini unutmu\u015flar.<\/p>\n<p>Darbecilerin en \u00f6nemli silah\u0131n\u0131 yerle yeks\u00e2n eden, istanbul sokaklar\u0131nda volta vuran tanklar\u0131n eksozuna sokularak tanklar\u0131 devre d\u0131\u015f\u0131 b\u0131rakan &#8220;<strong>pe\u015fk\u00fcr<\/strong>&#8221; sergi tezgah\u0131nda yok.<\/p>\n<p>Bu kahraman &#8220;pe\u015fk\u00fcr&#8221; olmadan bu m\u00fczenin hi\u00e7 bir kiymet-i harbiyesi olmaz.<\/p>\n<p><img decoding=\"async\" class=\"alignnone size-full wp-image-38456\" src=\"https:\/\/www.circassiancenter.com\/tr\/wp-content\/uploads\/2024\/02\/z-Ara.png\" alt=\"\" width=\"45\" height=\"18\" \/><\/p>\n<p>Bir zamanlar \u0130stanbul G\u00fclhane park\u0131nda butik hayvanat bah\u00e7esi vard\u0131. Toplam on, on be\u015f ihtiyar b\u00ce-zar yaban\u0131l hayvan sergilenirdi.<\/p>\n<p>Kafeslerinin \u00f6n\u00fcnde \u00fc\u00e7-be\u015f teka\u00fct memur eskisi veya Anadolu\u2019dan ka\u00e7m\u0131\u015f aylak avare tak\u0131m\u0131 seyredip dururlard\u0131 onlar\u0131.<\/p>\n<p>Ama bir kafes vard\u0131 ki, g\u00fcn\u00fcn hangi saatinde olursa olsun \u00f6n\u00fcnde i\u011fne atsan\u0131z yere d\u00fc\u015fmez bir kalabal\u0131k olurdu.<\/p>\n<p>Hayvanat bah\u00e7esinin ve hatta c\u00fcmle G\u00fclhane&#8217;nin medar-\u0131 iftahar\u0131 idi bu kafes m\u00fbkimi hayvan&#8230;<\/p>\n<p>Kurde\u015fen olmu\u015f makak maymunu gibi ka\u015f\u0131n\u0131yorsunuz eminim.<\/p>\n<p>\u2018\u2019Ulan hangi kafesdi bu?\u2019\u2019 diye.<\/p>\n<p>\u0130\u015fte bu tank\u0131n g\u00f6t\u00fcne sokulan &#8220;gazi pe\u015fk\u00fcr&#8221; G\u00fclhane hayvavat bah\u00e7esinin malum kafesi gibi kalabal\u0131\u011f\u0131n ilgisine mahzar olur.<\/p>\n<p>ilgililere duyurulur.<\/p>\n<p><strong>Not:<\/strong> G\u00fclhane park\u0131nda en \u00e7ok ilgiye mahzar olan kafesteki hayvan\u0131 hat\u0131rlad\u0131n\u0131z m\u0131?<\/p>\n","protected":false},"excerpt":{"rendered":"<p>KITIJ Cemil Bi&ccedil;er H&uuml;da-i n&acirc;b&icirc;t topraklard&#305;r bu co&#287;rafya! Topra&#287;&#305; ayakkab&#305;n&#305;z&#305;n burnu ile e&#351;eleyin tarih f&#305;&#351;k&#305;r&#305;r&hellip; Binlerce m&uuml;zemiz var, a&ccedil;&#305;&#287;&#305; var, kapal&#305;s&#305; var, yar&#305; a&ccedil;&#305;&#287;&#305; var, tarihi eserlerimizi sergiledi&#287;imiz. Bir yenisi daha a&ccedil;&#305;ld&#305; d&uuml;n! &ldquo;15 Temmuz M&uuml;zesi!&rdquo; Haberi yanda&#351; televizyonlardan izleyince merak ettim ne sergilenir bu m&uuml;zede diye? Vavvvvv&hellip;! Aman efendim aman &hellip; Neleri sergilemi&#351;ler neleri&hellip; [&hellip;]<\/p>\n","protected":false},"author":1,"featured_media":0,"comment_status":"closed","ping_status":"closed","sticky":false,"template":"","format":"standard","meta":{"_bbp_topic_count":0,"_bbp_reply_count":0,"_bbp_total_topic_count":0,"_bbp_total_reply_count":0,"_bbp_voice_count":0,"_bbp_anonymous_reply_count":0,"_bbp_topic_count_hidden":0,"_bbp_reply_count_hidden":0,"_bbp_forum_subforum_count":0,"ocean_post_layout":"","ocean_both_sidebars_style":"","ocean_both_sidebars_content_width":0,"ocean_both_sidebars_sidebars_width":0,"ocean_sidebar":"0","ocean_second_sidebar":"0","ocean_disable_margins":"enable","ocean_add_body_class":"","ocean_shortcode_before_top_bar":"","ocean_shortcode_after_top_bar":"","ocean_shortcode_before_header":"","ocean_shortcode_after_header":"","ocean_has_shortcode":"","ocean_shortcode_after_title":"","ocean_shortcode_before_footer_widgets":"","ocean_shortcode_after_footer_widgets":"","ocean_shortcode_before_footer_bottom":"","ocean_shortcode_after_footer_bottom":"","ocean_display_top_bar":"default","ocean_display_header":"default","ocean_header_style":"","ocean_center_header_left_menu":"0","ocean_custom_header_template":"0","ocean_custom_logo":0,"ocean_custom_retina_logo":0,"ocean_custom_logo_max_width":0,"ocean_custom_logo_tablet_max_width":0,"ocean_custom_logo_mobile_max_width":0,"ocean_custom_logo_max_height":0,"ocean_custom_logo_tablet_max_height":0,"ocean_custom_logo_mobile_max_height":0,"ocean_header_custom_menu":"0","ocean_menu_typo_font_family":"0","ocean_menu_typo_font_subset":"","ocean_menu_typo_font_size":0,"ocean_menu_typo_font_size_tablet":0,"ocean_menu_typo_font_size_mobile":0,"ocean_menu_typo_font_size_unit":"px","ocean_menu_typo_font_weight":"","ocean_menu_typo_font_weight_tablet":"","ocean_menu_typo_font_weight_mobile":"","ocean_menu_typo_transform":"","ocean_menu_typo_transform_tablet":"","ocean_menu_typo_transform_mobile":"","ocean_menu_typo_line_height":0,"ocean_menu_typo_line_height_tablet":0,"ocean_menu_typo_line_height_mobile":0,"ocean_menu_typo_line_height_unit":"","ocean_menu_typo_spacing":0,"ocean_menu_typo_spacing_tablet":0,"ocean_menu_typo_spacing_mobile":0,"ocean_menu_typo_spacing_unit":"","ocean_menu_link_color":"","ocean_menu_link_color_hover":"","ocean_menu_link_color_active":"","ocean_menu_link_background":"","ocean_menu_link_hover_background":"","ocean_menu_link_active_background":"","ocean_menu_social_links_bg":"","ocean_menu_social_hover_links_bg":"","ocean_menu_social_links_color":"","ocean_menu_social_hover_links_color":"","ocean_disable_title":"default","ocean_disable_heading":"default","ocean_post_title":"","ocean_post_subheading":"","ocean_post_title_style":"","ocean_post_title_background_color":"","ocean_post_title_background":0,"ocean_post_title_bg_image_position":"","ocean_post_title_bg_image_attachment":"","ocean_post_title_bg_image_repeat":"","ocean_post_title_bg_image_size":"","ocean_post_title_height":0,"ocean_post_title_bg_overlay":0.5,"ocean_post_title_bg_overlay_color":"","ocean_disable_breadcrumbs":"default","ocean_breadcrumbs_color":"","ocean_breadcrumbs_separator_color":"","ocean_breadcrumbs_links_color":"","ocean_breadcrumbs_links_hover_color":"","ocean_display_footer_widgets":"default","ocean_display_footer_bottom":"default","ocean_custom_footer_template":"0","ocean_post_oembed":"","ocean_post_self_hosted_media":"","ocean_post_video_embed":"","ocean_link_format":"","ocean_link_format_target":"self","ocean_quote_format":"","ocean_quote_format_link":"post","ocean_gallery_link_images":"on","ocean_gallery_id":[],"footnotes":""},"categories":[61],"tags":[],"class_list":["post-38453","post","type-post","status-publish","format-standard","hentry","category-yazarlar-kitij-cemil-bicer","entry"],"_links":{"self":[{"href":"https:\/\/www.circassiancenter.com\/tr\/wp-json\/wp\/v2\/posts\/38453","targetHints":{"allow":["GET"]}}],"collection":[{"href":"https:\/\/www.circassiancenter.com\/tr\/wp-json\/wp\/v2\/posts"}],"about":[{"href":"https:\/\/www.circassiancenter.com\/tr\/wp-json\/wp\/v2\/types\/post"}],"author":[{"embeddable":true,"href":"https:\/\/www.circassiancenter.com\/tr\/wp-json\/wp\/v2\/users\/1"}],"replies":[{"embeddable":true,"href":"https:\/\/www.circassiancenter.com\/tr\/wp-json\/wp\/v2\/comments?post=38453"}],"version-history":[{"count":1,"href":"https:\/\/www.circassiancenter.com\/tr\/wp-json\/wp\/v2\/posts\/38453\/revisions"}],"predecessor-version":[{"id":38457,"href":"https:\/\/www.circassiancenter.com\/tr\/wp-json\/wp\/v2\/posts\/38453\/revisions\/38457"}],"wp:attachment":[{"href":"https:\/\/www.circassiancenter.com\/tr\/wp-json\/wp\/v2\/media?parent=38453"}],"wp:term":[{"taxonomy":"category","embeddable":true,"href":"https:\/\/www.circassiancenter.com\/tr\/wp-json\/wp\/v2\/categories?post=38453"},{"taxonomy":"post_tag","embeddable":true,"href":"https:\/\/www.circassiancenter.com\/tr\/wp-json\/wp\/v2\/tags?post=38453"}],"curies":[{"name":"wp","href":"https:\/\/api.w.org\/{rel}","templated":true}]}}