{"id":39838,"date":"2024-05-27T16:35:33","date_gmt":"2024-05-27T21:35:33","guid":{"rendered":"https:\/\/www.circassiancenter.com\/tr\/?p=39838"},"modified":"2024-05-27T16:35:33","modified_gmt":"2024-05-27T21:35:33","slug":"mavi-patikli-oglan","status":"publish","type":"post","link":"https:\/\/www.circassiancenter.com\/tr\/mavi-patikli-oglan\/","title":{"rendered":"MAV\u0130 PAT\u0130KL\u0130 O\u011eLAN"},"content":{"rendered":"<p><img fetchpriority=\"high\" decoding=\"async\" class=\"alignnone size-full wp-image-39840\" src=\"https:\/\/www.circassiancenter.com\/tr\/wp-content\/uploads\/2024\/05\/MAVI-PATIKLI-OGLAN-b.png\" alt=\"\" width=\"571\" height=\"300\" srcset=\"https:\/\/www.circassiancenter.com\/tr\/wp-content\/uploads\/2024\/05\/MAVI-PATIKLI-OGLAN-b.png 571w, https:\/\/www.circassiancenter.com\/tr\/wp-content\/uploads\/2024\/05\/MAVI-PATIKLI-OGLAN-b-300x158.png 300w\" sizes=\"(max-width: 571px) 100vw, 571px\" \/><\/p>\n<p><strong>KITIJ Cemil Bi\u00e7er<\/strong><\/p>\n<p>Klasik d\u00fcnya masallar\u0131yla b\u00fcy\u00fcd\u00fcm ben. K\u00fct\u00fcphanemin en k\u00e2llav\u00ee raf\u0131 \u00e7ocuk edebiyat\u0131n\u0131n \u00fcnl\u00fc masal kitaplar\u0131yla doludur. Altm\u0131\u015f k\u00fbs\u00fcr ya\u015f\u0131ma geldim h\u00e2l\u00e2 okurum bu masallar\u0131 ve ayn\u0131 h\u00e2z ve heyecan\u0131 duyumsar\u0131m.<\/p>\n<p>Favori olan masal\u0131m ise Frans\u0131z masalc\u0131 Charles Perrault&#8217;un &#8220;K\u0131rm\u0131z\u0131 Ba\u015fl\u0131kl\u0131 K\u0131z&#8221; roman\u0131d\u0131r. Okumaya doyamam&#8230;<\/p>\n<p>Az \u00f6nce bir dostumun sosyal medya sayfas\u0131nda &#8220;Mavi Patikli O\u011flan&#8221; masal\u0131n\u0131 okuyana kadar masallar konusundaki d\u00fc\u015f\u00fcncem ayn\u0131yd\u0131.<\/p>\n<p>Ad\u0131 ge\u00e7en &#8220;Mavi Patikli O\u011flan&#8221; masal\u0131n\u0131 sizlerle payla\u015fmazsam kurde\u015fen olmu\u015f maymun makad\u0131 gibi ka\u015f\u0131n\u0131r\u0131m g\u00fcn boyu&#8230;<\/p>\n<p>Buyrun okuyun efendim&#8230; Bana hak vereceksiniz!<\/p>\n<p><img decoding=\"async\" class=\"alignnone size-full wp-image-39723\" src=\"https:\/\/www.circassiancenter.com\/tr\/wp-content\/uploads\/2024\/05\/z-Ara.png\" alt=\"\" width=\"45\" height=\"18\" \/><\/p>\n<p>&#8220;Erkekler a\u011flamaz.<\/p>\n<p>Erkekler korkmaz. Erkekler kar\u0131 gibi g\u00fclmez.&#8217;\u2019 derken ortal\u0131k dul kad\u0131ndan ge\u00e7ilmiyor! Zira erkekler gen\u00e7 ya\u015fta\u00a0Hakk&#8217;\u0131n rahmetine kavu\u015fuyorlar.<\/p>\n<p>Siz hi\u00e7 kap\u0131 kom\u015fusuna sabah kahvesine gidip kar\u0131s\u0131n\u0131 \u00e7eki\u015ftiren erkek g\u00f6rd\u00fcn\u00fcz m\u00fc?<\/p>\n<p>Fare g\u00f6r\u00fcnce ba\u011f\u0131ran?<\/p>\n<p>&#8216;Bu ara sinirlerim zay\u0131f&#8217; deyip habire a\u011flayan?<\/p>\n<p>Oysa onlar da kad\u0131nlarla ayn\u0131 duygulara sahip olarak geliyorlar d\u00fcnyaya. Lakin daha ilk g\u00fcn ayaklar\u0131na mavi patik giydirmek suretiyle &#8216;A\u011f\u0131r ol bakal\u0131m!&#8217; diyoruz.<\/p>\n<p>&#8216;\u2019Ne al\u00e1kas\u0131 var mavi patikle?\u2019&#8217; demeyin. Mavi so\u011fuk ve ciddi bir renktir!<\/p>\n<p>Kime isterseniz sorun. Ve katiyen tesad\u00fcf de\u011fildir o patiklerin rengi.<\/p>\n<p>D\u00fc\u015f\u00fcn\u00fclm\u00fc\u015f, ta\u015f\u0131n\u0131lm\u0131\u015f, se\u00e7ilmi\u015ftir.<\/p>\n<p>Aya\u011fa giydirildi\u011fi anda kula\u011fa \u015funlar f\u0131s\u0131ldanm\u0131\u015f demektir: Sen erkeksin. Erkek olman\u0131n gerekleri vard\u0131r. \u00d6mr\u00fcn\u00fcn sonuna kadar bunlar\u0131 yerine getirmekle y\u00fck\u00fcml\u00fcs\u00fcn.\u00d6mr\u00fcn\u00fcn s\u00fcresi ise \u00e7atlama kat say\u0131na ba\u011fl\u0131. \u0130\u00e7ine ata ata ne kadarya\u015fayabilirsen art\u0131k.<\/p>\n<p>Bize sorarsan pek uzun s\u00fcrece\u011fi kanaatinde de\u011filiz. Dikkat edece\u011fin husus, en dramatik hallerde bile mavi patikli oldu\u011funu unutmamand\u0131r.<\/p>\n<p>Misal; a\u015f\u0131k oldun. Sak\u0131n belli etme! B\u0131rak kar\u015f\u0131ndaki yans\u0131n tutu\u015fsun. Sen a\u011f\u0131r ol. Molla desinler yeter ki a\u015f\u0131k demesinler.<\/p>\n<p>Misal; sevgilinden ayr\u0131ld\u0131n. Sak\u0131n a\u011flay\u0131p s\u0131zlama. Yine b\u0131rak kar\u015f\u0131ndaki y\u0131k\u0131l\u0131p s\u00fcr\u00fcns\u00fcn. G\u00f6zya\u015f\u0131 dedi\u011fin kad\u0131n k\u0131sm\u0131na yak\u0131\u015f\u0131r. Zaten senin g\u00f6zya\u015f\u0131 bezlerin mavi patik operasyonuyla al\u0131nm\u0131\u015f bulunuyor.<\/p>\n<p>Misal; eve h\u0131rs\u0131z girdi. T\u0131k\u0131rt\u0131 duydunuz ya da h\u0131rs\u0131zla burun buruna geldiniz. Kim bo\u011fu\u015facak adamla?<br \/>\nBak bakal\u0131m kar\u0131n\u0131n ayaklar\u0131na! Ne renk patikleri?<\/p>\n<p>Pembe.<\/p>\n<p>Ya h\u0131rs\u0131z\u0131nkiyle seninki? Mavi.<\/p>\n<p>Kural: Mavililer bo\u011fu\u015facak. Pembeliler ba\u011f\u0131racak. Herkes g\u00f6revini bilsin. Ta do\u011fumhane de yap\u0131ld\u0131 bu i\u015f b\u00f6l\u00fcm\u00fc.<\/p>\n<p>Misal: E\u015finle kavga ettin. Ne yapacaks\u0131n? Hi\u00e7. \u0130\u015fine gidip hi\u00e7bir \u015fey olmam\u0131\u015f gibi \u00e7al\u0131\u015facaks\u0131n. &#8216;Ay \u0130smail \u00e7ok sinirim bozuk, benimki sabah sabah anneme laf etti&#8217; diyemezsin.<\/p>\n<p>Kar\u0131n o esnada telefonun ba\u015f\u0131nda, bir sigara ve bir kahve e\u015fli\u011finde arkada\u015flar\u0131na seni \u00e7eki\u015ftiriyor olabilir. Olsun. Onun mazereti var, patikleri pembe.<\/p>\n<p>Misal; evde aniden bir b\u00f6cek peydahland\u0131. Kim gidecek \u00fcst\u00fcne? Tabii ki sen. Zira kar\u0131n\u0131n gitmesi hi\u00e7bir i\u015fe yaramaz. B\u00f6cek renk k\u00f6r\u00fc m\u00fc? Maviyle pembeyi ay\u0131ramaz m\u0131? Ve sorar\u0131m sana, hangi b\u00f6cek pembeden korkar? Ama mavi&#8230; Birrrrr.<\/p>\n<p>Misal; sava\u015fa gidilecek. Kim gidecek? Tabii ki Mehmet\u00e7ik. Sen hi\u00e7 &#8216;Vatan sa\u011folsun&#8217; diye ba\u011f\u0131ran Ay\u015fecik g\u00f6rd\u00fcn m\u00fc? Benim bildi\u011fim Ay\u015fecik kameran\u0131n kar\u015f\u0131s\u0131nda &#8216;Size baba diyebilir miyimamca? &#8216; diyordu. Ve hat\u0131rlad\u0131\u011f\u0131m kadar\u0131yla omuzunda t\u00fcfek falan da yoktu.<\/p>\n<p>Diyece\u011fim, mavi patikli olmak zor zanaat!<\/p>\n<p>&nbsp;<\/p>\n","protected":false},"excerpt":{"rendered":"<p>KITIJ Cemil Bi&ccedil;er Klasik d&uuml;nya masallar&#305;yla b&uuml;y&uuml;d&uuml;m ben. K&uuml;t&uuml;phanemin en k&acirc;llav&icirc; raf&#305; &ccedil;ocuk edebiyat&#305;n&#305;n &uuml;nl&uuml; masal kitaplar&#305;yla doludur. Altm&#305;&#351; k&ucirc;s&uuml;r ya&#351;&#305;ma geldim h&acirc;l&acirc; okurum bu masallar&#305; ve ayn&#305; h&acirc;z ve heyecan&#305; duyumsar&#305;m. Favori olan masal&#305;m ise Frans&#305;z masalc&#305; Charles Perrault&rsquo;un &ldquo;K&#305;rm&#305;z&#305; Ba&#351;l&#305;kl&#305; K&#305;z&rdquo; roman&#305;d&#305;r. Okumaya doyamam&hellip; Az &ouml;nce bir dostumun sosyal medya sayfas&#305;nda &ldquo;Mavi Patikli [&hellip;]<\/p>\n","protected":false},"author":1,"featured_media":0,"comment_status":"closed","ping_status":"closed","sticky":false,"template":"","format":"standard","meta":{"_bbp_topic_count":0,"_bbp_reply_count":0,"_bbp_total_topic_count":0,"_bbp_total_reply_count":0,"_bbp_voice_count":0,"_bbp_anonymous_reply_count":0,"_bbp_topic_count_hidden":0,"_bbp_reply_count_hidden":0,"_bbp_forum_subforum_count":0,"ocean_post_layout":"","ocean_both_sidebars_style":"","ocean_both_sidebars_content_width":0,"ocean_both_sidebars_sidebars_width":0,"ocean_sidebar":"0","ocean_second_sidebar":"0","ocean_disable_margins":"enable","ocean_add_body_class":"","ocean_shortcode_before_top_bar":"","ocean_shortcode_after_top_bar":"","ocean_shortcode_before_header":"","ocean_shortcode_after_header":"","ocean_has_shortcode":"","ocean_shortcode_after_title":"","ocean_shortcode_before_footer_widgets":"","ocean_shortcode_after_footer_widgets":"","ocean_shortcode_before_footer_bottom":"","ocean_shortcode_after_footer_bottom":"","ocean_display_top_bar":"default","ocean_display_header":"default","ocean_header_style":"","ocean_center_header_left_menu":"0","ocean_custom_header_template":"0","ocean_custom_logo":0,"ocean_custom_retina_logo":0,"ocean_custom_logo_max_width":0,"ocean_custom_logo_tablet_max_width":0,"ocean_custom_logo_mobile_max_width":0,"ocean_custom_logo_max_height":0,"ocean_custom_logo_tablet_max_height":0,"ocean_custom_logo_mobile_max_height":0,"ocean_header_custom_menu":"0","ocean_menu_typo_font_family":"0","ocean_menu_typo_font_subset":"","ocean_menu_typo_font_size":0,"ocean_menu_typo_font_size_tablet":0,"ocean_menu_typo_font_size_mobile":0,"ocean_menu_typo_font_size_unit":"px","ocean_menu_typo_font_weight":"","ocean_menu_typo_font_weight_tablet":"","ocean_menu_typo_font_weight_mobile":"","ocean_menu_typo_transform":"","ocean_menu_typo_transform_tablet":"","ocean_menu_typo_transform_mobile":"","ocean_menu_typo_line_height":0,"ocean_menu_typo_line_height_tablet":0,"ocean_menu_typo_line_height_mobile":0,"ocean_menu_typo_line_height_unit":"","ocean_menu_typo_spacing":0,"ocean_menu_typo_spacing_tablet":0,"ocean_menu_typo_spacing_mobile":0,"ocean_menu_typo_spacing_unit":"","ocean_menu_link_color":"","ocean_menu_link_color_hover":"","ocean_menu_link_color_active":"","ocean_menu_link_background":"","ocean_menu_link_hover_background":"","ocean_menu_link_active_background":"","ocean_menu_social_links_bg":"","ocean_menu_social_hover_links_bg":"","ocean_menu_social_links_color":"","ocean_menu_social_hover_links_color":"","ocean_disable_title":"default","ocean_disable_heading":"default","ocean_post_title":"","ocean_post_subheading":"","ocean_post_title_style":"","ocean_post_title_background_color":"","ocean_post_title_background":0,"ocean_post_title_bg_image_position":"","ocean_post_title_bg_image_attachment":"","ocean_post_title_bg_image_repeat":"","ocean_post_title_bg_image_size":"","ocean_post_title_height":0,"ocean_post_title_bg_overlay":0.5,"ocean_post_title_bg_overlay_color":"","ocean_disable_breadcrumbs":"default","ocean_breadcrumbs_color":"","ocean_breadcrumbs_separator_color":"","ocean_breadcrumbs_links_color":"","ocean_breadcrumbs_links_hover_color":"","ocean_display_footer_widgets":"default","ocean_display_footer_bottom":"default","ocean_custom_footer_template":"0","ocean_post_oembed":"","ocean_post_self_hosted_media":"","ocean_post_video_embed":"","ocean_link_format":"","ocean_link_format_target":"self","ocean_quote_format":"","ocean_quote_format_link":"post","ocean_gallery_link_images":"on","ocean_gallery_id":[],"footnotes":""},"categories":[61],"tags":[],"class_list":["post-39838","post","type-post","status-publish","format-standard","hentry","category-yazarlar-kitij-cemil-bicer","entry"],"_links":{"self":[{"href":"https:\/\/www.circassiancenter.com\/tr\/wp-json\/wp\/v2\/posts\/39838","targetHints":{"allow":["GET"]}}],"collection":[{"href":"https:\/\/www.circassiancenter.com\/tr\/wp-json\/wp\/v2\/posts"}],"about":[{"href":"https:\/\/www.circassiancenter.com\/tr\/wp-json\/wp\/v2\/types\/post"}],"author":[{"embeddable":true,"href":"https:\/\/www.circassiancenter.com\/tr\/wp-json\/wp\/v2\/users\/1"}],"replies":[{"embeddable":true,"href":"https:\/\/www.circassiancenter.com\/tr\/wp-json\/wp\/v2\/comments?post=39838"}],"version-history":[{"count":1,"href":"https:\/\/www.circassiancenter.com\/tr\/wp-json\/wp\/v2\/posts\/39838\/revisions"}],"predecessor-version":[{"id":39841,"href":"https:\/\/www.circassiancenter.com\/tr\/wp-json\/wp\/v2\/posts\/39838\/revisions\/39841"}],"wp:attachment":[{"href":"https:\/\/www.circassiancenter.com\/tr\/wp-json\/wp\/v2\/media?parent=39838"}],"wp:term":[{"taxonomy":"category","embeddable":true,"href":"https:\/\/www.circassiancenter.com\/tr\/wp-json\/wp\/v2\/categories?post=39838"},{"taxonomy":"post_tag","embeddable":true,"href":"https:\/\/www.circassiancenter.com\/tr\/wp-json\/wp\/v2\/tags?post=39838"}],"curies":[{"name":"wp","href":"https:\/\/api.w.org\/{rel}","templated":true}]}}