{"id":40395,"date":"2024-07-15T15:46:54","date_gmt":"2024-07-15T20:46:54","guid":{"rendered":"https:\/\/www.circassiancenter.com\/tr\/?p=40395"},"modified":"2024-07-15T15:46:54","modified_gmt":"2024-07-15T20:46:54","slug":"maser-i-vicdan-boyle-rahatlatilmaz","status":"publish","type":"post","link":"https:\/\/www.circassiancenter.com\/tr\/maser-i-vicdan-boyle-rahatlatilmaz\/","title":{"rendered":"M\u00c2\u015eER-\u0130 V\u0130CDAN B\u00d6YLE RAHATLATILMAZ"},"content":{"rendered":"<p><img fetchpriority=\"high\" decoding=\"async\" class=\"alignnone size-full wp-image-40396\" src=\"https:\/\/www.circassiancenter.com\/tr\/wp-content\/uploads\/2024\/07\/MASER-I-VICDAN-BOYLE-RAHATLATILMAZ-b.png\" alt=\"\" width=\"571\" height=\"300\" srcset=\"https:\/\/www.circassiancenter.com\/tr\/wp-content\/uploads\/2024\/07\/MASER-I-VICDAN-BOYLE-RAHATLATILMAZ-b.png 571w, https:\/\/www.circassiancenter.com\/tr\/wp-content\/uploads\/2024\/07\/MASER-I-VICDAN-BOYLE-RAHATLATILMAZ-b-300x158.png 300w\" sizes=\"(max-width: 571px) 100vw, 571px\" \/><\/p>\n<p><strong>KITIJ Cemil Bi\u00e7er<\/strong><\/p>\n<p>Cami avlusunda miting yap\u0131p, muhaliflerine dinsiz, imans\u0131z, kom\u00fcnistler diyerek akl\u0131 s\u0131ra ayar \u00e7eken m\u00fcptezel, \u015fimdi de toplumsal karde\u015flik s\u00f6ylemine sar\u0131l\u0131p <strong>m\u00e2\u015feri vicdanlar\u0131n rahatlat\u0131lmas\u0131<\/strong> gereklili\u011fi s\u00f6ylemine ba\u015flad\u0131.<\/p>\n<p>Ma\u015feri vicdan kavram\u0131 T\u00fcrk\u00e7e siyaset literat\u00fcr\u00fcne Frans\u0131z sosyolog Emile Durkheim eserlerinin \u00e7evrilmesi ile girmi\u015ftir.<\/p>\n<p>&#8220;Kolektif vicdan&#8221; anlam\u0131na gelir.<\/p>\n<p>Bireylerden ba\u011f\u0131ms\u0131z olarak toplumun sahip oldu\u011fu kolektif bilincin ayn\u0131 zamanda bir kolektif vicdan da \u00fcretti\u011fi tezine dayan\u0131r.<\/p>\n<p>Bireyin i\u00e7inde ta\u015f\u0131d\u0131\u011f\u0131 bu kolektif vicdan ayn\u0131 zamanda onun sosyalle\u015fmesinin de bir par\u00e7as\u0131 olarak kabul edilir.<\/p>\n<p>Durkheim; toplumlar\u0131 incelerken iki tip toplumsal dayan\u0131\u015fma ayr\u0131m\u0131 yapm\u0131\u015ft\u0131r.<\/p>\n<ol>\n<li>Mekanik dayan\u0131\u015fma; daha homojen ve ilkel toplumlar i\u00e7indir. Burada din genel bir payda olarak hakimdir, genel ge\u00e7er de\u011fer ve inan\u0131\u015f sistemleri vard\u0131r.<\/li>\n<li>Organik dayan\u0131\u015fma; toplum daha kompleks, ve kar\u0131\u015f\u0131kt\u0131r. Y\u00fcksek oranda i\u015f b\u00f6l\u00fcm\u00fc g\u00f6zlenir ve bu ki\u015filerin birbirine olan ba\u011f\u0131ml\u0131l\u0131\u011f\u0131n\u0131 art\u0131r\u0131r. Sanayi toplumlar\u0131 daha bir organik dayan\u0131\u015fman\u0131n i\u00e7erisinde girmektedir.<\/li>\n<\/ol>\n<p>T\u00fcrkiye, \u00fcnl\u00fc sosyolog &#8220;Sakall\u0131 Celal&#8221; nam\u0131 ile maruf Celal Yal\u0131n\u0131z&#8217;\u0131n; &#8220;T\u00fcrkiye, durmaks\u0131z\u0131n Do\u011fu\u2019ya giden bir gemidir, baz\u0131lar\u0131 bu geminin g\u00fcvertesinde Bat\u0131\u2019ya do\u011fru ko\u015farak Bat\u0131\u2019ya gittiklerini sanan insanlar \u00fclkesidir&#8221; tespitindeki gibi parodoksal gel-gitleri yo\u011fun olan nev-i \u015fahs\u0131na m\u00fcnhas\u0131r \u00fclkedir.<\/p>\n<p>Dinci, dinbaz ve bil c\u00fcmle din bezirgan\u0131 kar\u015f\u0131 devrimci g\u00fcruhun mekanik vicdanlar\u0131n\u0131;<\/p>\n<p>Bayrakkkkk.!<\/p>\n<p>Ezannnn..!<\/p>\n<p>Kurannnnn..!<\/p>\n<p>Dinnnnn..!<\/p>\n<p>\u0130mannnnn..!<\/p>\n<p>Bek\u00e2..!<\/p>\n<p>eyyamc\u0131 ajitaktif sloganlar ile \u00e7ok kolay rahatlat\u0131yoruz da, organik dayan\u0131\u015fma i\u00e7indeki \u00e7a\u011fda\u015f insanlar\u0131n vicdanlar\u0131n\u0131 rahatlatmada sorun ya\u015f\u0131yoruz! Zira toplumun muhalif olan kahir ekseri kesimi;<\/p>\n<p>Demokrasi, diyor..!<\/p>\n<p>Adalet, diyor..!<\/p>\n<p>\u0130nsan haklar\u0131, diyor..!<\/p>\n<p>\u00d6zg\u00fcrl\u00fck, diyor..!<\/p>\n<p>E\u015fitlik, diyor..!<\/p>\n<p>\u00c7ocuk tecav\u00fczlerine yeterrr, diyor..!<\/p>\n<p>Her t\u00fcrl\u00fc ayr\u0131mc\u0131l\u0131\u011fa hay\u0131rr, diyor..!<\/p>\n<p><img decoding=\"async\" class=\"alignnone size-full wp-image-40233\" src=\"https:\/\/www.circassiancenter.com\/tr\/wp-content\/uploads\/2024\/07\/z-Ara.png\" alt=\"\" width=\"45\" height=\"18\" \/><\/p>\n<p>Siyasal iktidar\u0131n rahatlatmada zorland\u0131\u011f\u0131 vicdanlar, bu yurtta\u015flar\u0131m\u0131z\u0131n vicdanlar\u0131.<\/p>\n<p>\u0130nsanlara \u00fc\u00e7 kuru\u015fluk deprem \u00e7ad\u0131rlar\u0131n\u0131 bile do\u011fru d\u00fcr\u00fcst da\u011f\u0131tamadan m\u00e2&#8217;\u015feri vicdan rahatlatmak isteyen akl\u0131 mabad\u0131nda politika madrabazlar\u0131na duyurulur&#8230;<\/p>\n<p>Bilmem anlatabildim mi..?<\/p>\n<p>&nbsp;<\/p>\n","protected":false},"excerpt":{"rendered":"<p>KITIJ Cemil Bi&ccedil;er Cami avlusunda miting yap&#305;p, muhaliflerine dinsiz, imans&#305;z, kom&uuml;nistler diyerek akl&#305; s&#305;ra ayar &ccedil;eken m&uuml;ptezel, &#351;imdi de toplumsal karde&#351;lik s&ouml;ylemine sar&#305;l&#305;p m&acirc;&#351;eri vicdanlar&#305;n rahatlat&#305;lmas&#305; gereklili&#287;i s&ouml;ylemine ba&#351;lad&#305;. Ma&#351;eri vicdan kavram&#305; T&uuml;rk&ccedil;e siyaset literat&uuml;r&uuml;ne Frans&#305;z sosyolog Emile Durkheim eserlerinin &ccedil;evrilmesi ile girmi&#351;tir. &ldquo;Kolektif vicdan&rdquo; anlam&#305;na gelir. Bireylerden ba&#287;&#305;ms&#305;z olarak toplumun sahip oldu&#287;u kolektif bilincin [&hellip;]<\/p>\n","protected":false},"author":1,"featured_media":0,"comment_status":"closed","ping_status":"closed","sticky":false,"template":"","format":"standard","meta":{"_bbp_topic_count":0,"_bbp_reply_count":0,"_bbp_total_topic_count":0,"_bbp_total_reply_count":0,"_bbp_voice_count":0,"_bbp_anonymous_reply_count":0,"_bbp_topic_count_hidden":0,"_bbp_reply_count_hidden":0,"_bbp_forum_subforum_count":0,"ocean_post_layout":"","ocean_both_sidebars_style":"","ocean_both_sidebars_content_width":0,"ocean_both_sidebars_sidebars_width":0,"ocean_sidebar":"0","ocean_second_sidebar":"0","ocean_disable_margins":"enable","ocean_add_body_class":"","ocean_shortcode_before_top_bar":"","ocean_shortcode_after_top_bar":"","ocean_shortcode_before_header":"","ocean_shortcode_after_header":"","ocean_has_shortcode":"","ocean_shortcode_after_title":"","ocean_shortcode_before_footer_widgets":"","ocean_shortcode_after_footer_widgets":"","ocean_shortcode_before_footer_bottom":"","ocean_shortcode_after_footer_bottom":"","ocean_display_top_bar":"default","ocean_display_header":"default","ocean_header_style":"","ocean_center_header_left_menu":"0","ocean_custom_header_template":"0","ocean_custom_logo":0,"ocean_custom_retina_logo":0,"ocean_custom_logo_max_width":0,"ocean_custom_logo_tablet_max_width":0,"ocean_custom_logo_mobile_max_width":0,"ocean_custom_logo_max_height":0,"ocean_custom_logo_tablet_max_height":0,"ocean_custom_logo_mobile_max_height":0,"ocean_header_custom_menu":"0","ocean_menu_typo_font_family":"0","ocean_menu_typo_font_subset":"","ocean_menu_typo_font_size":0,"ocean_menu_typo_font_size_tablet":0,"ocean_menu_typo_font_size_mobile":0,"ocean_menu_typo_font_size_unit":"px","ocean_menu_typo_font_weight":"","ocean_menu_typo_font_weight_tablet":"","ocean_menu_typo_font_weight_mobile":"","ocean_menu_typo_transform":"","ocean_menu_typo_transform_tablet":"","ocean_menu_typo_transform_mobile":"","ocean_menu_typo_line_height":0,"ocean_menu_typo_line_height_tablet":0,"ocean_menu_typo_line_height_mobile":0,"ocean_menu_typo_line_height_unit":"","ocean_menu_typo_spacing":0,"ocean_menu_typo_spacing_tablet":0,"ocean_menu_typo_spacing_mobile":0,"ocean_menu_typo_spacing_unit":"","ocean_menu_link_color":"","ocean_menu_link_color_hover":"","ocean_menu_link_color_active":"","ocean_menu_link_background":"","ocean_menu_link_hover_background":"","ocean_menu_link_active_background":"","ocean_menu_social_links_bg":"","ocean_menu_social_hover_links_bg":"","ocean_menu_social_links_color":"","ocean_menu_social_hover_links_color":"","ocean_disable_title":"default","ocean_disable_heading":"default","ocean_post_title":"","ocean_post_subheading":"","ocean_post_title_style":"","ocean_post_title_background_color":"","ocean_post_title_background":0,"ocean_post_title_bg_image_position":"","ocean_post_title_bg_image_attachment":"","ocean_post_title_bg_image_repeat":"","ocean_post_title_bg_image_size":"","ocean_post_title_height":0,"ocean_post_title_bg_overlay":0.5,"ocean_post_title_bg_overlay_color":"","ocean_disable_breadcrumbs":"default","ocean_breadcrumbs_color":"","ocean_breadcrumbs_separator_color":"","ocean_breadcrumbs_links_color":"","ocean_breadcrumbs_links_hover_color":"","ocean_display_footer_widgets":"default","ocean_display_footer_bottom":"default","ocean_custom_footer_template":"0","ocean_post_oembed":"","ocean_post_self_hosted_media":"","ocean_post_video_embed":"","ocean_link_format":"","ocean_link_format_target":"self","ocean_quote_format":"","ocean_quote_format_link":"post","ocean_gallery_link_images":"on","ocean_gallery_id":[],"footnotes":""},"categories":[61],"tags":[],"class_list":["post-40395","post","type-post","status-publish","format-standard","hentry","category-yazarlar-kitij-cemil-bicer","entry"],"_links":{"self":[{"href":"https:\/\/www.circassiancenter.com\/tr\/wp-json\/wp\/v2\/posts\/40395","targetHints":{"allow":["GET"]}}],"collection":[{"href":"https:\/\/www.circassiancenter.com\/tr\/wp-json\/wp\/v2\/posts"}],"about":[{"href":"https:\/\/www.circassiancenter.com\/tr\/wp-json\/wp\/v2\/types\/post"}],"author":[{"embeddable":true,"href":"https:\/\/www.circassiancenter.com\/tr\/wp-json\/wp\/v2\/users\/1"}],"replies":[{"embeddable":true,"href":"https:\/\/www.circassiancenter.com\/tr\/wp-json\/wp\/v2\/comments?post=40395"}],"version-history":[{"count":1,"href":"https:\/\/www.circassiancenter.com\/tr\/wp-json\/wp\/v2\/posts\/40395\/revisions"}],"predecessor-version":[{"id":40398,"href":"https:\/\/www.circassiancenter.com\/tr\/wp-json\/wp\/v2\/posts\/40395\/revisions\/40398"}],"wp:attachment":[{"href":"https:\/\/www.circassiancenter.com\/tr\/wp-json\/wp\/v2\/media?parent=40395"}],"wp:term":[{"taxonomy":"category","embeddable":true,"href":"https:\/\/www.circassiancenter.com\/tr\/wp-json\/wp\/v2\/categories?post=40395"},{"taxonomy":"post_tag","embeddable":true,"href":"https:\/\/www.circassiancenter.com\/tr\/wp-json\/wp\/v2\/tags?post=40395"}],"curies":[{"name":"wp","href":"https:\/\/api.w.org\/{rel}","templated":true}]}}