{"id":40975,"date":"2024-08-26T15:20:02","date_gmt":"2024-08-26T20:20:02","guid":{"rendered":"https:\/\/www.circassiancenter.com\/tr\/?p=40975"},"modified":"2024-08-26T15:29:48","modified_gmt":"2024-08-26T20:29:48","slug":"siyah-beyaz-filmler","status":"publish","type":"post","link":"https:\/\/www.circassiancenter.com\/tr\/siyah-beyaz-filmler\/","title":{"rendered":"S\u0130YAH-BEYAZ F\u0130LMLER"},"content":{"rendered":"<p><img fetchpriority=\"high\" decoding=\"async\" class=\"alignnone size-full wp-image-40979\" src=\"https:\/\/www.circassiancenter.com\/tr\/wp-content\/uploads\/2024\/08\/SIYAH-BEYAZ-FILMLER-bb.png\" alt=\"\" width=\"571\" height=\"300\" srcset=\"https:\/\/www.circassiancenter.com\/tr\/wp-content\/uploads\/2024\/08\/SIYAH-BEYAZ-FILMLER-bb.png 571w, https:\/\/www.circassiancenter.com\/tr\/wp-content\/uploads\/2024\/08\/SIYAH-BEYAZ-FILMLER-bb-300x158.png 300w\" sizes=\"(max-width: 571px) 100vw, 571px\" \/><\/p>\n<p><strong>KITIJ Cemil Bi\u00e7er<\/strong><\/p>\n<p>Birka\u00e7 ay sonra 65 ya\u015f\u0131ma girece\u011fim.<\/p>\n<p>Yar\u0131m asr\u0131 a\u015fk\u0131n bu uzun ve me\u015fakkatli y\u0131llar\u0131n ard\u0131ndan bakt\u0131\u011f\u0131mda hayat\u0131m, bir sis perdesi \u00fczerinde siyah beyaz bir Ye\u015fil\u00e7am filminin fragmanlar\u0131 gibi ge\u00e7iyor g\u00f6z\u00fcm\u00fcn \u00f6n\u00fcnden.<\/p>\n<p>Ba\u015frollerini T\u00fcrkan \u015eoray ve \u0130zzet G\u00fcnay&#8217;\u0131n payla\u015ft\u0131\u011f\u0131 1968 yap\u0131m\u0131 Ye\u015fil\u00e7am filmi &#8220;Vesikal\u0131 Yarim&#8221; beni \u00e7ok etkilemi\u015fti.<\/p>\n<p>Bu film, Sait Faik Abas\u0131yan\u0131k&#8217;\u0131n &#8220;Menek\u015feli Vadi&#8221; hikayesinden Sefa \u00d6nal taraf\u0131ndan senaryola\u015ft\u0131r\u0131lm\u0131\u015ft\u0131r. T\u00fcrk sinemas\u0131nda Ye\u015fil\u00e7am klasi\u011fi say\u0131lan filmin y\u00f6netmenli\u011fini \u00fcnl\u00fc sinemac\u0131m\u0131z \u00d6mer L\u00fctfi Akad yapm\u0131\u015ft\u0131r.<\/p>\n<p>Filmin konusu tamamen ger\u00e7ek hayattan al\u0131nm\u0131\u015f ve ger\u00e7ek mekanlarda \u00e7ekilmi\u015ftir.<\/p>\n<p>Belki de &#8220;klasik&#8221; olmas\u0131n\u0131n nedeni bu ger\u00e7ekliliktir. T\u00fcrk sinemas\u0131n\u0131n en usta oyuncular\u0131n\u0131n da katk\u0131s\u0131n\u0131 yads\u0131yamay\u0131z.<\/p>\n<p>Filmin \u015fark\u0131lar\u0131 zaman\u0131n en \u015f\u00f6hretli sanat\u00e7\u0131s\u0131 \u015e\u00fckran Ay taraf\u0131ndan okunmu\u015ftur. Aradan yar\u0131m asra yak\u0131n bir zaman ge\u00e7mesine ra\u011fmen h\u00e2l\u00e2 ayn\u0131 duygusall\u0131kla dinlerim ve her dinleyi\u015fimde g\u00f6zya\u015flar\u0131ma hakim olamam, a\u011flar\u0131m&#8230;<\/p>\n<p>&#8220;Manav Halil kendi halinde ya\u015fayan bir adamd\u0131r. Bir ak\u015fam arkada\u015flar\u0131n\u0131n \u0131srar\u0131yla gitti\u011fi pavyonda \u015fark\u0131c\u0131 olan Sabiha ile tan\u0131\u015f\u0131r ve birbirlerine a\u015f\u0131k olurlar. Sabiha, arkada\u015f\u0131 M\u00fcjgan&#8217;\u0131n birbirlerine uymad\u0131klar\u0131 y\u00f6n\u00fcndeki uyar\u0131lar\u0131na ra\u011fmen Halil&#8217;i evine al\u0131r ve beraber ya\u015famaya ba\u015flarlar ancak Sabiha&#8217;n\u0131n Halil&#8217;in ya\u015fam\u0131 ile ilgili bilmedi\u011fi ger\u00e7ekler vard\u0131r&#8230;&#8221;<\/p>\n<p>\u0130stanbul&#8217;un Anadolu l\u00fcmpenlerinin istilas\u0131na u\u011framadan \u00f6nceki halini filmde bir g\u00f6rsel \u015f\u00f6len olarak izlemek m\u00fcmk\u00fcn. \u0130stanbul&#8217;un kenar mahalle insanlar\u0131n\u0131n ba\u015ftan a\u015fa\u011f\u0131ya &#8220;insan kokan&#8221; a\u015fklar\u0131n\u0131 iliklerinizde hissedeceksiniz. De\u011ferli arkada\u015f\u0131m senarist Dilek Qudey ne der bilmiyorum ama benim unutulmazlar\u0131m aras\u0131ndad\u0131r &#8220;VES\u0130KALI YAR\u0130M&#8221; filmi. \u0130zleyin, seveceksiniz eminim. Hele hayat\u0131n\u0131z\u0131n sisli bulvarlar\u0131nda yaral\u0131 bir a\u015fk\u0131n\u0131z olmu\u015fsa tekrar tekrar izleyeceksiniz.<\/p>\n","protected":false},"excerpt":{"rendered":"<p>KITIJ Cemil Bi&ccedil;er Birka&ccedil; ay sonra 65 ya&#351;&#305;ma girece&#287;im. Yar&#305;m asr&#305; a&#351;k&#305;n bu uzun ve me&#351;akkatli y&#305;llar&#305;n ard&#305;ndan bakt&#305;&#287;&#305;mda hayat&#305;m, bir sis perdesi &uuml;zerinde siyah beyaz bir Ye&#351;il&ccedil;am filminin fragmanlar&#305; gibi ge&ccedil;iyor g&ouml;z&uuml;m&uuml;n &ouml;n&uuml;nden. Ba&#351;rollerini T&uuml;rkan &#350;oray ve &#304;zzet G&uuml;nay&rsquo;&#305;n payla&#351;t&#305;&#287;&#305; 1968 yap&#305;m&#305; Ye&#351;il&ccedil;am filmi &ldquo;Vesikal&#305; Yarim&rdquo; beni &ccedil;ok etkilemi&#351;ti. Bu film, Sait Faik Abas&#305;yan&#305;k&rsquo;&#305;n [&hellip;]<\/p>\n","protected":false},"author":1,"featured_media":0,"comment_status":"closed","ping_status":"closed","sticky":false,"template":"","format":"standard","meta":{"_bbp_topic_count":0,"_bbp_reply_count":0,"_bbp_total_topic_count":0,"_bbp_total_reply_count":0,"_bbp_voice_count":0,"_bbp_anonymous_reply_count":0,"_bbp_topic_count_hidden":0,"_bbp_reply_count_hidden":0,"_bbp_forum_subforum_count":0,"ocean_post_layout":"","ocean_both_sidebars_style":"","ocean_both_sidebars_content_width":0,"ocean_both_sidebars_sidebars_width":0,"ocean_sidebar":"0","ocean_second_sidebar":"0","ocean_disable_margins":"enable","ocean_add_body_class":"","ocean_shortcode_before_top_bar":"","ocean_shortcode_after_top_bar":"","ocean_shortcode_before_header":"","ocean_shortcode_after_header":"","ocean_has_shortcode":"","ocean_shortcode_after_title":"","ocean_shortcode_before_footer_widgets":"","ocean_shortcode_after_footer_widgets":"","ocean_shortcode_before_footer_bottom":"","ocean_shortcode_after_footer_bottom":"","ocean_display_top_bar":"default","ocean_display_header":"default","ocean_header_style":"","ocean_center_header_left_menu":"0","ocean_custom_header_template":"0","ocean_custom_logo":0,"ocean_custom_retina_logo":0,"ocean_custom_logo_max_width":0,"ocean_custom_logo_tablet_max_width":0,"ocean_custom_logo_mobile_max_width":0,"ocean_custom_logo_max_height":0,"ocean_custom_logo_tablet_max_height":0,"ocean_custom_logo_mobile_max_height":0,"ocean_header_custom_menu":"0","ocean_menu_typo_font_family":"0","ocean_menu_typo_font_subset":"","ocean_menu_typo_font_size":0,"ocean_menu_typo_font_size_tablet":0,"ocean_menu_typo_font_size_mobile":0,"ocean_menu_typo_font_size_unit":"px","ocean_menu_typo_font_weight":"","ocean_menu_typo_font_weight_tablet":"","ocean_menu_typo_font_weight_mobile":"","ocean_menu_typo_transform":"","ocean_menu_typo_transform_tablet":"","ocean_menu_typo_transform_mobile":"","ocean_menu_typo_line_height":0,"ocean_menu_typo_line_height_tablet":0,"ocean_menu_typo_line_height_mobile":0,"ocean_menu_typo_line_height_unit":"","ocean_menu_typo_spacing":0,"ocean_menu_typo_spacing_tablet":0,"ocean_menu_typo_spacing_mobile":0,"ocean_menu_typo_spacing_unit":"","ocean_menu_link_color":"","ocean_menu_link_color_hover":"","ocean_menu_link_color_active":"","ocean_menu_link_background":"","ocean_menu_link_hover_background":"","ocean_menu_link_active_background":"","ocean_menu_social_links_bg":"","ocean_menu_social_hover_links_bg":"","ocean_menu_social_links_color":"","ocean_menu_social_hover_links_color":"","ocean_disable_title":"default","ocean_disable_heading":"default","ocean_post_title":"","ocean_post_subheading":"","ocean_post_title_style":"","ocean_post_title_background_color":"","ocean_post_title_background":0,"ocean_post_title_bg_image_position":"","ocean_post_title_bg_image_attachment":"","ocean_post_title_bg_image_repeat":"","ocean_post_title_bg_image_size":"","ocean_post_title_height":0,"ocean_post_title_bg_overlay":0.5,"ocean_post_title_bg_overlay_color":"","ocean_disable_breadcrumbs":"default","ocean_breadcrumbs_color":"","ocean_breadcrumbs_separator_color":"","ocean_breadcrumbs_links_color":"","ocean_breadcrumbs_links_hover_color":"","ocean_display_footer_widgets":"default","ocean_display_footer_bottom":"default","ocean_custom_footer_template":"0","ocean_post_oembed":"","ocean_post_self_hosted_media":"","ocean_post_video_embed":"","ocean_link_format":"","ocean_link_format_target":"self","ocean_quote_format":"","ocean_quote_format_link":"post","ocean_gallery_link_images":"on","ocean_gallery_id":[],"footnotes":""},"categories":[61],"tags":[],"class_list":["post-40975","post","type-post","status-publish","format-standard","hentry","category-yazarlar-kitij-cemil-bicer","entry"],"_links":{"self":[{"href":"https:\/\/www.circassiancenter.com\/tr\/wp-json\/wp\/v2\/posts\/40975","targetHints":{"allow":["GET"]}}],"collection":[{"href":"https:\/\/www.circassiancenter.com\/tr\/wp-json\/wp\/v2\/posts"}],"about":[{"href":"https:\/\/www.circassiancenter.com\/tr\/wp-json\/wp\/v2\/types\/post"}],"author":[{"embeddable":true,"href":"https:\/\/www.circassiancenter.com\/tr\/wp-json\/wp\/v2\/users\/1"}],"replies":[{"embeddable":true,"href":"https:\/\/www.circassiancenter.com\/tr\/wp-json\/wp\/v2\/comments?post=40975"}],"version-history":[{"count":2,"href":"https:\/\/www.circassiancenter.com\/tr\/wp-json\/wp\/v2\/posts\/40975\/revisions"}],"predecessor-version":[{"id":40980,"href":"https:\/\/www.circassiancenter.com\/tr\/wp-json\/wp\/v2\/posts\/40975\/revisions\/40980"}],"wp:attachment":[{"href":"https:\/\/www.circassiancenter.com\/tr\/wp-json\/wp\/v2\/media?parent=40975"}],"wp:term":[{"taxonomy":"category","embeddable":true,"href":"https:\/\/www.circassiancenter.com\/tr\/wp-json\/wp\/v2\/categories?post=40975"},{"taxonomy":"post_tag","embeddable":true,"href":"https:\/\/www.circassiancenter.com\/tr\/wp-json\/wp\/v2\/tags?post=40975"}],"curies":[{"name":"wp","href":"https:\/\/api.w.org\/{rel}","templated":true}]}}