{"id":41066,"date":"2024-09-02T18:19:09","date_gmt":"2024-09-02T23:19:09","guid":{"rendered":"https:\/\/www.circassiancenter.com\/tr\/?p=41066"},"modified":"2024-09-02T18:19:09","modified_gmt":"2024-09-02T23:19:09","slug":"bizim-koyun-delisi-dingil-zali","status":"publish","type":"post","link":"https:\/\/www.circassiancenter.com\/tr\/bizim-koyun-delisi-dingil-zali\/","title":{"rendered":"B\u0130Z\u0130M K\u00d6Y\u00dcN DEL\u0130S\u0130, D\u0130NG\u0130L ZAL\u0130"},"content":{"rendered":"<p><img fetchpriority=\"high\" decoding=\"async\" class=\"alignnone size-full wp-image-41067\" src=\"https:\/\/www.circassiancenter.com\/tr\/wp-content\/uploads\/2024\/09\/BIZIM-KOYUN-DELISI-DINGIL-ZALI-b.png\" alt=\"\" width=\"571\" height=\"300\" srcset=\"https:\/\/www.circassiancenter.com\/tr\/wp-content\/uploads\/2024\/09\/BIZIM-KOYUN-DELISI-DINGIL-ZALI-b.png 571w, https:\/\/www.circassiancenter.com\/tr\/wp-content\/uploads\/2024\/09\/BIZIM-KOYUN-DELISI-DINGIL-ZALI-b-300x158.png 300w\" sizes=\"(max-width: 571px) 100vw, 571px\" \/><\/p>\n<p><strong>KITIJ Cemil Bi\u00e7er<\/strong><\/p>\n<p>Her k\u00f6y\u00fcn, her mahallenin bak\u0131p besledi\u011fi bir delisi, bir meczubu vard\u0131r. Anadolu k\u00fclt\u00fcr\u00fcn\u00fcn kadim \u00f6zelli\u011fidir bu, belki de en insani olan\u0131&#8230;! Anadolu insan\u0131, meczup tipleri &#8220;eserli&#8221; ve &#8220;esrik&#8221; olarak niteler, ihtimam g\u00f6sterir ve toplumsal ya\u015famdan asla soyutlamaz. Bat\u0131 k\u00fclt\u00fcr\u00fc b\u00f6yle ayk\u0131r\u0131 tipleri ya itlaf eder ya da rehabilite maskesi alt\u0131nda tecrit eder. Bu konuda \u00e7ok mahirdirler.<\/p>\n<p>Anadolu k\u00fclt\u00fcr\u00fcnde her mahallenin, her k\u00f6y\u00fcn bir delisi vard\u0131r. Bunlar bulunduklar\u0131 toplumun ne\u015fe kayna\u011f\u0131 ve merhamet siboplar\u0131d\u0131r. Ben bu tiplere &#8220;vicdan elektrotlar\u0131&#8221; diyorum.<\/p>\n<p>Bizim k\u00f6y\u00fcn de bir delisi var. Delilik asl\u0131nda \u00f6tekile\u015ftirici, a\u015fa\u011f\u0131lay\u0131c\u0131 bir anlam ta\u015f\u0131maz. Bu nedenle g\u00fcnl\u00fck ya\u015famda bu s\u00f6zc\u00fc\u011f\u00fc \u00e7ok rahat kullan\u0131r\u0131z. Korkusuz, g\u00f6z\u00fc pek, mert, dobra, harbi ki\u015filik \u00f6zelliklerine haizdirler. &#8220;Ak\u0131ll\u0131&#8221; dedi\u011fimiz kahir ekseriyette g\u00f6r\u00fclen kalle\u015flik, ikiy\u00fczl\u00fcl\u00fck, d\u00fczenbazl\u0131k, sahtekarl\u0131k, korkakl\u0131k, pu\u015ftluk asla karakterlerinde yoktur.<\/p>\n<p>Kahraman\u0131m\u0131z bizim k\u00f6y\u00fcn delisi &#8220;Dingil Zali&#8221;, n\u00fcfus kay\u0131tlar\u0131nda ad\u0131 Salih olarak ge\u00e7mekle birlikte halk aras\u0131nda Zali olarak bilinir. Dingil Zali 90 ya\u015f\u0131nda vard\u0131r. Tevat\u00fcre g\u00f6re ben onu tan\u0131d\u0131\u011f\u0131mda 50 ya\u015f\u0131nda diyorlard\u0131. Ben geldim 60 ya\u015f\u0131ma, var\u0131n siz hesaplay\u0131n&#8230;<\/p>\n<p>Hayat\u0131 boyunca &#8220;d\u00fc\u015fmeden e\u011filmemi\u015ftir&#8221;, \u00e7\u00f6p \u00fcst\u00fcne \u00e7\u00f6p koymam\u0131\u015f, pa\u015falar beyler gibi bir hayat s\u00fcrm\u00fc\u015ft\u00fcr. Ba\u011f evlerinde yap\u0131lan hovarda alemlerinin olmazsa olmaz\u0131, ne\u015fesidir. Her sofrada yeri muhakkak vard\u0131r. Dingil Zali&#8217;nin olmad\u0131\u011f\u0131 bir sosyal etkinlik tats\u0131z tuzsuz pehriz a\u015f\u0131 gibidir; ne yenir ne kusulur.<\/p>\n<p>Her ne kadar &#8220;deli&#8221; ise de Dingil Zali toplumsal stat\u00fcs\u00fcn\u00fcn bilincindedir, se\u00e7icidir. Her sofraya s\u0131rna\u015fmaz, davet edilmedi\u011fi yerde asla g\u00f6remezsiniz. Onurludur. Dingil Zali&#8217;n\u0131n \u00f6mr\u00fc hayat\u0131nda severek yapt\u0131\u011f\u0131 yegane faaliyet Ramazan davulculu\u011fudur. Bu i\u015fi asla kimseye b\u0131rakmaz ve bu i\u015fine laubalilik kar\u0131\u015ft\u0131rmaz. T\u00fcm k\u00f6y ahalisi onun ramazan davulculu\u011fundan memnundur.<\/p>\n<p>Benim ve peder\u015fahi ailemizin ramazanla pek bar\u0131\u015f\u0131k olmad\u0131\u011f\u0131m\u0131z\u0131 bilir. Ramazan sonras\u0131 bah\u015fi\u015fi bol alaca\u011f\u0131ndan da emin oldu\u011fundan bizim avluya asla girmezdi ramazan boyunca. Hatta ertesi g\u00fcn derse gidece\u011fimizin bilincinde olarak davulun tokma\u011f\u0131na pe\u015fk\u00fcr sarard\u0131 bizim mahalleye gelince. Kadir\u015finast\u0131r, dost canl\u0131s\u0131d\u0131r. Severiz kendisini ve biliriz ki o da bizi sever.<\/p>\n<p>Ulu dedem soylu \u015eaps\u0131\u011f \u015epa\u015figo Kt\u0131j Smayll ile de ahbap oldu\u011fu rivayet edilir. Kim bilir? Bize kar\u015f\u0131 olan derin muhabbetinin esbab-\u0131 mucibesi belki de burada gizliydi.<\/p>\n<p>Ramazan davulculu\u011fundan olduk\u00e7a y\u00fckl\u00fc bir bah\u015fi\u015f toplad\u0131\u011f\u0131 herkes\u00e7e malumdur. T\u00fcm y\u0131l boyu ba\u015fka i\u015f yapmadan bu bah\u015fi\u015flerle pa\u015falar gibi ya\u015far. Zaten Dingil Zali nerede para harcamaya kalksa kimse ona elini cebine att\u0131rmazd\u0131. Es kaza Zali day\u0131ya sizin oldu\u011funuz yerde para \u00f6detmi\u015f iseniz yand\u0131\u011f\u0131n\u0131z\u0131n resmidir. Sizi defterden \u00f6yle bir siler ki ne d\u00fc\u011f\u00fcn\u00fcn\u00fcz\u00fc onurland\u0131r\u0131r ne de cenazenizi. Onun bulunmad\u0131\u011f\u0131 toplumsal etkinliklerde bilinir ki ev sahibi mugallitlik yapm\u0131\u015ft\u0131r.<\/p>\n<p>Bundan sonra zaman zaman yaz\u0131lar\u0131mda Dingil Zali day\u0131m\u0131n maceralar\u0131na yer verece\u011fim. Umar\u0131m be\u011fenirsiniz. \u015eimdi sizler merak edersiniz, nereden \u00e7\u0131kt\u0131 bu Dingil Zali diye. S\u00f6yleyeyim efendim; devletl\u00fb reisimizin ittifak orta\u011f\u0131 FERD\u0130&#8217;ci ek\u00fcrisinin zamans\u0131z ve davetsiz ziyareti akl\u0131m\u0131za ve kalemimize Dingil Zali day\u0131y\u0131 d\u00fc\u015f\u00fcrd\u00fc.<\/p>\n<p>Anlad\u0131n\u0131z siz konuyu&#8230; Hepinize I love you dostlar\u0131m.<\/p>\n","protected":false},"excerpt":{"rendered":"<p>KITIJ Cemil Bi&ccedil;er Her k&ouml;y&uuml;n, her mahallenin bak&#305;p besledi&#287;i bir delisi, bir meczubu vard&#305;r. Anadolu k&uuml;lt&uuml;r&uuml;n&uuml;n kadim &ouml;zelli&#287;idir bu, belki de en insani olan&#305;&hellip;! Anadolu insan&#305;, meczup tipleri &ldquo;eserli&rdquo; ve &ldquo;esrik&rdquo; olarak niteler, ihtimam g&ouml;sterir ve toplumsal ya&#351;amdan asla soyutlamaz. Bat&#305; k&uuml;lt&uuml;r&uuml; b&ouml;yle ayk&#305;r&#305; tipleri ya itlaf eder ya da rehabilite maskesi alt&#305;nda tecrit eder. [&hellip;]<\/p>\n","protected":false},"author":1,"featured_media":0,"comment_status":"closed","ping_status":"closed","sticky":false,"template":"","format":"standard","meta":{"_bbp_topic_count":0,"_bbp_reply_count":0,"_bbp_total_topic_count":0,"_bbp_total_reply_count":0,"_bbp_voice_count":0,"_bbp_anonymous_reply_count":0,"_bbp_topic_count_hidden":0,"_bbp_reply_count_hidden":0,"_bbp_forum_subforum_count":0,"ocean_post_layout":"","ocean_both_sidebars_style":"","ocean_both_sidebars_content_width":0,"ocean_both_sidebars_sidebars_width":0,"ocean_sidebar":"0","ocean_second_sidebar":"0","ocean_disable_margins":"enable","ocean_add_body_class":"","ocean_shortcode_before_top_bar":"","ocean_shortcode_after_top_bar":"","ocean_shortcode_before_header":"","ocean_shortcode_after_header":"","ocean_has_shortcode":"","ocean_shortcode_after_title":"","ocean_shortcode_before_footer_widgets":"","ocean_shortcode_after_footer_widgets":"","ocean_shortcode_before_footer_bottom":"","ocean_shortcode_after_footer_bottom":"","ocean_display_top_bar":"default","ocean_display_header":"default","ocean_header_style":"","ocean_center_header_left_menu":"0","ocean_custom_header_template":"0","ocean_custom_logo":0,"ocean_custom_retina_logo":0,"ocean_custom_logo_max_width":0,"ocean_custom_logo_tablet_max_width":0,"ocean_custom_logo_mobile_max_width":0,"ocean_custom_logo_max_height":0,"ocean_custom_logo_tablet_max_height":0,"ocean_custom_logo_mobile_max_height":0,"ocean_header_custom_menu":"0","ocean_menu_typo_font_family":"0","ocean_menu_typo_font_subset":"","ocean_menu_typo_font_size":0,"ocean_menu_typo_font_size_tablet":0,"ocean_menu_typo_font_size_mobile":0,"ocean_menu_typo_font_size_unit":"px","ocean_menu_typo_font_weight":"","ocean_menu_typo_font_weight_tablet":"","ocean_menu_typo_font_weight_mobile":"","ocean_menu_typo_transform":"","ocean_menu_typo_transform_tablet":"","ocean_menu_typo_transform_mobile":"","ocean_menu_typo_line_height":0,"ocean_menu_typo_line_height_tablet":0,"ocean_menu_typo_line_height_mobile":0,"ocean_menu_typo_line_height_unit":"","ocean_menu_typo_spacing":0,"ocean_menu_typo_spacing_tablet":0,"ocean_menu_typo_spacing_mobile":0,"ocean_menu_typo_spacing_unit":"","ocean_menu_link_color":"","ocean_menu_link_color_hover":"","ocean_menu_link_color_active":"","ocean_menu_link_background":"","ocean_menu_link_hover_background":"","ocean_menu_link_active_background":"","ocean_menu_social_links_bg":"","ocean_menu_social_hover_links_bg":"","ocean_menu_social_links_color":"","ocean_menu_social_hover_links_color":"","ocean_disable_title":"default","ocean_disable_heading":"default","ocean_post_title":"","ocean_post_subheading":"","ocean_post_title_style":"","ocean_post_title_background_color":"","ocean_post_title_background":0,"ocean_post_title_bg_image_position":"","ocean_post_title_bg_image_attachment":"","ocean_post_title_bg_image_repeat":"","ocean_post_title_bg_image_size":"","ocean_post_title_height":0,"ocean_post_title_bg_overlay":0.5,"ocean_post_title_bg_overlay_color":"","ocean_disable_breadcrumbs":"default","ocean_breadcrumbs_color":"","ocean_breadcrumbs_separator_color":"","ocean_breadcrumbs_links_color":"","ocean_breadcrumbs_links_hover_color":"","ocean_display_footer_widgets":"default","ocean_display_footer_bottom":"default","ocean_custom_footer_template":"0","ocean_post_oembed":"","ocean_post_self_hosted_media":"","ocean_post_video_embed":"","ocean_link_format":"","ocean_link_format_target":"self","ocean_quote_format":"","ocean_quote_format_link":"post","ocean_gallery_link_images":"on","ocean_gallery_id":[],"footnotes":""},"categories":[61],"tags":[],"class_list":["post-41066","post","type-post","status-publish","format-standard","hentry","category-yazarlar-kitij-cemil-bicer","entry"],"_links":{"self":[{"href":"https:\/\/www.circassiancenter.com\/tr\/wp-json\/wp\/v2\/posts\/41066","targetHints":{"allow":["GET"]}}],"collection":[{"href":"https:\/\/www.circassiancenter.com\/tr\/wp-json\/wp\/v2\/posts"}],"about":[{"href":"https:\/\/www.circassiancenter.com\/tr\/wp-json\/wp\/v2\/types\/post"}],"author":[{"embeddable":true,"href":"https:\/\/www.circassiancenter.com\/tr\/wp-json\/wp\/v2\/users\/1"}],"replies":[{"embeddable":true,"href":"https:\/\/www.circassiancenter.com\/tr\/wp-json\/wp\/v2\/comments?post=41066"}],"version-history":[{"count":1,"href":"https:\/\/www.circassiancenter.com\/tr\/wp-json\/wp\/v2\/posts\/41066\/revisions"}],"predecessor-version":[{"id":41069,"href":"https:\/\/www.circassiancenter.com\/tr\/wp-json\/wp\/v2\/posts\/41066\/revisions\/41069"}],"wp:attachment":[{"href":"https:\/\/www.circassiancenter.com\/tr\/wp-json\/wp\/v2\/media?parent=41066"}],"wp:term":[{"taxonomy":"category","embeddable":true,"href":"https:\/\/www.circassiancenter.com\/tr\/wp-json\/wp\/v2\/categories?post=41066"},{"taxonomy":"post_tag","embeddable":true,"href":"https:\/\/www.circassiancenter.com\/tr\/wp-json\/wp\/v2\/tags?post=41066"}],"curies":[{"name":"wp","href":"https:\/\/api.w.org\/{rel}","templated":true}]}}