{"id":41463,"date":"2024-10-07T14:33:15","date_gmt":"2024-10-07T19:33:15","guid":{"rendered":"https:\/\/www.circassiancenter.com\/tr\/?p=41463"},"modified":"2024-10-07T14:33:15","modified_gmt":"2024-10-07T19:33:15","slug":"samsunda-bir-cerkes-koyu-kizilot","status":"publish","type":"post","link":"https:\/\/www.circassiancenter.com\/tr\/samsunda-bir-cerkes-koyu-kizilot\/","title":{"rendered":"SAMSUN&#8217;DA B\u0130R \u00c7ERKES K\u00d6Y\u00dc: KIZILOT"},"content":{"rendered":"<p><img fetchpriority=\"high\" decoding=\"async\" class=\"alignnone size-full wp-image-41464\" src=\"https:\/\/www.circassiancenter.com\/tr\/wp-content\/uploads\/2024\/10\/SAMSUNDA-BIR-CERKES-KOYU-KIZILOT-b.png\" alt=\"\" width=\"571\" height=\"300\" srcset=\"https:\/\/www.circassiancenter.com\/tr\/wp-content\/uploads\/2024\/10\/SAMSUNDA-BIR-CERKES-KOYU-KIZILOT-b.png 571w, https:\/\/www.circassiancenter.com\/tr\/wp-content\/uploads\/2024\/10\/SAMSUNDA-BIR-CERKES-KOYU-KIZILOT-b-300x158.png 300w\" sizes=\"(max-width: 571px) 100vw, 571px\" \/><\/p>\n<p><strong>KITIJ Cemil Bi\u00e7er<\/strong><\/p>\n<p>Y\u0131l 1864, aylardan may\u0131s\u2026 Novorossiysk Ticari Deniz Liman\u0131 taraf\u0131ndan i\u015fletilen liman t\u00fcm y\u0131l boyunca kullan\u0131labilmekte olup ayn\u0131 zamanda Rusya Deniz Kuvvetleri Karadeniz Filosu\u2019nun konu\u015fland\u0131\u011f\u0131 bir deniz \u00fcss\u00fcd\u00fcr.<\/p>\n<p>Sabah\u0131n \u015favk\u0131 Karadeniz \u00fczerinde k\u0131pra\u015fmaya ba\u015flam\u0131\u015ft\u0131. \u015epa\u015figo K\u0131t\u0131j Smayl, o sabah ailesini \u00f6nceden anla\u015ft\u0131\u011f\u0131 bir Laz takas\u0131na bindirip Memalik-i Osmanl\u0131\u2019ya g\u00f6\u00e7ecekti.<\/p>\n<p>1861 y\u0131l\u0131n\u0131n sonbahar\u0131nda \u00c7ar II. Alexander durumu kendi g\u00f6zleriyle g\u00f6rmek ve ordular\u0131n\u0131 denetlemek maksad\u0131yla Bat\u0131 Kafkasya\u2019ya geldi. B\u00fcy\u00fck \u00d6zg\u00fcrl\u00fck Meclisi ile g\u00f6r\u00fc\u015fen II. Alexander, \u201cKafkasya\u2019n\u0131n Rus topraklar\u0131na kat\u0131lmas\u0131n\u0131 ve \u00c7erkeslerin Rus vatanda\u015f\u0131 olmas\u0131n\u0131, Rus silahl\u0131 kuvvetlerinin say\u0131ca b\u00fcy\u00fck oldu\u011funu ve onlarla ba\u015f edemeyeceklerini\u201d s\u00f6yledi. \u201cE\u011fer bunlar\u0131 anlamaz, kabul etmezlerse neye mal olursa olsun sava\u015f\u0131 en k\u0131sa s\u00fcrede zaferle sonu\u00e7land\u0131racaklar\u0131n\u0131 ve bunun \u00c7erkesler i\u00e7in b\u00fcy\u00fck bir trajedi olaca\u011f\u0131n\u0131\u201d belirtti. \u00c7ar\u0131n bu s\u00f6zleri \u00fczerine \u00c7erkes temsilcileri, y\u0131llarca u\u011fruna sava\u015ft\u0131klar\u0131 topraklar\u0131ndan, dillerinden, dinlerinden vazge\u00e7meyeceklerini, kendi \u00fclkelerinde az\u0131nl\u0131k durumuna d\u00fc\u015fmeyeceklerini belirttiler.<\/p>\n<p>Bu geli\u015fmeler \u00fczerine \u00c7erkes-Rus sava\u015flar\u0131n\u0131n \u015fiddeti artt\u0131. 1862 y\u0131l\u0131nda So\u00e7i k\u0131y\u0131lar\u0131na denizden \u00e7\u0131karma harek\u00e2t\u0131 ger\u00e7ekle\u015ftirildi. Ruslar, B\u00fcy\u00fck \u00d6zg\u00fcrl\u00fck Meclisi binas\u0131n\u0131 yakt\u0131lar. Ruslarla daha fazla sava\u015famayan \u00c7erkesler, zorla kendi topraklar\u0131ndan ayr\u0131larak ba\u015fka \u00fclkelere gitmek zorunda kald\u0131lar. 21 May\u0131s 1864\u2019te \u00c7arl\u0131k Ordusu sava\u015flar\u0131n bitti\u011fini ilan ederek resmi bir ge\u00e7it d\u00fczenledi.<\/p>\n<p><strong>\u201cCo\u011frafya kaderdir\u201d<\/strong><\/p>\n<p>\u0130bn-i Haldun\u2019un \u00e7ok de\u011ferli ve anlaml\u0131 bir s\u00f6z\u00fc var: \u201cCo\u011frafya kaderdir.\u201d Yani d\u0131\u015f etkenlerin bu konudaki belirleyicili\u011finden ka\u00e7mak imk\u00e2ns\u0131zd\u0131r. \u00d6nemli olan, bununla nas\u0131l y\u00fczle\u015fece\u011fimizdir. \u00c7erkeslerin yenilmesi trajedisini, ba\u015fka bir trajedi olan, y\u0131\u011f\u0131nsal \u015fekilde Osmanl\u0131 \u0130mparatorlu\u011fu topraklar\u0131na zorla g\u00f6nderilmeleri izledi. Bu s\u00fcre\u00e7te 500 bin ki\u015fi a\u00e7l\u0131k, salg\u0131n hastal\u0131klar ve so\u011fuktan hayat\u0131n\u0131 kaybetti. Osmanl\u0131, o zamanlarda en k\u00f6t\u00fc d\u00f6nemini ya\u015f\u0131yordu. N\u00fcfusu azalm\u0131\u015ft\u0131 ve sava\u015facak insanlara ihtiyac\u0131 vard\u0131. \u00c7erkeslerin M\u00fcsl\u00fcman olmas\u0131n\u0131n yan\u0131 s\u0131ra sava\u015f\u00e7\u0131 ve cesur bir halk oldu\u011funu bildi\u011finden onlar\u0131n s\u00fcrg\u00fcnle Osmanl\u0131 topraklar\u0131na yerle\u015fmesini kabul etmi\u015fti.<\/p>\n<p>Osmanl\u0131\u2019ya gelen \u00c7erkesler, H\u0131ristiyan n\u00fcfusunun fazla oldu\u011fu, kurak ve batakl\u0131k b\u00f6lgelere tar\u0131m\u0131 art\u0131rmak i\u00e7in yerle\u015ftirildiler. Ayn\u0131 zamanda birlik olunamamas\u0131 i\u00e7in \u00e7ok da\u011f\u0131n\u0131k bir \u015fekilde da\u011f\u0131t\u0131ld\u0131lar.<\/p>\n<p>\u015epa\u015figo, y\u00fckte hafif pahada a\u011f\u0131r b\u00fct\u00fcn varl\u0131\u011f\u0131n\u0131 ve ailesini Novorossiysk Liman\u0131\u2019na getirmi\u015f, k\u00f6hne bir Laz takas\u0131na bindirip ailesinin kaderini Karadeniz\u2019in so\u011fuk sular\u0131na teslim etmi\u015fti. Me\u00e7hule giden k\u00f6hne takada a\u00e7l\u0131ktan ve hastal\u0131ktan \u00f6len aile \u00fcyelerini Karadeniz\u2019in karanl\u0131k sular\u0131na g\u00f6men \u015epa\u015figo ailesi, uzun y\u0131llar Karadeniz\u2019e k\u00fcs ya\u015fam\u0131\u015f, denizden \u00e7\u0131kan bal\u0131klar\u0131 yiyememi\u015flerdir. Bu derin travman\u0131n kabuk ba\u011flam\u0131\u015f yaralar\u0131 h\u00e2l\u00e2 bir derin s\u0131z\u0131 olarak sakl\u0131d\u0131r y\u00fcre\u011fimizde.<\/p>\n<p><strong>G\u00f6\u00e7men toplanma kamp\u0131<\/strong><\/p>\n<p>Me\u00e7hule yol alan o k\u00f6hne taka, Karadeniz\u2019in azg\u0131n dalgalar\u0131 ile bo\u011fu\u015farak 27 May\u0131s sabah\u0131 \u00c7alt\u0131 Burnu Ta\u015fl\u0131k mevkisinden Osmanl\u0131 topraklar\u0131nda karaya \u00e7\u0131kt\u0131. Kirazl\u0131k-Derbent b\u00f6lgesinde kurulan g\u00f6\u00e7men toplanma kamp\u0131nda aylarca yokluk ve yoksulluk i\u00e7inde ya\u015fam m\u00fccadelesi veren K\u0131t\u0131j ailesi, ki\u015fi ba\u015f\u0131na verilen \u201ctay\u0131n\u201ddan mahrum olmamak i\u00e7in \u00f6l\u00fclerini bile kamp yetkililerinden gizli g\u00f6md\u00fcler topra\u011fa.<\/p>\n<p>G\u00f6\u00e7men Komisyonu yetkilileri, \u015epa\u015figo Smayl ailesini Samsun \u00c7ar\u015famba Ar\u0131m b\u00f6lgesinde e\u011frelti otlar\u0131 ile kapl\u0131 kumluk bir alana yerle\u015ftirdi. Ar\u0131m b\u00f6lgesinin ilk s\u00fcrg\u00fcn g\u00f6\u00e7menleri olan \u015epa\u015figo K\u0131t\u0131j ailesi \u00fcyeleri, bu k\u0131ra\u00e7 araziyi hi\u00e7 sevmediler; ancak anavatanlar\u0131na d\u00f6nme \u00fclk\u00fcs\u00fcn\u00fc hep i\u00e7lerinde sakl\u0131 tuttuklar\u0131ndan Karadeniz\u2019den uzakla\u015fmak da istemediler. Ailenin bir b\u00f6l\u00fcm\u00fc, g\u00f6\u00e7men idaresinin karar\u0131na uyup Anadolu\u2019nun i\u00e7 kesimlerine g\u00f6nderildiler. K\u0131t\u0131j ailesinin \u00fcyeleri, bu topraklarda 156 y\u0131l ge\u00e7irmelerine ra\u011fmen h\u00e2l\u00e2 birbirlerine hasret ya\u015famaktad\u0131rlar.<\/p>\n<p><strong>K\u0131pk\u0131z\u0131l savana<\/strong><\/p>\n<p>\u015epa\u015figo ailesi, yaz s\u0131cakl\u0131\u011f\u0131nda kavrulup k\u0131pk\u0131z\u0131l bir savanaya d\u00f6n\u00fc\u015fen k\u00f6ylerine K\u0131z\u0131lot K\u00f6y\u00fc (Wuspl\u2019\u0131j Hable) ad\u0131n\u0131 verdiler. S\u00fcre\u00e7 i\u00e7erisinde \u015epa\u015figo ailesinin kurdu\u011fu K\u0131z\u0131lot K\u00f6y\u00fc\u2019ne Haml\u0131k K\u00f6y\u00fc\u2019nden (s\u0131tma nedeniyle yok olan bir \u00c7erkes k\u00f6y\u00fc) \u00e7ok say\u0131da aile kat\u0131l\u0131r. Haml\u0131k K\u00f6y\u00fc, \u00c7ar\u015famba \u00c7erkes k\u00f6yleri i\u00e7inde ekonomisi en geli\u015fmi\u015f ve n\u00fcfus olarak en kalabal\u0131k k\u00f6y olmas\u0131na ra\u011fmen i\u00e7me suyunun metan gaz\u0131 a\u011f\u0131rl\u0131kl\u0131 olmas\u0131 ve batakl\u0131klarla \u00e7evrili olmas\u0131ndan dolay\u0131 s\u00fcre\u00e7 i\u00e7erisinde s\u0131tma, verem, dizanteri ve trahom gibi bula\u015f\u0131c\u0131 hastal\u0131klar\u0131n pen\u00e7esinde s\u00f6nm\u00fc\u015f bir k\u00f6yd\u00fcr. Haml\u0131k K\u00f6y\u00fc\u2019n\u00fcn dramatik tarih\u00e7esi, k\u00f6y\u00fcn\u00fc en son terk eden yar\u0131 meczup Topal Hamit\u2019in ya\u015fam \u00f6yk\u00fcs\u00fc \u00e7er\u00e7evesinde \u201c\u00c7ar\u015famba K\u00f6pr\u00fcs\u00fc\u2019nde Vurdular Beni\u201d adl\u0131 kitab\u0131mda ayr\u0131nt\u0131s\u0131 ile anlat\u0131lmaktad\u0131r.<\/p>\n<p><strong>Kurtulu\u015f Sava\u015f\u0131\u2019na kat\u0131l\u0131m<\/strong><\/p>\n<p>\u00c7evrede mukim T\u00fcrk k\u00f6yl\u00fclerle iyi bir sosyal ili\u015fki geli\u015ftiren K\u0131z\u0131lot halk\u0131, Kurtulu\u015f Sava\u015f\u0131 y\u0131llar\u0131nda onlarca gencini g\u00f6n\u00fcll\u00fc olarak sava\u015fa g\u00f6ndermi\u015ftir. Cumhuriyet\u2019in ilk y\u0131llar\u0131ndan itibaren yeni h\u00fck\u00fcmetler, \u00c7erkeslerin yo\u011fun olarak ya\u015fad\u0131klar\u0131 Ar\u0131m-K\u0131z\u0131lot b\u00f6lgesine gereken ilgiyi ziyadesi ile g\u00f6stermi\u015ftir. \u00c7ar\u015famba k\u00f6ylerinde o y\u0131llarda ilkokulu bulunan \u00fc\u00e7 k\u00f6yden biri K\u0131z\u0131lot olmu\u015ftur. Yerli halk\u0131n \u00c7erkes g\u00f6\u00e7menlerle olan sosyal sorunlar\u0131n\u0131 kontrol alt\u0131nda tutmak maksad\u0131yla k\u00f6ye bir de jandarma karakolu kurulmu\u015ftur (1934). Batakl\u0131k ve orman arazilerini \u0131slah eden K\u0131z\u0131lot \u00c7erkesleri, bu verimli geni\u015f al\u00fcvyon topraklar\u0131 i\u015fleyerek ekonomik olarak h\u0131zla vars\u0131lla\u015fm\u0131\u015flard\u0131r. Yerel y\u00f6neticilerle iyi ili\u015fkiler geli\u015ftirme becerisi g\u00f6sterip b\u00fcrokrasi ve askeriye i\u00e7inde g\u00f6rev al\u0131p k\u0131smi bir ayr\u0131cal\u0131k elde etmi\u015flerdir. \u00c7erkes m\u00fctegallibeleri \u00e7ocuklar\u0131n\u0131n e\u011fitim almalar\u0131na \u00e7ok \u00f6nem vermi\u015fler, ilk ve ortaokulu \u00c7ar\u015famba\u2019da okuyan bir\u00e7ok \u00c7erkes genci, lise e\u011fitimleri i\u00e7in Samsun ve \u0130stanbul (Kabata\u015f ve Haydarpa\u015fa) liselerine yollanm\u0131\u015ft\u0131r.<\/p>\n<p><strong>Asimilasyon<\/strong><\/p>\n<p>\u00c7erkes k\u00fclt\u00fcr\u00fcn\u00fcn t\u00fcm detaylar\u0131n\u0131n en ince ayr\u0131nt\u0131lar\u0131na kadar korunup uyguland\u0131\u011f\u0131 K\u0131z\u0131lot K\u00f6y\u00fc s\u00fcre\u00e7 i\u00e7erisinde asimilasyonun tahribat\u0131ndan kurtulamam\u0131\u015ft\u0131r. Bu \u00f6z k\u00fclt\u00fcr\u00fcnden uzakla\u015fman\u0131n ba\u015fl\u0131ca nedeni; yol boyu bir k\u00f6y olmas\u0131, gen\u00e7lerin okumak ve \u00e7al\u0131\u015fmak i\u00e7in kentlere y\u00f6nelmesidir. Merkezi bir yerle\u015fim \u00f6zelli\u011fi ta\u015f\u0131mas\u0131, okulun ve jandarma karakolunun bu k\u00f6yde bulunmas\u0131 da asimilasyonun tali etkenleri aras\u0131nda say\u0131labilir. Geldi\u011fimiz noktadan 156 y\u0131l geriye bakt\u0131\u011f\u0131m\u0131zda g\u00f6r\u00fcnen; yok olmu\u015f bir k\u00fclt\u00fcr, unutulmu\u015f bir anadil ve karanl\u0131k sular\u0131 ile kan k\u0131rm\u0131z\u0131 \u015favk\u0131yan kocaman ve kirli bir denizden ibarettir bizim \u00f6yk\u00fcm\u00fcz\u2026<\/p>\n<p><strong>K\u00f6ydeki s\u00fclaleler:<\/strong><\/p>\n<p>Abrek, Basteneko, Bast\u0131, Bo\u011fane, \u011euvej, Hamtez, Hapajuko, Hapiko, He\u015fk (Ub\u0131h), H\u0131zatl, Hud\u0131j, Halkas, Havknatuko, K\u0131t\u0131j, Koblu, Kofu, Kuace, Metaluko, Radu\u011fa, Seyneko, \u015ealaho, \u015eeretl, \u015e\u0131blako, \u015eowmen, Thawko, Yed\u00fcge, Yegua\u015f, Ma\u015fuko (Kabardey).<\/p>\n<p><strong>Cam kenar\u0131 yolculuklar<\/strong><\/p>\n<p>Gen\u00e7li\u011fim, \u00f6\u011frencilik y\u0131llar\u0131 ve memuriyetimin uzunca bir s\u00fcresi gurbette ge\u00e7ti. Bu y\u0131llardan bana kalan unutulmaz anlardan &#8220;cam kenar\u0131&#8221; yolculuk hat\u0131ralar\u0131md\u0131r. Anadolu&#8217;yu kar\u0131\u015f kar\u0131\u015f bilirim dersem inan\u0131n abartm\u0131\u015f olmam, yolculuklar\u0131m\u0131n tamam\u0131na yak\u0131n\u0131 &#8220;cam kenar\u0131nda&#8221; ve g\u00fcn \u0131\u015f\u0131\u011f\u0131nda yap\u0131lm\u0131\u015ft\u0131r. \u015eairli\u011fimin beslendi\u011fi ana ilham damarlar\u0131ndand\u0131r bu yolculuklar\u0131m, kah, s\u0131laya kavu\u015fman\u0131n sevinci, kah gurbet&#8217;e gitmenin h\u00fczn\u00fc. \u015eiirlerimin ve yaz\u0131lar\u0131m\u0131n ana temas\u0131d\u0131r &#8220;gurbet&#8221; ve &#8220;s\u0131la&#8221;.<\/p>\n<p><strong>Kah:<\/strong><\/p>\n<p>All\u0131 turnam bizim ele var\u0131rsan, \u015eeker s\u00f6yle, kaymak s\u00f6yle, bal s\u00f6yle. E\u011fer bizi sual eden olursa, Boynu b\u00fck\u00fck, benzi soluk yar s\u00f6yle&#8230;<\/p>\n<p>T\u00fcrk\u00fcs\u00fcne y\u00fcklemi\u015fimdir ac\u0131lar\u0131m\u0131.<\/p>\n<p><strong>Kah;<\/strong><\/p>\n<p>Anam\u0131n \u00f6l\u00fcm haberini ald\u0131\u011f\u0131mda s\u0131laya ula\u015fabilmenin \u00e7aresizli\u011finde\u2026<\/p>\n<p>\u015eu uzun gecenin gecesi olsam, S\u0131lada bir evin bacas\u0131 olsam, Dediler ki nazl\u0131 anan \u00e7ok hasta, Ba\u015f\u0131nda okuyan hocas\u0131 olsam&#8230;<\/p>\n<p>A\u011f\u0131d\u0131 ile g\u00f6zya\u015flar\u0131m ile y\u0131kam\u0131\u015f\u0131md\u0131r tozlu yollar\u0131. &#8220;Cam Kenar\u0131&#8221; kitab\u0131nda de\u011ferli dostum Mesut Topal \u00e7ok i\u00e7ten anlat\u0131yor bu duyguyu.<\/p>\n<p><strong>&#8220;Cam kenar\u0131nda unutulur baz\u0131 hayatlar. Ne zaman ya\u011fmur ya\u011fsa, cama \u00e7arpar durur, en ac\u0131 hat\u0131ralar&#8230; \u0130ki \u015fehir aras\u0131ndaki mesafe ne kadar uzakt\u0131r? Ya da iki kalp aras\u0131 iki dudak ile ka\u00e7 dakikada birbirine ula\u015f\u0131r? Ne y\u00fcre\u011fime ne de dudaklar\u0131ma laf dinletebiliyorum i\u015fte! Biri i\u00e7erisinde seni ya\u015fat\u0131rken bir di\u011feri ismini say\u0131kl\u0131yor&#8230; Seni d\u00fc\u015fl\u00fcyorum, Seni \u00f6zl\u00fcyorum. Kahrolas\u0131 bir zaman i\u015fte! Ne yaparsam yapay\u0131m, gelmiyorsun&#8230; Olur da bir g\u00fcn geri gelmeye karar verirsen, avu\u00e7lar\u0131ma umudu, omuzlar\u0131ma ise sensizli\u011fi b\u0131rakt\u0131\u011f\u0131n yerdeyim&#8230;&#8221;<\/strong><b><\/b><\/p>\n","protected":false},"excerpt":{"rendered":"<p>KITIJ Cemil Bi&ccedil;er Y&#305;l 1864, aylardan may&#305;s&hellip; Novorossiysk Ticari Deniz Liman&#305; taraf&#305;ndan i&#351;letilen liman t&uuml;m y&#305;l boyunca kullan&#305;labilmekte olup ayn&#305; zamanda Rusya Deniz Kuvvetleri Karadeniz Filosu&rsquo;nun konu&#351;land&#305;&#287;&#305; bir deniz &uuml;ss&uuml;d&uuml;r. Sabah&#305;n &#351;avk&#305; Karadeniz &uuml;zerinde k&#305;pra&#351;maya ba&#351;lam&#305;&#351;t&#305;. &#350;pa&#351;igo K&#305;t&#305;j Smayl, o sabah ailesini &ouml;nceden anla&#351;t&#305;&#287;&#305; bir Laz takas&#305;na bindirip Memalik-i Osmanl&#305;&rsquo;ya g&ouml;&ccedil;ecekti. 1861 y&#305;l&#305;n&#305;n sonbahar&#305;nda &Ccedil;ar [&hellip;]<\/p>\n","protected":false},"author":1,"featured_media":0,"comment_status":"closed","ping_status":"closed","sticky":false,"template":"","format":"standard","meta":{"_bbp_topic_count":0,"_bbp_reply_count":0,"_bbp_total_topic_count":0,"_bbp_total_reply_count":0,"_bbp_voice_count":0,"_bbp_anonymous_reply_count":0,"_bbp_topic_count_hidden":0,"_bbp_reply_count_hidden":0,"_bbp_forum_subforum_count":0,"ocean_post_layout":"","ocean_both_sidebars_style":"","ocean_both_sidebars_content_width":0,"ocean_both_sidebars_sidebars_width":0,"ocean_sidebar":"0","ocean_second_sidebar":"0","ocean_disable_margins":"enable","ocean_add_body_class":"","ocean_shortcode_before_top_bar":"","ocean_shortcode_after_top_bar":"","ocean_shortcode_before_header":"","ocean_shortcode_after_header":"","ocean_has_shortcode":"","ocean_shortcode_after_title":"","ocean_shortcode_before_footer_widgets":"","ocean_shortcode_after_footer_widgets":"","ocean_shortcode_before_footer_bottom":"","ocean_shortcode_after_footer_bottom":"","ocean_display_top_bar":"default","ocean_display_header":"default","ocean_header_style":"","ocean_center_header_left_menu":"0","ocean_custom_header_template":"0","ocean_custom_logo":0,"ocean_custom_retina_logo":0,"ocean_custom_logo_max_width":0,"ocean_custom_logo_tablet_max_width":0,"ocean_custom_logo_mobile_max_width":0,"ocean_custom_logo_max_height":0,"ocean_custom_logo_tablet_max_height":0,"ocean_custom_logo_mobile_max_height":0,"ocean_header_custom_menu":"0","ocean_menu_typo_font_family":"0","ocean_menu_typo_font_subset":"","ocean_menu_typo_font_size":0,"ocean_menu_typo_font_size_tablet":0,"ocean_menu_typo_font_size_mobile":0,"ocean_menu_typo_font_size_unit":"px","ocean_menu_typo_font_weight":"","ocean_menu_typo_font_weight_tablet":"","ocean_menu_typo_font_weight_mobile":"","ocean_menu_typo_transform":"","ocean_menu_typo_transform_tablet":"","ocean_menu_typo_transform_mobile":"","ocean_menu_typo_line_height":0,"ocean_menu_typo_line_height_tablet":0,"ocean_menu_typo_line_height_mobile":0,"ocean_menu_typo_line_height_unit":"","ocean_menu_typo_spacing":0,"ocean_menu_typo_spacing_tablet":0,"ocean_menu_typo_spacing_mobile":0,"ocean_menu_typo_spacing_unit":"","ocean_menu_link_color":"","ocean_menu_link_color_hover":"","ocean_menu_link_color_active":"","ocean_menu_link_background":"","ocean_menu_link_hover_background":"","ocean_menu_link_active_background":"","ocean_menu_social_links_bg":"","ocean_menu_social_hover_links_bg":"","ocean_menu_social_links_color":"","ocean_menu_social_hover_links_color":"","ocean_disable_title":"default","ocean_disable_heading":"default","ocean_post_title":"","ocean_post_subheading":"","ocean_post_title_style":"","ocean_post_title_background_color":"","ocean_post_title_background":0,"ocean_post_title_bg_image_position":"","ocean_post_title_bg_image_attachment":"","ocean_post_title_bg_image_repeat":"","ocean_post_title_bg_image_size":"","ocean_post_title_height":0,"ocean_post_title_bg_overlay":0.5,"ocean_post_title_bg_overlay_color":"","ocean_disable_breadcrumbs":"default","ocean_breadcrumbs_color":"","ocean_breadcrumbs_separator_color":"","ocean_breadcrumbs_links_color":"","ocean_breadcrumbs_links_hover_color":"","ocean_display_footer_widgets":"default","ocean_display_footer_bottom":"default","ocean_custom_footer_template":"0","ocean_post_oembed":"","ocean_post_self_hosted_media":"","ocean_post_video_embed":"","ocean_link_format":"","ocean_link_format_target":"self","ocean_quote_format":"","ocean_quote_format_link":"post","ocean_gallery_link_images":"on","ocean_gallery_id":[],"footnotes":""},"categories":[61],"tags":[],"class_list":["post-41463","post","type-post","status-publish","format-standard","hentry","category-yazarlar-kitij-cemil-bicer","entry"],"_links":{"self":[{"href":"https:\/\/www.circassiancenter.com\/tr\/wp-json\/wp\/v2\/posts\/41463","targetHints":{"allow":["GET"]}}],"collection":[{"href":"https:\/\/www.circassiancenter.com\/tr\/wp-json\/wp\/v2\/posts"}],"about":[{"href":"https:\/\/www.circassiancenter.com\/tr\/wp-json\/wp\/v2\/types\/post"}],"author":[{"embeddable":true,"href":"https:\/\/www.circassiancenter.com\/tr\/wp-json\/wp\/v2\/users\/1"}],"replies":[{"embeddable":true,"href":"https:\/\/www.circassiancenter.com\/tr\/wp-json\/wp\/v2\/comments?post=41463"}],"version-history":[{"count":1,"href":"https:\/\/www.circassiancenter.com\/tr\/wp-json\/wp\/v2\/posts\/41463\/revisions"}],"predecessor-version":[{"id":41466,"href":"https:\/\/www.circassiancenter.com\/tr\/wp-json\/wp\/v2\/posts\/41463\/revisions\/41466"}],"wp:attachment":[{"href":"https:\/\/www.circassiancenter.com\/tr\/wp-json\/wp\/v2\/media?parent=41463"}],"wp:term":[{"taxonomy":"category","embeddable":true,"href":"https:\/\/www.circassiancenter.com\/tr\/wp-json\/wp\/v2\/categories?post=41463"},{"taxonomy":"post_tag","embeddable":true,"href":"https:\/\/www.circassiancenter.com\/tr\/wp-json\/wp\/v2\/tags?post=41463"}],"curies":[{"name":"wp","href":"https:\/\/api.w.org\/{rel}","templated":true}]}}