{"id":42446,"date":"2024-12-05T08:34:41","date_gmt":"2024-12-05T14:34:41","guid":{"rendered":"https:\/\/www.circassiancenter.com\/tr\/?p=42446"},"modified":"2024-12-05T08:34:41","modified_gmt":"2024-12-05T14:34:41","slug":"cerkeslere-darbe-girisimi","status":"publish","type":"post","link":"https:\/\/www.circassiancenter.com\/tr\/cerkeslere-darbe-girisimi\/","title":{"rendered":"\u00c7ERKESLERE DARBE G\u0130R\u0130\u015e\u0130M\u0130"},"content":{"rendered":"<p><img fetchpriority=\"high\" decoding=\"async\" class=\"alignnone size-full wp-image-42448\" src=\"https:\/\/www.circassiancenter.com\/tr\/wp-content\/uploads\/2024\/12\/CERKESLERE-DARBE-GIRISIMI-b.png\" alt=\"\" width=\"571\" height=\"300\" srcset=\"https:\/\/www.circassiancenter.com\/tr\/wp-content\/uploads\/2024\/12\/CERKESLERE-DARBE-GIRISIMI-b.png 571w, https:\/\/www.circassiancenter.com\/tr\/wp-content\/uploads\/2024\/12\/CERKESLERE-DARBE-GIRISIMI-b-300x158.png 300w\" sizes=\"(max-width: 571px) 100vw, 571px\" \/><\/p>\n<p><strong>YEMUZ Nevzat Tarak\u00e7\u0131<\/strong><\/p>\n<p>\u00c7erkeslerin siyasetle s\u0131nav\u0131 s\u00fcr\u00fcyor.<br \/>\nAnkara <strong>\u00c7erkes Derne\u011fi Ya\u015famkent Sosyal Tesisi<\/strong>, arsas\u0131 belediyeye ait olan, binas\u0131 dernek \u00fcyelerinin ba\u011f\u0131\u015flar\u0131yla in\u015fa edilen bir sosyal tesis.<br \/>\nBinada ve di\u011fer \u00fcnitelerde <strong>sosyal, sanatsal ve k\u00fclt\u00fcrel etkinlikler<\/strong> s\u00fcr\u00fcp giderken, t\u00fcrl\u00fc bahanelerle <strong>\u00c7ankaya Belediyesi,<\/strong> bir oldu bitiyle binay\u0131 bo\u015faltmaya geliyor.<br \/>\nSiyasetin \u00e7irkin y\u00fcz\u00fcyle y\u00fczle\u015fen \u00c7erkesler, bu haks\u0131zl\u0131k kar\u015f\u0131s\u0131nda <strong>tek y\u00fcrek<\/strong> oluyor.<br \/>\nTesis alan\u0131nda toplanan bilin\u00e7li kalabal\u0131k, <strong>anlaml\u0131, etkili bas\u0131n a\u00e7\u0131klamas\u0131yla<\/strong> dik duru\u015flar\u0131, g\u00fcr sesleriyle tepkilerini g\u00f6steriyor, <strong>haks\u0131zl\u0131\u011f\u0131 hayk\u0131r\u0131yor!<\/strong><br \/>\n\u00c7erkes halk\u0131n\u0131n san\u0131ld\u0131\u011f\u0131 gibi kolay lokma olmad\u0131\u011f\u0131n\u0131 anlayan belediye, <strong>tahliye i\u015flemini<\/strong> \u015fimdilik durduruyor\u2026<\/p>\n<p><strong>\u201cDARBE D\u00d6NEM\u0130NDE M\u0130Y\u0130Z?\u201d<\/strong><br \/>\nKafkas Dernekleri Federasyonu Genel Sekreteri <strong>Say\u0131n \u00d6mer Atalar\u2019\u0131n<\/strong> \u015fu ifadesi her \u015feyi \u00f6zetliyor:<br \/>\n\u201cBunun emsali yok! Hi\u00e7bir sivil toplum kurulu\u015funun tesisi, polis zoruyla elinden al\u0131nmad\u0131. Kap\u0131s\u0131na polis g\u00f6nderilmedi\u2026 B\u00f6yle bir \u015fey yok, <strong>darbe d\u00f6neminde miyiz<\/strong> biz!<\/p>\n<p><strong>\u00c7ERKES HALKININ G\u00dcC\u00dc TEST ED\u0130L\u0130YOR<\/strong><br \/>\nKurum y\u00f6neticileri ve <strong>duyarl\u0131 halk\u0131m\u0131z<\/strong> i\u015fin bilincinde, bu talihsiz olayla toplumumuzun g\u00fcc\u00fcn\u00fcn test edildi\u011finin fark\u0131nda.<br \/>\n<strong>\u00c7\u00f6z\u00fcm akt\u00f6rleri,<\/strong> s\u00fcre\u00e7 ilerlerken \u00e7ok h\u0131zl\u0131 \u015fekilde ilgililerle g\u00f6r\u00fc\u015fmeler ger\u00e7ekle\u015ftirdi.<br \/>\nHalk, b\u00fcy\u00fck haks\u0131zl\u0131\u011f\u0131, <strong>sosyal medyada<\/strong> etkili \u015fekilde g\u00fcndeme ta\u015f\u0131d\u0131.<\/p>\n<p><strong>HAZIMSIZ KARANLIK RUHLAR HER ZAMAN OLACAK <\/strong><br \/>\nHaz\u0131ms\u0131z, umutsuz, karanl\u0131k ruhlar her zaman her yerde olabiliyor.<br \/>\nBizde de var\u2026 <strong>\u00c7erden \u00e7\u00f6pten laflarla y\u00fcreklere bileklere basmay\u0131 marifet sanan<\/strong> \u015fi\u015fkin ego kurbanlar\u0131 elbette olacak.<br \/>\nHalk\u0131m\u0131z, haks\u0131zl\u0131k kar\u015f\u0131s\u0131nda tek y\u00fcrek olmu\u015f direnirken <strong>tek t\u00fck de olsa<\/strong> \u201carmudun sap\u0131, \u00fcz\u00fcm\u00fcn \u00e7\u00f6p\u00fc\u201d ya da <strong>\u201cG\u00f6z\u00fcn\u00fcn \u00fcst\u00fcnde ka\u015f\u0131n var!\u201d<\/strong> kabilinden talihsiz negatiflikler, m\u0131z\u0131k\u00e7\u0131l\u0131klar da ya\u015fanmad\u0131\/ ya\u015fanm\u0131yor de\u011fil!<br \/>\nAdeta \u00c7erkes toplumunun g\u00fcc\u00fcn\u00fcn test edildi\u011fi, herkesin tek y\u00fcrek oldu\u011fu bir s\u00fcre\u00e7te, sorunun \u00e7\u00f6z\u00fcm\u00fc i\u00e7in bireysel ve kurumsal boyutta ko\u015fturmalar, yo\u011fun \u00e7abalar apa\u00e7\u0131k ortadayken, ters istikamete ko\u015fanlar da bakal\u0131m nereye kadar ko\u015facak?<\/p>\n<p><strong>ASLINDA KAZANAN \u00c7ANKAYA BELED\u0130YES\u0130 <\/strong><br \/>\nYuva y\u0131kmaya gelen belediye, asl\u0131nda \u00e7ok \u015fey kazand\u0131.<br \/>\nAlanda ba\u011f\u0131ran, \u00e7a\u011f\u0131ran, hakaret eden yoktu hatta yuva y\u0131kmaya gelenler, g\u00fcler y\u00fczle kar\u015f\u0131land\u0131.<br \/>\nE\u011fer gelenlerin vakti olsayd\u0131, alanda toplanan halk\u0131m\u0131z, yuvalar\u0131n\u0131 y\u0131kmaya gelenlere \u201c<strong>Bu gelenler misafirimizdir!\u201d diyerek \u00c7erkes yeme\u011fi ikram eder,<\/strong> onlar\u0131 en a\u011f\u0131r\u0131ndan a\u011f\u0131rlard\u0131.<br \/>\nBelediye yetkilileri, belki bug\u00fcn, <strong>bu zarif, bu olgun, bu kadir\u015finas halk\u0131<\/strong> birazc\u0131k olsun tan\u0131m\u0131\u015ft\u0131r.<br \/>\nAsl\u0131nda kazanan \u00c7ankaya belediyesi oldu!<br \/>\nBelediye, k\u00fclt\u00fcr\u00fc ve kimli\u011fi ile huzur i\u00e7inde ya\u015famaktan ba\u015fka derdi olmayan bir halk\u0131 yak\u0131ndan tan\u0131d\u0131. <strong>Sevgi, sayg\u0131, vefa mayas\u0131yla yo\u011frulmu\u015f<\/strong>, tarihe b\u00f6yle ge\u00e7mi\u015f bir halk\u0131!<br \/>\nSay\u0131n \u00c7ankaya Belediyesi, o, \u201csavunma a\u00e7\u0131klaman\u0131zdaki\u201d i\u011fren\u00e7 ifadelerden de belli, siz bu halk\u0131 hi\u00e7 tan\u0131mam\u0131\u015fs\u0131n\u0131z!<br \/>\nBug\u00fcn siz kazand\u0131n\u0131z, b\u00f6ylesi bir halkla yak\u0131ndan tan\u0131\u015ft\u0131n\u0131z, \u00e7ok \u015fansl\u0131s\u0131n\u0131z, ne mutlu size!<br \/>\nAma biz de \u015fanss\u0131z say\u0131lmay\u0131z, <strong>biz de sizi yak\u0131ndan tan\u0131d\u0131k.<\/strong><br \/>\nBiz de \u00e7ok \u015fansl\u0131y\u0131z, biz de \u00e7ok \u015fey kazand\u0131k!<\/p>\n<p><strong>DUYARLI HALKIMIZ ALANDAYDI<\/strong><br \/>\n\u201cAnkara \u00c7erkes Derne\u011fi\/ Ya\u015famkent Sosyal Tesisleri\u201d nde ya\u015fanan s\u0131ra d\u0131\u015f\u0131 olayda \u201cBana da ihtiya\u00e7 olabilir!\u201d diyerek <strong>olay yerine ko\u015fan, orada n\u00f6bet tutan<\/strong>, gerekti\u011finde d\u00fc\u015f\u00fcncesini payla\u015fan duyarl\u0131 y\u00fcrekler, varl\u0131\u011f\u0131n\u0131z \u00e7ok anlaml\u0131, \u00e7ok de\u011ferli, iyi ki vars\u0131n\u0131z!<\/p>\n<p><strong>DARBE G\u0130R\u0130\u015e\u0130M\u0130 DAHA B\u0130TMED\u0130 <\/strong><br \/>\nUmar\u0131m, siyasilerle y\u00fczle\u015fti\u011fimiz bu zor s\u0131navda halk\u0131m\u0131z; <strong>s\u00f6ylem, duru\u015f ve \u00fcslubuyla<\/strong> kendisine yak\u0131\u015fan\u0131 yapar.<br \/>\nUmar\u0131m halk\u0131m\u0131z, bu b\u00fcy\u00fck sorun ya\u015fan\u0131rken asla <strong>siyaset, tarafgirlik ve mezhep\u00e7ilik yapmaz,<\/strong> \u00e7\u00f6z\u00fcmden uzakla\u015fmaz, birbiriyle u\u011fra\u015fmaz!<br \/>\nDe\u011fil mi ki bu zor ve hassas s\u00fcre\u00e7, <strong>diplomasi ister, so\u011fuk kanl\u0131l\u0131k ister, g\u00fc\u00e7l\u00fc dayan\u0131\u015fma<\/strong> ister!<br \/>\nUmar\u0131m, d\u00fcn oldu\u011fu gibi bug\u00fcn de yar\u0131n da bu tesiste <strong>tarih, k\u00fclt\u00fcr ve sanat,<\/strong> hayat bulmaya devam eder<br \/>\nDilerim g\u00fcn\u00fcn sonunda <strong>akl\u0131 selim<\/strong> alk\u0131\u015f al\u0131r, kazanan halk\u0131m\u0131z olur!<\/p>\n","protected":false},"excerpt":{"rendered":"<p>YEMUZ Nevzat Tarak&ccedil;&#305; &Ccedil;erkeslerin siyasetle s&#305;nav&#305; s&uuml;r&uuml;yor. Ankara &Ccedil;erkes Derne&#287;i Ya&#351;amkent Sosyal Tesisi, arsas&#305; belediyeye ait olan, binas&#305; dernek &uuml;yelerinin ba&#287;&#305;&#351;lar&#305;yla in&#351;a edilen bir sosyal tesis. Binada ve di&#287;er &uuml;nitelerde sosyal, sanatsal ve k&uuml;lt&uuml;rel etkinlikler s&uuml;r&uuml;p giderken, t&uuml;rl&uuml; bahanelerle &Ccedil;ankaya Belediyesi, bir oldu bitiyle binay&#305; bo&#351;altmaya geliyor. Siyasetin &ccedil;irkin y&uuml;z&uuml;yle y&uuml;zle&#351;en &Ccedil;erkesler, bu haks&#305;zl&#305;k kar&#351;&#305;s&#305;nda [&hellip;]<\/p>\n","protected":false},"author":1,"featured_media":0,"comment_status":"closed","ping_status":"closed","sticky":false,"template":"","format":"standard","meta":{"_bbp_topic_count":0,"_bbp_reply_count":0,"_bbp_total_topic_count":0,"_bbp_total_reply_count":0,"_bbp_voice_count":0,"_bbp_anonymous_reply_count":0,"_bbp_topic_count_hidden":0,"_bbp_reply_count_hidden":0,"_bbp_forum_subforum_count":0,"ocean_post_layout":"","ocean_both_sidebars_style":"","ocean_both_sidebars_content_width":0,"ocean_both_sidebars_sidebars_width":0,"ocean_sidebar":"0","ocean_second_sidebar":"0","ocean_disable_margins":"enable","ocean_add_body_class":"","ocean_shortcode_before_top_bar":"","ocean_shortcode_after_top_bar":"","ocean_shortcode_before_header":"","ocean_shortcode_after_header":"","ocean_has_shortcode":"","ocean_shortcode_after_title":"","ocean_shortcode_before_footer_widgets":"","ocean_shortcode_after_footer_widgets":"","ocean_shortcode_before_footer_bottom":"","ocean_shortcode_after_footer_bottom":"","ocean_display_top_bar":"default","ocean_display_header":"default","ocean_header_style":"","ocean_center_header_left_menu":"0","ocean_custom_header_template":"0","ocean_custom_logo":0,"ocean_custom_retina_logo":0,"ocean_custom_logo_max_width":0,"ocean_custom_logo_tablet_max_width":0,"ocean_custom_logo_mobile_max_width":0,"ocean_custom_logo_max_height":0,"ocean_custom_logo_tablet_max_height":0,"ocean_custom_logo_mobile_max_height":0,"ocean_header_custom_menu":"0","ocean_menu_typo_font_family":"0","ocean_menu_typo_font_subset":"","ocean_menu_typo_font_size":0,"ocean_menu_typo_font_size_tablet":0,"ocean_menu_typo_font_size_mobile":0,"ocean_menu_typo_font_size_unit":"px","ocean_menu_typo_font_weight":"","ocean_menu_typo_font_weight_tablet":"","ocean_menu_typo_font_weight_mobile":"","ocean_menu_typo_transform":"","ocean_menu_typo_transform_tablet":"","ocean_menu_typo_transform_mobile":"","ocean_menu_typo_line_height":0,"ocean_menu_typo_line_height_tablet":0,"ocean_menu_typo_line_height_mobile":0,"ocean_menu_typo_line_height_unit":"","ocean_menu_typo_spacing":0,"ocean_menu_typo_spacing_tablet":0,"ocean_menu_typo_spacing_mobile":0,"ocean_menu_typo_spacing_unit":"","ocean_menu_link_color":"","ocean_menu_link_color_hover":"","ocean_menu_link_color_active":"","ocean_menu_link_background":"","ocean_menu_link_hover_background":"","ocean_menu_link_active_background":"","ocean_menu_social_links_bg":"","ocean_menu_social_hover_links_bg":"","ocean_menu_social_links_color":"","ocean_menu_social_hover_links_color":"","ocean_disable_title":"default","ocean_disable_heading":"default","ocean_post_title":"","ocean_post_subheading":"","ocean_post_title_style":"","ocean_post_title_background_color":"","ocean_post_title_background":0,"ocean_post_title_bg_image_position":"","ocean_post_title_bg_image_attachment":"","ocean_post_title_bg_image_repeat":"","ocean_post_title_bg_image_size":"","ocean_post_title_height":0,"ocean_post_title_bg_overlay":0.5,"ocean_post_title_bg_overlay_color":"","ocean_disable_breadcrumbs":"default","ocean_breadcrumbs_color":"","ocean_breadcrumbs_separator_color":"","ocean_breadcrumbs_links_color":"","ocean_breadcrumbs_links_hover_color":"","ocean_display_footer_widgets":"default","ocean_display_footer_bottom":"default","ocean_custom_footer_template":"0","ocean_post_oembed":"","ocean_post_self_hosted_media":"","ocean_post_video_embed":"","ocean_link_format":"","ocean_link_format_target":"self","ocean_quote_format":"","ocean_quote_format_link":"post","ocean_gallery_link_images":"on","ocean_gallery_id":[],"footnotes":""},"categories":[106],"tags":[],"class_list":["post-42446","post","type-post","status-publish","format-standard","hentry","category-yazarlar-yemuz-nevzat-tarakci","entry"],"_links":{"self":[{"href":"https:\/\/www.circassiancenter.com\/tr\/wp-json\/wp\/v2\/posts\/42446","targetHints":{"allow":["GET"]}}],"collection":[{"href":"https:\/\/www.circassiancenter.com\/tr\/wp-json\/wp\/v2\/posts"}],"about":[{"href":"https:\/\/www.circassiancenter.com\/tr\/wp-json\/wp\/v2\/types\/post"}],"author":[{"embeddable":true,"href":"https:\/\/www.circassiancenter.com\/tr\/wp-json\/wp\/v2\/users\/1"}],"replies":[{"embeddable":true,"href":"https:\/\/www.circassiancenter.com\/tr\/wp-json\/wp\/v2\/comments?post=42446"}],"version-history":[{"count":1,"href":"https:\/\/www.circassiancenter.com\/tr\/wp-json\/wp\/v2\/posts\/42446\/revisions"}],"predecessor-version":[{"id":42449,"href":"https:\/\/www.circassiancenter.com\/tr\/wp-json\/wp\/v2\/posts\/42446\/revisions\/42449"}],"wp:attachment":[{"href":"https:\/\/www.circassiancenter.com\/tr\/wp-json\/wp\/v2\/media?parent=42446"}],"wp:term":[{"taxonomy":"category","embeddable":true,"href":"https:\/\/www.circassiancenter.com\/tr\/wp-json\/wp\/v2\/categories?post=42446"},{"taxonomy":"post_tag","embeddable":true,"href":"https:\/\/www.circassiancenter.com\/tr\/wp-json\/wp\/v2\/tags?post=42446"}],"curies":[{"name":"wp","href":"https:\/\/api.w.org\/{rel}","templated":true}]}}