{"id":43421,"date":"2025-02-03T13:10:22","date_gmt":"2025-02-03T19:10:22","guid":{"rendered":"https:\/\/www.circassiancenter.com\/tr\/?p=43421"},"modified":"2025-02-03T13:48:27","modified_gmt":"2025-02-03T19:48:27","slug":"maho-dapse-dide-kitxuena-gidim-yaw-2","status":"publish","type":"post","link":"https:\/\/www.circassiancenter.com\/tr\/maho-dapse-dide-kitxuena-gidim-yaw-2\/","title":{"rendered":"&#8220;MAHO DAP\u015eE DIDE KITXUENA GIDIM YAW?&#8221;"},"content":{"rendered":"<p><img fetchpriority=\"high\" decoding=\"async\" class=\"alignnone size-full wp-image-43423\" src=\"https:\/\/www.circassiancenter.com\/tr\/wp-content\/uploads\/2025\/02\/MAHO-DAPSE-DIDE-KITXUENA-GIDIM-YAW-b.png\" alt=\"\" width=\"571\" height=\"300\" srcset=\"https:\/\/www.circassiancenter.com\/tr\/wp-content\/uploads\/2025\/02\/MAHO-DAPSE-DIDE-KITXUENA-GIDIM-YAW-b.png 571w, https:\/\/www.circassiancenter.com\/tr\/wp-content\/uploads\/2025\/02\/MAHO-DAPSE-DIDE-KITXUENA-GIDIM-YAW-b-300x158.png 300w\" sizes=\"(max-width: 571px) 100vw, 571px\" \/><\/p>\n<p><strong>KITIJ Cemil Bi\u00e7er<\/strong><\/p>\n<p>Ya\u015f kemale erince, arz-\u0131 mev&#8217;udun \u00f6zlemi \u00e7\u00f6kmeye ba\u015fl\u0131yor yorgun y\u00fcreklere.<\/p>\n<p>Kafda\u011f\u0131&#8217;n\u0131n diasporadaki son temsilcisi olan neneci\u011fim, \u00f6mr\u00fcn\u00fcn son y\u0131llar\u0131nda &#8220;demansif&#8221; bir derde d\u00fc\u00e7ar olmu\u015ftu; ama Kafda\u011f\u0131&#8217;na ait hat\u0131ralar\u0131 p\u0131r\u0131l p\u0131r\u0131ld\u0131, daha d\u00fcn ya\u015fanm\u0131\u015f gibi diri ve ayd\u0131nl\u0131kt\u0131&#8230;<\/p>\n<p>Ama g\u00fcn i\u00e7inde ya\u015fad\u0131klar\u0131n\u0131 hemen unutur, ayn\u0131 \u015feyi defalarca sorard\u0131.<\/p>\n<p>B\u0131kk\u0131nl\u0131k g\u00f6sterip cevap vermesek, elindeki kendisiyle ya\u015f\u0131t \u00e7et \u00e7ucu\u011fu bastonuyla ac\u0131mas\u0131zca vurup cezaland\u0131r\u0131rd\u0131.<\/p>\n<p>\u00c7erkes\u00e7eden ba\u015fka dil bilmedi\u011fi i\u00e7in ailede sadece annemle ileti\u015fim kurabiliyordu; ama bu onu etkilemiyordu, zira kim olursa olsun, o hep \u00c7erkes\u00e7e konu\u015furdu.<\/p>\n<p>Diasporan\u0131n son nesli olan bizler, ana dilimizden uzak yeti\u015ftirildi\u011fimizden, mel\u00fcl mel\u00fcl g\u00fcl\u00fcmseyerek bakard\u0131k Kafda\u011f\u0131&#8217;n\u0131n mavi g\u00f6zl\u00fc G\u00f6\u015fefij neneci\u011fimize.<\/p>\n<p>Ramazan ay\u0131n\u0131n geldi\u011fini, san\u0131r\u0131m yap\u0131lan haz\u0131rl\u0131klardan anlard\u0131. O da kendince haz\u0131rl\u0131klar yapard\u0131: namaz t\u00fclbentlerini \u00e7\u0131kar\u0131r sand\u0131\u011f\u0131ndan, annemden yeni seccade ister, reng\u00e2renk de\u011ferli ta\u015flardan yap\u0131lm\u0131\u015f tespihlerini komodininin ba\u015fucuna s\u0131ra s\u0131ra dizerdi&#8230;<\/p>\n<p>Torunlar\u0131n\u0131n i\u00e7inde en \u00e7ok beni sevdi\u011fini s\u00f6yler, bunu da belli ederdi. Ona g\u00f6re, b\u00fcy\u00fck b\u00fcy\u00fck dedem \u015epa\u015figo K\u0131t\u0131j Smayll&#8217;e en \u00e7ok ben benzermi\u015fim&#8230;<\/p>\n<p>G\u00f6\u015fefij neneci\u011fim taraf\u0131ndan ulu dedem, soylu \u015eaps\u0131\u011f \u015epa\u015figo K\u0131t\u0131j Smayll&#8217;e benzetilmek, aile i\u00e7inde bana bir ayr\u0131cal\u0131k ve g\u0131pta edilen bir onur berat\u0131 niteli\u011findeydi.<\/p>\n<p>Zavall\u0131 G\u00f6\u015fefij neneci\u011fim, Ramazan&#8217;\u0131n ilk g\u00fcn\u00fc oru\u00e7 tutard\u0131; ama bir ay kendine gelemez, yorgan d\u00f6\u015fek peri\u015fan olurdu.<\/p>\n<p>\u015epa\u015figo \u00c7iftli\u011fi&#8217;nin ihtiyar kahyas\u0131 Abdullah Dade&#8217;yi her saat \u00e7a\u011f\u0131rt\u0131p sorard\u0131:<br \/>\n&#8220;Waa haj\u0131! Maho dap\u015fe d\u0131de k\u0131txuenar gid\u0131m?&#8221;<br \/>\n&#8220;Eyyy haj\u0131, \u015fimdi tam olarak ka\u00e7 g\u00fcn\u00fcm\u00fcz kald\u0131 bayrama?&#8221;<\/p>\n<p>Bu Ramazan, han\u0131m\u0131n zorlamas\u0131yla birka\u00e7 g\u00fcn oru\u00e7 tuttum; ama benim G\u00f6\u015fefij neneci\u011fim gibi saat ba\u015f\u0131 \u00e7a\u011f\u0131r\u0131p,<br \/>\n&#8220;Waa haj\u0131! Maho dap\u015fe d\u0131de k\u0131txuenar gid\u0131m?&#8221; diye soracak haj dedem yoktu&#8230;<\/p>\n<p>Sahi, &#8220;Maho dap\u015fe d\u0131de k\u0131txuenar gid\u0131m?&#8221; bilen var m\u0131 aran\u0131zda?<\/p>\n<p>I\u015f\u0131klar i\u00e7inde uyusunlar Kafda\u011f\u0131&#8217;n\u0131n soylu insanlar\u0131&#8230;<\/p>\n","protected":false},"excerpt":{"rendered":"<p>KITIJ Cemil Bi&ccedil;er Ya&#351; kemale erince, arz-&#305; mev&rsquo;udun &ouml;zlemi &ccedil;&ouml;kmeye ba&#351;l&#305;yor yorgun y&uuml;reklere. Kafda&#287;&#305;&rsquo;n&#305;n diasporadaki son temsilcisi olan neneci&#287;im, &ouml;mr&uuml;n&uuml;n son y&#305;llar&#305;nda &ldquo;demansif&rdquo; bir derde d&uuml;&ccedil;ar olmu&#351;tu; ama Kafda&#287;&#305;&rsquo;na ait hat&#305;ralar&#305; p&#305;r&#305;l p&#305;r&#305;ld&#305;, daha d&uuml;n ya&#351;anm&#305;&#351; gibi diri ve ayd&#305;nl&#305;kt&#305;&hellip; Ama g&uuml;n i&ccedil;inde ya&#351;ad&#305;klar&#305;n&#305; hemen unutur, ayn&#305; &#351;eyi defalarca sorard&#305;. B&#305;kk&#305;nl&#305;k g&ouml;sterip cevap vermesek, elindeki [&hellip;]<\/p>\n","protected":false},"author":1,"featured_media":0,"comment_status":"closed","ping_status":"closed","sticky":false,"template":"","format":"standard","meta":{"_bbp_topic_count":0,"_bbp_reply_count":0,"_bbp_total_topic_count":0,"_bbp_total_reply_count":0,"_bbp_voice_count":0,"_bbp_anonymous_reply_count":0,"_bbp_topic_count_hidden":0,"_bbp_reply_count_hidden":0,"_bbp_forum_subforum_count":0,"ocean_post_layout":"","ocean_both_sidebars_style":"","ocean_both_sidebars_content_width":0,"ocean_both_sidebars_sidebars_width":0,"ocean_sidebar":"0","ocean_second_sidebar":"0","ocean_disable_margins":"enable","ocean_add_body_class":"","ocean_shortcode_before_top_bar":"","ocean_shortcode_after_top_bar":"","ocean_shortcode_before_header":"","ocean_shortcode_after_header":"","ocean_has_shortcode":"","ocean_shortcode_after_title":"","ocean_shortcode_before_footer_widgets":"","ocean_shortcode_after_footer_widgets":"","ocean_shortcode_before_footer_bottom":"","ocean_shortcode_after_footer_bottom":"","ocean_display_top_bar":"default","ocean_display_header":"default","ocean_header_style":"","ocean_center_header_left_menu":"0","ocean_custom_header_template":"0","ocean_custom_logo":0,"ocean_custom_retina_logo":0,"ocean_custom_logo_max_width":0,"ocean_custom_logo_tablet_max_width":0,"ocean_custom_logo_mobile_max_width":0,"ocean_custom_logo_max_height":0,"ocean_custom_logo_tablet_max_height":0,"ocean_custom_logo_mobile_max_height":0,"ocean_header_custom_menu":"0","ocean_menu_typo_font_family":"0","ocean_menu_typo_font_subset":"","ocean_menu_typo_font_size":0,"ocean_menu_typo_font_size_tablet":0,"ocean_menu_typo_font_size_mobile":0,"ocean_menu_typo_font_size_unit":"px","ocean_menu_typo_font_weight":"","ocean_menu_typo_font_weight_tablet":"","ocean_menu_typo_font_weight_mobile":"","ocean_menu_typo_transform":"","ocean_menu_typo_transform_tablet":"","ocean_menu_typo_transform_mobile":"","ocean_menu_typo_line_height":0,"ocean_menu_typo_line_height_tablet":0,"ocean_menu_typo_line_height_mobile":0,"ocean_menu_typo_line_height_unit":"","ocean_menu_typo_spacing":0,"ocean_menu_typo_spacing_tablet":0,"ocean_menu_typo_spacing_mobile":0,"ocean_menu_typo_spacing_unit":"","ocean_menu_link_color":"","ocean_menu_link_color_hover":"","ocean_menu_link_color_active":"","ocean_menu_link_background":"","ocean_menu_link_hover_background":"","ocean_menu_link_active_background":"","ocean_menu_social_links_bg":"","ocean_menu_social_hover_links_bg":"","ocean_menu_social_links_color":"","ocean_menu_social_hover_links_color":"","ocean_disable_title":"default","ocean_disable_heading":"default","ocean_post_title":"","ocean_post_subheading":"","ocean_post_title_style":"","ocean_post_title_background_color":"","ocean_post_title_background":0,"ocean_post_title_bg_image_position":"","ocean_post_title_bg_image_attachment":"","ocean_post_title_bg_image_repeat":"","ocean_post_title_bg_image_size":"","ocean_post_title_height":0,"ocean_post_title_bg_overlay":0.5,"ocean_post_title_bg_overlay_color":"","ocean_disable_breadcrumbs":"default","ocean_breadcrumbs_color":"","ocean_breadcrumbs_separator_color":"","ocean_breadcrumbs_links_color":"","ocean_breadcrumbs_links_hover_color":"","ocean_display_footer_widgets":"default","ocean_display_footer_bottom":"default","ocean_custom_footer_template":"0","ocean_post_oembed":"","ocean_post_self_hosted_media":"","ocean_post_video_embed":"","ocean_link_format":"","ocean_link_format_target":"self","ocean_quote_format":"","ocean_quote_format_link":"post","ocean_gallery_link_images":"on","ocean_gallery_id":[],"footnotes":""},"categories":[61],"tags":[],"class_list":["post-43421","post","type-post","status-publish","format-standard","hentry","category-yazarlar-kitij-cemil-bicer","entry"],"_links":{"self":[{"href":"https:\/\/www.circassiancenter.com\/tr\/wp-json\/wp\/v2\/posts\/43421","targetHints":{"allow":["GET"]}}],"collection":[{"href":"https:\/\/www.circassiancenter.com\/tr\/wp-json\/wp\/v2\/posts"}],"about":[{"href":"https:\/\/www.circassiancenter.com\/tr\/wp-json\/wp\/v2\/types\/post"}],"author":[{"embeddable":true,"href":"https:\/\/www.circassiancenter.com\/tr\/wp-json\/wp\/v2\/users\/1"}],"replies":[{"embeddable":true,"href":"https:\/\/www.circassiancenter.com\/tr\/wp-json\/wp\/v2\/comments?post=43421"}],"version-history":[{"count":1,"href":"https:\/\/www.circassiancenter.com\/tr\/wp-json\/wp\/v2\/posts\/43421\/revisions"}],"predecessor-version":[{"id":43424,"href":"https:\/\/www.circassiancenter.com\/tr\/wp-json\/wp\/v2\/posts\/43421\/revisions\/43424"}],"wp:attachment":[{"href":"https:\/\/www.circassiancenter.com\/tr\/wp-json\/wp\/v2\/media?parent=43421"}],"wp:term":[{"taxonomy":"category","embeddable":true,"href":"https:\/\/www.circassiancenter.com\/tr\/wp-json\/wp\/v2\/categories?post=43421"},{"taxonomy":"post_tag","embeddable":true,"href":"https:\/\/www.circassiancenter.com\/tr\/wp-json\/wp\/v2\/tags?post=43421"}],"curies":[{"name":"wp","href":"https:\/\/api.w.org\/{rel}","templated":true}]}}