{"id":47919,"date":"2025-08-11T23:44:49","date_gmt":"2025-08-11T20:44:49","guid":{"rendered":"https:\/\/www.circassiancenter.com\/tr\/?p=47919"},"modified":"2025-08-11T23:44:49","modified_gmt":"2025-08-11T20:44:49","slug":"kirlangiclar-insancildir","status":"publish","type":"post","link":"https:\/\/www.circassiancenter.com\/tr\/kirlangiclar-insancildir\/","title":{"rendered":"KIRLANGI\u00c7LAR \u0130NSANCILDIR"},"content":{"rendered":"<p><img fetchpriority=\"high\" decoding=\"async\" class=\"alignnone size-full wp-image-47920\" src=\"https:\/\/www.circassiancenter.com\/tr\/wp-content\/uploads\/2025\/08\/KIRLANGICLAR-INSANCILDIR-b.png\" alt=\"\" width=\"571\" height=\"300\" srcset=\"https:\/\/www.circassiancenter.com\/tr\/wp-content\/uploads\/2025\/08\/KIRLANGICLAR-INSANCILDIR-b.png 571w, https:\/\/www.circassiancenter.com\/tr\/wp-content\/uploads\/2025\/08\/KIRLANGICLAR-INSANCILDIR-b-300x158.png 300w\" sizes=\"(max-width: 571px) 100vw, 571px\" \/><\/p>\n<p><strong>KITIJ Cemil Bi\u00e7er<\/strong><\/p>\n<p>\u201cApartmanlarda ya\u015fayan insanlar beni anlam\u0131yor\u201d diye ba\u015flayacakt\u0131m yaz\u0131ma. Bu, kendimi hakl\u0131 \u00e7\u0131kartacak bir girizg\u00e2h olaca\u011f\u0131 i\u00e7in, \u201cApartmanlarda ya\u015fayan insanlar\u0131 anlayam\u0131yorum\u201d diyerek ba\u015flayaca\u011f\u0131m s\u00f6ze.<\/p>\n<p>Ya\u015fad\u0131\u011f\u0131m site, kentin uza\u011f\u0131nda, orman alanlar\u0131ndan imara a\u00e7\u0131larak kurulmu\u015f bir yerle\u015fke. Etraf\u0131 tamamen do\u011fal, y\u00fczy\u0131ll\u0131k ormanlarla kapl\u0131; i\u00e7inden dereler akan bir cennet k\u00f6\u015fesi.<br \/>\nSitemizin arkas\u0131 u\u00e7suz bucaks\u0131z orman; birka\u00e7 kilometre \u00f6n\u00fc, masmavi ve kirlenmemi\u015f bir deniz. Hem da\u011f ya\u015fam\u0131n\u0131 hem deniz keyfini \u00e7\u0131kartmak m\u00fcmk\u00fcn.<br \/>\nSite yap\u0131mc\u0131lar\u0131, do\u011fan\u0131n dokusunu bozmadan, sanki ba\u015fka bir yerde imal edip bu bin konutluk evleri buraya nakletmi\u015fler gibi \u00e7evreye uyum sa\u011flam\u0131\u015f.<br \/>\nSitenin i\u00e7ine girene kadar buran\u0131n b\u00f6ylesine b\u00fcy\u00fck bir yerle\u015fke oldu\u011funu anlamak m\u00fcmk\u00fcn de\u011fil.<br \/>\nBu siteye en son ta\u015f\u0131nm\u0131\u015f \u015fansl\u0131 biri olarak kabul ediyordum kendimi.<\/p>\n<p>\u00c7ok uzun y\u0131llar mesle\u011fim gere\u011fi Anadolu\u2019nun de\u011fi\u015fik k\u00f6y ve kasabalar\u0131nda ya\u015fad\u0131\u011f\u0131m i\u00e7in, emeklili\u011fimde bo\u011fucu bir kent ortam\u0131nda ya\u015famak zorunda kalmak, i\u00e7imde hep bir korku olarak ta\u015f\u0131d\u0131\u011f\u0131m bir duyguydu.<\/p>\n<p>Sitemizdeki konutlar\u0131n tek k\u00f6t\u00fc yan\u0131, bence balkonlar\u0131n\u0131n tek ve k\u00fc\u00e7\u00fck olmas\u0131. Tabii ki bu, siteyi planlayan mimarlar\u0131n ve kent planlamac\u0131lar\u0131n\u0131n deneyim ve g\u00f6zlemlerinin sonucu ortaya konulmu\u015f bir durum olmal\u0131.<br \/>\n\u0130klim, \u0131s\u0131nma ve di\u011fer etkenler g\u00f6z \u00f6n\u00fcne al\u0131narak in\u015fa edilmi\u015f; do\u011fayla i\u00e7 i\u00e7e olu\u015fu, balkonlara ihtiyac\u0131 azaltacak do\u011fal alanlardaki sosyal tesisler, spor ve etkinlik alanlar\u0131n\u0131n bulunmas\u0131, balkon gereksinimine y\u00f6nelik \u015fik\u00e2yetleri tolere ediyor asl\u0131nda.<\/p>\n<p>Sitede oturdu\u011fum apartman, be\u015f katl\u0131 bir bina. Denize bakan y\u00f6nde, 6 metrekarelik k\u00fc\u00e7\u00fck balkonlar\u0131 var. Arka taraftaki yatak odalar\u0131 ise ormana bak\u0131yor.<br \/>\n\u00d6yle ormanla i\u00e7 i\u00e7eyiz ki sabahlar\u0131, penceremiz a\u00e7\u0131k kalm\u0131\u015fsa, ku\u015f seslerinden uyumam\u0131z m\u00fcmk\u00fcn de\u011fil.<br \/>\nHele ki bahar aylar\u0131nda do\u011fan\u0131n uyan\u0131\u015f\u0131yla, odalar\u0131m\u0131z binlerce \u00e7e\u015fit \u00e7i\u00e7ek ve a\u011fa\u00e7 kokusuyla dolmakta.<br \/>\nDo\u011fa sporlar\u0131na ilgisi olanlar i\u00e7in \u00e7ok uygun t\u0131rmanma ve trekking alanlar\u0131 var. Av merak\u0131 olanlar i\u00e7inse bulunmaz bir avlak: geni\u015f ormanlar.<br \/>\nBirka\u00e7 kilometre \u00f6tede, \u00fcniversitenin su ihtiyac\u0131 i\u00e7in yap\u0131lm\u0131\u015f k\u00fc\u00e7\u00fck bir baraj g\u00f6l\u00fc var ki\u2026 Abant G\u00f6l\u00fc\u2019n\u00fcn birebir k\u00fc\u00e7\u00fclt\u00fclm\u00fc\u015f kopyas\u0131.<br \/>\nYak\u0131nda bulunan kent merkezinden 800\u2013900 metre y\u00fcksekte olu\u015fu ise Karadeniz k\u0131y\u0131 kentlerinde ender g\u00f6r\u00fclen kar \u00f6zlemimizi ziyadesiyle kar\u015f\u0131lamakta.<\/p>\n<p>Siteye geldi\u011fimiz ilk g\u00fcn dikkatimi \u00e7eken \u015fey, t\u00fcm evlerin balkonlar\u0131n\u0131n, son y\u0131llarda moda olan a\u00e7\u0131l\u0131r kapan\u0131r \u00f6zellikte cam panjurlarla kapat\u0131lm\u0131\u015f olmas\u0131yd\u0131.<br \/>\nAma bunu \u00f6nemsemedim. Herh\u00e2lde kuzeye a\u00e7\u0131k oldu\u011fu i\u00e7in denizden gelen r\u00fczg\u00e2rlardan korunmak ama\u00e7l\u0131d\u0131r, diye d\u00fc\u015f\u00fcnd\u00fcm.<br \/>\nHatta \u201cBiz de yapt\u0131rmal\u0131y\u0131z; durduk yerde bir masraf kap\u0131s\u0131 daha araland\u0131,\u201d diye hay\u0131fland\u0131m.<\/p>\n<p>Sitedeki yeni yuvam\u0131za ta\u015f\u0131nd\u0131\u011f\u0131m\u0131zda \u015fubat ay\u0131yd\u0131. Y\u00fckseklik, ormanl\u0131k ve sert bir iklim ortam\u0131 olmas\u0131na ra\u011fmen, do\u011falgaz ile merkezi sistemle \u0131s\u0131t\u0131lan evlerimiz \u00e7ok s\u0131cak oluyordu.<br \/>\nHani \u201cdon g\u00f6mlek oturuyoruz\u201d derler ya\u2026 Tamamen \u00f6yle i\u015fte; don g\u00f6mlek oturuyoruz, resmen.<\/p>\n<p>Yerle\u015fmemizi tamamlad\u0131ktan sonra apartman kom\u015fular\u0131m\u0131z\u0131n \u201cho\u015f geldiniz, hay\u0131rl\u0131 olsun\u201d ziyaretleri ba\u015flad\u0131.<\/p>\n<p>Kom\u015fular\u0131m\u0131z, \u00fclke standartlar\u0131n\u0131n \u00fcst\u00fcnde ekonomik gelire sahip insanlard\u0131. E\u011fitim d\u00fczeyleri de keza ortalaman\u0131n \u00fcst\u00fcndeydi. K\u00fclt\u00fcr d\u00fczeyleri i\u00e7inse bir de\u011ferlendirmede bulunmak i\u00e7in hen\u00fcz erkendi; birlikte ya\u015fad\u0131k\u00e7a bu konuda fikir y\u00fcr\u00fctebilece\u011fim i\u00e7in bu fasl\u0131 \u015fimdilik siz de\u011ferli okuyucular\u0131m\u0131n ferasetine b\u0131rak\u0131yorum.<\/p>\n<p>\u0130lk izlenimlerimiz olduk\u00e7a olumluydu. B\u00f6yle g\u00fczel, bakir bir do\u011fa i\u00e7inde; b\u00f6ylesi y\u00fcksek standartlara sahip insanlarla birlikte ya\u015fayaca\u011f\u0131m\u0131z i\u00e7in sevin\u00e7li ve mutluyduk. Ancak bu mutlulu\u011fumuz, mart ay\u0131n\u0131n sonlar\u0131nda, nisan ay\u0131n\u0131n ilk haftalar\u0131nda <strong>k\u0131rlang\u0131\u00e7lar\u0131n<\/strong> gelmesine kadarm\u0131\u015f&#8230;<\/p>\n<p>\u0130lkbahar\u0131n geli\u015fi, kentlerden \u00e7ok \u00f6nce do\u011fan\u0131n i\u00e7inde ya\u015fayanlarca hissedilir:<br \/>\nA\u011fa\u00e7lar\u0131n mevsime uygun yeni elbiselerini denemeleri, k\u0131r papatyalar\u0131n\u0131n bir gecede ortal\u0131\u011fa sa\u00e7\u0131lmalar\u0131, yaban\u0131l menek\u015felerin reng\u00e2renk s\u00fcz\u00fclmeleri, kulu\u00e7kaya yatm\u0131\u015f karatavuklar\u0131n doyumsuz senfonileri, k\u0131\u015f uykusundan uyanm\u0131\u015f sincaplar\u0131n ortal\u0131kta ko\u015fu\u015fturmalar\u0131, pencerelerimizi ard\u0131na kadar a\u00e7\u0131p derin derin orman havas\u0131n\u0131 solumak\u2026<br \/>\n\u0130nsan\u0131n \u201cYa\u015famak g\u00fczel \u015fey be karde\u015fim!\u201d \u015fiirini y\u00fcksek perdeden okuyas\u0131 geliyor.<\/p>\n<p>\u015eimdi siz, bu mutlu ya\u015fam\u0131 k\u0131rlang\u0131\u00e7lar\u0131n nas\u0131l bozabilece\u011fini d\u00fc\u015f\u00fcn\u00fcyorsunuz de\u011fil mi?<br \/>\nHay\u0131r, bunda k\u0131rlang\u0131\u00e7lar\u0131n en k\u00fc\u00e7\u00fck bir su\u00e7u ve dahli yok.<br \/>\nBu mutlulu\u011fumuzun bozulmas\u0131 tamamen do\u011fan\u0131n gasp edilip, do\u011fan\u0131n ger\u00e7ek sahiplerinin\u2014k\u0131rlang\u0131\u00e7lar\u0131n\u2014ya\u015fam alanlar\u0131na kastedilmesiyle ilgili.<\/p>\n<p>Sonbaharda s\u0131cak \u00fclkelere g\u00f6\u00e7 edip ilkbaharda yurtlar\u0131na d\u00f6nen k\u0131rlang\u0131\u00e7lar\u0131n, arazilerine sorgusuz sualsiz beton y\u0131\u011f\u0131nlar\u0131 dikenlerle kom\u015fu olmak gibi bir istekleri elbette yok. Ancak <strong>site sakinleri<\/strong> buna bile \u015fiddetle kar\u015f\u0131 \u00e7\u0131km\u0131\u015flar.<\/p>\n<p>\u201cAsla ve kata!\u201d buna izin verilmemi\u015f.<br \/>\nSite sakinleri, y\u00f6netim kurullar\u0131ndan karar \u00e7\u0131kartarak el birli\u011fiyle konutlar\u0131n \u00e7at\u0131 k\u00f6\u015felerine \u00e7amur ve balc\u0131kla yuva yapmalar\u0131n\u0131 \u00f6nlemek i\u00e7in harekete ge\u00e7mi\u015fler.<\/p>\n<p>Site g\u00f6revlileri, ellerinde uzun sopalar ve merdivenlerle k\u0131rlang\u0131\u00e7lar\u0131n mevsimsel yerle\u015fim alan\u0131 olu\u015fturmas\u0131na kar\u015f\u0131 aktif bir m\u00fccadeleye giri\u015fmi\u015fler \u2014 ve bunda da ba\u015far\u0131l\u0131 olmu\u015flar.<\/p>\n<p>Zavall\u0131 k\u0131rlang\u0131\u00e7lar bu kez \u00e7areyi, balkonlardan inen ya\u011fmur suyu borular\u0131n\u0131n \u00fcstlerine yuva yapmakta bulmu\u015flar.<br \/>\nAma i\u015fgalci site sakinleri \u2014pardon, &#8220;sakin&#8221; de\u011fil, <strong>azg\u0131n<\/strong> demeliyim\u2014 buna da izin vermemi\u015f. Sabah\u0131n erken saatlerinde, minicik gagalar\u0131yla su ve topra\u011f\u0131 balc\u0131k yap\u0131p, do\u011fa harikas\u0131 yuvalar\u0131n\u0131 in\u015fa etmeye \u00e7al\u0131\u015fan k\u0131rlang\u0131\u00e7lara <strong>ac\u0131mas\u0131zca, canice<\/strong> m\u00fcdahale etmi\u015fler.<\/p>\n<p>Sonunda site y\u00f6netimi ortak bir karar alm\u0131\u015f.<br \/>\nHem de olduk\u00e7a <strong>radikal<\/strong> bir karar:<\/p>\n<p><strong>\u201cHer mesken sahibi, balkonunu a\u00e7\u0131l\u0131r kapan\u0131r cam panjur ile kapatacak!\u201d<\/strong><\/p>\n<p>Ve karar\u0131n gerek\u00e7esi de \u015f\u00f6yle a\u00e7\u0131klanm\u0131\u015f:<\/p>\n<p><em>\u201cAsla ve kat\u2019a bu k\u0131rlang\u0131\u00e7lar\u0131n kom\u015fuluk maskesi alt\u0131ndaki i\u015fgal hareketine izin verilmeyecek.<br \/>\nNereden ve hangi ko\u015fullardan g\u00f6\u00e7 ettikleri me\u00e7hul bu ku\u015flar\u0131n ta\u015f\u0131yaca\u011f\u0131 &#8216;ku\u015f gribi&#8217;, &#8216;ebola vir\u00fcs\u00fc&#8217; vb. d\u0131\u015f mihraklar\u0131n gizli emellerine a\u00e7\u0131k biyolojik unsurlar\u0131, sitemizin m\u00fcntaz ve m\u00fcnevver insanlar\u0131n\u0131n sa\u011fl\u0131klar\u0131n\u0131 korumak ve cennet yurdumuzu b\u00f6yle b\u00f6l\u00fcc\u00fc ve hain kom\u00fcnist faaliyetlerden muhafaza etmek i\u00e7in bu koruyucu \u00f6nlem al\u0131nm\u0131\u015ft\u0131r.<br \/>\nT\u00fcm milliyet\u00e7i, muhafazak\u00e2r site sakinlerimizin alm\u0131\u015f oldu\u011fumuz bu kararlara duyarl\u0131l\u0131k g\u00f6stereceklerine inanc\u0131m\u0131z tamd\u0131r.<br \/>\nAksine hareket edenler, bu hain \u015fer odaklar\u0131n\u0131n \u2014bilerek ya da bilmeyerek\u2014 su\u00e7 ortaklar\u0131 olarak de\u011ferlendirileceklerdir.\u201d<\/em><\/p>\n<p>Site Y\u00f6netimi<\/p>\n<p>**<\/p>\n<p>Bu tip tepeden inmeci dayatmalara oldum olas\u0131 muhalif bir karakterim vard\u0131r.<br \/>\nHele ki k\u0131rlang\u0131\u00e7lar\u0131n \u00f6z yurdunu katleden bu i\u015fgalci kent ka\u00e7k\u0131nlar\u0131n\u0131n b\u00f6ylesine fa\u015fizan katliamlar\u0131na hi\u00e7 ortak olmaya niyetli de\u011filim.<br \/>\nZaten sitenin kul\u00fcb\u00fcndeki baz\u0131 emekli cami ahalisinin \u201cKom\u015fuyu hi\u00e7 camide g\u00f6remedik&#8230;\u201d imal\u0131 laflar\u0131 da kula\u011f\u0131ma gelmeye ba\u015flam\u0131\u015ft\u0131.<br \/>\nAk\u015famlar\u0131 k\u00fc\u00e7\u00fck balkonumda g\u00fcn bat\u0131m\u0131n\u0131n serin esintilerine kar\u015f\u0131 hicaz \u015fark\u0131lar\u0131 terenn\u00fcm edip, so\u011fuk rak\u0131 sofralar\u0131m\u0131n kad\u0131n sohbetlerine konu oldu\u011funu han\u0131m a\u011fz\u0131ndan ka\u00e7\u0131rm\u0131\u015ft\u0131.<br \/>\nAma bunu \u00fclkenin konjonkt\u00fcrel gidi\u015fat\u0131na say\u0131p ciddiye almam\u0131\u015ft\u0131m. G\u00f6r\u00fcnen o ki, bu do\u011fa harikas\u0131 i\u00e7indeki ilkel \u015fehir ka\u00e7k\u0131nlar\u0131na kar\u015f\u0131 \u201cpatriyot\u201d k\u0131rlang\u0131\u00e7lardan yana bir tav\u0131r koyacakt\u0131m.<\/p>\n<p>\u00d6nce apartman y\u00f6neticimiz, kap\u0131c\u0131 arac\u0131l\u0131\u011f\u0131yla yaz\u0131l\u0131 bir uyar\u0131 g\u00f6nderdi.<br \/>\nK\u0131rlang\u0131\u00e7lar\u0131n potansiyel mikrop ve vir\u00fcs ta\u015f\u0131y\u0131c\u0131s\u0131 olma olas\u0131l\u0131\u011f\u0131ndan dem vurmu\u015f.<br \/>\nSonra, apartman\u0131n d\u0131\u015f cephesinin k\u0131rlang\u0131\u00e7 d\u0131\u015fk\u0131lar\u0131yla kirlenerek bir g\u00f6r\u00fcnt\u00fc kirlili\u011fi olu\u015fturaca\u011f\u0131 gerek\u00e7esiyle, \u201cEn k\u0131sa zamanda maliki oldu\u011funuz dairenin balkonunun kapat\u0131lmas\u0131n\u0131 rica ederim,\u201d demi\u015f.<\/p>\n<p>B\u00f6yle fa\u015fizan uyar\u0131larla \u00f6m\u00fcr t\u00fcketmi\u015f bir sosyalist e\u011fitim emek\u00e7isi i\u00e7in olduk\u00e7a al\u0131\u015f\u0131lm\u0131\u015f ve komik bir uyar\u0131yd\u0131.<br \/>\nBunu ciddiye bile almad\u0131m ve y\u0131rt\u0131p kap\u0131c\u0131n\u0131n eline tutu\u015fturdum:<br \/>\n\u201cGiderken \u00e7\u00f6pe atars\u0131n,\u201d diyerek.<\/p>\n<p>Kap\u0131c\u0131 bunu y\u00f6neticiye aynen nakletmi\u015f.<br \/>\n\u00d6nce balkon kom\u015fular\u0131m\u0131z sitemli, kinayeli laf sokmalara ba\u015flad\u0131lar.<br \/>\nBizden balkon kapatmaya y\u00f6nelik bir tav\u0131r g\u00f6remedik\u00e7e, merdivenlerde ve asans\u00f6rlerdeki kar\u015f\u0131la\u015fmalar\u0131m\u0131zda k\u00fcs davranma, g\u00f6rmezden gelme tav\u0131rlar\u0131n\u0131 devreye koydular.<br \/>\nBu tav\u0131rlar da etkili olmay\u0131nca, gidi\u015f geli\u015fleri seyrekle\u015ftirip sonras\u0131nda tamamen g\u00f6r\u00fc\u015fmeyi b\u0131rakt\u0131lar.<\/p>\n<p>Kap\u0131c\u0131n\u0131n \u00e7ocu\u011fu bizim toruna,<br \/>\n\u201cSenin deden kom\u00fcnistmi\u015f! Hepimizi ku\u015f gribi yap\u0131p \u00f6ld\u00fcrecekmi\u015f!\u201d demeye ba\u015flay\u0131nca, torunum a\u011flayarak geldi:<br \/>\n\u201cDede, ben bu k\u0131rlang\u0131\u00e7lar\u0131 art\u0131k istemiyorum, sevmiyorum! Sen hepimizi ku\u015f gribiyle \u00f6ld\u00fcrecekmi\u015fsin! Ben \u00f6lmek istemiyorum,\u201d diye feryat figan etmeye ba\u015flad\u0131.<\/p>\n<p>E\u015fim de bu kavgada kom\u015fular\u0131m\u0131z\u0131n etkisinde kal\u0131p,<br \/>\n\u201cNe olur yani, inat etmesen? Alt taraf\u0131 \u00fc\u00e7 be\u015f y\u00fcz liral\u0131k bir cam\u2026 Hem sonra a\u00e7\u0131l\u0131r kapan\u0131yor. Temizlik olur, yaz\u0131n a\u00e7ar\u0131z,\u201d demeye ba\u015flad\u0131.<\/p>\n<p>Onlara bunun basit bir balkon kapatma olay\u0131 olmad\u0131\u011f\u0131n\u0131, asl\u0131nda burada hakl\u0131dan yana taraf olman\u0131n gereklili\u011fi ve erdemi oldu\u011funu; k\u0131rlang\u0131\u00e7lar\u0131n bu topraklar\u0131n \u00f6z yurtlar\u0131 oldu\u011funu, as\u0131l kirli ve mikrop yay\u0131c\u0131n\u0131n bizler oldu\u011fumuzu, onlar\u0131n sadece mevsimsel olarak kom\u015fu olmay\u0131 istediklerini anlatmaya \u00e7al\u0131\u015ft\u0131m.<br \/>\nAma nafile\u2026<\/p>\n<p>E\u015fim, can yolda\u015f\u0131m, \u00e7ileli g\u00fcnlerimde sevgisiyle g\u00fc\u00e7 kazand\u0131\u011f\u0131m hayat arkada\u015f\u0131m, g\u00f6zya\u015flar\u0131 i\u00e7inde s\u0131zlanmay\u0131 s\u00fcrd\u00fcrd\u00fc:<br \/>\n\u201cHep bu dik kafal\u0131l\u0131\u011f\u0131n y\u00fcz\u00fcnden y\u0131llarca oradan oraya s\u00fcr\u00fcld\u00fck. Hapislerde yatt\u0131n, i\u015fkenceler g\u00f6rd\u00fcn, uslanmad\u0131n. Tam ahir \u00f6mr\u00fcm\u00fczde bir rahat edece\u011fiz derken, pis k\u0131rlang\u0131\u00e7lar y\u00fcz\u00fcnden yine kom\u015fular\u0131m\u0131zla k\u00f6t\u00fc olduk! Ne kazand\u0131n bunca y\u0131l hakl\u0131dan yana olmakla?\u201d<\/p>\n<p>Bu son s\u00f6z\u00fc can\u0131m\u0131 \u00e7ok ac\u0131tt\u0131:<br \/>\n<strong>\u201cNe kazandin bunca yil haklidan yana olmakla?\u201d<\/strong><\/p>\n<p>Oysa ben, <strong>hakl\u0131dan yana olmay\u0131<\/strong> bir kazan\u00e7 i\u00e7in se\u00e7memi\u015ftim ki.<br \/>\nBu benim i\u00e7in insan olmam\u0131n \u201colmazsa olmaz\u0131\u201d, bir gereklilikti.<br \/>\nBunca y\u0131ll\u0131k hayat arkada\u015f\u0131ma bile bunu anlatamam\u0131\u015f\u0131m.<br \/>\nU\u011fruna \u00f6\u011frencili\u011fimden bu ya\u015f\u0131ma kadar sava\u015f verdi\u011fim, s\u00fcrg\u00fcnler ya\u015fad\u0131\u011f\u0131m, hapislerde, i\u015fkencelerde bedel \u00f6dedi\u011fim insanlara bile bunun gereklili\u011fini anlatamam\u0131\u015f\u0131m&#8230;<\/p>\n<p>G\u00fcne\u015f, denizin \u00fczerinde h\u00fcz\u00fcnl\u00fc bir h\u00fczzam \u015fark\u0131n\u0131n son nakarat\u0131 gibi kaybolmaktayd\u0131.<br \/>\nBalkonda olman\u0131n dayan\u0131lmaz \u00f6zg\u00fcrl\u00fc\u011f\u00fcn\u00fc son defa derin derin i\u00e7ime \u00e7ekip, kadehimdeki ehl-i keyf barda\u011f\u0131n\u0131n buzu ile bu\u011fulanan rak\u0131m\u0131 yudumlarken i\u00e7eriye seslendim:<br \/>\n<strong>\u201cO cam balkon ustas\u0131n\u0131n telefonunu getirin bana!\u201d<\/strong><\/p>\n<p>Belki de bu benim zavall\u0131 (!) \u00f6mr\u00fcm\u00fcn en hazin ve son kavgas\u0131yd\u0131&#8230;<\/p>\n<p><strong>\u0130nsan\u0131n kendini tan\u0131tmas\u0131 ne kadar zormu\u015f, dostlar\u0131m.<\/strong><br \/>\nBir arkada\u015f\u0131m, \u00c7ar\u015famba ile ilgili yay\u0131na haz\u0131rlad\u0131\u011f\u0131 kitab\u0131nda kadir\u015finasl\u0131k g\u00f6sterip benimle ilgili bir b\u00f6l\u00fcm ay\u0131rm\u0131\u015f.<br \/>\n\u2014 Benim i\u00e7in paha bi\u00e7ilmez bir onurdur. \u2014 Bununla ilgili bir \u00f6zge\u00e7mi\u015f yaz\u0131s\u0131 yazmam gerekti&#8230;<br \/>\nEgosantrik bir alg\u0131 olu\u015fturmaktan korkuyorum.<br \/>\nDe\u011ferli \u015fair dostum Eyl\u00fcl G\u00f6kdemir\u2019in sevdi\u011fim bir \u015fiirinde \u00e7ok g\u00fczel anlatt\u0131\u011f\u0131 gibidir \u00f6zge\u00e7mi\u015fimiz:<\/p>\n<p>\u201cDipnot d\u00fc\u015f\u00fcyorum.<br \/>\nYa\u015fanan ve ya\u015fanamayan her \u015feye,<br \/>\nDo\u011fdu,<br \/>\nYa\u015fad\u0131,<br \/>\nVe&#8230;<br \/>\n\u00d6ld\u00fc!!!\u201d<\/p>\n<p>Evet, \u00f6n\u00fc arkas\u0131 bu kadar, de\u011fil mi?<br \/>\nHepimizin ya\u015fam\u0131 \u00fc\u00e7 k\u0131sa s\u00f6zc\u00fck:<br \/>\n<strong>Do\u011fduk,<br \/>\nYa\u015fad\u0131k,<br \/>\nVe&#8230;<br \/>\n\u00d6ld\u00fck!<\/strong><br \/>\nKalanlar, geride b\u0131rakt\u0131klar\u0131m\u0131zd\u0131r&#8230;<br \/>\nE\u011fer varsa?<\/p>\n<p>Ben,<br \/>\nYa\u015fad\u0131\u011f\u0131 s\u00fcre\u00e7te insanl\u0131k ad\u0131na olumlu ve onurlu eserler b\u0131rakanlar\u0131n \u00f6l\u00fcms\u00fczl\u00fc\u011f\u00fcne inananlardan\u0131m.<\/p>\n<p><strong>1864 May\u0131s\u0131nda<\/strong>, Samsun\/Derbent toplanma merkezinde ge\u00e7ici olarak isk\u00e2n edilen \u00c7erkeslerden b\u00fcy\u00fck bir k\u0131sm\u0131, Anadolu co\u011frafyas\u0131n\u0131n \u00e7e\u015fitli b\u00f6lgelerine yerle\u015ftirildi.<br \/>\nK\u0131t\u0131j ailesi ve beraberindeki Ecips k\u00f6y\u00fcn\u00fcn s\u00fcrg\u00fcnda\u015f insanlar\u0131 birbirlerinden ayr\u0131lmad\u0131lar.<br \/>\n\u00c7ar\u015famba\u2019n\u0131n Ar\u0131m b\u00f6lgesindeki Ye\u015fil\u0131rmak deltas\u0131n\u0131n batakl\u0131k topraklar\u0131na yerle\u015ftirildiler. S\u0131tma ve iklim uyumsuzlu\u011fu nedeniyle b\u00fcy\u00fck \u00e7o\u011funlu\u011fu ya\u015fam\u0131n\u0131 yitirdi.<br \/>\nKalanlar, do\u011fal seleksiyonun sonucu olarak ya\u015fam hakk\u0131n\u0131 kazand\u0131lar.<\/p>\n<p>Ak\u0131p giden y\u0131llar i\u00e7inde, Kafda\u011f\u0131&#8217;n\u0131n bu g\u00fczel insanlar\u0131, y\u00fcreklerinin en gizli k\u00f6\u015fesinde \u201cbir g\u00fcn anayurda d\u00f6nme \u00fclk\u00fcs\u00fcn\u00fc\u201d hep sakl\u0131 tutarak yeni ya\u015famlar\u0131na sar\u0131ld\u0131lar.<\/p>\n<p>\u015epa\u015f\u0131\u011fo Smayll\u2019\u0131n biricik o\u011flu K\u0131t\u0131j \u0130smail ve akrabalar\u0131; k\u00f6klerinden besin maddesi, yapraklar\u0131ndan ila\u00e7 olarak faydaland\u0131klar\u0131 e\u011frelti otlar\u0131yla (Dryopteris filix-mas) kapl\u0131 kumluk Ar\u0131m alan\u0131nda bir k\u00f6y in\u015fa ettiler.<br \/>\nYaz s\u0131caklar\u0131nda kavrulup kan k\u0131rm\u0131z\u0131 renge b\u00fcr\u00fcnen bu k\u00f6ye, anayurtlar\u0131na atfen <strong>\u201cK\u0131z\u0131lot K\u00f6y\u00fc\u201d<\/strong> ad\u0131n\u0131 verdiler.<\/p>\n<p>\u015epa\u015f\u0131\u011fo K\u0131t\u0131j \u0130smail\u2019in \u00fc\u00e7 o\u011flu ve iki k\u0131z\u0131 d\u00fcnyaya geldi.<br \/>\nBu \u00e7ocuklar\u0131n en k\u00fc\u00e7\u00fc\u011f\u00fc <strong>Yunus Bi\u00e7er<\/strong>, 1940 y\u0131l\u0131nda Ladik\/Akp\u0131nar K\u00f6y Enstit\u00fcs\u00fcne kay\u0131t oldu ve 30 y\u0131l boyunca \u00fclkenin d\u00f6rt bir yan\u0131nda Cumhuriyet\u2019in devrimci e\u011fitim ordusunun bir neferi olarak \u00f6\u011fretmenlik yapt\u0131.<\/p>\n<p><strong>Cemil Bi\u00e7er<\/strong>, bu devrimci, Kemalist \u00f6\u011fretmenin o\u011fludur.<br \/>\n\u0130lk ve ortaokulu \u00c7ar\u015famba\u2019da, lise e\u011fitimini \u0130stanbul\u2019da tamamlam\u0131\u015ft\u0131r.<br \/>\n\u00dcniversite e\u011fitimini ise Ankara \u00dcniversitesi Dil ve Tarih-Co\u011frafya Fak\u00fcltesi Co\u011frafya B\u00f6l\u00fcm\u00fc\u2019nde s\u00fcrd\u00fcrm\u00fc\u015ft\u00fcr.<br \/>\nBabas\u0131 gibi, e\u011fitim ordusunun devrimci kadrolar\u0131nda g\u00f6rev yapm\u0131\u015f bir e\u011fitim emek\u00e7isidir.<\/p>\n<p><strong>\u201c\u00dclkem Avu\u00e7lar\u0131mda Sakl\u0131\u201d<\/strong> isimli bir \u015fiir kitab\u0131,<br \/>\n<strong>\u201c\u00c7ar\u015famba K\u00f6pr\u00fcs\u00fc\u2019ne Rapsodi\u201d<\/strong> adl\u0131 bir an\u0131\/\u00f6yk\u00fc kitab\u0131 yay\u0131mlanm\u0131\u015ft\u0131r.<\/p>\n","protected":false},"excerpt":{"rendered":"<p>KITIJ Cemil Bi&ccedil;er &ldquo;Apartmanlarda ya&#351;ayan insanlar beni anlam&#305;yor&rdquo; diye ba&#351;layacakt&#305;m yaz&#305;ma. Bu, kendimi hakl&#305; &ccedil;&#305;kartacak bir girizg&acirc;h olaca&#287;&#305; i&ccedil;in, &ldquo;Apartmanlarda ya&#351;ayan insanlar&#305; anlayam&#305;yorum&rdquo; diyerek ba&#351;layaca&#287;&#305;m s&ouml;ze. Ya&#351;ad&#305;&#287;&#305;m site, kentin uza&#287;&#305;nda, orman alanlar&#305;ndan imara a&ccedil;&#305;larak kurulmu&#351; bir yerle&#351;ke. Etraf&#305; tamamen do&#287;al, y&uuml;zy&#305;ll&#305;k ormanlarla kapl&#305;; i&ccedil;inden dereler akan bir cennet k&ouml;&#351;esi. Sitemizin arkas&#305; u&ccedil;suz bucaks&#305;z orman; birka&ccedil; [&hellip;]<\/p>\n","protected":false},"author":1,"featured_media":0,"comment_status":"closed","ping_status":"closed","sticky":false,"template":"","format":"standard","meta":{"_bbp_topic_count":0,"_bbp_reply_count":0,"_bbp_total_topic_count":0,"_bbp_total_reply_count":0,"_bbp_voice_count":0,"_bbp_anonymous_reply_count":0,"_bbp_topic_count_hidden":0,"_bbp_reply_count_hidden":0,"_bbp_forum_subforum_count":0,"ocean_post_layout":"","ocean_both_sidebars_style":"","ocean_both_sidebars_content_width":0,"ocean_both_sidebars_sidebars_width":0,"ocean_sidebar":"0","ocean_second_sidebar":"0","ocean_disable_margins":"enable","ocean_add_body_class":"","ocean_shortcode_before_top_bar":"","ocean_shortcode_after_top_bar":"","ocean_shortcode_before_header":"","ocean_shortcode_after_header":"","ocean_has_shortcode":"","ocean_shortcode_after_title":"","ocean_shortcode_before_footer_widgets":"","ocean_shortcode_after_footer_widgets":"","ocean_shortcode_before_footer_bottom":"","ocean_shortcode_after_footer_bottom":"","ocean_display_top_bar":"default","ocean_display_header":"default","ocean_header_style":"","ocean_center_header_left_menu":"0","ocean_custom_header_template":"0","ocean_custom_logo":0,"ocean_custom_retina_logo":0,"ocean_custom_logo_max_width":0,"ocean_custom_logo_tablet_max_width":0,"ocean_custom_logo_mobile_max_width":0,"ocean_custom_logo_max_height":0,"ocean_custom_logo_tablet_max_height":0,"ocean_custom_logo_mobile_max_height":0,"ocean_header_custom_menu":"0","ocean_menu_typo_font_family":"0","ocean_menu_typo_font_subset":"","ocean_menu_typo_font_size":0,"ocean_menu_typo_font_size_tablet":0,"ocean_menu_typo_font_size_mobile":0,"ocean_menu_typo_font_size_unit":"px","ocean_menu_typo_font_weight":"","ocean_menu_typo_font_weight_tablet":"","ocean_menu_typo_font_weight_mobile":"","ocean_menu_typo_transform":"","ocean_menu_typo_transform_tablet":"","ocean_menu_typo_transform_mobile":"","ocean_menu_typo_line_height":0,"ocean_menu_typo_line_height_tablet":0,"ocean_menu_typo_line_height_mobile":0,"ocean_menu_typo_line_height_unit":"","ocean_menu_typo_spacing":0,"ocean_menu_typo_spacing_tablet":0,"ocean_menu_typo_spacing_mobile":0,"ocean_menu_typo_spacing_unit":"","ocean_menu_link_color":"","ocean_menu_link_color_hover":"","ocean_menu_link_color_active":"","ocean_menu_link_background":"","ocean_menu_link_hover_background":"","ocean_menu_link_active_background":"","ocean_menu_social_links_bg":"","ocean_menu_social_hover_links_bg":"","ocean_menu_social_links_color":"","ocean_menu_social_hover_links_color":"","ocean_disable_title":"default","ocean_disable_heading":"default","ocean_post_title":"","ocean_post_subheading":"","ocean_post_title_style":"","ocean_post_title_background_color":"","ocean_post_title_background":0,"ocean_post_title_bg_image_position":"","ocean_post_title_bg_image_attachment":"","ocean_post_title_bg_image_repeat":"","ocean_post_title_bg_image_size":"","ocean_post_title_height":0,"ocean_post_title_bg_overlay":0.5,"ocean_post_title_bg_overlay_color":"","ocean_disable_breadcrumbs":"default","ocean_breadcrumbs_color":"","ocean_breadcrumbs_separator_color":"","ocean_breadcrumbs_links_color":"","ocean_breadcrumbs_links_hover_color":"","ocean_display_footer_widgets":"default","ocean_display_footer_bottom":"default","ocean_custom_footer_template":"0","ocean_post_oembed":"","ocean_post_self_hosted_media":"","ocean_post_video_embed":"","ocean_link_format":"","ocean_link_format_target":"self","ocean_quote_format":"","ocean_quote_format_link":"post","ocean_gallery_link_images":"on","ocean_gallery_id":[],"footnotes":""},"categories":[61],"tags":[],"class_list":["post-47919","post","type-post","status-publish","format-standard","hentry","category-yazarlar-kitij-cemil-bicer","entry"],"_links":{"self":[{"href":"https:\/\/www.circassiancenter.com\/tr\/wp-json\/wp\/v2\/posts\/47919","targetHints":{"allow":["GET"]}}],"collection":[{"href":"https:\/\/www.circassiancenter.com\/tr\/wp-json\/wp\/v2\/posts"}],"about":[{"href":"https:\/\/www.circassiancenter.com\/tr\/wp-json\/wp\/v2\/types\/post"}],"author":[{"embeddable":true,"href":"https:\/\/www.circassiancenter.com\/tr\/wp-json\/wp\/v2\/users\/1"}],"replies":[{"embeddable":true,"href":"https:\/\/www.circassiancenter.com\/tr\/wp-json\/wp\/v2\/comments?post=47919"}],"version-history":[{"count":1,"href":"https:\/\/www.circassiancenter.com\/tr\/wp-json\/wp\/v2\/posts\/47919\/revisions"}],"predecessor-version":[{"id":47922,"href":"https:\/\/www.circassiancenter.com\/tr\/wp-json\/wp\/v2\/posts\/47919\/revisions\/47922"}],"wp:attachment":[{"href":"https:\/\/www.circassiancenter.com\/tr\/wp-json\/wp\/v2\/media?parent=47919"}],"wp:term":[{"taxonomy":"category","embeddable":true,"href":"https:\/\/www.circassiancenter.com\/tr\/wp-json\/wp\/v2\/categories?post=47919"},{"taxonomy":"post_tag","embeddable":true,"href":"https:\/\/www.circassiancenter.com\/tr\/wp-json\/wp\/v2\/tags?post=47919"}],"curies":[{"name":"wp","href":"https:\/\/api.w.org\/{rel}","templated":true}]}}