{"id":48107,"date":"2025-08-23T16:02:06","date_gmt":"2025-08-23T13:02:06","guid":{"rendered":"https:\/\/www.circassiancenter.com\/tr\/?p=48107"},"modified":"2025-08-23T16:18:06","modified_gmt":"2025-08-23T13:18:06","slug":"sitki-nevrettin-ve-turk-sosyalist-hareketi","status":"publish","type":"post","link":"https:\/\/www.circassiancenter.com\/tr\/sitki-nevrettin-ve-turk-sosyalist-hareketi\/","title":{"rendered":"SITKI NEVRETT\u0130N VE T\u00dcRK SOSYALIST HAREKETI"},"content":{"rendered":"<p><img fetchpriority=\"high\" decoding=\"async\" class=\"alignnone size-full wp-image-48111\" src=\"https:\/\/www.circassiancenter.com\/tr\/wp-content\/uploads\/2025\/08\/SITKI-NEVRETTIN-VE-TURK-SOSYALIST-HAREKETI-b.png\" alt=\"\" width=\"571\" height=\"300\" srcset=\"https:\/\/www.circassiancenter.com\/tr\/wp-content\/uploads\/2025\/08\/SITKI-NEVRETTIN-VE-TURK-SOSYALIST-HAREKETI-b.png 571w, https:\/\/www.circassiancenter.com\/tr\/wp-content\/uploads\/2025\/08\/SITKI-NEVRETTIN-VE-TURK-SOSYALIST-HAREKETI-b-300x158.png 300w\" sizes=\"(max-width: 571px) 100vw, 571px\" \/><\/p>\n<p><strong>KITIJ Cemil Bi\u00e7er<\/strong><\/p>\n<p><span lang=\"EN-US\">\u2018\u2019Ak\u0131m\u2019\u0131, Bokum anlamaya te\u015fn\u00e2 insanlara bir \u015feyler anlatmas\u0131 gerekti\u011finde s\u00f6ze; \u2018S\u00f6yleyenden dinleyen arif gerek\u2019 diye ba\u015flard\u0131,\u201d ulu dedem soylu \u015eaps\u0131\u011f \u015epa\u015figo K\u0131t\u0131j Smayll.<\/span><\/p>\n<p><span lang=\"EN-US\">Konu ba\u015fl\u0131\u011f\u0131na tak\u0131l\u0131 kalmaya, haz\u00fbrun i\u00e7in girizg\u00e2h\u0131 yazma ihtiyac\u0131 duydum.<\/span><\/p>\n<p><span lang=\"EN-US\">Vakti zaman\u0131nda Bursa\u2019da s\u0131k\u0131y\u00f6netimi protesto etmek i\u00e7in \u00e7e\u015fitli dernek, sendika ve gen\u00e7lik organizasyonlar\u0131 bir araya gelmi\u015f\u2026<\/span><\/p>\n<p><span lang=\"EN-US\">Epeyce kalabal\u0131k bir kortej, Fomara Meydan\u0131\u2019ndan a\u015fa\u011f\u0131ya \u201ceski garaj\u201d tabir edilen yere do\u011fru iniyordu. Bir slogan y\u00fckselmi\u015f, kortejin Uluda\u011f \u00dcniversitesi gen\u00e7lerinin bulundu\u011fu k\u0131sm\u0131ndan:<\/span><\/p>\n<p><strong><span lang=\"EN-US\">\u201cSITKI NEVRETT\u0130N\u2019E HAYIR!\u201d<\/span><\/strong><\/p>\n<p><span lang=\"EN-US\">Kortejin arka taraf\u0131 ba\u015flam\u0131\u015f ba\u011f\u0131rmaya, tempolu bir \u015fekilde:<br \/>\n<strong>\u201cSITKI NEVRETT\u0130N\u2019E HAYIR!<\/strong><b><br \/>\n<strong>SITKI NEVRETT\u0130N\u2019E HAYIR!<\/strong><br \/>\n<strong>SITKI NEVRETT\u0130N\u2019E HAYIR!\u201d<\/strong><\/b><\/span><\/p>\n<p><span lang=\"EN-US\">Korteje e\u015flik eden siyasi \u015fube amirlerinden biri art\u0131k dayanamay\u0131p kalabal\u0131k i\u00e7inden \u00fcniversiteli bir gence sormu\u015f:<br \/>\n\u2014 Yahu, S\u0131tk\u0131 Nevrettin kim? Ve ayr\u0131ca ona niye hay\u0131r?<\/span><\/p>\n<p><span lang=\"EN-US\">Bizim yeni yetme, cevval devrimci delikanl\u0131 kendinden emin bir \u015fekilde cevaplam\u0131\u015f:<br \/>\n\u2014 Bursa valisidir kendisi ve fa\u015fistin tekidir!..<\/span><\/p>\n<p><span lang=\"EN-US\">\u2014 Yaw, demi\u015f siyasi \u015fube amiri, Bursa valisinin ad\u0131 S\u0131tk\u0131 Nevrettin de\u011fil ki? Sonu\u00e7ta benim de amirim\u2026 demi\u015f.<\/span><\/p>\n<p><span lang=\"EN-US\">Ama kurnaz komiserin akl\u0131na kurt d\u00fc\u015fm\u00fc\u015f: \u201cUlan, bu slogan\u0131 atanlar yeni bir sol \u00f6rg\u00fct olmas\u0131n?\u201d diye d\u00fc\u015f\u00fcnm\u00fc\u015f ve durumdan vazife \u00e7\u0131kart\u0131p amirlerini haberdar etmek i\u00e7in harekete ge\u00e7mi\u015f.<\/span><\/p>\n<p><span lang=\"EN-US\">Hemen telsizler ve \u015fifreli mesajlar devreye girmi\u015f; yukar\u0131dan gelen emir ve\u00e7ilesi, <strong>\u201cSITKI NEVRETT\u0130N\u2019E HAYIRRR!\u201d<\/strong> slogan\u0131 atan grubu ablukaya al\u0131p yaka pa\u00e7a tuttuklar\u0131n\u0131 polis otob\u00fcslerine doldurup siyasi \u015fubeye nakletmi\u015fler.<\/span><\/p>\n<p><span lang=\"EN-US\">G\u00fcnlerce i\u015fkence edip sorgulam\u0131\u015flar \u201cSITKI NEVRETT\u0130N\u201d \u00f6rg\u00fct\u00fc mensuplar\u0131n\u0131. Ama hi\u00e7bir sonu\u00e7 elde edememi\u015fler; ne kadar a\u011f\u0131r i\u015fkence yasa olsa da gen\u00e7lerden tek bir yan\u0131t bile alamam\u0131\u015flar. Bu durum siyasi \u015fubeyi daha da tela\u015fa d\u00fc\u015f\u00fcrm\u00fc\u015f; zira \u015fimdiye kadar bu kadar i\u015fkenceye ra\u011fmen \u00e7\u00f6z\u00fclmemi\u015f bir \u00f6rg\u00fct ender g\u00f6r\u00fclen bir durummu\u015f.<\/span><\/p>\n<p><span lang=\"EN-US\">Sonu\u00e7ta olay\u0131, mitingin video kay\u0131tlar\u0131n\u0131 defalarca izledikten sonra \u00e7\u00f6zm\u00fc\u015fler.<\/span><\/p>\n<p><span lang=\"EN-US\">Kalabal\u0131\u011f\u0131n as\u0131l toplanma nedeni s\u0131k\u0131y\u00f6netim protestosu oldu\u011fu i\u00e7in, kalabal\u0131\u011f\u0131n ba\u015flang\u0131\u00e7 k\u0131sm\u0131ndan at\u0131lan <strong>\u201cSIKI Y\u00d6NET\u0130ME HAYIR!\u201d<\/strong> slogan\u0131, upuzun kalabal\u0131\u011f\u0131n sonuna do\u011fru kulaktan kula\u011fa de\u011fi\u015ferek <strong>\u201cSITKI NEVRETT\u0130N\u2019E HAYIR..!\u201d<\/strong> h\u00e2line evrilivermi\u015f.<\/span><\/p>\n<p><span lang=\"EN-US\">Diaspora \u00c7erkesleri olarak biz de mitinglerimizde <strong>\u201cYOKOLU\u015e\u2019A HAYIR!\u201d<\/strong> diye hayk\u0131r\u0131yoruz c\u00fcmb\u00fcr cemaat\u2026<\/span><\/p>\n<p><span lang=\"EN-US\">Slogan\u0131m\u0131z, <strong>\u201cYOKU\u015e YOLA HAYIR!\u201d<\/strong> tad\u0131nda yank\u0131 buluyor. Hep bir a\u011f\u0131zdan hayk\u0131r\u0131rken \u201cakustik\u201d dikkate al\u0131nmal\u0131.<\/span><\/p>\n","protected":false},"excerpt":{"rendered":"<p>KITIJ Cemil Bi&ccedil;er &lsquo;&rsquo;Ak&#305;m&rsquo;&#305;, Bokum anlamaya te&#351;n&acirc; insanlara bir &#351;eyler anlatmas&#305; gerekti&#287;inde s&ouml;ze; &lsquo;S&ouml;yleyenden dinleyen arif gerek&rsquo; diye ba&#351;lard&#305;,&rdquo; ulu dedem soylu &#350;aps&#305;&#287; &#350;pa&#351;igo K&#305;t&#305;j Smayll. Konu ba&#351;l&#305;&#287;&#305;na tak&#305;l&#305; kalmaya, haz&ucirc;run i&ccedil;in girizg&acirc;h&#305; yazma ihtiyac&#305; duydum. Vakti zaman&#305;nda Bursa&rsquo;da s&#305;k&#305;y&ouml;netimi protesto etmek i&ccedil;in &ccedil;e&#351;itli dernek, sendika ve gen&ccedil;lik organizasyonlar&#305; bir araya gelmi&#351;&hellip; Epeyce kalabal&#305;k bir [&hellip;]<\/p>\n","protected":false},"author":1,"featured_media":0,"comment_status":"closed","ping_status":"closed","sticky":false,"template":"","format":"standard","meta":{"_bbp_topic_count":0,"_bbp_reply_count":0,"_bbp_total_topic_count":0,"_bbp_total_reply_count":0,"_bbp_voice_count":0,"_bbp_anonymous_reply_count":0,"_bbp_topic_count_hidden":0,"_bbp_reply_count_hidden":0,"_bbp_forum_subforum_count":0,"ocean_post_layout":"","ocean_both_sidebars_style":"","ocean_both_sidebars_content_width":0,"ocean_both_sidebars_sidebars_width":0,"ocean_sidebar":"0","ocean_second_sidebar":"0","ocean_disable_margins":"enable","ocean_add_body_class":"","ocean_shortcode_before_top_bar":"","ocean_shortcode_after_top_bar":"","ocean_shortcode_before_header":"","ocean_shortcode_after_header":"","ocean_has_shortcode":"","ocean_shortcode_after_title":"","ocean_shortcode_before_footer_widgets":"","ocean_shortcode_after_footer_widgets":"","ocean_shortcode_before_footer_bottom":"","ocean_shortcode_after_footer_bottom":"","ocean_display_top_bar":"default","ocean_display_header":"default","ocean_header_style":"","ocean_center_header_left_menu":"0","ocean_custom_header_template":"0","ocean_custom_logo":0,"ocean_custom_retina_logo":0,"ocean_custom_logo_max_width":0,"ocean_custom_logo_tablet_max_width":0,"ocean_custom_logo_mobile_max_width":0,"ocean_custom_logo_max_height":0,"ocean_custom_logo_tablet_max_height":0,"ocean_custom_logo_mobile_max_height":0,"ocean_header_custom_menu":"0","ocean_menu_typo_font_family":"0","ocean_menu_typo_font_subset":"","ocean_menu_typo_font_size":0,"ocean_menu_typo_font_size_tablet":0,"ocean_menu_typo_font_size_mobile":0,"ocean_menu_typo_font_size_unit":"px","ocean_menu_typo_font_weight":"","ocean_menu_typo_font_weight_tablet":"","ocean_menu_typo_font_weight_mobile":"","ocean_menu_typo_transform":"","ocean_menu_typo_transform_tablet":"","ocean_menu_typo_transform_mobile":"","ocean_menu_typo_line_height":0,"ocean_menu_typo_line_height_tablet":0,"ocean_menu_typo_line_height_mobile":0,"ocean_menu_typo_line_height_unit":"","ocean_menu_typo_spacing":0,"ocean_menu_typo_spacing_tablet":0,"ocean_menu_typo_spacing_mobile":0,"ocean_menu_typo_spacing_unit":"","ocean_menu_link_color":"","ocean_menu_link_color_hover":"","ocean_menu_link_color_active":"","ocean_menu_link_background":"","ocean_menu_link_hover_background":"","ocean_menu_link_active_background":"","ocean_menu_social_links_bg":"","ocean_menu_social_hover_links_bg":"","ocean_menu_social_links_color":"","ocean_menu_social_hover_links_color":"","ocean_disable_title":"default","ocean_disable_heading":"default","ocean_post_title":"","ocean_post_subheading":"","ocean_post_title_style":"","ocean_post_title_background_color":"","ocean_post_title_background":0,"ocean_post_title_bg_image_position":"","ocean_post_title_bg_image_attachment":"","ocean_post_title_bg_image_repeat":"","ocean_post_title_bg_image_size":"","ocean_post_title_height":0,"ocean_post_title_bg_overlay":0.5,"ocean_post_title_bg_overlay_color":"","ocean_disable_breadcrumbs":"default","ocean_breadcrumbs_color":"","ocean_breadcrumbs_separator_color":"","ocean_breadcrumbs_links_color":"","ocean_breadcrumbs_links_hover_color":"","ocean_display_footer_widgets":"default","ocean_display_footer_bottom":"default","ocean_custom_footer_template":"0","ocean_post_oembed":"","ocean_post_self_hosted_media":"","ocean_post_video_embed":"","ocean_link_format":"","ocean_link_format_target":"self","ocean_quote_format":"","ocean_quote_format_link":"post","ocean_gallery_link_images":"on","ocean_gallery_id":[],"footnotes":""},"categories":[61],"tags":[],"class_list":["post-48107","post","type-post","status-publish","format-standard","hentry","category-yazarlar-kitij-cemil-bicer","entry"],"_links":{"self":[{"href":"https:\/\/www.circassiancenter.com\/tr\/wp-json\/wp\/v2\/posts\/48107","targetHints":{"allow":["GET"]}}],"collection":[{"href":"https:\/\/www.circassiancenter.com\/tr\/wp-json\/wp\/v2\/posts"}],"about":[{"href":"https:\/\/www.circassiancenter.com\/tr\/wp-json\/wp\/v2\/types\/post"}],"author":[{"embeddable":true,"href":"https:\/\/www.circassiancenter.com\/tr\/wp-json\/wp\/v2\/users\/1"}],"replies":[{"embeddable":true,"href":"https:\/\/www.circassiancenter.com\/tr\/wp-json\/wp\/v2\/comments?post=48107"}],"version-history":[{"count":2,"href":"https:\/\/www.circassiancenter.com\/tr\/wp-json\/wp\/v2\/posts\/48107\/revisions"}],"predecessor-version":[{"id":48112,"href":"https:\/\/www.circassiancenter.com\/tr\/wp-json\/wp\/v2\/posts\/48107\/revisions\/48112"}],"wp:attachment":[{"href":"https:\/\/www.circassiancenter.com\/tr\/wp-json\/wp\/v2\/media?parent=48107"}],"wp:term":[{"taxonomy":"category","embeddable":true,"href":"https:\/\/www.circassiancenter.com\/tr\/wp-json\/wp\/v2\/categories?post=48107"},{"taxonomy":"post_tag","embeddable":true,"href":"https:\/\/www.circassiancenter.com\/tr\/wp-json\/wp\/v2\/tags?post=48107"}],"curies":[{"name":"wp","href":"https:\/\/api.w.org\/{rel}","templated":true}]}}