{"id":48113,"date":"2025-08-23T16:19:45","date_gmt":"2025-08-23T13:19:45","guid":{"rendered":"https:\/\/www.circassiancenter.com\/tr\/?p=48113"},"modified":"2025-08-23T16:19:45","modified_gmt":"2025-08-23T13:19:45","slug":"sakincali-cerkes-astegmen-cemil-bicer","status":"publish","type":"post","link":"https:\/\/www.circassiancenter.com\/tr\/sakincali-cerkes-astegmen-cemil-bicer\/","title":{"rendered":"&#8220;Sak\u0131ncal\u0131&#8221; \u00c7ERKES ASTE\u011eMEN CEM\u0130L B\u0130\u00c7ER"},"content":{"rendered":"<p><img fetchpriority=\"high\" decoding=\"async\" class=\"alignnone size-full wp-image-48114\" src=\"https:\/\/www.circassiancenter.com\/tr\/wp-content\/uploads\/2025\/08\/Sakinca-CERKES-ASTEGMEN-CEMIL-BICER-b.png\" alt=\"\" width=\"571\" height=\"300\" srcset=\"https:\/\/www.circassiancenter.com\/tr\/wp-content\/uploads\/2025\/08\/Sakinca-CERKES-ASTEGMEN-CEMIL-BICER-b.png 571w, https:\/\/www.circassiancenter.com\/tr\/wp-content\/uploads\/2025\/08\/Sakinca-CERKES-ASTEGMEN-CEMIL-BICER-b-300x158.png 300w\" sizes=\"(max-width: 571px) 100vw, 571px\" \/><\/p>\n<p><strong>KITIJ Cemil Bi\u00e7er<\/strong><\/p>\n<p><em>Bir 12 Eyl\u00fcl hat\u0131ras\u0131<\/em><\/p>\n<p>Bu ak\u015fam Meclis Genel Kurulu\u2019nda, devletin gerekli g\u00f6rd\u00fc\u011f\u00fcnde yurtta\u015flar\u0131n siyasal, dinsel, etnik durumlar\u0131n\u0131n gizli kayd\u0131n\u0131n tutulabilece\u011fi y\u00f6n\u00fcnde bir yasa tasar\u0131s\u0131 kabul edildi.<\/p>\n<p>Sivil fa\u015fizmin ayak sesleriydi; bu sesler ge\u00e7mi\u015f y\u0131llarda duymaya al\u0131\u015ft\u0131\u011f\u0131m\u0131z, hatta darbesini yedi\u011fim karanl\u0131k y\u0131llar\u0131 hat\u0131rlatt\u0131 bana&#8230;<\/p>\n<p>Fa\u015fist oligar\u015finin y\u00f6neticileri 12 Eyl\u00fcl d\u00f6neminde beni de fi\u015fleyip \u201csak\u0131ncal\u0131\u201d ilan etmi\u015fti. Ama f\u0131rsat\u0131n\u0131 buldu\u011fum ilk anda askeriyenin kozmik odas\u0131ndan dosyam\u0131 a\u015f\u0131r\u0131p hakk\u0131mda neyi, ne kadar bildi\u011fini \u00f6\u011frendim.<\/p>\n<p>Bu yaz\u0131, yedek subayl\u0131k yapt\u0131\u011f\u0131m y\u0131llarda tugay\u0131n kozmik odas\u0131ndan sicil dosyam\u0131 a\u015f\u0131r\u0131p oligar\u015finin hakk\u0131mdaki antidemokratik hak gasp\u0131n\u0131 \u00f6\u011frenmemin \u00f6yk\u00fcs\u00fcd\u00fcr.<\/p>\n<p>\u00dcniversiteyi bitirip M.E. Bakanl\u0131\u011f\u0131na \u00f6\u011fretmenlik i\u00e7in ba\u015fvurdu\u011fumda, \u201cBran\u015f\u0131n\u0131zda \u00f6\u011fretmene ihtiyac\u0131m\u0131z yoktur.\u201d yan\u0131t\u0131n\u0131 al\u0131nca, ihtiya\u00e7 has\u0131l olana kadar \u201cvatani g\u00f6revimi\u201d aradan \u00e7\u0131kartmak i\u00e7in \u015fubeme ba\u015fvurup askerlik karar\u0131m\u0131 ald\u0131rd\u0131m.<\/p>\n<p>82\/4 tertip olarak \u0130stanbul Levaz\u0131m Maliye Okulu\u2019na yedek subay \u00f6\u011frenci olarak vatan hizmetini yapmaya ba\u015flad\u0131m.<\/p>\n<p>Ka\u011f\u0131thane (S\u00e2d\u00e2b\u00e2t), \u0130stanbul\u2019da Hali\u00e7 k\u0131y\u0131s\u0131nda kurulmu\u015f Lale Devri\u2019nin \u00fcnl\u00fc mesire ve e\u011flence yerlerindendir.<br \/>\nAma bizim bulundu\u011fumuz y\u0131llarda Hali\u00e7 ve S\u00e2d\u00e2b\u00e2t b\u00f6lgesi sanayi at\u0131klar\u0131 nedeniyle bir la\u011f\u0131m \u00e7ukuruna d\u00f6nm\u00fc\u015ft\u00fc; nefes almak bile i\u015fkenceydi.<\/p>\n<p>D\u00f6rt ay s\u00fcren yedek subay \u00f6\u011frencilik d\u00f6nemimiz, yo\u011funla\u015ft\u0131r\u0131lm\u0131\u015f bir akademik \u00f6\u011frenim ve e\u011fitimden olu\u015fuyordu. Ba\u015f\u0131m\u0131z\u0131n \u00fcst\u00fcnde \u201cDisiplinsiz olursan\u0131z \u00e7avu\u015f olarak bitirirsiniz okulu.\u201d tehditleriyle sallanan Demokles\u2019in k\u0131l\u0131c\u0131 ile g\u00f6z a\u00e7\u0131p kapay\u0131ncaya kadar ge\u00e7ti.<\/p>\n<p>Mart ay\u0131n\u0131n son haftas\u0131, askeri ara\u00e7larla askeri dikimevine ta\u015f\u0131narak p\u0131r\u0131l p\u0131r\u0131l subay \u00fcniformalar\u0131m\u0131z\u0131n dikilmesiyle u\u011fra\u015ft\u0131k. S\u00fcmerbank i\u015fi g\u00f6mlekler, Beykoz i\u015fi pabu\u00e7lar&#8230; Bayram \u00e7ocuklar\u0131 gibi \u015fenlik ve sevin\u00e7 i\u00e7indeydik. Elbiselerimizin omuzlar\u0131ndaki numaralar\u0131m\u0131z\u0131n yerine koymak \u00fczere r\u00fctbemiz olan \u201cdomino ta\u015f\u0131\u201d tabir etti\u011fimiz demir par\u00e7alar\u0131n\u0131 takt\u0131k ki off..! Her birimiz namluda fi\u015fek, her birimiz istikbalin Genelkurmay namzedi idik sanki.<\/p>\n<p>Yedek subay temel e\u011fitiminin son haftas\u0131nda ders faaliyetleri kesilmi\u015f, kura \u00e7ekimi heyecan\u0131n\u0131 ya\u015f\u0131yorduk. Dereceye giren ilk on ki\u015fi kura d\u0131\u015f\u0131 istedikleri yeri se\u00e7me hakk\u0131n\u0131 kazanm\u0131\u015ft\u0131. Ben de okul yedincisi olmu\u015ftum; bu nedenle kuraya kat\u0131lmadan tercihli yerleri be\u011fenip gidecektik. Dolay\u0131s\u0131yla kura heyecan\u0131 bizi etkilemiyordu.<\/p>\n<p>Kostak kostak, yedek subay b\u00f6l\u00fc\u011f\u00fcnde kurmay edas\u0131yla turluyorduk. Tan\u0131yan tan\u0131mayan imrenerek bak\u0131yordu, bunu hissediyorduk&#8230;<\/p>\n<p>Kura \u00e7ekme g\u00fcn\u00fc, Levaz\u0131m ve Maliye Okulu\u2019nun konferans salonunda Birinci Ordu komutanlar\u0131 ve kurmay heyetinin huzurunda yap\u0131lacakt\u0131. \u0130lk \u00f6nce dereceye girenler yerlerini belirleyeceklerdi.<\/p>\n<p>Derecelik \u00f6\u011frenciler saha arkas\u0131 kuliste bekliyorduk. Okulun S-3 subay\u0131 elinde birtak\u0131m k\u00e2\u011f\u0131tlarla gelip Samsunlu hem\u015ferim Hikmet Bayar ile beni ay\u0131rd\u0131:<br \/>\n\u201c\u2014 Siz sak\u0131ncal\u0131s\u0131n\u0131z, derece kuras\u0131na kat\u0131lmayacaks\u0131n\u0131z.\u201d deyip gitti.<\/p>\n<p>\u201cUlan insan b\u00f6yle bir \u015feyi b\u00f6yle mi s\u00f6yler? Sak\u0131ncal\u0131l\u0131k m\u00fcjdesini dallamalar!\u201d \u015eok olmu\u015ftuk. Ne demekti bu?..<\/p>\n<p>Sak\u0131ncal\u0131s\u0131n\u0131z?&#8221;.<br \/>\nGer\u00e7i U\u011fur MUMCU dostumuzdan biliyorduk sak\u0131ncal\u0131n\u0131n piyadesini ama, yine de \u00e7avu\u015f olarak k\u0131taya gitmek, hele ki <strong>SAKINICALI<\/strong> olarak, d\u00fc\u015f\u00fcncesi bile i\u015fkenceydi.<\/p>\n<p><strong>SAKINICALI OLMAK<\/strong> o d\u00f6nem oligar\u015finin ordusunda bir me\u00e7hule yolculuk anlam\u0131 ta\u015f\u0131yordu. Hem e\u015fe dosta, k\u00f6ye, \u015fehre \u2014yedekte olsa\u2014 subay olarak askerlik yapaca\u011f\u0131m\u0131z\u0131 yaym\u0131\u015ft\u0131k ki herkes bir kom\u00fcnist anar\u015fistin subay olmas\u0131n\u0131 merakla bekliyordu.<\/p>\n<p>Anadolu insan\u0131nda yedek subay olmak bir ayr\u0131cal\u0131kt\u0131r, bir stat\u00fc g\u00f6stergesidir.<\/p>\n<p>\u201cY\u00fczd\u00fck y\u00fczd\u00fck tam kuyru\u011funu kopar\u0131yorduk ki lavuklar \u00e7amura yatt\u0131lar.\u201d Ne olaca\u011f\u0131 konusunda endi\u015feyle olay\u0131n sonunu beklemeye ba\u015flad\u0131k; kepazelik\u2026<\/p>\n<p>E\u011fer \u00e7avu\u015f \u00e7\u0131karsak maazallah k\u00f6yde adama k\u0131z bile vermezler; sak\u0131ncal\u0131l\u0131k, veba mikrobu ta\u015f\u0131mak gibi bir \u015feydi o d\u00f6nemde\u2026<\/p>\n<p>\u00d6\u011frencili\u011fimizde \u00fc\u00e7er-be\u015fer ayl\u0131k mahpusluk deneyimimiz vard\u0131 ama hepsinden de beraat etmi\u015ftik. Bu g\u00f6tlekler neye istinaden <strong>SAKINCA<\/strong> damgas\u0131n\u0131 vurmu\u015flard\u0131 acaba?<\/p>\n<p>12 Eyl\u00fcl fa\u015fizmi t\u00fcm h\u0131z\u0131yla devam etmekte, ben \u00e7avu\u015fluktan \u00f6te sak\u0131ncal\u0131l\u0131k nedenimin derdindeyim. \u00d6\u011frencilik hayat\u0131mda yedi\u011fimiz naneleri, k\u0131rd\u0131\u011f\u0131m\u0131z cevizleri biliyorum da, oligar\u015fi bunlar\u0131n hangisini, ne kadar\u0131n\u0131 biliyor, onun tela\u015f\u0131nday\u0131m\u2026<\/p>\n<p>Herkes s\u0131rayla kuras\u0131n\u0131 \u00e7ekti. Kimi sevin\u00e7ten kasketini havalara f\u0131rlat\u0131yor, kimi kasketinin siperli\u011fini kemirerek talihine s\u00f6v\u00fcyordu\u2026<\/p>\n<p>Biz de iki Samsunlu \u00e7avu\u015f olarak g\u00f6nderilece\u011fimiz s\u00fcrg\u00fcn yerini bekliyorduk. T\u00fcm kuralar \u00e7ekildi, sahneden \u00f6nce Hikmet\u2019in ad\u0131 okundu. Garip tertibim, omuzlar\u0131 \u00e7\u00f6km\u00fc\u015f sava\u015f esirleri gibi kulisten sahneye do\u011fru s\u00fcz\u00fcld\u00fc, torbaya elini uzatt\u0131: <strong>ED\u0130RNE-S\u00dcLO\u011eLU ER E\u011e\u0130T\u0130M MERKEZ\u0130 E\u011e\u0130T\u0130M SUBAYI<\/strong>.<\/p>\n<p>Allahhh..! Bizim tertip Woterlu \u00f6n\u00fcnde zafer kazanm\u0131\u015f Bonapart ordusu komutan\u0131 kadar sevindi bu kuraya. Bu demekti ki \u00e7avu\u015f olarak g\u00f6nderilmeyecektik. \u201cAllah garip kulunu sevindirmek i\u00e7in \u00f6nce e\u015fe\u011fini kaybettirir, sonra bulmas\u0131n\u0131 sa\u011flarm\u0131\u015f.\u201d Tam bu duyguyu ya\u015fad\u0131k.<\/p>\n<p>Kura \u00e7ekme s\u0131ras\u0131 bana gelince ko\u015far ad\u0131m sahneye f\u0131rlad\u0131m ve kurmay subay edas\u0131yla askeri ve m\u00fclki erkan\u0131 selamlad\u0131m. \u00d6n\u00fcme uzat\u0131lan torbaya el uzatmad\u0131m; zira bu son \u00e7ekili\u015fti, torbada zaten bir tek yer kalm\u0131\u015ft\u0131. G\u00f6revli y\u00fczba\u015f\u0131 ka\u015f\u0131yla g\u00f6z\u00fcyle i\u015faret etmesine ra\u011fmen sala\u011fa yat\u0131p torbaya ellemedim. Askeri ve sivil erkan olay\u0131 \u00e7\u00f6zm\u00fc\u015f, g\u00fcl\u00fcmsemeye ba\u015flam\u0131\u015ft\u0131. Y\u00fczba\u015f\u0131 torbay\u0131 ters \u00e7evirdi, i\u00e7inden rulo edilmi\u015f k\u00fc\u00e7\u00fck bir k\u00e2\u011f\u0131t par\u00e7as\u0131 d\u00fc\u015ft\u00fc.<\/p>\n<p>Ben, 10 Kas\u0131m\u2019larda Dolmabah\u00e7e Saray\u0131\u2019nda Atam\u0131z\u0131n yata\u011f\u0131n\u0131n ba\u015f\u0131ndaki asker misali heykel gibi k\u0131p\u0131rdamadan, g\u00f6z\u00fcm\u00fc ufka kilitlemi\u015f duruyordum. Y\u00fczba\u015f\u0131 e\u011filip yerdeki k\u00e2\u011f\u0131d\u0131 ald\u0131, a\u011f\u0131r a\u011f\u0131r a\u00e7t\u0131.<\/p>\n<p>T\u00fcm salon sus-pus olmu\u015f, bu kura yerinin okunmas\u0131n\u0131 bekliyordu. Ben bir heykel gibi k\u0131p\u0131rdamadan esas duru\u015fta bekliyordum. Y\u00fczba\u015f\u0131 kura k\u00e2\u011f\u0131d\u0131n\u0131 a\u011f\u0131r a\u011f\u0131r a\u00e7t\u0131 ve okumaya ba\u015flad\u0131:<br \/>\n<strong>&#8220;AL\u0130BO\u011eAZI KARAKOLU E\u011e\u0130T\u0130M SUBAYI &#8211; TUNCEL\u0130.&#8221;<\/strong><\/p>\n<p>Salonda bir kahkaha ve alk\u0131\u015f tufan\u0131 koptu, sanki Antalya-Karpuzkald\u0131ran Orduevi Kamp\u0131 gazino subayl\u0131\u011f\u0131n\u0131 \u00e7ekmi\u015fim gibi.<br \/>\nLavuklar, do\u011fal olarak kura yerlerinin \u00f6zelliklerini biliyorlard\u0131. Bir\u00e7o\u011funun i\u00e7inden \u201cOh olsun, pu\u015ft kom\u00fcnist belas\u0131n\u0131 buldu\u201d dediklerini duyar gibi oldum. Ama serde subayl\u0131k vard\u0131; art\u0131k erkekli\u011fe ve subayl\u0131\u011fa bok s\u00fcrmeden, \u201cBayra\u011f\u0131n dalgaland\u0131\u011f\u0131 her yer vatand\u0131r\u201d edas\u0131yla salonu selamlay\u0131p sahne arkas\u0131na ge\u00e7tim.<\/p>\n<p>\u00dcz\u00fclmemi\u015ftim; aksine subay kalabildi\u011fim i\u00e7in co\u015fkun bir sevin\u00e7 i\u00e7indeydim.<br \/>\nAk\u015fam i\u00e7timas\u0131ndan sonra, yat\u0131l\u0131 okul \u00e7ocuklar\u0131n\u0131n s\u00f6mestr tatiline giderken duydu\u011fu heyecanla bavullar\u0131m\u0131z\u0131 toplad\u0131k. Birbirimizden adreslerimizi ald\u0131k, hat\u0131ra foto\u011fraflar\u0131 \u00e7ektirdik. E\u011fitim elbiselerimizi kapmak i\u00e7in kasap kedileri gibi etraf\u0131m\u0131zda d\u00f6nen er ve erba\u015f hem\u015fehrilerimize e\u011fitim elbiselerimizi da\u011f\u0131tt\u0131k.<\/p>\n<p>\u00d6\u011frenci elbiseleri er ve erba\u015f elbiselerinden farkl\u0131yd\u0131. Bize, Alman askeri \u00f6\u011frencilerinin, askeri yard\u0131m ad\u0131 alt\u0131nda g\u00f6nderdikleri elbiseler verilirdi. NATO standartlar\u0131nda dokunmu\u015f, \u0131s\u0131 ve nem koruyucu harika kuma\u015flard\u0131. Yerli dokuma er elbiseleri ise bal\u0131k k\u0131l\u00e7\u0131\u011f\u0131ndan yap\u0131lm\u0131\u015f gibi insan\u0131n derisine batard\u0131. Mezun olan subaylar\u0131n e\u011fitim elbiselerini kapmak, er ve erba\u015flar i\u00e7in bir ayr\u0131cal\u0131kt\u0131.<\/p>\n<p>Uykusuz ge\u00e7en bir gecenin sabah\u0131nda hepimiz Anadolu\u2019nun d\u00f6rt bir k\u00f6\u015fesindeki s\u0131lam\u0131za do\u011fru yola \u00e7\u0131kt\u0131k.<br \/>\nOn be\u015f g\u00fcn k\u00f6yde subay elbiselerimi \u00e7\u0131karmadan dola\u015ft\u0131m. Anadolu insan\u0131 subay\u0131na sayg\u0131l\u0131d\u0131r, hayrand\u0131r. On be\u015f g\u00fcn boyunca t\u00fcm k\u00f6y\u00fcm halk\u0131 beni ba\u015f \u00fcst\u00fcnde a\u011f\u0131rlad\u0131. Olay\u0131n tek zor yan\u0131, askerlik yapan her k\u00f6yl\u00fcm\u00fcn askerlik an\u0131lar\u0131n\u0131 ve \u201cBizde bir aste\u011fmen vard\u0131&#8230;\u201d diye ba\u015flayan hik\u00e2yelerini dinlemekti.<\/p>\n<p>On be\u015f g\u00fcn \u00e7ok \u00e7abuk gelip ge\u00e7ti. Hafta sonu Tunceli\u2019ye gidecek otob\u00fcste yerimi ay\u0131rtm\u0131\u015ft\u0131m. Daha AKP iktidar\u0131 \u00fclkemizi \u015fahland\u0131rmam\u0131\u015ft\u0131. Duble yollar, t\u00fcneller, viyad\u00fckler yap\u0131lmam\u0131\u015ft\u0131. ANAP iktidar\u0131 k\u00fcresel soygunun altyap\u0131s\u0131n\u0131 haz\u0131rlamakla g\u00f6revliydi.<br \/>\n450 km yolu, da\u011f tepe a\u015farak 40 saatte tamamlad\u0131m.<\/p>\n<p>Tunceli dedi\u011fin, orta b\u00fcy\u00fckl\u00fckte bir k\u00f6y. 12 Eyl\u00fcl fa\u015fizmi t\u00fcm ha\u015fmetiyle co\u011frafyaya h\u00e2kim; kentin \u00fcst\u00fcnden buldozer gibi ge\u00e7mi\u015f. T\u00fcm gen\u00e7ler zindanlara at\u0131lm\u0131\u015f, ya\u015fl\u0131lar i\u015fkenceden ge\u00e7irilmi\u015f, korku da\u011flar\u0131 bekliyor.<\/p>\n<p>Askerlik \u015fubesine u\u011fray\u0131p birli\u011fimin yerini \u00f6\u011frenmek istedim. Binba\u015f\u0131, birli\u011fimin adresini sorunca g\u00fcl\u00fcyordu. Me\u011ferse benim birli\u011fim <strong>seyyar<\/strong> bir karakolmu\u015f. Yani, \u201cNerede hareket, orada bereket\u201d misali, bulabilirsen kat\u0131l\u0131rs\u0131n birli\u011fine. \u201cAma birka\u00e7 g\u00fcn konu\u011fumuz ol, dinlen, acele etmene gerek yok\u201d diyerek konukseverli\u011fini de g\u00f6sterdi; hakk\u0131n\u0131 teslim etmeliyim.<\/p>\n<p>Hafta ortas\u0131nda bizim seyyar karakolun izini bulup birli\u011fime intikal ettim.<br \/>\nBizim seyyar karakol, fa\u015fizmin verdi\u011fi deli c\u00fcretk\u00e2rl\u0131kla y\u00fcr\u00fcyen bir \u00f6l\u00fcm makinesine d\u00f6n\u00fc\u015fm\u00fc\u015f, RAMBO taburu gibi. Sa\u00e7 sakal birbirine kar\u0131\u015fm\u0131\u015f, r\u00fctbesiz, yar\u0131 sivil giysili; Harlem\u2019in arka sokaklar\u0131ndaki \u015fehir e\u015fk\u0131yalar\u0131 gibiler. Ben ise yeni mezun olmu\u015f, \u00e7ak\u0131 gibi bir subay\u0131m; hem de sak\u0131ncal\u0131 \u201ckom\u00fcnist\u201d bir subay. B\u00f6l\u00fckteki er, erba\u015f, subay, astsubay\u0131n tamam\u0131na yak\u0131n\u0131 evlad-\u0131 Fatihan\u2019dan se\u00e7ilip olu\u015fturulmu\u015f bir nasyonal \u00e7ete sanki.<\/p>\n<p>Beni bir korku ald\u0131; bunlar benim sak\u0131ncal\u0131 <strong>kom\u00fcnist<\/strong> oldu\u011fumu \u00f6\u011frenirlerse, kim vurduya g\u00f6t\u00fcr\u00fcp \u015fehitlik berat\u0131m\u0131 asarlar ayak ba\u015fparma\u011f\u0131ma.<\/p>\n<p>En iyisi, oport\u00fcnist davran\u0131p rengimi olabildi\u011fince saklamal\u0131y\u0131m.<br \/>\nAsker\u00ee okulda \u00f6\u011frendi\u011fim hi\u00e7bir bilginin buradaki pratikle uyu\u015fmad\u0131\u011f\u0131n\u0131 k\u0131sa zamanda \u00f6\u011freniyorum. Bu birlikte orman kanunlar\u0131 ge\u00e7erli; sarf malzemelerinin hi\u00e7bir kayd\u0131 kuydu tutulmuyor. Demek ki \u00fcst yerlerde kitab\u0131na uyduruluyor. Oysa bize levaz\u0131m okulunda sarf malzemelerinin kay\u0131t i\u015fleri \u00f6yle ihti\u015famla \u00f6\u011fretilmi\u015fti ki cihet-i askeriyede bir kirli \u00e7orab\u0131n bile kayd\u0131 tutuluyordu.<\/p>\n<p>Bizde ise depolar\u0131n kap\u0131s\u0131 beyt\u00fclsebil kap\u0131s\u0131 olmu\u015f, isteyen istedi\u011fini al\u0131yor. \u00d6yle ya, bu \u00f6l\u00fcm makinesi h\u00e2line d\u00f6n\u00fc\u015ft\u00fcr\u00fclm\u00fc\u015f toplulu\u011fun \u015f\u0131mart\u0131lmas\u0131 gerek. Bir \u00e7orab\u0131n, postal\u0131n, donun, fanilan\u0131n hesab\u0131 m\u0131 olur?<br \/>\nHepsinin boynunda koleksiyonlar\u0131 var, dizi dizi. \u201cUlan, \u00f6lmeden \u015f\u00fcheda olmadan \u015furadan tezkeremizi alsayd\u0131k!\u201d dualar\u0131na ba\u015fl\u0131yorum ilk g\u00fcnden.<\/p>\n<p>Telsizle gelen istihbaratlar \u00e7er\u00e7evesinde yerle\u015fim birimlerine bask\u0131nlar d\u00fczenliyoruz. Sorgusuz sualsiz mazlum halk\u0131 tutuklay\u0131p asker\u00ee birli\u011fe teslim ediyoruz; e\u011fer teslim edene kadar operasyon zayiat\u0131 olmam\u0131\u015flarsa\u2026 E\u011fer i\u00e7inizde bir zerre vicdan k\u0131r\u0131nt\u0131s\u0131, bir zerre insanl\u0131k kalm\u0131\u015fsa bu i\u015fi yapmak m\u00fcmk\u00fcn de\u011fil. Ancak yurtsever (!) evlad-\u0131 f\u00e2tihan tosunsan\u0131z keka\u2026<\/p>\n<p>Komutana bir sohbet esnas\u0131nda durumu arz edip okulda \u00f6\u011frendiklerime g\u00f6re g\u00f6rev yapmay\u0131 isteyince kahkahalarla g\u00fcld\u00fc:<br \/>\n\u201cSeni Erzincan\u2019a g\u00f6ndereyim, kayd\u0131 kuydu orada tut. Hem sen rahat et, hem biz.\u201d<br \/>\nBuna d\u00fcnden raz\u0131yd\u0131m. \u201cEmredersiniz, komutan\u0131m!\u201d diye ba\u011f\u0131rd\u0131\u011f\u0131m\u0131 hat\u0131rl\u0131yorum.<\/p>\n<p>Seyyar karakol maceram ikinci ay sonunda bitti ve karakolun ba\u011fl\u0131 oldu\u011fu Erzincan 59. Top\u00e7u E\u011fitim Tugay\u0131\u2019ndaki levaz\u0131m subayl\u0131\u011f\u0131 g\u00f6revime ba\u015flad\u0131m. Ohhh! D\u00fcnya varm\u0131\u015f. Birka\u00e7 ay daha kalsam seyyar birlikte \u201cVietnam sendromuna\u201d yakalanmam i\u015ften bile de\u011fildi.<\/p>\n<p>Erzincan\u2019daki g\u00fcnlerim \u00e7ok rahat ge\u00e7mekteydi. Kararg\u00e2h subay\u0131yd\u0131m ve i\u015fim masa ba\u015f\u0131nda levaz\u0131m sarf malzemelerinin kayd\u0131n\u0131 tutmakt\u0131. Zaten i\u015fler \u00f6yle organize edilmi\u015fti ki er ve erba\u015flar rutin olarak i\u015fleri \u00f6\u011frenmi\u015fler, bilgisayar gibi t\u0131k\u0131r t\u0131k\u0131r yap\u0131yorlard\u0131 i\u015flerini. Ben de tutanaklar\u0131 birle\u015ftirip komutana arz ediyordum.<\/p>\n<p>Ak\u015famlar\u0131 orduevinde vur patlas\u0131n, \u00e7al oynas\u0131n zevk-\u00fc sefa yap\u0131yoruz. Ama akl\u0131mda hep \u201csak\u0131ncal\u0131l\u0131k\u201d sorunum var. Devlet hakk\u0131mda ne biliyor, ne kadar biliyor? Bunu muhakkak \u00f6\u011frenmeliyim. \u0130\u00e7imi bir kurt gibi kemirmekte bu merak.<\/p>\n<p>Bundan daha \u00f6tesi, bu sak\u0131ncal\u0131l\u0131k su\u00e7um (!) sivil ya\u015fant\u0131mdaki \u00f6\u011fretmenlik mesle\u011fimi de olumsuz etkileyecek, belki de etkiledi. Zira \u00fcniversiteyi bitirdikten sonra hemen hemen her ay Ankara\u2019ya gidip Mill\u00ee E\u011fitim Bakanl\u0131\u011f\u0131\u2019na \u00f6\u011fretmenlik ba\u015fvurusu yap\u0131yorum. Daha ben Samsun\u2019a d\u00f6nmeden dilek\u00e7emin cevab\u0131 geliyor:<br \/>\n\u201cBran\u015f\u0131n\u0131zda \u00f6\u011fretmene ihtiyac\u0131m\u0131z yoktur.\u201d<br \/>\nBen olay\u0131n bu boyutunu hi\u00e7 d\u00fc\u015f\u00fcnm\u00fcyorum.<\/p>\n<p>Devletin beni arkamdan fi\u015fleyip damgal\u0131 sirk \u015febe\u011fi yapt\u0131\u011f\u0131ndan habersizim. \u015eimdi nas\u0131l bir plan yapmal\u0131y\u0131m ki 59. CU TOP\u00c7U TUGAYI kozmik odas\u0131 olan S-3 subay\u0131n\u0131n \u015fifreli \u00e7elik kasas\u0131nda saklanan \u00f6zl\u00fck dosyam\u0131 ele ge\u00e7irip devletin hakk\u0131mda bildiklerini \u00f6\u011frenmeliyim?<\/p>\n<p>S-3 subay\u0131n\u0131n odas\u0131, benim g\u00f6rev yapt\u0131\u011f\u0131m kat\u0131n bir \u00fcst\u00fcnde. Zaman\u0131m\u0131n b\u00fcy\u00fck bir k\u0131sm\u0131n\u0131 o katta ge\u00e7irmeye ba\u015fl\u0131yorum ama S-3 subay\u0131n\u0131n odas\u0131na girmek fermana mahsus; san\u0131r\u0131m Tugay Komutan\u0131\u2019n\u0131n d\u0131\u015f\u0131nda hi\u00e7bir subay o odaya giremiyor. Odada g\u00f6revli erleri izlemeye al\u0131yorum.<\/p>\n<p>N\u00f6bet\u00e7i subay\u0131 oldu\u011fum ak\u015famlarda o \u00e7ocuklar\u0131 n\u00f6bet\u00e7i subay odas\u0131na \u00e7a\u011f\u0131r\u0131p ahbapl\u0131k kurmay\u0131 deniyorum. Levaz\u0131m subay\u0131 olmam gere\u011fi, ihtiya\u00e7lar\u0131 olan giyim, ku\u015fam, melbusatlar\u0131 bolca veriyorum.<\/p>\n<p>N\u00f6bet\u00e7i subay oldu\u011fum ak\u015famlar kurdurdu\u011fum rak\u0131 sofralar\u0131na davet edip gizli gizli rak\u0131 i\u00e7iriyorum. B\u00f6ylece \u00e7ocuklarla aramda bir dostluk ve g\u00fcven ba\u011f\u0131 olu\u015fturmaya ba\u015flad\u0131m. Hatta bu dostluk \u00f6yle bir hale geldi ki mektuplar\u0131n\u0131 bile \u2014yasak olmas\u0131na ra\u011fmen\u2014 bana verirler, ben d\u0131\u015far\u0131dan postaya atard\u0131m.<\/p>\n<p>Sohbetler koyula\u015f\u0131p rak\u0131lar, ziyafetler etkisini g\u00f6stermeye ba\u015flay\u0131nca konuyu S-3 subay\u0131na ve \u00e7elik kasalarda sakl\u0131 subay-astsubay\u0131n \u00f6zl\u00fck dosyalar\u0131na getiriyorum. Safl\u0131\u011fa vurup:<br \/>\n\u201cNe var o\u011flum o dosyalarda, memleket s\u0131rr\u0131 gibi \u00e7elik kasalarda sakl\u0131yorsunuz?\u201d diyorum saf saf.<\/p>\n<p>\u0130\u00e7lerinden Kastamonulu olan, di\u011ferine g\u00f6re daha saf\u00e7a:<br \/>\n\u201cKomutan\u0131m, sizlere ait gizli bilgiler var.\u201d diyor bilgi\u00e7 bilgi\u00e7.<br \/>\nBen de:<br \/>\n\u201cUlan biz Rus ordusundan gelmedik ya, \u00f6z be \u00f6z T\u00fcrk subay\u0131y\u0131z. Saklanacak hi\u00e7bir \u015feyimiz yok Allah\u2019a \u015f\u00fck\u00fcr.\u201d edebiyat\u0131 yap\u0131yorum.<\/p>\n<p>Yozgatl\u0131 olan asker daha temkinli; saf\u00e7a sordu\u011fum sorular\u0131 kurnazca ge\u00e7i\u015ftirmeyi beceriyor. Ben de onu yava\u015f yava\u015f ekarte ettim, Kastamonulu askerle ahbapl\u0131\u011f\u0131 ilerletmeye devam ediyorum.<\/p>\n<p>Dostlu\u011fumuz olduk\u00e7a ilerliyor. Y\u0131ll\u0131k izne giderken Kastamonulu askerin b\u00f6l\u00fck aste\u011fmeninden torpil yap\u0131yorum ve y\u0131ll\u0131k izine ayn\u0131 tarihte gidiyoruz. Hatta cabadan \u00fc\u00e7 g\u00fcnl\u00fck yol iznini de bir hafta yapt\u0131r\u0131yorum. \u00dcst\u00fcne \u00fcstl\u00fck onunla k\u00f6y\u00fcne kadar gidip konu\u011fu oluyorum.<\/p>\n<p>Ailesiyle tan\u0131\u015f\u0131p onlar\u0131n da g\u00f6nl\u00fcn\u00fc ho\u015f ediyorum. Hatta bizim Kastamonulu komutan\u0131yla samimi bir \u015fekilde k\u00f6ye gelince k\u00f6ydeki forsu da art\u0131yor. K\u00f6y kahvesinde oturup ma\u00e7a k\u0131z\u0131 oynuyoruz birlikte. Bizimkisi zevkten d\u00f6rt k\u00f6\u015fe; tam istedi\u011fim k\u0131vama gelmi\u015f durumda.<\/p>\n<p>Art\u0131k izin d\u00f6n\u00fc\u015f\u00fc operasyona ba\u015flay\u0131p dosyam\u0131 ele ge\u00e7irip hakk\u0131mdaki SAKINCA d\u00fc\u011f\u00fcm\u00fcn\u00fc \u00e7\u00f6zmeye ramak kalm\u0131\u015f durumda.<\/p>\n<p>\u0130zin d\u00f6n\u00fc\u015f\u00fc hemen Kastamonuluyu \u00e7a\u011f\u0131r\u0131yorum, sar\u0131l\u0131p kucakla\u015f\u0131yoruz. Art\u0131k \u00f6yle iyi arkada\u015f olduk ki bana k\u00f6ydeki yavuklusunu anlat\u0131yor. Tezkere al\u0131p k\u00f6y\u00fcne d\u00f6nd\u00fc\u011f\u00fcnde d\u00fc\u011f\u00fcn yapaca\u011f\u0131n\u0131, benim de muhakkak d\u00fc\u011f\u00fcn\u00fcne gelece\u011fimin s\u00f6z\u00fcn\u00fc al\u0131yor. Sevincinden z\u0131pl\u0131yor&#8230;<\/p>\n<p>N\u00f6bet\u00e7i subay\u0131 oldu\u011fum bir ak\u015fam yine rak\u0131 sofras\u0131 haz\u0131rlat\u0131yorum, Kastamonulu arkada\u015f\u0131m\u0131 da \u00e7a\u011f\u0131r\u0131yorum. Bu ak\u015fam ne yap\u0131p edip dosyam\u0131 o kasadan almas\u0131n\u0131 isteyece\u011fim.<\/p>\n<p>Gecenin ilerleyen saatlerine do\u011fru bizim aslan asker kafay\u0131 iyice buluyor. Sevgilisinin ucu yan\u0131k mektubunu \u00e7\u0131kar\u0131p bana okutuyor. Dertlenip bir Kastamonu t\u00fcrk\u00fcs\u00fc okumak istiyor. \u0130zin veriyorum, yan\u0131k sesiyle ba\u015fl\u0131yor okumaya:<\/p>\n<p><strong>\u201c\u00c7anakkale i\u00e7inde aynal\u0131 \u00e7ar\u015f\u0131 \/<\/strong><strong><br \/>\nAna, ben gidiyorum d\u00fc\u015fmana kar\u015f\u0131\u201d<\/strong><\/p>\n<p>Ben bu t\u00fcrk\u00fcn\u00fcn \u00c7anakkale dolaylar\u0131n\u0131n t\u00fcrk\u00fcs\u00fc oldu\u011funu san\u0131yordum, me\u011fer Kastamonu t\u00fcrk\u00fcs\u00fcym\u00fc\u015f.<br \/>\nBana sar\u0131l\u0131p a\u011fl\u0131yor biteviye, yavuklusundan bahsediyor. Biraz fazla ka\u00e7\u0131rtt\u0131m rak\u0131y\u0131; kadehlerini \u201cdomuz s\u0131k\u0131s\u0131\u201d tabir edilen \u00f6l\u00e7\u00fcde doldurmu\u015ftum. S\u00f6z\u00fc d\u00f6nd\u00fcr\u00fcp dola\u015ft\u0131r\u0131p bizim dosyalara getiriyorum:<\/p>\n<p>\u201cYahu, \u00e7ok merak ediyorum bu dosyalarda neler yaz\u0131l\u0131 bizim hakk\u0131m\u0131zda. \u015eu benim dosyay\u0131 bir ak\u015fama araklamak m\u00fcmk\u00fcn de\u011fil mi?\u201d diyorum.<\/p>\n<p>Z\u0131pk\u0131n yemi\u015f\u00e7esine irkiliyor:<br \/>\n\u201cBinba\u015f\u0131m kasan\u0131n anahtar\u0131n\u0131 hep yan\u0131nda ta\u015f\u0131yor. Sabah geldi\u011finde kasay\u0131 a\u00e7\u0131yor, ak\u015fam giderken yine kendisi kapat\u0131yor.\u201d<\/p>\n<p>\u201cPeki,\u201d diyorum, \u201cbir dosya laz\u0131m oldu\u011funda kim al\u0131p g\u00f6t\u00fcr\u00fcyor komutana?\u201d<br \/>\n\u201cOdas\u0131nda zile bas\u0131p bize ald\u0131r\u0131yor.\u201d diyor.<\/p>\n<p>Rak\u0131lar\u0131 yeniden dolduruyorum, \u201c\u015ferefe\u201d deyip toku\u015fturuyoruz kadehlerimizi. Laf\u0131 de\u011fi\u015ftirip ba\u015fka \u015feylerden bahsediyorum \u00fcrk\u00fctmemek i\u00e7in.<br \/>\n\u201cAma,\u201d diyor bizim aslan Kastamonulu, \u201cama komutan\u0131m sana bir k\u0131yak yapar\u0131m. Dosyan\u0131 ak\u015fam komutan kasay\u0131 kilitlemeden al\u0131r\u0131m, ertesi g\u00fcn kasay\u0131 a\u00e7\u0131nca da yerine koyar\u0131m. Sen de o ak\u015fam okursun.\u201d<\/p>\n<p>\u201cOhhhh,\u201d diyorum i\u00e7imden, \u201cohhhh&#8230;\u201d<br \/>\n\u201cUlan Kastamonulu, alt\u0131 ay u\u011fra\u015ft\u0131m ama sonunda yola geldin,\u201d diye m\u0131r\u0131ldan\u0131yorum.<\/p>\n<p>Ertesi g\u00fcn hi\u00e7 g\u00f6rmedim Kastamonuluyu. Ak\u015fam mesai bitmek \u00fczereyken benim odama geldi hem\u015fehrim. Devlet s\u0131rr\u0131 if\u015fa edermi\u015f pozlarda, \u201cOperasyon tamam komutan\u0131m, ku\u015f kafeste,\u201d diyor k\u00f6yl\u00fc kurnazl\u0131\u011f\u0131yla g\u00fcl\u00fcmseyerek.<\/p>\n<p>\u0130\u00e7im i\u00e7ime s\u0131\u011fm\u0131yor; nihayet \u00f6\u011frenece\u011fim bu <strong>sak\u0131ncal\u0131l\u0131k<\/strong> olay\u0131n\u0131. \u0130\u015fin asl\u0131, ben hayat\u0131mdaki fi\u015flenme eylemlerimi biliyorum ama merak\u0131m, devletin bunlardan hangisini, ne kadar bildi\u011fi.<\/p>\n<p>Baz\u0131 \u00e7ok gizli eylemlerde beraber \u00e7at\u0131\u015ft\u0131\u011f\u0131m\u0131z yolda\u015flar\u0131mdan birilerinin muhbir olma ku\u015fkusunu ta\u015f\u0131yor olmam, merak\u0131m\u0131n b\u00fcy\u00fck k\u0131sm\u0131 bundan.<\/p>\n<p>Tugaydan \u015fehre inen servis ara\u00e7lar\u0131na binmiyorum. Masamdaki i\u015flerle u\u011fra\u015f\u0131yormu\u015f gibi davran\u0131yorum. Di\u011fer aste\u011fmenlerin, \u201cO\u011flum teskere mi b\u0131rakacaks\u0131n, bu ne g\u00f6rev a\u015fk\u0131 amk!\u201d y\u00f6nl\u00fc tak\u0131lmalar\u0131n\u0131 duymazdan geliyorum.<\/p>\n<p>T\u00fcm subay astsubay\u0131n birlikten gitti\u011finden iyice emin olunca n\u00f6bet\u00e7i amir ve n\u00f6bet\u00e7i subaylar\u0131n\u0131 kontrol ediyorum; hepsi g\u00f6revlerinin ba\u015f\u0131ndalar. Bizim Kastamonuluyu \u00e7a\u011f\u0131rt\u0131yorum, korka korka geliyor. Parkas\u0131n\u0131n alt\u0131na gizledi\u011fi mavi klas\u00f6r\u00fc titreyen elleriyle uzat\u0131yor.<\/p>\n<p>Hemen uzan\u0131p kap\u0131yorum dosyay\u0131:<br \/>\n\u201c\u015eimdi sen ak\u015fam i\u00e7timas\u0131na kat\u0131l. \u0130\u00e7timadan sonra gelirsin, ben sana dosyay\u0131 teslim ederim,\u201d diye g\u00f6nderiyorum.<\/p>\n<p>Ah ulan fa\u015fist oligar\u015fi, \u015fimdi i\u015fte elimdesin&#8230;!<\/p>\n<p>Kozmik odan\u0131n g\u00fcvenli\u011fi de bu i\u015fte, diyerek Silahl\u0131 Kuvvetler sigaramdan derin bir nefes \u00e7ekiyorum. 007 James Bond filmlerini \u00e7ok severek izlerdim; en \u00e7ok James\u2019in operasyon sonras\u0131 ayaklar\u0131n\u0131 masaya uzat\u0131p Amerikan oturu\u015funa bay\u0131l\u0131rd\u0131m. Ayaklar\u0131m\u0131 \u00e7al\u0131\u015fma masama koyuyorum, ellerimi ensemde kavu\u015fturup keyifle g\u00fcl\u00fcyorum\u2026<\/p>\n<p>\u201cTop secret\u201d belgelerimin fotokopisini \u00e7ekip olay\u0131n tad\u0131n\u0131 \u00e7\u0131kart\u0131yorum.<\/p>\n<p>Dosyam\u0131n kapa\u011f\u0131n\u0131 a\u00e7\u0131p evraklar\u0131 incelemeye ba\u015fl\u0131yorum; levaz\u0131m okuluna giri\u015fimden itibaren t\u00fcm evraklar\u0131m var i\u00e7inde. Hatta doktora sevk ka\u011f\u0131tlar\u0131m, doktor raporlar\u0131m bile var; mezuniyet notlar\u0131m, g\u00f6rev yeri belgelerim vs. vs\u2026<\/p>\n<p>Ve nihayet..!<br \/>\n<strong>M\u0130L\u0130 \u0130ST\u0130HBARAT TE\u015eK\u0130LATI<\/strong> mahre\u00e7li kapak ve devam\u0131nda bir rapor.<\/p>\n<p>H\u0131zl\u0131ca okuyorum, okuyorum, okuyorum. Dosyay\u0131 kapat\u0131p Kastamonulu askerimi beklemeye ba\u015fl\u0131yorum; omuzlar\u0131mdan \u00e7ok a\u011f\u0131r bir y\u00fck\u00fcn kalkt\u0131\u011f\u0131n\u0131 hissediyorum. Bir ku\u015f kadar hafifim sanki. Kastamonulu asker dostum korkarak giriyor i\u00e7eri, topuk selam\u0131ndan anl\u0131yorum; kalk\u0131p kucakl\u0131yorum onu. Masam\u0131n \u00e7ekmecesinden be\u015f-alt\u0131 paket Silahl\u0131 Kuvvetler sigaras\u0131 \u00e7\u0131kart\u0131p veriyorum, sevin\u00e7le al\u0131p parkas\u0131n\u0131n ceplerine koyuyor.<\/p>\n<p>Silahl\u0131 Kuvvetler sigaras\u0131 i\u00e7mek onlar i\u00e7in ayr\u0131 bir zevk; karargah g\u00f6revlisi er ve erba\u015flar i\u00e7in \u00f6zel bir ayr\u0131cal\u0131kt\u0131. Kastamonulu askerimi merak ediyorsunuz, ad\u0131n\u0131 her olas\u0131l\u0131\u011fa kar\u015f\u0131 sakl\u0131 tutuyorum.<\/p>\n<p>Teskere ald\u0131ktan sonra beni d\u00fc\u011f\u00fcn\u00fcne davet etti; gittim ve Anadolu konukseverli\u011finin m\u00fcmtaz bir \u00f6rne\u011fi ile a\u011f\u0131rland\u0131m. H\u00e2l\u00e2 g\u00f6r\u00fc\u015f\u00fcr\u00fcz ama bu olay sanki hi\u00e7 ya\u015fanmam\u0131\u015ft\u0131r; 40 y\u0131l oldu, tek kelime konu\u015fmad\u0131k olay hakk\u0131nda.<\/p>\n<p>Ben de teskeremi ald\u0131m. Sonraki g\u00fcnlerde y\u00fczlerce kez \u00f6\u011fretmenli\u011fe ba\u015fvurdum; her seferinde \u201cBran\u015f\u0131n\u0131zda \u00f6\u011fretmene ihtiyac\u0131m\u0131z yoktur\u201d yan\u0131t\u0131n\u0131 ald\u0131m. En sonunda pes ettim.<\/p>\n<p>Devletin bana verilecek i\u015fi yoktu; %92\u2019lik bir oyla kabul edilmi\u015f, Turgut Sunalp ba\u015fkanl\u0131\u011f\u0131ndaki oligar\u015finin kurdurdu\u011fu partinin se\u00e7imi kazanaca\u011f\u0131 hesaplar\u0131 yap\u0131lm\u0131\u015f, ama her nedense kapal\u0131 kap\u0131lar arkas\u0131ndaki hesap \u00e7ar\u015f\u0131ya uymam\u0131\u015f ve fa\u015fist oligar\u015finin ekonomiden sorumlu u\u015fa\u011f\u0131 Turgut \u00d6zal\u2019\u0131n ba\u015fkanl\u0131\u011f\u0131nda ANAVATAN PART\u0130S\u0130 se\u00e7imleri b\u00fcy\u00fck bir \u00e7o\u011funlukla kazanm\u0131\u015ft\u0131.<\/p>\n<p>\u00d6zal, serbest piyasa ekonomisi ad\u0131 alt\u0131nda k\u00fcresel emperyalist soygunun T\u00fcrkiye masas\u0131 \u015fefiydi asl\u0131nda; \u00f6zelle\u015ftirme ad\u0131 alt\u0131nda ulusumuzun en yoksul d\u00f6nemlerinde al\u0131n teriyle kurdu\u011fu t\u00fcm kurum ve kurulu\u015flar\u0131 yok pahas\u0131na sat\u0131p \u00fclkeyi g\u00f6reli bir refaha kavu\u015fturuyordu.<\/p>\n<p>Demode olmu\u015f telefon santrallerini Anadolu\u2019nun t\u00fcm k\u00f6ylerine yaym\u0131\u015f \u2014birka\u00e7 y\u0131l sonra cep telefonu furyas\u0131 patlad\u0131, bu santraller de \u00e7\u00f6pe gitti\u2014 tek kanall\u0131 siyah-beyaz televizyon yay\u0131nlar\u0131n\u0131n yerine \u00f6zel televizyonlara izin verildi, renkli yay\u0131na ge\u00e7ildi. T\u00fcm bu emperyal atraksiyonlar halk\u0131m\u0131z\u0131n g\u00f6z\u00fcn\u00fc boyamaya yetmi\u015fti.<\/p>\n<p>KDV vergisi diye bir vergi \u00e7\u0131kart\u0131p, vergi vermeyi bir disiplin haline getirmeyi ama\u00e7l\u0131yordu. Vergi iadesi, fi\u015f-fatura gibi yeni kavramlarla halk\u0131m\u0131z\u0131 soyman\u0131n yeni uygulamalar\u0131n\u0131 yap\u0131yordu.<\/p>\n<p>Bu vergi uygulamas\u0131n\u0131n oturmas\u0131 ve kontrol edilmesi i\u00e7in \u00e7ok say\u0131da vergi kontrol memuru almaya ba\u015flad\u0131. Ben de \u015fans\u0131m\u0131 deneyip bu memuriyet s\u0131navlar\u0131na girdim ve il genelinde birincilikle kazand\u0131m.<\/p>\n<p>Memuriyet asaletim onaylanana kadar ge\u00e7en alt\u0131 ayl\u0131k s\u00fcrede, \u00d6zal iktidar\u0131 oligar\u015finin hasarlar\u0131n\u0131 onar\u0131p suni bir bar\u0131\u015f sa\u011flamak amac\u0131yla genel af \u00e7\u0131kartt\u0131. Bu \u00e7er\u00e7evede benim de sak\u0131ncal\u0131l\u0131k durumum devletin ar\u015fivlerinde \u201cs\u00fcmen alt\u0131\u201d edilmi\u015fti.<\/p>\n<p>Asaletim onayland\u0131 ve vergi kontrol\u00f6r\u00fc olarak, \u00fc\u00e7 y\u0131l vergi kontrol\u00f6rl\u00fc\u011f\u00fc yapt\u0131ktan sonra kurum de\u011fi\u015ftirip as\u0131l ve \u00e7ok sevdi\u011fim \u00f6\u011fretmenli\u011fe ge\u00e7i\u015f yapt\u0131m.<\/p>\n<p>\u015eimdi siz M\u0130T antetli raporda ne yazd\u0131\u011f\u0131n\u0131 merak ediyorsunuz\u2026 O bilgiler bende sakl\u0131 kals\u0131n; e\u015fref saatimin uygun oldu\u011fu bir zaman payla\u015f\u0131r\u0131m sizinle. Hem bu pu\u015ft iktidara g\u00fcven olmaz; \u201caffettim\u201d der bir yerlerden \u00e7\u0131kar\u0131r fi\u015flerin bir n\u00fcshas\u0131n\u0131.<\/p>\n","protected":false},"excerpt":{"rendered":"<p>KITIJ Cemil Bi&ccedil;er Bir 12 Eyl&uuml;l hat&#305;ras&#305; Bu ak&#351;am Meclis Genel Kurulu&rsquo;nda, devletin gerekli g&ouml;rd&uuml;&#287;&uuml;nde yurtta&#351;lar&#305;n siyasal, dinsel, etnik durumlar&#305;n&#305;n gizli kayd&#305;n&#305;n tutulabilece&#287;i y&ouml;n&uuml;nde bir yasa tasar&#305;s&#305; kabul edildi. Sivil fa&#351;izmin ayak sesleriydi; bu sesler ge&ccedil;mi&#351; y&#305;llarda duymaya al&#305;&#351;t&#305;&#287;&#305;m&#305;z, hatta darbesini yedi&#287;im karanl&#305;k y&#305;llar&#305; hat&#305;rlatt&#305; bana&hellip; Fa&#351;ist oligar&#351;inin y&ouml;neticileri 12 Eyl&uuml;l d&ouml;neminde beni de fi&#351;leyip [&hellip;]<\/p>\n","protected":false},"author":1,"featured_media":0,"comment_status":"closed","ping_status":"closed","sticky":false,"template":"","format":"standard","meta":{"_bbp_topic_count":0,"_bbp_reply_count":0,"_bbp_total_topic_count":0,"_bbp_total_reply_count":0,"_bbp_voice_count":0,"_bbp_anonymous_reply_count":0,"_bbp_topic_count_hidden":0,"_bbp_reply_count_hidden":0,"_bbp_forum_subforum_count":0,"ocean_post_layout":"","ocean_both_sidebars_style":"","ocean_both_sidebars_content_width":0,"ocean_both_sidebars_sidebars_width":0,"ocean_sidebar":"0","ocean_second_sidebar":"0","ocean_disable_margins":"enable","ocean_add_body_class":"","ocean_shortcode_before_top_bar":"","ocean_shortcode_after_top_bar":"","ocean_shortcode_before_header":"","ocean_shortcode_after_header":"","ocean_has_shortcode":"","ocean_shortcode_after_title":"","ocean_shortcode_before_footer_widgets":"","ocean_shortcode_after_footer_widgets":"","ocean_shortcode_before_footer_bottom":"","ocean_shortcode_after_footer_bottom":"","ocean_display_top_bar":"default","ocean_display_header":"default","ocean_header_style":"","ocean_center_header_left_menu":"0","ocean_custom_header_template":"0","ocean_custom_logo":0,"ocean_custom_retina_logo":0,"ocean_custom_logo_max_width":0,"ocean_custom_logo_tablet_max_width":0,"ocean_custom_logo_mobile_max_width":0,"ocean_custom_logo_max_height":0,"ocean_custom_logo_tablet_max_height":0,"ocean_custom_logo_mobile_max_height":0,"ocean_header_custom_menu":"0","ocean_menu_typo_font_family":"0","ocean_menu_typo_font_subset":"","ocean_menu_typo_font_size":0,"ocean_menu_typo_font_size_tablet":0,"ocean_menu_typo_font_size_mobile":0,"ocean_menu_typo_font_size_unit":"px","ocean_menu_typo_font_weight":"","ocean_menu_typo_font_weight_tablet":"","ocean_menu_typo_font_weight_mobile":"","ocean_menu_typo_transform":"","ocean_menu_typo_transform_tablet":"","ocean_menu_typo_transform_mobile":"","ocean_menu_typo_line_height":0,"ocean_menu_typo_line_height_tablet":0,"ocean_menu_typo_line_height_mobile":0,"ocean_menu_typo_line_height_unit":"","ocean_menu_typo_spacing":0,"ocean_menu_typo_spacing_tablet":0,"ocean_menu_typo_spacing_mobile":0,"ocean_menu_typo_spacing_unit":"","ocean_menu_link_color":"","ocean_menu_link_color_hover":"","ocean_menu_link_color_active":"","ocean_menu_link_background":"","ocean_menu_link_hover_background":"","ocean_menu_link_active_background":"","ocean_menu_social_links_bg":"","ocean_menu_social_hover_links_bg":"","ocean_menu_social_links_color":"","ocean_menu_social_hover_links_color":"","ocean_disable_title":"default","ocean_disable_heading":"default","ocean_post_title":"","ocean_post_subheading":"","ocean_post_title_style":"","ocean_post_title_background_color":"","ocean_post_title_background":0,"ocean_post_title_bg_image_position":"","ocean_post_title_bg_image_attachment":"","ocean_post_title_bg_image_repeat":"","ocean_post_title_bg_image_size":"","ocean_post_title_height":0,"ocean_post_title_bg_overlay":0.5,"ocean_post_title_bg_overlay_color":"","ocean_disable_breadcrumbs":"default","ocean_breadcrumbs_color":"","ocean_breadcrumbs_separator_color":"","ocean_breadcrumbs_links_color":"","ocean_breadcrumbs_links_hover_color":"","ocean_display_footer_widgets":"default","ocean_display_footer_bottom":"default","ocean_custom_footer_template":"0","ocean_post_oembed":"","ocean_post_self_hosted_media":"","ocean_post_video_embed":"","ocean_link_format":"","ocean_link_format_target":"self","ocean_quote_format":"","ocean_quote_format_link":"post","ocean_gallery_link_images":"on","ocean_gallery_id":[],"footnotes":""},"categories":[61],"tags":[],"class_list":["post-48113","post","type-post","status-publish","format-standard","hentry","category-yazarlar-kitij-cemil-bicer","entry"],"_links":{"self":[{"href":"https:\/\/www.circassiancenter.com\/tr\/wp-json\/wp\/v2\/posts\/48113","targetHints":{"allow":["GET"]}}],"collection":[{"href":"https:\/\/www.circassiancenter.com\/tr\/wp-json\/wp\/v2\/posts"}],"about":[{"href":"https:\/\/www.circassiancenter.com\/tr\/wp-json\/wp\/v2\/types\/post"}],"author":[{"embeddable":true,"href":"https:\/\/www.circassiancenter.com\/tr\/wp-json\/wp\/v2\/users\/1"}],"replies":[{"embeddable":true,"href":"https:\/\/www.circassiancenter.com\/tr\/wp-json\/wp\/v2\/comments?post=48113"}],"version-history":[{"count":1,"href":"https:\/\/www.circassiancenter.com\/tr\/wp-json\/wp\/v2\/posts\/48113\/revisions"}],"predecessor-version":[{"id":48115,"href":"https:\/\/www.circassiancenter.com\/tr\/wp-json\/wp\/v2\/posts\/48113\/revisions\/48115"}],"wp:attachment":[{"href":"https:\/\/www.circassiancenter.com\/tr\/wp-json\/wp\/v2\/media?parent=48113"}],"wp:term":[{"taxonomy":"category","embeddable":true,"href":"https:\/\/www.circassiancenter.com\/tr\/wp-json\/wp\/v2\/categories?post=48113"},{"taxonomy":"post_tag","embeddable":true,"href":"https:\/\/www.circassiancenter.com\/tr\/wp-json\/wp\/v2\/tags?post=48113"}],"curies":[{"name":"wp","href":"https:\/\/api.w.org\/{rel}","templated":true}]}}