{"id":5709,"date":"2021-01-04T18:11:09","date_gmt":"2021-01-05T00:11:09","guid":{"rendered":"http:\/\/circassiancenter.com\/tr\/?p=5709"},"modified":"2021-01-07T15:18:11","modified_gmt":"2021-01-07T21:18:11","slug":"adige-belgeseli","status":"publish","type":"post","link":"https:\/\/www.circassiancenter.com\/tr\/adige-belgeseli\/","title":{"rendered":"AD\u0130GE BELGESEL\u0130"},"content":{"rendered":"<p><img fetchpriority=\"high\" decoding=\"async\" class=\"alignnone size-full wp-image-15643\" src=\"http:\/\/circassiancenter.com\/tr\/wp-content\/uploads\/2019\/03\/ADiGE-BELGESELi-b.jpg\" alt=\"\" width=\"541\" height=\"304\" srcset=\"https:\/\/www.circassiancenter.com\/tr\/wp-content\/uploads\/2019\/03\/ADiGE-BELGESELi-b.jpg 541w, https:\/\/www.circassiancenter.com\/tr\/wp-content\/uploads\/2019\/03\/ADiGE-BELGESELi-b-300x169.jpg 300w\" sizes=\"(max-width: 541px) 100vw, 541px\" \/><\/p>\n<p><b> \u015eehbal \u015eenyurt<\/b><\/p>\n<p>Yap\u0131m Tarihi: \u00a0\u00a0\u00a0\u00a0\u00a0\u00a0\u00a0\u00a0\u00a0\u00a0\u00a0 1999<br \/>\nB\u00f6l\u00fcm Say\u0131s\u0131: \u00a0\u00a0\u00a0\u00a0\u00a0\u00a0\u00a0\u00a0\u00a0\u00a0 1<br \/>\nS\u00fcresi: \u00a0\u00a0\u00a0\u00a0\u00a0\u00a0\u00a0\u00a0\u00a0\u00a0\u00a0\u00a0\u00a0\u00a0\u00a0\u00a0\u00a0\u00a0\u00a0\u00a0\u00a0 77&#8242;<br \/>\nY\u00f6netmen:\u00a0\u00a0\u00a0\u00a0\u00a0\u00a0\u00a0\u00a0\u00a0\u00a0\u00a0\u00a0\u00a0\u00a0\u00a0\u00a0 \u015eehbal \u015eENYURT<\/p>\n<p>\u00c7erkes ulusunun unutulmu\u015f s\u00fcrg\u00fcn\u00fcn\u00fcn hikayesi. \u00dcrd\u00fcn Prensi Ali Bin Al Hussein\u2019in 1998\u2019de farkl\u0131 \u00fclkelerden gelen ve 12 Adige (\u00c7erkes) kabilesini temsil eden 12 atl\u0131 ile Amman, Suriye, T\u00fcrkiye, Kafkasya yolculu\u011fu. Yolculuk s\u0131ras\u0131nda ge\u00e7mi\u015f, s\u00f6ylenceleri, \u00f6yk\u00fcleri, ya\u015fama bi\u00e7imleri ile birlikte anlat\u0131l\u0131yor.<\/p>\n<p><strong> Kaynak:<\/strong> AYI\u015eI\u011eINDA BELGESEL G\u00dcNLER\u0130<\/p>\n<p>\u00dcrd\u00fcn Prensi Ali Bin Al H\u00fcseyin\u2019in 1997 y\u0131l\u0131nda farkl\u0131 \u00fclkelerden gelen ve 12 Adige kabilesini temsil eden 12 atla Kafkaslar\u2019a uzanan yolculu\u011fu anlat\u0131l\u0131yor. \u201cAdige\u201d, Prens Ali\u2019nin, \u00dcrd\u00fcn\u2019den ba\u015flay\u0131p, Suriye ve T\u00fcrkiye\u2019deki \u00c7erkeslerin yo\u011fun olarak bulundu\u011fu yerlerden ge\u00e7erek Karadeniz\u2019e, oradan da Kuzey Kafkasya\u2019ya var\u0131\u015f\u0131n\u0131 konu al\u0131yor.<br \/>\nFilmde, anavatanlar\u0131 d\u0131\u015f\u0131nda ya\u015fayan \u00c7erkeslerin ko\u015fullar\u0131, asimile olma s\u0131n\u0131r\u0131na geli\u015fleri, kimlik, dil ve k\u00fclt\u00fcrlerini kaybetme tehlikesiyle kar\u015f\u0131la\u015fmalar\u0131 da i\u015fleniyor. Ailesi Kafkasya\u2019da ya\u015fayan Kelt halk\u0131n\u0131n soyundan gelen ve Keltlerle ilgili bir \u015fark\u0131 besteleyen d\u00fcnyaca \u00fcnl\u00fc sanat\u00e7\u0131 Loreena McKennett\u2019\u0131n baz\u0131 \u015fark\u0131lar\u0131n\u0131n da yer ald\u0131\u011f\u0131 belgeselde ayr\u0131ca, McKennett Keltlerle ilgili \u015fark\u0131s\u0131n\u0131 neden yapt\u0131\u011f\u0131n\u0131 anlat\u0131yor.<\/p>\n<p>Filmin y\u00f6netmeni \u015eehbal \u015eenyurt, Anadolu Ajans\u0131 muhabirine yapt\u0131\u011f\u0131 a\u00e7\u0131klamada, \u00c7erkesler ve onlar\u0131n k\u00fclt\u00fcrleri hakk\u0131nda ger\u00e7ek anlamda bilgi sahibi olunmad\u0131\u011f\u0131 i\u00e7in b\u00f6yle bir belgesel yapt\u0131\u011f\u0131n\u0131 s\u00f6yledi.<\/p>\n<p>\u015eenyurt, Prens Ali Bin Al H\u00fcseyin\u2019in yolculu\u011fu \u00fczerine kurulu olan belgeselde, Rus-Kafkas sava\u015f\u0131n\u0131n ard\u0131ndan 1864 y\u0131l\u0131nda g\u00f6\u00e7 yollar\u0131na d\u00fc\u015fen \u00c7erkeslerin geri d\u00f6n\u00fc\u015f\u00fcn\u00fcn sembolize edildi\u011fini ifade ederek, \u201cBu yolculukla \u00c7erkes k\u00fclt\u00fcr\u00fcn\u00fc tan\u0131tmaya \u00e7al\u0131\u015ft\u0131k\u201d dedi.<\/p>\n<p>G\u00fcn\u00fcm\u00fczdeki Kafkaslar sorununun da belgesel i\u00e7inde yer ald\u0131\u011f\u0131n\u0131 ve orada ya\u015fanan sava\u015f\u0131n olumsuz izlerinin i\u015flendi\u011fini dile getiren \u015eenyurt, yakla\u015f\u0131k 1 y\u0131l s\u00fcren bir \u00e7al\u0131\u015fma sonucunda bu belgeseli olu\u015fturduklar\u0131n\u0131 belirtti.<\/p>\n<p>\u00c7erkeslerin g\u00f6\u00e7 hikayesini anlatan \u201cAdige\u201d adl\u0131 belgesel filmin ilk g\u00f6sterimi Atat\u00fcrk K\u00fclt\u00fcr Merkezi\u2019nde ger\u00e7ekle\u015ftirdi ve izleyicilerin yo\u011fun ilgisiyle kar\u015f\u0131la\u015ft\u0131. \u201cAdige\u201d yo\u011fun ilgi g\u00f6rd\u00fc\u011f\u00fc ve izdihama yol a\u00e7t\u0131\u011f\u0131 i\u00e7in \u00f6n\u00fcm\u00fczdeki g\u00fcnlerde tekrar g\u00f6sterilecek.<\/p>\n<p>Uluslararas\u0131 1001 Belgesel Film Festivali\u201d \u00e7er\u00e7evesinde ilk g\u00f6sterimi yap\u0131ld\u0131.<\/p>\n<p><strong> Kaynak<\/strong>: Anadolu Ajans\u0131<\/p>\n<p>\u0130zmir Tabip Odas\u0131 ve \u0130zmir Eczac\u0131 Odas\u0131 taraf\u0131ndan, Belgesel Sinemac\u0131lar Birli\u011fi&#8217;nin katk\u0131lar\u0131yla haz\u0131rlanan &#8220;D\u00fc\u015ften Ger\u00e7e\u011fe&#8221; belgesel film g\u00fcnlerinde 5 Nisan tarihinde Y\u00f6netmen \u015eehbal \u015eenyurt ile &#8220;Adige&#8221; konusunda s\u00f6yle\u015fi yap\u0131ld\u0131.<br \/>\n<strong> Kaynak: <\/strong> \u0130zmir Tabip Odas\u0131 Web Sitesi <b><a href=\"http:\/\/www.ttb.org.tr\/TD74\/15.html\"> http:\/\/www.ttb.org.tr\/TD74\/15.html<\/a><\/b><\/p>\n<p><strong> Adige Belgeseli ve Elbruz G\u00f6sterisi<br \/>\n<\/strong><br \/>\n5-6 Temmuz 2000 tarihlerinde Ulus Y\u00fcz\u00fcnc\u00fcy\u0131l K\u00fclt\u00fcr Merkezi&#8217;nde &#8220;Adige&#8221; belgeselinin g\u00f6sterimi ve Kafkas Derne\u011fi Ankara \u015eubesi Elbruz Halk Danslar\u0131 Toplulu\u011fu&#8217;nun g\u00f6sterisinden olu\u015fan iki gece d\u00fczenlendi. Bitok Beslen&#8217;la \u00e7al\u0131\u015fan ve haz\u0131rlad\u0131klar\u0131 g\u00fczel oyunlarla izleyicileri co\u015fturan ekibimizin ard\u0131ndan belgeselin sinevizyon g\u00f6sterimine ge\u00e7ildi. Prens Ali ve 12 atl\u0131n\u0131n \u00dcrd\u00fcn&#8217;den ba\u015flay\u0131p T\u00fcrkiye \u00fczerinden Kafkasya&#8217;ya ger\u00e7ekle\u015ftirdi\u011fi ve s\u00fcrg\u00fcn\u00fcn geri d\u00f6n\u00fc\u015f\u00fcn\u00fc tema edinene belgesel Ankara&#8217;daki \u00c7erkeslerin b\u00fcy\u00fck be\u011fenisini kazand\u0131. Yap\u0131mc\u0131l\u0131\u011f\u0131n\u0131 Ela Barlas ve \u015eehbal \u015eenyurt Ar\u0131nl\u0131&#8217;n\u0131n \u00fcstlendi\u011fi belgeselde Adige m\u00fcziklerinin d\u0131\u015f\u0131nda \u00fcnl\u00fc sanat\u00e7\u0131 Loreena McKennitt&#8217;in de bir par\u00e7as\u0131na yer verildi. \u00dcrd\u00fcn, Suriye, T\u00fcrkiye, Amerika gibi de\u011fi\u015fik diasporalardan sonra anavatan Kafkasya g\u00f6r\u00fcnt\u00fcleri dikkati \u00e7ekiyor. Kafkas k\u00f6kenli bilim adamlar\u0131 ve ara\u015ft\u0131rmac\u0131larla yap\u0131lan r\u00f6portajlar, dernek ba\u015fkanlar\u0131n\u0131n verdi\u011fi tarihi, k\u00fclt\u00fcrel bilgilerin yan\u0131 s\u0131ra, belgeselin sponsorlu\u011funu \u00fcstlenen \u00dcrd\u00fcn Prensi Ali bin Al H\u00fcseyin&#8217;in konu\u015fmalar\u0131 da 75 dakikal\u0131k belgeselin kapsam\u0131nda.<\/p>\n<p><strong> Kaynak:<\/strong> Kafkas Derne\u011fi Web Sitesi <b><a href=\"http:\/\/www.kafder.org.tr\/etkinlik\/etkinlikler.html\">http:\/\/www.kafder.org.tr\/etkinlik\/etkinlikler.html<\/a><\/b><\/p>\n","protected":false},"excerpt":{"rendered":"<p>&#350;ehbal &#350;enyurt Yap&#305;m Tarihi: &nbsp;&nbsp;&nbsp;&nbsp;&nbsp;&nbsp;&nbsp;&nbsp;&nbsp;&nbsp;&nbsp; 1999 B&ouml;l&uuml;m Say&#305;s&#305;: &nbsp;&nbsp;&nbsp;&nbsp;&nbsp;&nbsp;&nbsp;&nbsp;&nbsp;&nbsp; 1 S&uuml;resi: &nbsp;&nbsp;&nbsp;&nbsp;&nbsp;&nbsp;&nbsp;&nbsp;&nbsp;&nbsp;&nbsp;&nbsp;&nbsp;&nbsp;&nbsp;&nbsp;&nbsp;&nbsp;&nbsp;&nbsp;&nbsp; 77&prime; Y&ouml;netmen:&nbsp;&nbsp;&nbsp;&nbsp;&nbsp;&nbsp;&nbsp;&nbsp;&nbsp;&nbsp;&nbsp;&nbsp;&nbsp;&nbsp;&nbsp;&nbsp; &#350;ehbal &#350;ENYURT &Ccedil;erkes ulusunun unutulmu&#351; s&uuml;rg&uuml;n&uuml;n&uuml;n hikayesi. &Uuml;rd&uuml;n Prensi Ali Bin Al Hussein&rsquo;in 1998&rsquo;de farkl&#305; &uuml;lkelerden gelen ve 12 Adige (&Ccedil;erkes) kabilesini temsil eden 12 atl&#305; ile Amman, Suriye, T&uuml;rkiye, Kafkasya yolculu&#287;u. Yolculuk s&#305;ras&#305;nda ge&ccedil;mi&#351;, s&ouml;ylenceleri, &ouml;yk&uuml;leri, ya&#351;ama bi&ccedil;imleri ile birlikte [&hellip;]<\/p>\n","protected":false},"author":1,"featured_media":0,"comment_status":"closed","ping_status":"closed","sticky":false,"template":"","format":"standard","meta":{"_bbp_topic_count":0,"_bbp_reply_count":0,"_bbp_total_topic_count":0,"_bbp_total_reply_count":0,"_bbp_voice_count":0,"_bbp_anonymous_reply_count":0,"_bbp_topic_count_hidden":0,"_bbp_reply_count_hidden":0,"_bbp_forum_subforum_count":0,"ocean_post_layout":"","ocean_both_sidebars_style":"","ocean_both_sidebars_content_width":0,"ocean_both_sidebars_sidebars_width":0,"ocean_sidebar":"0","ocean_second_sidebar":"0","ocean_disable_margins":"enable","ocean_add_body_class":"","ocean_shortcode_before_top_bar":"","ocean_shortcode_after_top_bar":"","ocean_shortcode_before_header":"","ocean_shortcode_after_header":"","ocean_has_shortcode":"","ocean_shortcode_after_title":"","ocean_shortcode_before_footer_widgets":"","ocean_shortcode_after_footer_widgets":"","ocean_shortcode_before_footer_bottom":"","ocean_shortcode_after_footer_bottom":"","ocean_display_top_bar":"default","ocean_display_header":"default","ocean_header_style":"","ocean_center_header_left_menu":"0","ocean_custom_header_template":"0","ocean_custom_logo":0,"ocean_custom_retina_logo":0,"ocean_custom_logo_max_width":0,"ocean_custom_logo_tablet_max_width":0,"ocean_custom_logo_mobile_max_width":0,"ocean_custom_logo_max_height":0,"ocean_custom_logo_tablet_max_height":0,"ocean_custom_logo_mobile_max_height":0,"ocean_header_custom_menu":"0","ocean_menu_typo_font_family":"0","ocean_menu_typo_font_subset":"","ocean_menu_typo_font_size":0,"ocean_menu_typo_font_size_tablet":0,"ocean_menu_typo_font_size_mobile":0,"ocean_menu_typo_font_size_unit":"px","ocean_menu_typo_font_weight":"","ocean_menu_typo_font_weight_tablet":"","ocean_menu_typo_font_weight_mobile":"","ocean_menu_typo_transform":"","ocean_menu_typo_transform_tablet":"","ocean_menu_typo_transform_mobile":"","ocean_menu_typo_line_height":0,"ocean_menu_typo_line_height_tablet":0,"ocean_menu_typo_line_height_mobile":0,"ocean_menu_typo_line_height_unit":"","ocean_menu_typo_spacing":0,"ocean_menu_typo_spacing_tablet":0,"ocean_menu_typo_spacing_mobile":0,"ocean_menu_typo_spacing_unit":"","ocean_menu_link_color":"","ocean_menu_link_color_hover":"","ocean_menu_link_color_active":"","ocean_menu_link_background":"","ocean_menu_link_hover_background":"","ocean_menu_link_active_background":"","ocean_menu_social_links_bg":"","ocean_menu_social_hover_links_bg":"","ocean_menu_social_links_color":"","ocean_menu_social_hover_links_color":"","ocean_disable_title":"default","ocean_disable_heading":"default","ocean_post_title":"","ocean_post_subheading":"","ocean_post_title_style":"","ocean_post_title_background_color":"","ocean_post_title_background":0,"ocean_post_title_bg_image_position":"","ocean_post_title_bg_image_attachment":"","ocean_post_title_bg_image_repeat":"","ocean_post_title_bg_image_size":"","ocean_post_title_height":0,"ocean_post_title_bg_overlay":0.5,"ocean_post_title_bg_overlay_color":"","ocean_disable_breadcrumbs":"default","ocean_breadcrumbs_color":"","ocean_breadcrumbs_separator_color":"","ocean_breadcrumbs_links_color":"","ocean_breadcrumbs_links_hover_color":"","ocean_display_footer_widgets":"default","ocean_display_footer_bottom":"default","ocean_custom_footer_template":"0","ocean_post_oembed":"","ocean_post_self_hosted_media":"","ocean_post_video_embed":"","ocean_link_format":"","ocean_link_format_target":"self","ocean_quote_format":"","ocean_quote_format_link":"post","ocean_gallery_link_images":"off","ocean_gallery_id":[],"footnotes":""},"categories":[52],"tags":[],"class_list":["post-5709","post","type-post","status-publish","format-standard","hentry","category-guzel-sanatlar","entry"],"_links":{"self":[{"href":"https:\/\/www.circassiancenter.com\/tr\/wp-json\/wp\/v2\/posts\/5709","targetHints":{"allow":["GET"]}}],"collection":[{"href":"https:\/\/www.circassiancenter.com\/tr\/wp-json\/wp\/v2\/posts"}],"about":[{"href":"https:\/\/www.circassiancenter.com\/tr\/wp-json\/wp\/v2\/types\/post"}],"author":[{"embeddable":true,"href":"https:\/\/www.circassiancenter.com\/tr\/wp-json\/wp\/v2\/users\/1"}],"replies":[{"embeddable":true,"href":"https:\/\/www.circassiancenter.com\/tr\/wp-json\/wp\/v2\/comments?post=5709"}],"version-history":[{"count":2,"href":"https:\/\/www.circassiancenter.com\/tr\/wp-json\/wp\/v2\/posts\/5709\/revisions"}],"predecessor-version":[{"id":15644,"href":"https:\/\/www.circassiancenter.com\/tr\/wp-json\/wp\/v2\/posts\/5709\/revisions\/15644"}],"wp:attachment":[{"href":"https:\/\/www.circassiancenter.com\/tr\/wp-json\/wp\/v2\/media?parent=5709"}],"wp:term":[{"taxonomy":"category","embeddable":true,"href":"https:\/\/www.circassiancenter.com\/tr\/wp-json\/wp\/v2\/categories?post=5709"},{"taxonomy":"post_tag","embeddable":true,"href":"https:\/\/www.circassiancenter.com\/tr\/wp-json\/wp\/v2\/tags?post=5709"}],"curies":[{"name":"wp","href":"https:\/\/api.w.org\/{rel}","templated":true}]}}