{"id":5800,"date":"2021-03-04T21:42:55","date_gmt":"2021-03-05T03:42:55","guid":{"rendered":"http:\/\/circassiancenter.com\/tr\/?p=5800"},"modified":"2021-07-18T17:53:49","modified_gmt":"2021-07-18T22:53:49","slug":"kuzey-kafkasyali-ressamlarin-biyografileri","status":"publish","type":"post","link":"https:\/\/www.circassiancenter.com\/tr\/kuzey-kafkasyali-ressamlarin-biyografileri\/","title":{"rendered":"KUZEY KAFKASYALI RESSAMLARIN B\u0130YOGRAF\u0130LER\u0130"},"content":{"rendered":"<blockquote><p><strong> Not:<\/strong> Ressamlar\u0131m\u0131z\u0131n biyografileri ve resimlleri alfabetik s\u0131raya g\u00f6re s\u0131ralanm\u0131\u015ft\u0131r. Resimleri olan sanat\u00e7\u0131lar\u0131m\u0131z\u0131<br \/>\n<b><a href=\"http:\/\/www.circassiancenter.com\/cc-turkiye\/sanat\/resim\/kuzey_kafkasyali_ressamlarin_yapitlari\/201.htm\">Kuzey Kafkasyal\u0131 Ressamlar\u0131n Yap\u0131tlar\u0131\u00a0 &gt;&gt;<\/a><\/b><br \/>\nlinkinden izleyebilirsiniz.<\/p><\/blockquote>\n<p><img decoding=\"async\" src=\"http:\/\/www.circassiancenter.com\/cc-turkiye\/sanat\/resim\/painter-name\/ahmetozel.gif\" width=\"430\" height=\"79\" border=\"0\" \/><\/p>\n<p>1960 y\u0131l\u0131nda \u00c7anakkale, Biga&#8217;ya ba\u011fl\u0131 Cihadiye&#8217; k\u00f6y\u00fcnde do\u011fdu. Ailesi Bjeduh, Abzegh k\u00f6kenlidir. 1976&#8217;da Kabata\u015f Erkek Lisesi&#8217;ni bitirdi ayn\u0131 y\u0131l Devlet G\u00fczel Sanatlar Akademisi Y\u00fcksek Resim B\u00f6l\u00fcm\u00fc&#8217;ne girdi. 1982&#8217;de \u0130stanbul G\u00fczel Sanatlar Akademisi Y\u00fcksek Resim B\u00f6l\u00fcm\u00fc&#8217;nden mezun oldu. 1987 \u0130talyan Sanat Bursu ile bir y\u0131l s\u00fcre ile Roma ve Floransa&#8217;da sanat ara\u015ft\u0131rmalar\u0131 yapt\u0131, resim restorasyonu ve ekspertiz konusunda e\u011fitim g\u00f6rd\u00fc. 1985-1997 y\u0131llar\u0131 aras\u0131nda Mimar Sinan \u00dcniversitesi Resim Heykel M\u00fczesi&#8217;nde g\u00f6rev yapt\u0131. 1995 Marmara \u00dcniversitesi G\u00fczel Sanatlar Fak\u00fcltesi&#8217;nde doktora \u00e7al\u0131\u015fmas\u0131n\u0131 tamamlad\u0131. \u00c7a\u011fr\u0131l\u0131 olarak Baku (Azerbeycan), Toyama (Japonya) uluslar aras\u0131 sergilere kat\u0131ld\u0131. Yedisi yurtd\u0131\u015f\u0131nda olmak \u00fczere 18 ki\u015fisel sergi a\u00e7t\u0131 ve yurti\u00e7i ve yurtd\u0131\u015f\u0131nda bir\u00e7ok karma ve grup sergilerine kat\u0131ld\u0131. Yap\u0131tlar\u0131 Akbank, Garanti Bankas\u0131 gibi kurum koleksiyonlar\u0131n\u0131n yan\u0131s\u0131ra, Moskova \u00c7a\u011fda\u015f Sanatlar M\u00fczesi&#8217;nde, Tonami Belediye koleksiyonunda (Japonya) ve \u00e7e\u015fitli yurti\u00e7i ve yurtd\u0131\u015f\u0131 (Amerika Birle\u015fik Devletleri, Rusya, \u0130talya, Almanya ve Japonya) \u00f6zel koleksiyonlar\u0131nda yeralmaktad\u0131r. \u00c7al\u0131\u015fmalar\u0131n\u0131 1997&#8217;den bu yana \u00f6zel at\u00f6lyesinde s\u00fcrd\u00fcrmektedir.<\/p>\n<p><img decoding=\"async\" src=\"http:\/\/www.circassiancenter.com\/cc-turkiye\/sanat\/resim\/painter-name\/ahmettay.gif\" width=\"430\" height=\"79\" border=\"0\" \/><\/p>\n<p>1970 y\u0131l\u0131nda Eski\u015fehir&#8217;de do\u011fdu. Babas\u0131 Eski\u015fehir&#8217;li, annesi Suriye&#8217;li \u00c7erkeslerdendir. Adige, Vako ailesindendir. 1992 y\u0131l\u0131nda Eski\u015fehir Anadolu \u00dcniversitesi G\u00fczel Sanatlar Fak\u00fcltesi Grafik B\u00f6l\u00fcm\u00fc&#8217;nden mezun oldu. \u00c7e\u015fitli kurum ve kurulu\u015flarda grafikerlik ve sanat y\u00f6netmenli\u011fi yapt\u0131. \u00d6zg\u00fcn bask\u0131 alan\u0131nda yap\u0131tlar veren sanat\u00e7\u0131, 2 ki\u015fisel sergi a\u00e7t\u0131, \u00e7ok say\u0131da karma sergiye kat\u0131ld\u0131. Yurti\u00e7i ve yurtd\u0131\u015f\u0131nda \u00f6zel kolleksiyonlarda yap\u0131tlar\u0131 bulunmaktad\u0131r. Halen Ankara&#8217;daki at\u00f6lyesinde \u00e7al\u0131\u015fmalar\u0131n\u0131 s\u00fcrd\u00fcrmektedir.<\/p>\n<p><img decoding=\"async\" src=\"http:\/\/www.circassiancenter.com\/cc-turkiye\/sanat\/resim\/painter-name\/avni.gif\" width=\"430\" height=\"79\" border=\"0\" \/><\/p>\n<p><strong><a href=\"http:\/\/www.circassiancenter.com\/cc-turkiye\/sanat\/resim\/avni-arbas\/avni-arbas_01.htm\" target=\"_blank\" rel=\"noopener noreferrer\"><span style=\"font-family: Arial; font-size: small;\">Avni Arba\u015f Resimleri<\/span> &gt;&gt;<\/a><\/strong><\/p>\n<p>1919`da \u0130stanbul`da do\u011fdu. Babas\u0131, Kuvayi Milliye subaylar\u0131ndan s\u00fcvari albay\u0131 Mehmet Nuri beydir.<\/p>\n<p>Cumhuriyetin kurulu\u015funun ard\u0131ndan, babas\u0131n\u0131n g\u00f6revli oldu\u011fu Ayd\u0131n&#8217;a yerle\u015fen aile, 1927 y\u0131l\u0131na de\u011fin burada kald\u0131 ve Avni Arba\u015f ilkokula burada ba\u015flad\u0131. On ya\u015f\u0131ndayken, Sivas`ta babasn\u0131 yitirdi.<\/p>\n<p>Kendisi de resim yapan, yedi ya\u015f\u0131ndaki o\u011fluna, Anadolu`da Frans\u0131zca \u00f6\u011fretmeni bulan bu ayd\u0131n subay, Avni&#8217;ye (Arba\u015f&#8217;\u0131n kendi deyi\u015fiyle) sanat\u0131 a\u015f\u0131layan ilk \u00f6\u011fretmeni olmu\u015ftu. Mehmet Nuri beyin 1929&#8217;daki \u00f6l\u00fcm\u00fcn\u00fcn ard\u0131ndan, Avni, annesi Rana han\u0131mla birlikte \u0130stanbul&#8217;a gelir. Burada, yat\u0131s\u0131z olarak Galatasaray Lisesi&#8217;ne yaz\u0131l\u0131r. Bu okulda i\u00e7indeki ressaml\u0131k tohumunun ye\u015ferip geli\u015fmesini sa\u011flayacak bir ortam bulur: Resim \u00f6\u011fretmeni, asker ressamlardan Mehmet Ali beyin y\u00f6netimindeki resim at\u00f6lyesinde, Cihat Burak, Selim Turan gibi gelece\u011fin \u00f6nemli T\u00fcrk ressamlar\u0131 bir arada \u00e7al\u0131\u015f\u0131rlar.<\/p>\n<p>Avni Arba\u015f, daha \u00f6\u011frencilik y\u0131llar\u0131nda, \u0130stanbul&#8217;un bohem sanat\u00e7\u0131 \u00e7evrelerine girer. \u0130brahim Safi, Naci Kalmuko\u011flu ile tan\u0131\u015f\u0131p onlar\u0131n at\u00f6lyelerinde \u00e7al\u0131\u015f\u0131r. Akademi&#8217;nin, \u201cCours de soir\u201d denilen kay\u0131tl\u0131 \u00f6\u011frenci olmayan yetenekli gen\u00e7lere \u00e7al\u0131\u015fma ortam\u0131 ve model sa\u011flayan gece kurslar\u0131na gitmeye ba\u015flar. Sonunda, o ka\u00e7\u0131n\u0131lmaz g\u00fcn gelir: Avni, Galatasaray&#8217;dan ayr\u0131l\u0131p G\u00fczel Sanatlar Akademisi Resim B\u00f6l\u00fcm\u00fc&#8217;n\u00fcn orta b\u00f6l\u00fcm\u00fcne kayd\u0131n\u0131 yapt\u0131r\u0131r (1937). \u0130lkin \u00c7all\u0131`n\u0131n, daha sonra, ger\u00e7ek bir kadirbilirlikle, \u201cresmin kurallar\u0131 oldu\u011funu ondan \u00f6\u011frendim\u201d diyece\u011fi Leopold Levy`nin at\u00f6lyesinde \u00e7al\u0131\u015fmaya ba\u015flar. 1946 y\u0131l\u0131na kadar kalaca\u011f\u0131 akademi y\u0131llar\u0131nda, Devlet Resim ve Heykel Sergilerine kat\u0131l\u0131r. \u0130ktidar partisi CHP`nin, ku\u015fkusuz, ger\u00e7ek bir k\u00fclt\u00fcr adam\u0131 olan Milli E\u011fitim Bakan\u0131 Hasan Ali Y\u00fccel&#8217;in \u00e7abalar\u0131yla d\u00fczenledi\u011fi yurt gezilerine se\u00e7ilen ressamlardan biri de gen\u00e7 Avni Arba\u015f&#8217;t\u0131r. \u015eans\u0131na Siirt d\u00fc\u015fm\u00fc\u015ft\u00fcr. \u0130lk kez o y\u0131llar\u0131n yoksul Anadolu&#8217;suyla tan\u0131\u015f\u0131r. (1954`te Paris`teki ilk segisinde yer alan ve Mahmut Makal`\u0131n Bizim K\u00f6y&#8217;\u00fcnden \u00a0(Bir K\u00f6y \u00d6\u011fretmeninin Notlar\u0131) esinlendi\u011fi resimlerinde, bu Siirt gezisini an\u0131msam\u0131\u015f olmal\u0131.<\/p>\n<p>1943 y\u0131l\u0131nda, Zerrin ad\u0131nda, Frans\u0131zca bilen, Tatar k\u00f6kenli bir gen\u00e7 k\u0131zla evlendi Avni. Bu arada, \u00e7e\u015fitli karma sergilere (ba\u015fta Liman Sergisi olmak \u00fczere) kat\u0131ld\u0131. Sava\u015f y\u0131llar\u0131nda, Akademi&#8217;deki \u00f6\u011frenimini noktalamak, diplomay\u0131 al\u0131p yedeksubay, sonra da bir lisede resim \u00f6\u011fretmeni olmak pek \u00e7ekici gelmedi\u011fi i\u00e7in, e\u011fitimini elinden geldi\u011fince s\u00fcrd\u00fcrd\u00fc (dokuz y\u0131l!) ve diplomas\u0131n\u0131 almadan (al\u0131p da ne yapacakt\u0131?) sava\u015f\u0131n bitiminin hemen ard\u0131ndan, Frans\u0131z H\u00fck\u00fcmeti&#8217;nin verdi\u011fi bir bursla kapa\u011f\u0131 Paris&#8217;e att\u0131.<\/p>\n<p>O y\u0131llarda t\u00fcm d\u00fcnya ressamlar\u0131n\u0131n Kabesi olan bu kent, sava\u015ftan yeni \u00e7\u0131km\u0131\u015f olmas\u0131na kar\u015f\u0131n, sanat alan\u0131nda ola\u011fan\u00fcst\u00fc bir hareket, canl\u0131l\u0131k, aray\u0131\u015f ve yenilikler i\u00e7indedir. Avni, 37 y\u0131l s\u00fcrecek Fransa ser\u00fcveninin ba\u015flang\u0131c\u0131nda ac\u0131 bir olay ya\u015far: E\u015fi Zerrin do\u011fum s\u0131ras\u0131nda \u00f6l\u00fcr. Avni, do\u011fan k\u0131z\u0131na \u00f6len e\u015finin ad\u0131n\u0131 verir ve \u00e7ocuk bir s\u00fcre sonra, \u0130stanbul&#8217;a anneannesine g\u00f6nderilir. (Avni y\u0131llar boyunca k\u0131z\u0131n\u0131 g\u00f6remeyecektir.) Ama ya\u015fam\u0131nda, resmin de devam etmesi gerektir. Avni&#8217;nin Paris&#8217;ten g\u00f6nderdi\u011fi resimler, Adalet Cimcoz&#8217;un \u0130stanbul&#8217;da yeni a\u00e7\u0131lan Maya Galerisi&#8217;nde sergilenir (1951). Bu onun ilk ki\u015fisel sergisidir. Paris&#8217;teki ilk sergisinde ise (Galerie La Roue, May\u0131s 1953), \u00e7o\u011funlu\u011fu Bizim K\u00f6y&#8217;den insan manzaralar\u0131, diye niteleyebilece\u011fimiz resimlerden olu\u015fur. 1950&#8217;lerin ba\u015flar\u0131ndan beri birlikte oldu\u011fu Henriette Lapouge ile 1958&#8217;de evlenir. Uzun y\u0131llar boyunca ger\u00e7ekle\u015ftirdi\u011fi Henriette portrelerinde, Arba\u015f&#8217;\u0131n portre ressam\u0131 yetene\u011fi t\u00fcm boyutlar\u0131yla belirir. T\u0131pk\u0131, zaman zaman yolu Paris&#8217;e d\u00fc\u015fen Naz\u0131m Hikmet&#8217;ten \u00e7al\u0131\u015ft\u0131\u011f\u0131 krokilerde, desenlerde oldu\u011fu gibi.<\/p>\n<p>Avni Arba\u015f, Paris, Antibes ve Vallauris&#8217;te, aralar\u0131nda Picasso&#8217;lar\u0131n, Tristan Tzara&#8217;lar\u0131n, Aragon&#8217;lar\u0131n, Prevert karde\u015flerin de bulundu\u011fu bir dostlar \u00e7evresi edinmi\u015f ve Ecole de Paris ressamlar\u0131 aras\u0131nda yerini alm\u0131\u015ft\u0131r. 1966&#8217;da Henry Montherlant&#8217;\u0131n toplu oyunlar\u0131n\u0131n 3. cildini resimler. Bu l\u00fcks bask\u0131da, sanat\u00e7\u0131n\u0131n, Fernand Mourlot At\u00f6lyesi&#8217;nde ger\u00e7ekle\u015ftirdi\u011fi on be\u015f \u00f6zg\u00fcn litho yer almaktad\u0131r. (Editions Lidis\/Imprimerie Nationale, Paris 1966.)<\/p>\n<p>Kaynak: Ferit Edg\u00fc, &#8216;Avni Arba\u015f&#8217;, T\u00fcrkiye \u0130\u015f Bankas\u0131 Yay\u0131nlar\u0131, \u0130stanbul-2001<\/p>\n<p><img loading=\"lazy\" decoding=\"async\" src=\"http:\/\/www.circassiancenter.com\/cc-turkiye\/sanat\/resim\/painter-name\/avniugur.gif\" width=\"430\" height=\"79\" border=\"0\" \/><\/p>\n<p>De\u011ferli ressam\u0131m\u0131z\u0131n biyografisine ula\u015famad\u0131\u011f\u0131m\u0131z i\u00e7in yay\u0131nlayam\u0131yoruz. E\u011fer bu konuda bir belge ya da bilgi bulursan\u0131z l\u00fctfen bizi bilgilendiriniz.<\/p>\n<p><strong>CircassianCenter<\/strong><\/p>\n<p><strong> <b><a href=\"mailto:cc-turkiye@circassiancenter.com\">cc-turkiye@circassiancenter.com<\/a><\/b><\/strong><\/p>\n<p><img loading=\"lazy\" decoding=\"async\" src=\"http:\/\/www.circassiancenter.com\/cc-turkiye\/sanat\/resim\/painter-name\/bedia.gif\" width=\"430\" height=\"79\" border=\"0\" \/><\/p>\n<p>1956 D\u00fczce do\u011fumlu. \u00c7erkes (Wub\u0131h) Dip\u015fov k\u00f6kenlidir. Babas\u0131n\u0131n memuriyeti nedeniyle Anadolu&#8217;nun \u00e7e\u015fitli kentlerini dola\u015ft\u0131. Ailesi 1970&#8217;de Ankara&#8217;ya yerle\u015fti. 1988-1994 y\u0131llar\u0131 aras\u0131nda \u00e7e\u015fitli at\u00f6lyelerde resim e\u011fitimi ald\u0131. 1996 y\u0131l\u0131ndan sonra yo\u011fun olarak sanat ortam\u0131ndaki etkinliklerde yerald\u0131. Bir\u00e7ok karma sergiye kat\u0131ld\u0131. \u0130lk ki\u015fisel sergisini 2002 de Seher Sanat Galerisi&#8217;nde a\u00e7t\u0131. Sanat\u00e7\u0131n\u0131n &#8220;Bukalemun&#8221; adl\u0131 mozaik \u00e7al\u0131\u015fmas\u0131 Bodrum A\u00e7\u0131khava Heykel M\u00fczesi&#8217;nde yeralmaktad\u0131r.<br \/>\n<img loading=\"lazy\" decoding=\"async\" src=\"http:\/\/www.circassiancenter.com\/cc-turkiye\/sanat\/resim\/painter-name\/belgin.gif\" width=\"430\" height=\"79\" border=\"0\" \/><\/p>\n<p>1975 y\u0131l\u0131nda Konya&#8217;da do\u011fdu. \u00c7erkes, Abzegh k\u00f6kenlidir. \u0130lk ve orta \u00f6\u011frenimini Konya&#8217;da tamamlad\u0131. 1998 y\u0131l\u0131nda Konya Sel\u00e7uk \u00dcniversitesi Resim-\u0130\u015f b\u00f6l\u00fcm\u00fcnden mezun oldu. Ayn\u0131 y\u0131l \u00f6\u011fretmenlik g\u00f6revine ba\u015flad\u0131. Halen Konya Sel\u00e7uklu Dumlup\u0131nar Lisesi&#8217;nde resim \u00f6\u011fretmeni olarak g\u00f6rev yapmaktad\u0131r. Bir \u00e7ok sergiye kat\u0131lan sanat\u00e7\u0131 \u00e7al\u0131\u015fmalar\u0131n\u0131 Konya&#8217;daki \u00f6zel at\u00f6lyesinde s\u00fcrd\u00fcrmektedir.<\/p>\n<p><img loading=\"lazy\" decoding=\"async\" src=\"http:\/\/www.circassiancenter.com\/cc-turkiye\/sanat\/resim\/painter-name\/cemil.gif\" width=\"430\" height=\"79\" border=\"0\" \/><\/p>\n<p>1963 y\u0131l\u0131nda Sivas, \u015eark\u0131\u015fla, M.Karaca\u00f6ren&#8217;de do\u011fdu. \u00c7erkes, Kaberdey k\u00f6kenlidir. 1984-88 y\u0131llar\u0131 aras\u0131nda Marmara \u00dcniversitesi G\u00fczel Sanatlar Fak\u00fcltesi Resim B\u00f6l\u00fcm\u00fc&#8217;nde e\u011fitim g\u00f6rd\u00fc. 1988 y\u0131l\u0131nda, M.\u00dc. G\u00fczel Sanatlar Fak\u00fcltesi Resim B\u00f6l\u00fcm\u00fc&#8217;nde ba\u015flad\u0131\u011f\u0131 Y\u00fcksek Lisans Program\u0131 \u00e7er\u00e7evesinde &#8221; Graffiti&#8221; konulu tez \u00e7al\u0131\u015fmas\u0131n\u0131 1991&#8217;de tamamlad\u0131 ayn\u0131 y\u0131l ayn\u0131 kurumda Ara\u015ft\u0131rma G\u00f6revlisi olarak \u00e7al\u0131\u015fmaya ba\u015flad\u0131. 1991&#8217;de ayn\u0131 kurumda &#8220;\u00c7a\u011fda\u015f Sanatta Anlat\u0131m \u00d6gesi Olarak Ate\u015f&#8221; konulu Sanatta Yeterlilik Program\u0131&#8217;na ba\u015flad\u0131. 1993&#8217;de Salzburg Yaz Akademisi&#8217;ne Avusturya h\u00fck\u00fcmetinin bursu ile kat\u0131ld\u0131. 1996 y\u0131l\u0131nda Sanatta Yeterlilik Program\u0131&#8217;n\u0131 tamamlad\u0131. 1997 y\u0131l\u0131nda 1.Balkan \u00dclkeleri Selanik Sanat Sempozyumu&#8217;na Uluslararas\u0131 Plastik Sanatlar Derne\u011fi&#8217;ni temsilen kat\u0131ld\u0131. Yurti\u00e7inde 4 ki\u015fisel sergi a\u00e7an, yurtd\u0131\u015f\u0131 ve yurti\u00e7inde \u00e7ok say\u0131da karma sergiye kat\u0131lan sanat\u00e7\u0131n\u0131n yap\u0131tlar\u0131 \u00e7e\u015fitli \u00f6zel koleksiyonlarda yeralmaktad\u0131r. \u00c7al\u0131\u015fmalar\u0131n\u0131 \u00f6zel at\u00f6lyesinde s\u00fcrd\u00fcren sanat\u00e7\u0131 Marmara \u00dcniversitesi G\u00fczel sanatlar Fak\u00fcltesi Temel Sanat E\u011fitimi Dal\u0131nda Yard\u0131mc\u0131 Do\u00e7ent olarak g\u00f6rev yapmaktad\u0131r.<\/p>\n<p><img loading=\"lazy\" decoding=\"async\" src=\"http:\/\/www.circassiancenter.com\/cc-turkiye\/sanat\/resim\/painter-name\/cihat.gif\" width=\"430\" height=\"79\" border=\"0\" \/><\/p>\n<p>1940, Sinop, Bekta\u015fa\u011fa k\u00f6y\u00fc do\u011fumlu. \u00c7erkes, Kabardey k\u00f6kenlidir. 1964-69 tarihleri aras\u0131nda Devlet G\u00fczel Sanatlar Akademisi Resim B\u00f6l\u00fcm\u00fc&#8217;nden mezun oldu. 1970 y\u0131l\u0131nda ihtisas yapmak \u00fczere devlet burslusu olarak Fransa&#8217;ya g\u00f6nderildi. 1974 y\u0131l\u0131nda Devlet G\u00fczel Sanatlar Akademisi Resim B\u00f6l\u00fcm\u00fc \u00f6\u011fretim g\u00f6revlisi olarak atand\u0131. 1979 y\u0131l\u0131nda G\u00f6rsel Sanat\u00e7\u0131lar Derne\u011fi Ba\u015fkanl\u0131\u011f\u0131&#8217;na se\u00e7ildi. 1985 y\u0131l\u0131nda 1402 s\u0131k\u0131y\u00f6netim yasas\u0131 ile Akademi&#8217;deki g\u00f6revinden al\u0131nd\u0131. 1989 y\u0131l\u0131nda g\u00f6revine yeniden ba\u015flad\u0131. Sanat\u00e7\u0131 1970 y\u0131l\u0131ndan g\u00fcn\u00fcm\u00fcze dek 16 ki\u015fisel sergi a\u00e7t\u0131, yurti\u00e7inde ve yurtd\u0131\u015f\u0131nda \u00e7ok say\u0131da karma ve grup sergilerine kat\u0131ld\u0131. Yap\u0131tlar\u0131 M\u00fcze, \u00e7e\u015fitli kurum ve \u00f6zel koleksiyonlarda yeralmaktad\u0131r. Sanat\u00e7\u0131 Mimar Sinan \u00dcniversitesi G\u00fczel sanatlar Fak\u00fcltesi Resim B\u00f6l\u00fcm\u00fc \u00f6\u011fretim \u00fcyesidir.<\/p>\n<p><img loading=\"lazy\" decoding=\"async\" src=\"http:\/\/www.circassiancenter.com\/cc-turkiye\/sanat\/resim\/painter-name\/cigdem.gif\" width=\"430\" height=\"79\" border=\"0\" \/><\/p>\n<p>1958&#8217;de Antakya&#8217;da do\u011fdu.\u00c7erkes, Abzegh k\u00f6kenlidir.1978&#8217;de Gazi E\u011fitim Enstit\u00fcs\u00fc Resim B\u00f6l\u00fcm\u00fc&#8217;nden mezun oldu. 1980&#8217;de resimli \u00e7ocuk kitab\u0131 yay\u0131nlad\u0131. 1992&#8217;de MEB Talim Terbiye Kurulu Resim \u0130htisas Komisyonu \u00dcyeli\u011fi&#8217;nde bulundu. 1994&#8217;de Gazi \u00dcniversitesi G\u00fczel Sanatlar Fak\u00fcltesi&#8217;nde Lisans e\u011fitimini tamamlad\u0131. Ayn\u0131 y\u0131l G\u00fczel Sanatlar Lisesi resim \u00f6\u011fretmenli\u011fine ba\u015flad\u0131. 1995&#8217;de Ankara G\u00fczel Sanatlar Galerisi Koruma ve Ya\u015fatma Derne\u011fi&#8217;nde kurucu \u00fcye olarak yerald\u0131. 1999 da T\u00fcrk-Macar K\u00fclt\u00fcr ve Dostluk Derne\u011fi \u00fcyesi oldu. Ki\u015fisel sergiler a\u00e7an, yurti\u00e7i ve yurtd\u0131\u015f\u0131nda \u00e7ok say\u0131da karma sergiye ve \u00e7e\u015fitli sanat etkinliklerine kat\u0131lan sanat\u00e7\u0131 \u00e7al\u0131\u015fmalar\u0131n\u0131 halen Ankara&#8217;da s\u00fcrd\u00fcrmektedir.<br \/>\n<img loading=\"lazy\" decoding=\"async\" src=\"http:\/\/www.circassiancenter.com\/cc-turkiye\/sanat\/resim\/painter-name\/elmas.gif\" width=\"430\" height=\"79\" border=\"0\" \/><\/p>\n<p>De\u011ferli ressamlar\u0131m\u0131z\u0131n biyografisine ula\u015famad\u0131\u011f\u0131m\u0131z i\u00e7in yay\u0131nlayam\u0131yoruz. E\u011fer bu konuda bir belge ya da bilgi bulursan\u0131z l\u00fctfen bizi bilgilendiriniz. <strong> CircassianCenter<\/strong><\/p>\n<p><strong> <b><a href=\"mailto:cc-turkiye@circassiancenter.com\">cc-turkiye@circassiancenter.com<\/a><\/b><\/strong><\/p>\n<p><img loading=\"lazy\" decoding=\"async\" src=\"http:\/\/www.circassiancenter.com\/cc-turkiye\/sanat\/resim\/painter-name\/ercan.gif\" width=\"430\" height=\"79\" border=\"0\" \/><\/p>\n<p>1946&#8217;da Samsun, Terme, Hac\u0131 Hamus k\u00f6y\u00fcnde do\u011fdu. \u00c7erkes, \u015eaps\u0131\u011f k\u00f6kenlidir. 1968 de MEB Yay\u0131mlar Genel M\u00fcd\u00fcrl\u00fc\u011f\u00fc&#8217;nde, daha sonra 1977&#8217;de Hacettepe \u00dcniversitesi&#8217;nde g\u00f6reve ba\u015flad\u0131. 1987&#8217;de Hacettepe \u00dcniversitesi B\u0130DB programc\u0131 ve i\u015fletim sorumlusu olarak g\u00f6rev yapt\u0131. 1994 y\u0131l\u0131nda Hacettepe \u00dcniversitesi G\u00fczel Sanatlar B\u00f6l\u00fcm\u00fc Grafik Sanatlar B\u00f6l\u00fcm\u00fc&#8217;nden mezun oldu. 1999 y\u0131l\u0131nda se\u00e7meli dersler b\u00f6l\u00fcm\u00fcne s\u00f6zle\u015fmeli \u00f6\u011fretim g\u00f6revlisi olarak atand\u0131. Ki\u015fisel sergilerinin yan\u0131nda \u00e7ok say\u0131da karma sergiye kat\u0131lan sanat\u00e7\u0131 \u00e7al\u0131\u015fmalar\u0131n\u0131 kendi at\u00f6lyesinde s\u00fcrd\u00fcrmektedir.<br \/>\n<img loading=\"lazy\" decoding=\"async\" src=\"http:\/\/www.circassiancenter.com\/cc-turkiye\/sanat\/resim\/painter-name\/erol.gif\" width=\"430\" height=\"79\" border=\"0\" \/><\/p>\n<p>\u00c7e\u00e7enlerin Enganoy boyuna mensup, 1960 G\u00f6ksun\/K.Mara\u015f do\u011fumludur. Lisans e\u011fitimini 1983 y\u0131l\u0131nda Gazi \u00dcniversitesi Gazi E\u011fitim Fak\u00fcltesi Resim-\u0130\u015f E\u011fitimi B\u00f6l\u00fcm\u00fcnde tamamlam\u0131\u015ft\u0131r. 1987 y\u0131l\u0131nda Gazi \u00dcniversitesi&#8217;nde, Sanat Tarihi alan\u0131nda Y\u00fcksek Lisans, 1990 y\u0131l\u0131nda \u0130n\u00f6n\u00fc \u00dcniversitesi Sosyal Bilimler Enstit\u00fcs\u00fc&#8217;nde Resim alan\u0131nda Sanatta Yeterlik (Doktora) yapm\u0131\u015ft\u0131r. 1986 y\u0131l\u0131nda O.D.T.\u00dc. K.Mara\u015f M.Y.Okulunda part-time \u00f6\u011fretim g\u00f6revlisi olarak akademik hayata ba\u015flam\u0131\u015ft\u0131r, \u0130n\u00f6n\u00fc (Malatya) ve Sel\u00e7uk (Konya) \u00dcniversiteleri Resim B\u00f6l\u00fcmleri&#8217;nin kurucu \u00fcyesidir. Halen 1997 y\u0131l\u0131nda ba\u015flad\u0131\u011f\u0131 \u0130n\u00f6n\u00fc \u00dcniversitesi&#8217;ndeki \u00f6\u011fretim \u00fcyeli\u011fi g\u00f6revini s\u00fcrd\u00fcrmektedir.<\/p>\n<p>Bilimsel \u00e7al\u0131\u015fmalar\u0131 sanat tarihi ve el sanatlar\u0131 konular\u0131 a\u011f\u0131rl\u0131kl\u0131 olarak Kafkasya sahas\u0131nda yo\u011funla\u015fm\u0131\u015f bulunmaktad\u0131r. Bu ama\u00e7la \u00e7e\u015fitli y\u0131llarda G\u00fcrcistan, \u00c7e\u00e7enya, \u0130ngu\u015fya, Osetya ve Da\u011f\u0131stan gibi \u00fclkelerde ara\u015ft\u0131rmalar yapm\u0131\u015ft\u0131r. \u201cKuzey Kafkasya&#8217;da Vaynah Kule Mimarisi\u201d ve \u201cKafkas Diasporas\u0131 Saha Ara\u015ft\u0131rmalar\u0131 \u0130\u00e7in Teknikler ve \u00d6neriler\u201d adl\u0131 yay\u0131nlanm\u0131\u015f iki kitab\u0131 bulunmaktad\u0131r.<\/p>\n<p>Sanatsal \u00e7al\u0131\u015fmalar\u0131 ya\u011fl\u0131 boya tekni\u011fi a\u011f\u0131rl\u0131kl\u0131 olarak resim alan\u0131nda devam etmektedir. Yurti\u00e7i ve yurtd\u0131\u015f\u0131nda \u00e7e\u015fitli karma sergilere kat\u0131lan sanat\u00e7\u0131n\u0131n resmi ve \u00f6zel koleksiyonlarda yap\u0131tlar\u0131 bulunmaktad\u0131r. Kafkasya Ara\u015ft\u0131rmalar\u0131 Grubu \u00fcyesidir.<\/p>\n<p><img loading=\"lazy\" decoding=\"async\" src=\"http:\/\/www.circassiancenter.com\/cc-turkiye\/sanat\/resim\/painter-name\/feride.gif\" width=\"430\" height=\"79\" border=\"0\" \/><\/p>\n<p>1963 y\u0131l\u0131nda Adana&#8217;da do\u011fdu. \u00c7erkes Kabardey k\u00f6kenlidir. 1986 y\u0131l\u0131nda Mimar Sinan \u00dcniversitesi Y. Resim B\u00f6l\u00fcm\u00fc&#8217;nden (Adnan \u00c7oker At\u00f6lyesi) mezun oldu. Bir d\u00f6nem \u0130stanbul \u00dcniversitesi G\u00fczel Sanatlar B\u00f6l\u00fcm\u00fc&#8217;nde \u00f6\u011fretim g\u00f6revlisi olarak \u00e7al\u0131\u015ft\u0131. \u0130kisi Japonya&#8217;da olmak \u00fczere 5 ki\u015fisel sergi a\u00e7t\u0131, Japonya&#8217;n\u0131n Toyama kentinde d\u00fczenlenen ART-EX-TOYAMA sergilerine \u00e7a\u011fr\u0131l\u0131 sanat\u00e7\u0131 olarak 3 kez kat\u0131ld\u0131. T\u00fcrkiye ve Japonya&#8217;da bir\u00e7ok karma ve grup sergilerine kat\u0131lan, 3 \u00f6d\u00fcl\u00fcn sahibi olan sanat\u00e7\u0131n\u0131n yap\u0131tlar\u0131 ba\u015fta \u0130stanbul Resim Heykel M\u00fczesi olmak \u00fczere T\u00fcrkiye ve Japonya&#8217;daki \u00f6zel koleksiyonlarda bulunmaktad\u0131r.<\/p>\n<p><img loading=\"lazy\" decoding=\"async\" src=\"http:\/\/www.circassiancenter.com\/cc-turkiye\/sanat\/resim\/painter-name\/guzin.gif\" width=\"430\" height=\"79\" border=\"0\" \/><\/p>\n<p>1966 y\u0131l\u0131nda Samsun, Kavak, S\u0131ral\u0131 K\u00f6y\u00fc&#8217;nde do\u011fdu. \u00c7erkes, Ub\u0131h k\u00f6kenlidir.1988&#8217;de 19 May\u0131s \u00dcniversitesi E\u011fitim Fak\u00fcltesi Resim-\u0130\u015f B\u00f6l\u00fcm\u00fc&#8217;nden mezun oldu. 1988&#8217;de Gazi \u00dcniversitesi Sosyal Bilimler Enstit\u00fcs\u00fc Resim-\u0130\u015f E\u011fitimi Anabilim dal\u0131nda Y\u00fcksek Lisans e\u011fitimine ba\u015flad\u0131. 1989&#8217;da Ankara Nall\u0131han Sar\u0131yar Lisesi&#8217;nde Resim-\u0130\u015f \u00d6\u011fretmenli\u011fi yapt\u0131. Ayn\u0131 y\u0131l Gazi \u00dcniversitesi E\u011fitim Fak\u00fcltesi Resim-\u0130\u015f B\u00f6l\u00fcm\u00fc&#8217;nde Ara\u015ft\u0131rma g\u00f6revlisi oldu. Gazi \u00dcniversitesi Sosyal Bilimler Enstit\u00fcs\u00fc Resim-\u0130\u015f E\u011fitimi Anabilim Dal\u0131&#8217;nda 1990&#8217;da Y\u00fcksek Lisans, 1997&#8217;de doktora \u00e7al\u0131\u015fmas\u0131n\u0131 tamamlad\u0131. 1999&#8217;da Gazi \u00dcniversitesi E\u011fitim Fak\u00fcltesi Resim-\u0130\u015f B\u00f6l\u00fcm\u00fc&#8217;ne \u00f6\u011fretim g\u00f6revlisi olarak atand\u0131. \u0130ki ki\u015fisel sergi a\u00e7an ve \u00e7ok say\u0131da karma sergiye kat\u0131lan sanat\u00e7\u0131, \u00e7al\u0131\u015fmalar\u0131n\u0131 Ankara&#8217;da \u00f6zel at\u00f6lyesinde s\u00fcrd\u00fcrmektedir.<\/p>\n<p><img loading=\"lazy\" decoding=\"async\" src=\"http:\/\/www.circassiancenter.com\/cc-turkiye\/sanat\/resim\/painter-name\/halil.gif\" width=\"430\" height=\"79\" border=\"0\" \/><\/p>\n<p>Da\u011f\u0131stanl\u0131, Avar as\u0131ll\u0131 sanat\u00e7\u0131; Avar b\u00f6lgesinde, Gunip&#8217;te do\u011fmu\u015ftur. \u0130lk \u00f6\u011frenimini \u00c7oh k\u00f6y\u00fcnde g\u00f6rd\u00fc. \u00c7e\u00e7en b\u00f6lgesinde; Sun\u00e7kale&#8217;de orta \u00f6\u011frenimini tamamlad\u0131. \u0130stanbul\u2019da bir s\u00fcre ya\u015fad\u0131. Y\u00fcksek \u00f6\u011frenimini Almanya\u2019da yapan sanat\u00e7\u0131; 18 Eyl\u00fcl 1917&#8217;de Andi Kurultay\u2019\u0131nda Da\u011f\u0131stan temsilcisiydi. Timurhan\u015fura&#8217;da &#8220;Tan \u00c7ulpan\u0131&#8221; adl\u0131 dergiyi yay\u0131nlad\u0131. 1933&#8217;de &#8220;Paris Salon Sergisi&#8221;ne kat\u0131ld\u0131. Almanya ve Fransa&#8217;da\u00a0 sanat \u00e7evrelerince ad\u0131ndan \u00e7ok\u00e7a bahsedildi. Sovyet y\u00f6netiminin kendisinden Lenin&#8217;e ayr\u0131lan g\u00f6rkemli bir katar\u0131, Kafkasya&#8217;n\u0131n dize getirili\u015fini g\u00f6steren resimlerle s\u00fcslemesini istemesi \u00fczerine, \u00fclkesinden ayr\u0131lmay\u0131 tercih etmi\u015ftir (<strong>Son Bahad\u0131rlar\u0131n \u00dclkesi, s.15). <\/strong><\/p>\n<p>Sanat\u0131 ile ilgili ayr\u0131nt\u0131l\u0131 bilgiler i\u00e7eren \u201cSon Bahad\u0131rlar\u0131n \u00dclkesi\u201d adl\u0131 kitab\u0131n; Beck&#8217;sche Verlagsbuchhandlung M\u00fcnchen yay\u0131nevinin 1936 y\u0131l\u0131nda &#8221; Das Land der letzten Ritter&#8221; Almanca\u2019dan, say\u0131n S\u00fcreyya \u00dclker taraf\u0131ndan T\u00fcrk\u00e7e\u2019ye \u00e7evirisi yap\u0131lm\u0131\u015ft\u0131r.<\/p>\n<p>Sanat\u0131 \u201cD\u00f6neminin Sosyal Olaylar\u0131n\u0131 \u00d6yk\u00fcsel\u201d bir dille resimlerine aktarm\u0131\u015ft\u0131r. Resimleri T\u00fcrkiye \u00c7erkesleri i\u00e7in\u00a0olduk\u00e7a tan\u0131d\u0131kt\u0131r. Bunun yan\u0131nda \u00e7ok g\u00fc\u00e7l\u00fc, mitolojik konulu ill\u00fcstrasyonlar\u0131 da biyografisini anlatan kitapta yer almaktad\u0131r. Halil Bek Musayasul&#8217;un mutlaka daha iyi tan\u0131t\u0131lmas\u0131 gerekmektedir.\u00a0<strong>Son Bahad\u0131rlar\u0131n \u00dclkesi, <\/strong>\u00c7eviren: S\u00fcreyya \u00dclker, Teknografik Matbaac\u0131l\u0131k A.\u015e., \u0130stanbul,1998.<\/p>\n<p><strong> Not: Sanat\u00e7\u0131m\u0131z i\u00e7in bilgileri <\/strong> \u00c7ukurova \u00dcniversitesi, E\u011fitim Fak\u00fcltesi, Sanat E\u011fitimi \u00d6\u011fretim G\u00f6revlisi say\u0131n <strong>Hakan Demir<\/strong> g\u00f6ndermi\u015ftir. \u0130lgisinden ve katk\u0131s\u0131ndan dolay\u0131 kendisine te\u015fekk\u00fcr ediyoruz. (CC)<\/p>\n<p><img loading=\"lazy\" decoding=\"async\" src=\"http:\/\/www.circassiancenter.com\/cc-turkiye\/sanat\/resim\/painter-name\/hayati.gif\" width=\"430\" height=\"79\" border=\"0\" \/><\/p>\n<p>De\u011ferli ressam\u0131m\u0131z\u0131n biyografisine ula\u015famad\u0131\u011f\u0131m\u0131z i\u00e7in yay\u0131nlayam\u0131yoruz. E\u011fer bu konuda bir belge ya da bilgi bulursan\u0131z l\u00fctfen bizi bilgilendiriniz. <strong> CircassianCenter <\/strong><\/p>\n<p><strong> <b><a href=\"mailto:cc-turkiye@circassiancenter.com\">cc-turkiye@circassiancenter.com<\/a><\/b><\/strong><\/p>\n<p><img loading=\"lazy\" decoding=\"async\" src=\"http:\/\/www.circassiancenter.com\/cc-turkiye\/sanat\/resim\/painter-name\/huseyin.gif\" width=\"430\" height=\"79\" border=\"0\" \/><\/p>\n<p><strong> (1886-1927)<br \/>\n<\/strong> Sanat\u00e7\u0131n\u0131n ailesi 1877-1878 Osmanl\u0131 Rus sava\u015f\u0131 s\u0131ras\u0131nda Kafkasya&#8217;n\u0131n Kuban b\u00f6lgesinden g\u00f6\u00e7 ederek \u00f6nce Samsun&#8217;a yerle\u015fti. H.Avni Lifij, Samsun&#8217;un Ladik il\u00e7esine ba\u011fl\u0131 Karaaptalsultan k\u00f6y\u00fcnde do\u011fdu. \u00c7erkes, Adige k\u00f6kenlidir. Ailesi, Samsun&#8217;dan g\u00f6\u00e7 ederek \u0130stanbul Rumelihisar\u0131&#8217;na yerle\u015fti. \u0130lk \u00f6\u011frenimini Fatih&#8217;de mahalle mektebinde, orta \u00f6\u011frenimini \u015eehzadeba\u015f\u0131 &#8220;Numune-I Terrakki&#8221; mektebinde yapt\u0131.<br \/>\nSanat\u00e7\u0131n\u0131n o y\u0131llarda Ayasofya&#8217;da mimari \u00e7izimler yapan Henry Prost ile tan\u0131\u015fmas\u0131, sanat \u00f6\u011frenimi i\u00e7in Sanayi-i Nefise&#8217;ye ba\u015fvurmas\u0131na yol a\u00e7t\u0131. Osman Hamdi , onun resimlerini, Avrupa&#8217;ya \u00f6\u011frenci g\u00f6ndermek isteyen \u015eehzade Abd\u00fclmecid&#8217;e g\u00f6sterince, H\u00fcseyin Avni&#8217;ye Avrupa&#8217;n\u0131n kap\u0131lar\u0131 a\u00e7\u0131lm\u0131\u015f oldu. Bir y\u0131l kadar Sanayi-i Nefise&#8217;de s\u00fcren bir e\u011fitimden sonra Paris G\u00fczel Sanatlar Akademisi&#8217;ne g\u00f6nderilen sanat\u00e7\u0131, Cormon&#8217;un at\u00f6lyesine yaz\u0131ld\u0131. Ancak Paris&#8217;de bulundu\u011fu y\u0131llarda daha \u00e7ok simgeci ressamlara ilgi duydu.<\/p>\n<p>1912&#8217;de \u0130stanbul&#8217;a d\u00f6n\u00fcnce bir s\u00fcre \u00f6\u011fretmenlik yapt\u0131. Sanat ortam\u0131na ilk kez 1916 y\u0131l\u0131nda Galatasaray Lisesi&#8217;nde a\u00e7\u0131lan sergiye resim vererek kat\u0131ld\u0131. Ertesi y\u0131l ayn\u0131 yerde a\u00e7\u0131lan sergide, \u00e7o\u011funlu\u011fu \u0130stanbul&#8217;un \u00e7e\u015fitli g\u00f6r\u00fcn\u00fcmleri olan 20 resmi yer ald\u0131. Bir s\u00fcre d\u00f6nemin Harbiye Naz\u0131r\u0131 tarf\u0131ndan a\u00e7\u0131lan \u015ei\u015fli&#8217;deki resim at\u00f6lyesinde sava\u015f ve kahramanl\u0131k konulu \u00e7al\u0131\u015fmalar yapan H\u00fcseyin Avni, a\u00e7\u0131lan sergilere d\u00fczenli olarak resim vermi\u015ftir. 1923&#8217;de G\u00fczel Sanatlar Akademi&#8217;sinde s\u00fcsleme hocal\u0131\u011f\u0131na getirildi. Sanat\u00e7\u0131n\u0131n \u00f6l\u00fcm\u00fcnden sonra 1931&#8217;de \u0130stanbul Alay K\u00f6\u015fk\u00fc&#8217;nde geni\u015f bir retrospektif sergi d\u00fczenlenmi\u015ftir. Eserleri m\u00fczeler ve \u00e7e\u015fitli kurum ve \u00f6zel koleksiyonlarda yer al\u0131r.<\/p>\n<p><img loading=\"lazy\" decoding=\"async\" src=\"http:\/\/www.circassiancenter.com\/cc-turkiye\/sanat\/resim\/painter-name\/ihsan.gif\" width=\"430\" height=\"79\" border=\"0\" \/><\/p>\n<p>1930 y\u0131l\u0131nda Konya&#8217;da do\u011fdu. \u00c7erkes, Kaberdey k\u00f6kenlidir. 1947 y\u0131l\u0131nda Devlet G\u00fczel Sanatlar Akademisi Y\u00fcksek Resim B\u00f6l\u00fcm\u00fc&#8217;ne girdi. 1955 y\u0131l\u0131nda bu kurumun Bedri Rahmi Ey\u00fcbo\u011flu At\u00f6lyesi&#8217;nden mezun oldu. 1956 y\u0131l\u0131nda Paris&#8217;e gitti ve 1961 y\u0131l\u0131nda yurda d\u00f6nd\u00fc. 1963 y\u0131l\u0131nda Bal\u0131kesir Devlet G\u00fczel sanatlar Galerisi&#8217;ni kurdu. 1965 y\u0131l\u0131nda \u0130stanbul Resim ve Heykel M\u00fczesi&#8217;nde g\u00f6revlendirildi. 1967 y\u0131l\u0131nda \u0130talyan h\u00fck\u00fcmetinin bursu ile Roma Merkez Restorasyon Enstit\u00fcs\u00fc&#8217;nde e\u011fitim g\u00f6rd\u00fc ve sertifika ald\u0131. 1978 y\u0131l\u0131nda Bel\u00e7ika h\u00fck\u00fcmetinin davetlisi olarak Bel\u00e7ika&#8217;da mesleki ara\u015ft\u0131rmalar yapt\u0131. 1982 y\u0131l\u0131nda Mimar Sinan \u00dcniversitesi&#8217;nde Restorasyon Uygulama At\u00f6lyesi&#8217;ni kurdu. 1995 y\u0131l\u0131nda emekli oldu. \u0130lk ki\u015fisel sergisini 1975&#8217;de K\u00fcmbat Sanat Galerisi&#8217;nde a\u00e7an sanat\u00e7\u0131 son ki\u015fisel sergisini Nilg\u00fcn \u015eensoy sanat Galerisi&#8217;nde a\u00e7t\u0131. 1949 y\u0131l\u0131ndan bug\u00fcne bir\u00e7ok karma sergiye kat\u0131lan, yap\u0131tlar\u0131 ba\u015fta m\u00fcze koleksiyonu olmak \u00fczere bir \u00e7ok \u00f6zel koleksiyonlarda bulunan sanat\u00e7\u0131 1976 y\u0131l\u0131nda Devlet Sergisi&#8217;nde ba\u015far\u0131 \u00f6d\u00fcl\u00fc kazand\u0131. Sanat\u00e7\u0131 \u00e7al\u0131\u015fmalar\u0131n\u0131 Kad\u0131k\u00f6y&#8217;deki at\u00f6lyesinde s\u00fcrd\u00fcrmektedir.<\/p>\n<p><img loading=\"lazy\" decoding=\"async\" src=\"http:\/\/www.circassiancenter.com\/cc-turkiye\/sanat\/resim\/painter-name\/kamuran.gif\" width=\"430\" height=\"79\" border=\"0\" \/><\/p>\n<p>De\u011ferli ressam\u0131m\u0131z\u0131n biyografisine ula\u015famad\u0131\u011f\u0131m\u0131z i\u00e7in yay\u0131nlayam\u0131yoruz. E\u011fer bu konuda bir belge ya da bilgi bulursan\u0131z l\u00fctfen bizi bilgilendiriniz. <strong> CircassianCenter<\/strong><\/p>\n<p><a href=\"mailto:cc-turkiye@circassiancenter.com\"><span style=\"font-family: Arial;\">cc-turkiye@circassiancenter.com<\/span><\/a><span style=\"color: #e0e0e0; font-family: Arial;\"><br \/>\n<\/span><\/p>\n<p><img loading=\"lazy\" decoding=\"async\" src=\"http:\/\/www.circassiancenter.com\/cc-turkiye\/sanat\/resim\/painter-name\/memduh.gif\" width=\"430\" height=\"79\" border=\"0\" \/><\/p>\n<p>1957 y\u0131l\u0131nda Kayseri&#8217;de do\u011fdu. \u00c7erkes, Kaberdey k\u00f6kenlidir. 1985 y\u0131l\u0131nda Mimar Sinan \u00dcniversitesi G\u00fczel Sanatlar Fak\u00fcltesi \u00d6zdemir Altan At\u00f6lyesi&#8217;nden mezun oldu. 16 y\u0131l \u00fcniversitede \u00f6\u011fretim \u00fcyeli\u011fi yapan sanat\u00e7\u0131 1986 y\u0131l\u0131ndan itibaren yaz \u00e7al\u0131\u015fmalar\u0131n\u0131 Amerika Birle\u015fik Devletleri&#8217;ndeki at\u00f6lyesinde s\u00fcrd\u00fcrd\u00fc. \u0130stanbul&#8217;da bir\u00e7ok sanat galerisiyle \u00e7al\u0131\u015fan sanat\u00e7\u0131 Chicago&#8217;da Gain Galeri ile de \u00e7al\u0131\u015fmalar\u0131 s\u00fcrmektedir. Chicago&#8217;da 5, T\u00fcrkiye&#8217;de 9 ki\u015fisel sergi a\u00e7an, yurti\u00e7i ve yurtd\u0131\u015f\u0131nda bir\u00e7ok \u00f6zel koleksiyonda yap\u0131tlar\u0131 bulunan sanat\u00e7\u0131, \u0130stanbul ve Mersin&#8217;deki at\u00f6lyesinde \u00e7al\u0131\u015fmalar\u0131na devam etmektedir.<\/p>\n<p><img loading=\"lazy\" decoding=\"async\" src=\"http:\/\/www.circassiancenter.com\/cc-turkiye\/sanat\/resim\/painter-name\/mihri.gif\" width=\"430\" height=\"79\" border=\"0\" \/><\/p>\n<p><strong> (1886-1954)<br \/>\n<\/strong> \u0130lk kad\u0131n ressamlar\u0131m\u0131zdand\u0131r. Babas\u0131 &#8220;Askeri T\u0131bbiyenin \u00fcnl\u00fc hocalar\u0131ndan \u00c7erkes Mehmet Rasim Pa\u015fa&#8217;d\u0131r. Annesi de Kafkasya g\u00f6\u00e7meni bir aileden gelmektedir. Mihri M\u00fc\u015ffik, \u0130stanbul&#8217;a yerle\u015fen \u0130talyan ressam Fausto Zonaro&#8217;dan dersler ald\u0131. \u0130talya&#8217;da (Roma) ve Fransa&#8217;da (Paris) \u00f6zel at\u00f6lye ve sanat okullar\u0131nda \u00f6\u011frenim g\u00f6rd\u00fc. Roma, Vatikan&#8217;da Papa&#8217;n\u0131n portresini yapt\u0131 ve yap\u0131t\u0131 Vatikan M\u00fczesi&#8217;ne al\u0131nd\u0131. Sanayi-i Nefise&#8217;nin b\u00fcnyesinde yeralan \u0130nas (K\u0131z) Sanayi-i Nefise Mektebi&#8217;nin kurulmas\u0131na \u00f6nc\u00fcl\u00fck etti. Ayn\u0131 okulda m\u00fcd\u00fcrl\u00fck, \u00f6\u011fretmenlik g\u00f6revinde bulundu. 1938-1939-1943 d\u00fcnya sergilerine kat\u0131ld\u0131. Daha sonra ABD&#8217;ye yerle\u015fen sanat\u00e7\u0131, ya\u015fam\u0131n\u0131 \u00f6zel dersler vererek s\u00fcrd\u00fcrd\u00fc. Ya\u015fam\u0131n\u0131n son y\u0131llar\u0131 zorluklarla ge\u00e7ti. Portre ve nat\u00fcrmort \u00e7al\u0131\u015fmalar\u0131yla dikkat \u00e7eken sanat\u00e7\u0131n\u0131n resim heykel m\u00fczelerinde ve \u00f6zel koleksiyonlarda yap\u0131tlar\u0131 bulunmaktad\u0131r.<\/p>\n<p><img loading=\"lazy\" decoding=\"async\" src=\"http:\/\/www.circassiancenter.com\/cc-turkiye\/sanat\/resim\/painter-name\/muallim.gif\" width=\"430\" height=\"79\" border=\"0\" \/><\/p>\n<p>\u0130stanbul, S\u00fcleymaniye&#8217;de do\u011fdu. Babas\u0131 orman memurlar\u0131ndan \u00c7erkes Osman Efendi&#8217;dir. \u0130lk \u00f6\u011frenimini S\u00fcleymaniye ilkokulunda, orta \u00f6\u011frenimini Beyaz\u0131t R\u00fc\u015ftiyesi&#8217;nde bitirdi. Bir d\u00f6nem M\u00fczika-i H\u00fcmayun&#8217;a devam etmi\u015f, daha sonra 1874 y\u0131l\u0131nda Men\u015fe-i K\u00fcttab\u0131 Askeriye&#8217;ye ge\u00e7mi\u015ftir. \u00dcnl\u00fc ressam Salvatore Valeri&#8217;nin Sanayi-i Nefise Mektebi&#8217;nde (G\u00fczel Sanatlar Akademisi) olu\u015fturdu\u011fu ilk s\u0131n\u0131f \u00f6\u011frencilerindendir. Mezuniyeti sonras\u0131nda Sultaniye Mektebi resim \u00f6\u011fretmeni Hayet&#8217;in \u00f6l\u00fcm\u00fc \u00fczerine bo\u015falan kadro i\u00e7in a\u00e7\u0131lan s\u0131navda ba\u015far\u0131l\u0131 bulunarak bu okulda resim \u00f6\u011fretmenli\u011fine getirildi. Bu g\u00f6revi 1893&#8217;de \u00f6l\u00fcm\u00fcne dek s\u00fcrd\u00fcrd\u00fc. Mimari elemanlar\u0131n a\u011f\u0131rl\u0131kta oldu\u011fu do\u011fa g\u00f6r\u00fcn\u00fcmleri ve portreleri ile tan\u0131n\u0131r.<\/p>\n<p><img loading=\"lazy\" decoding=\"async\" src=\"http:\/\/www.circassiancenter.com\/cc-turkiye\/sanat\/resim\/painter-name\/mustafa.gif\" width=\"430\" height=\"79\" border=\"0\" \/><\/p>\n<p>1945&#8217;de Samsun&#8217;da do\u011fdu. \u00c7erkes k\u00f6kenlidir. Resim e\u011fitimini 1963-68 y\u0131llar\u0131 aras\u0131nda \u0130stanbul G\u00fczel Sanatlar Akademisi, Bedri Rahmi Ey\u00fcbo\u011flu At\u00f6lyesi&#8217;nde g\u00f6rd\u00fc. 1969&#8217;da Hollanda&#8217;ya gitti. Haarlem de Atelier &#8217;63&#8217;e devam etti. Daha sonra Amsterdam Belediyesi ve devletin i\u015flerinden koleksiyon yapt\u0131klar\u0131 sanat\u00e7\u0131lar aras\u0131na girdi. S\u0131k olmamakla birlikte de\u011fi\u015fik kentlerde ve 1982&#8217;de \u0130stanbul&#8217;da \u00e7al\u0131\u015fmalar\u0131n\u0131 sergiledi. Sanat\u00e7\u0131 \u00e7al\u0131\u015fmalar\u0131n\u0131 Hollanda, Amsterdam&#8217;daki at\u00f6lyesinde s\u00fcrd\u00fcrmektedir. Resim \u00e7al\u0131\u015fmalar\u0131yla birlikte, \u00f6zg\u00fcn bask\u0131, k\u00fc\u00e7\u00fck objeler ve video denemeleri yapmaktad\u0131r. Sanat\u00e7\u0131n\u0131n T\u00fcrkiye&#8217;de, Hollanda&#8217;da ve di\u011fer \u00f6nemli \u00fclkelerin \u00f6zel koleksiyonlar\u0131nda yap\u0131tlar\u0131 yeralmaktad\u0131r.<\/p>\n<p><img loading=\"lazy\" decoding=\"async\" src=\"http:\/\/www.circassiancenter.com\/cc-turkiye\/sanat\/resim\/painter-name\/muserref.gif\" width=\"430\" height=\"79\" border=\"0\" \/><\/p>\n<p>1967 y\u0131l\u0131nda do\u011fdu. Abhaz k\u00f6kenlidir. 1986 y\u0131l\u0131nda Mimar Sinan \u00dcniversitesi, G\u00fczel Sanatlar Fak\u00fcltesi, Resim B\u00f6l\u00fcm\u00fc&#8217;nden mezun oldu. 1986 y\u0131l\u0131ndan itibaren \u00e7e\u015fitli yurti\u00e7i ve yurtd\u0131\u015f\u0131ndaki sergilere kat\u0131ld\u0131. 1991 &#8220;\u00c7a\u011fda\u015f Sanat Sergisi-Tokyo, Japonya, 1992 &#8220;Mahares \u0131. Plastic Art Festival&#8221;, Tunus, 1998 &#8220;Art Culture Center&#8221;, St.Etienne, Fransa sergileri, sanat\u00e7\u0131n\u0131n kat\u0131ld\u0131\u011f\u0131 etkinliklerinden baz\u0131lar\u0131d\u0131r. Sanat\u00e7\u0131 halen Yeditepe \u00dcniversitesi G\u00fczel Sanatlar Fak\u00fcltesi Moda ve Tekstil Tasar\u0131m\u0131 B\u00f6l\u00fcm Ba\u015fkan\u0131 olarak g\u00f6rev yapmaktad\u0131r.<\/p>\n<p><img loading=\"lazy\" decoding=\"async\" src=\"http:\/\/www.circassiancenter.com\/cc-turkiye\/sanat\/resim\/painter-name\/namik.gif\" width=\"430\" height=\"79\" border=\"0\" \/><\/p>\n<p><strong> (1890-1935)<br \/>\n<\/strong> Babas\u0131 Tophane veznedar\u0131 \u00c7erkes \u0130smail Bey&#8217;dir. Sanayi-i Nefise Mektebi&#8217;ni (G\u00fczel Sanatlar Akademisi) bitirdikten sonra Fransa&#8217;ya gitti. Paris&#8217;te Ecole Nationale des Arts Decoratif Julians ve Cormon At\u00f6lyesi&#8217;nde \u00e7al\u0131\u015ft\u0131 (1912-14). Birinci D\u00fcnya Sava\u015f\u0131 s\u0131ras\u0131nda T\u00fcrkiye&#8217;ye d\u00f6nd\u00fc ve Kafkas Cephesi&#8217;nde bulundu. \u015ei\u015fli&#8217;de kurulan at\u00f6lyede bir grup ressamla birlikte sava\u015f resimleri yapt\u0131. Ressam, Sanat tarih\u00e7isi Celal Esat Arseven ile birlikte T\u00fcrk ressamlar\u0131 yap\u0131tlar\u0131n\u0131 sergilemek \u00fczere Berlin ve Viyana&#8217;ya gitti (1917). Berlin&#8217;de iki y\u0131l kald\u0131 ve Corynth ve Liebermann at\u00f6lyelerinde ve m\u00fczelerinde \u00e7al\u0131\u015ft\u0131. Galatasaray Sergileri&#8217;nde resim ki\u015fili\u011fini tan\u0131tan sanat\u00e7\u0131, bir s\u00fcre resim \u00f6\u011fretmenli\u011fi, G\u00fczel Sanatlar Akademisi M\u00fcd\u00fcr yard\u0131mc\u0131l\u0131\u011f\u0131 ve Milli E\u011fitim M\u00fcfetti\u015fli\u011fi&#8217;ne tayin oldu. 1928 de G\u00fczel Sanatlar Akademisi m\u00fcd\u00fcr\u00fc oldu. \u00d6l\u00fcm\u00fcne kadar bu g\u00f6revde kald\u0131. Nam\u0131k \u0130smail&#8217;in yap\u0131tlar\u0131, Resim Heykel M\u00fczeleri&#8217;nde ve \u00f6zel koleksiyonlarda yeralmaktad\u0131r.<\/p>\n<p><img loading=\"lazy\" decoding=\"async\" src=\"http:\/\/www.circassiancenter.com\/cc-turkiye\/sanat\/resim\/painter-name\/seniz.gif\" width=\"430\" height=\"79\" border=\"0\" \/><\/p>\n<p>1965 y\u0131l\u0131nda Ankara&#8217;da do\u011fdu.\u00c7erkes, \u015eaps\u0131\u011f k\u00f6kenlidir. 1986&#8217;da Gazi \u00dcniversitesi Resim-\u0130\u015f B\u00f6l\u00fcm\u00fc&#8217;nden mezun oldu. 1989&#8217;da Hacettepe \u00dcniversite&#8217;si Resim B\u00f6l\u00fcm\u00fc&#8217;nde Y\u00fcksek Lisans yapt\u0131. 1994&#8217;de G\u00fczel Sanatlar Mast\u0131r&#8217;\u0131n\u0131 (M.F.A) The New School for Social Research Person School of Design, (New York-ABD) okulunda yapt\u0131. 1997&#8217;de Hacettepe \u00dcniversitesi G\u00fczel Sanatlar Fak\u00fcltesi Resim B\u00f6l\u00fcm\u00fc&#8217;nde Sanatta Yeterlilik yapt\u0131 . Ayn\u0131 y\u0131l do\u00e7ent oldu. Halen Gazi E\u011fitim Fak\u00fcltesi, G\u00fczel Sanatlar E\u011fitim B\u00f6l\u00fcm\u00fc Resim-\u0130\u015f E\u011fitimi Anabilim Dal\u0131&#8217;nda \u00f6\u011fretim \u00fcyesidir. 7 ki\u015fisel sergi a\u00e7an, yurti\u00e7i ve yurtd\u0131\u015f\u0131nda \u00e7ok say\u0131da karma sergiye kat\u0131lan sanat\u00e7\u0131, 4 \u00f6d\u00fcl\u00fcn sahibidir. \u015eeniz Aksoy, \u00e7al\u0131\u015fmalar\u0131n\u0131 Ankara&#8217;daki at\u00f6lyesinde s\u00fcrd\u00fcrmektedir.<\/p>\n<p><img loading=\"lazy\" decoding=\"async\" src=\"http:\/\/www.circassiancenter.com\/cc-turkiye\/sanat\/resim\/painter-name\/sevket.gif\" width=\"430\" height=\"79\" border=\"0\" \/><\/p>\n<p><strong> (1876-1944)<\/strong><strong><br \/>\n<\/strong> \u0130stanbul&#8217;da do\u011fdu. Babas\u0131 Kafkasya&#8217;dan g\u00f6\u00e7le gelen deniz \u00f6n y\u00fczba\u015f\u0131 \u00c7erkes \u0130smail Kaptan&#8217;d\u0131. \u0130lk e\u011fitimini A\u015f\u0131k Pa\u015fa&#8217;da Hac\u0131 Ferhat Okulu&#8217;nda, orta e\u011fitimini \u00d6\u011fretmen okulunda yapt\u0131ktan sonra Sanayi-i Nefise Mektebi&#8217;ne girdi. 1897 de birincilikle mezun oldu. \u0130stanbul&#8217;da k\u0131z ve erkek okullar\u0131nda, Galatasaray Lisesi&#8217;nde resim \u00f6\u011fretmenli\u011fi yapt\u0131.1909&#8217;da kurulan Osmanl\u0131 Ressamlar Cemiyeti&#8217;nin kurucular\u0131 aras\u0131nda yer ald\u0131.1904 Atina, 1909 M\u00fcnih, 1910 Sofya ve Br\u00fcksel sergilerinde yap\u0131tlar\u0131 sergilendi. \u00c7e\u015fitli \u00f6d\u00fcller ve madalyalar kazand\u0131. 5. d\u00f6nem Konya ve 6. D\u00f6nemde Siirt&#8217;ten milletvekili se\u00e7ildi. Genellikle cami i\u00e7i ve peysaj temal\u0131 yap\u0131tlar\u0131 ba\u015fta \u0130stanbul, Ankara, \u0130zmir Resim ve Heykel M\u00fczeleri olmak \u00fczere \u00e7e\u015fitli m\u00fcze kurum ve \u00f6zel koleksiyonlar\u0131nda yer almaktad\u0131r.<\/p>\n<p><img loading=\"lazy\" decoding=\"async\" src=\"http:\/\/www.circassiancenter.com\/cc-turkiye\/sanat\/resim\/painter-name\/umur.gif\" width=\"430\" height=\"79\" border=\"0\" \/><\/p>\n<p>1945 y\u0131l\u0131nda Umur Bey&#8217;de do\u011fdu. Ailesi 1865 y\u0131llar\u0131nda Kafkasya&#8217;dan g\u00f6\u00e7 etmi\u015f ve Bal\u0131kesir, G\u00f6nen il\u00e7esi Karaa\u011fa\u00e7alan k\u00f6y\u00fcn\u00fc kurmu\u015ftur. Ub\u0131h ve \u015faps\u0131\u011f k\u00f6kenlidir. \u0130lk \u00f6\u011frenimini Lapseki, \u0130stanbul, G\u00f6nen&#8217;de tamamlad\u0131. 1961 Sava\u015ftepe \u0130lk\u00f6\u011fretim Okulu&#8217;nu bitirdi. 1965 Gazi E\u011fitim Enstit\u00fcs\u00fc Resim B\u00f6l\u00fcm\u00fc&#8217;n\u00fc bitirdi.1965-1973 \u00d6\u011fretmen Okullar\u0131nda resim \u00f6\u011fretmenli\u011fi yapt\u0131.1975-1978 Devlet bursuyla Paris&#8217;te &#8220;Ecole Nationale S\u00fcperieure Des Beaux Arts&#8221; da Resim Uzmanl\u0131\u011f\u0131, &#8220;Ecole Des Hautes Etudes en Sciences Sociales&#8221; de Sanat Sosyolojisi \u00f6\u011frenimi g\u00f6rd\u00fc.1989-1990 Frans\u0131z H\u00fck\u00fcmeti&#8217;nin bursuyla Fransa, Almanya, Hollanda ve \u0130talya&#8217;da modern sanat m\u00fczelerinde incelemelerde bulundu. \u0130kisi yurtd\u0131\u015f\u0131nda olmak \u00fczere 30 ki\u015fisel sergi a\u00e7t\u0131. Yurtd\u0131\u015f\u0131nda ve T\u00fcrkiye&#8217;de onlarca grup, karma, yar\u0131\u015fmal\u0131 sergiye kat\u0131ld\u0131. Yar\u0131\u015fmalardan yedi \u00f6d\u00fcl ald\u0131. Yap\u0131tlar\u0131; Ankara Devlet Resim Heykel M\u00fczesi, \u0130zmir Devlet Resim Heykel M\u00fczesi, Anadolu \u00dcniversitesi Resim Heykel M\u00fczesi, Sel\u00e7uk Ya\u015far Resim M\u00fczesi, Gazi \u00dcniversitesi M\u00fczesi, bir\u00e7ok banka, kamu ve \u00f6zel kolleksiyonda ve Fransa, Almanya, \u0130ngiltere, \u0130talya, Hollanda, Yunanistan&#8217;da \u00f6zel kolleksiyonlarda yer almaktad\u0131r. Sanat\u00e7\u0131 1978-1998 y\u0131llar\u0131nda D.E.\u00dc. Buca E\u011fitim Fak\u00fcltesi Resim B\u00f6l\u00fcm\u00fc&#8217;nde \u00f6\u011fretim \u00fcyeli\u011fi yapm\u0131\u015ft\u0131r.Halen D.E.\u00dc. G\u00fczel Sanatlar Fak\u00fcltesi&#8217;nde ders vermekte, \u0130zmir-Narl\u0131dere&#8217;deki \u00f6zel at\u00f6lyesinde \u00e7al\u0131\u015fmaktad\u0131r.<\/p>\n","protected":false},"excerpt":{"rendered":"<p>Not: Ressamlar&#305;m&#305;z&#305;n biyografileri ve resimlleri alfabetik s&#305;raya g&ouml;re s&#305;ralanm&#305;&#351;t&#305;r. Resimleri olan sanat&ccedil;&#305;lar&#305;m&#305;z&#305; Kuzey Kafkasyal&#305; Ressamlar&#305;n Yap&#305;tlar&#305;&nbsp; &gt;&gt; linkinden izleyebilirsiniz. 1960 y&#305;l&#305;nda &Ccedil;anakkale, Biga&rsquo;ya ba&#287;l&#305; Cihadiye&rsquo; k&ouml;y&uuml;nde do&#287;du. Ailesi Bjeduh, Abzegh k&ouml;kenlidir. 1976&rsquo;da Kabata&#351; Erkek Lisesi&rsquo;ni bitirdi ayn&#305; y&#305;l Devlet G&uuml;zel Sanatlar Akademisi Y&uuml;ksek Resim B&ouml;l&uuml;m&uuml;&rsquo;ne girdi. 1982&rsquo;de &#304;stanbul G&uuml;zel Sanatlar Akademisi Y&uuml;ksek Resim B&ouml;l&uuml;m&uuml;&rsquo;nden mezun [&hellip;]<\/p>\n","protected":false},"author":1,"featured_media":0,"comment_status":"closed","ping_status":"closed","sticky":false,"template":"","format":"standard","meta":{"_bbp_topic_count":0,"_bbp_reply_count":0,"_bbp_total_topic_count":0,"_bbp_total_reply_count":0,"_bbp_voice_count":0,"_bbp_anonymous_reply_count":0,"_bbp_topic_count_hidden":0,"_bbp_reply_count_hidden":0,"_bbp_forum_subforum_count":0,"ocean_post_layout":"","ocean_both_sidebars_style":"","ocean_both_sidebars_content_width":0,"ocean_both_sidebars_sidebars_width":0,"ocean_sidebar":"0","ocean_second_sidebar":"0","ocean_disable_margins":"enable","ocean_add_body_class":"","ocean_shortcode_before_top_bar":"","ocean_shortcode_after_top_bar":"","ocean_shortcode_before_header":"","ocean_shortcode_after_header":"","ocean_has_shortcode":"","ocean_shortcode_after_title":"","ocean_shortcode_before_footer_widgets":"","ocean_shortcode_after_footer_widgets":"","ocean_shortcode_before_footer_bottom":"","ocean_shortcode_after_footer_bottom":"","ocean_display_top_bar":"default","ocean_display_header":"default","ocean_header_style":"","ocean_center_header_left_menu":"0","ocean_custom_header_template":"0","ocean_custom_logo":0,"ocean_custom_retina_logo":0,"ocean_custom_logo_max_width":0,"ocean_custom_logo_tablet_max_width":0,"ocean_custom_logo_mobile_max_width":0,"ocean_custom_logo_max_height":0,"ocean_custom_logo_tablet_max_height":0,"ocean_custom_logo_mobile_max_height":0,"ocean_header_custom_menu":"0","ocean_menu_typo_font_family":"0","ocean_menu_typo_font_subset":"","ocean_menu_typo_font_size":0,"ocean_menu_typo_font_size_tablet":0,"ocean_menu_typo_font_size_mobile":0,"ocean_menu_typo_font_size_unit":"px","ocean_menu_typo_font_weight":"","ocean_menu_typo_font_weight_tablet":"","ocean_menu_typo_font_weight_mobile":"","ocean_menu_typo_transform":"","ocean_menu_typo_transform_tablet":"","ocean_menu_typo_transform_mobile":"","ocean_menu_typo_line_height":0,"ocean_menu_typo_line_height_tablet":0,"ocean_menu_typo_line_height_mobile":0,"ocean_menu_typo_line_height_unit":"","ocean_menu_typo_spacing":0,"ocean_menu_typo_spacing_tablet":0,"ocean_menu_typo_spacing_mobile":0,"ocean_menu_typo_spacing_unit":"","ocean_menu_link_color":"","ocean_menu_link_color_hover":"","ocean_menu_link_color_active":"","ocean_menu_link_background":"","ocean_menu_link_hover_background":"","ocean_menu_link_active_background":"","ocean_menu_social_links_bg":"","ocean_menu_social_hover_links_bg":"","ocean_menu_social_links_color":"","ocean_menu_social_hover_links_color":"","ocean_disable_title":"default","ocean_disable_heading":"default","ocean_post_title":"","ocean_post_subheading":"","ocean_post_title_style":"","ocean_post_title_background_color":"","ocean_post_title_background":0,"ocean_post_title_bg_image_position":"","ocean_post_title_bg_image_attachment":"","ocean_post_title_bg_image_repeat":"","ocean_post_title_bg_image_size":"","ocean_post_title_height":0,"ocean_post_title_bg_overlay":0.5,"ocean_post_title_bg_overlay_color":"","ocean_disable_breadcrumbs":"default","ocean_breadcrumbs_color":"","ocean_breadcrumbs_separator_color":"","ocean_breadcrumbs_links_color":"","ocean_breadcrumbs_links_hover_color":"","ocean_display_footer_widgets":"default","ocean_display_footer_bottom":"default","ocean_custom_footer_template":"0","ocean_post_oembed":"","ocean_post_self_hosted_media":"","ocean_post_video_embed":"","ocean_link_format":"","ocean_link_format_target":"self","ocean_quote_format":"","ocean_quote_format_link":"post","ocean_gallery_link_images":"off","ocean_gallery_id":[],"footnotes":""},"categories":[52],"tags":[],"class_list":["post-5800","post","type-post","status-publish","format-standard","hentry","category-guzel-sanatlar","entry"],"_links":{"self":[{"href":"https:\/\/www.circassiancenter.com\/tr\/wp-json\/wp\/v2\/posts\/5800","targetHints":{"allow":["GET"]}}],"collection":[{"href":"https:\/\/www.circassiancenter.com\/tr\/wp-json\/wp\/v2\/posts"}],"about":[{"href":"https:\/\/www.circassiancenter.com\/tr\/wp-json\/wp\/v2\/types\/post"}],"author":[{"embeddable":true,"href":"https:\/\/www.circassiancenter.com\/tr\/wp-json\/wp\/v2\/users\/1"}],"replies":[{"embeddable":true,"href":"https:\/\/www.circassiancenter.com\/tr\/wp-json\/wp\/v2\/comments?post=5800"}],"version-history":[{"count":4,"href":"https:\/\/www.circassiancenter.com\/tr\/wp-json\/wp\/v2\/posts\/5800\/revisions"}],"predecessor-version":[{"id":5828,"href":"https:\/\/www.circassiancenter.com\/tr\/wp-json\/wp\/v2\/posts\/5800\/revisions\/5828"}],"wp:attachment":[{"href":"https:\/\/www.circassiancenter.com\/tr\/wp-json\/wp\/v2\/media?parent=5800"}],"wp:term":[{"taxonomy":"category","embeddable":true,"href":"https:\/\/www.circassiancenter.com\/tr\/wp-json\/wp\/v2\/categories?post=5800"},{"taxonomy":"post_tag","embeddable":true,"href":"https:\/\/www.circassiancenter.com\/tr\/wp-json\/wp\/v2\/tags?post=5800"}],"curies":[{"name":"wp","href":"https:\/\/api.w.org\/{rel}","templated":true}]}}