{"id":5838,"date":"2022-12-14T14:58:32","date_gmt":"2022-12-14T20:58:32","guid":{"rendered":"http:\/\/circassiancenter.com\/tr\/?p=5838"},"modified":"2022-12-14T15:22:03","modified_gmt":"2022-12-14T21:22:03","slug":"tablolari-bizimle-konusuyor","status":"publish","type":"post","link":"https:\/\/www.circassiancenter.com\/tr\/tablolari-bizimle-konusuyor\/","title":{"rendered":"TABLOLARI B\u0130Z\u0130MLE KONU\u015eUYOR"},"content":{"rendered":"<p><img fetchpriority=\"high\" decoding=\"async\" class=\"alignnone size-full wp-image-31455\" src=\"https:\/\/www.circassiancenter.com\/tr\/wp-content\/uploads\/2022\/12\/TABLOLARI-BIZIMLE-KONUSUYOR-b.png\" alt=\"\" width=\"571\" height=\"300\" srcset=\"https:\/\/www.circassiancenter.com\/tr\/wp-content\/uploads\/2022\/12\/TABLOLARI-BIZIMLE-KONUSUYOR-b.png 571w, https:\/\/www.circassiancenter.com\/tr\/wp-content\/uploads\/2022\/12\/TABLOLARI-BIZIMLE-KONUSUYOR-b-300x158.png 300w\" sizes=\"(max-width: 571px) 100vw, 571px\" \/><\/p>\n<p><span style=\"font-size: small;\"><strong> Adige Mak<\/strong><br \/>\n<\/span> \u00c7eviri: Hapi Cevdet Y\u0131ld\u0131z<\/p>\n<p>\u201cAdige Mak\u201d gazetesi yazar\u0131, Rusya halk ressam\u0131 KAT Tev\u00e7oj\u2019a (\u041a\u044a\u0430\u0442 \u0422\u0435\u0443\u0446\u043e\u0436\u044c), sanatsal ba\u015far\u0131lar\u0131 nedeniyle Adigey Cumhuriyeti Devlet \u00d6d\u00fcl\u00fc verildi. Biz de gazetemiz ad\u0131na, bu mutlulu\u011fu payla\u015fmak i\u00e7in KAT tev\u00e7oj ile bir s\u00f6yle\u015fide bulunduk.<\/p>\n<p>&#8211; Tev\u00e7oj, \u201cAdige Mak\u201d okurlar\u0131 ad\u0131na, Devlet Ba\u015fkan\u0131&#8217;m\u0131z THAKU\u015eIN Aslan taraf\u0131ndan Adigey Cumhuriyeti Devlet \u00d6d\u00fcl\u00fc ile onurland\u0131r\u0131lm\u0131\u015f bulunuyorsunuz, \u00a0biz de bu sevincinizi payla\u015fmak istiyoruz.<\/p>\n<p>&#8211; Te\u015fekk\u00fcr ederim. \u00c7al\u0131\u015fmalar\u0131ma de\u011fer veren herkese\u00a0 te\u015fekk\u00fcr ederim. Sevincimi payla\u015fanlar bana g\u00fc\u00e7 kat\u0131yorlar. Hepsine bir bir te\u015fekk\u00fcr ederim.<strong><br \/>\n<\/strong><\/p>\n<p><strong> &#8211; Tev\u00e7oj rayonunun \u00e7\u0131kard\u0131\u011f\u0131 yeteneklerden birisiniz, Rusya Federasyonu yazarlar, gazeteciler ve ressamlar birlikleri\u00a0 \u00fcyesisiniz. \u00c7ok say\u0131da takdirname sahibisiniz. Ba\u015fkan\u0131m\u0131z THAKU\u015eIN Aslan\u2019\u0131n sizi onurland\u0131rm\u0131\u015f olmas\u0131n\u0131 nas\u0131l kar\u015f\u0131l\u0131yorsunuz?<\/strong><\/p>\n<p>&#8211; Ya\u015fam\u0131m boyunca ge\u00e7ti\u011fim yollar\u0131 toparlamak, bir sonuca ba\u011flamak istiyorum. Bana verilen takdirname ve \u00f6vg\u00fcleri tek ba\u015f\u0131ma kazand\u0131\u011f\u0131m\u0131 da d\u00fc\u015f\u00fcnm\u00fcyorum. Anne ve babam, ailem, \u00f6\u011fretmenlerim, dostlar\u0131m, akrabalar\u0131m ve benimle ayn\u0131 g\u00f6r\u00fc\u015fleri payla\u015fan insanlar\u0131n de\u011fi\u015fik katk\u0131lar\u0131 var, \u00a0say\u0131s\u0131 az de\u011fildir bunlar\u0131n. Bunlar\u0131 da unutmamak gerekir. T\u00fcm kalbimle, Adigey Cumhuriyeti\u2019nin yar\u0131nlar\u0131n\u0131n \u00e7ok daha iyi olaca\u011f\u0131 kan\u0131s\u0131nday\u0131m, bu kan\u0131y\u0131 b\u00fct\u00fcn\u00a0 iyi insanlar\u0131n da g\u00f6zlerinden okuyorum.<strong><br \/>\n<\/strong><\/p>\n<p><img decoding=\"async\" class=\" wp-image-70138 aligncenter\" src=\"http:\/\/adygvoice.ru\/wp-content\/uploads\/2020\/02\/IMG_5588.jpg\" sizes=\"(max-width: 800px) 100vw, 800px\" srcset=\"https:\/\/adygvoice.ru\/wp-content\/uploads\/2020\/02\/IMG_5588.jpg 800w, https:\/\/adygvoice.ru\/wp-content\/uploads\/2020\/02\/IMG_5588-281x300.jpg 281w, https:\/\/adygvoice.ru\/wp-content\/uploads\/2020\/02\/IMG_5588-768x820.jpg 768w, https:\/\/adygvoice.ru\/wp-content\/uploads\/2020\/02\/IMG_5588-720x769.jpg 720w, https:\/\/adygvoice.ru\/wp-content\/uploads\/2020\/02\/IMG_5588-560x598.jpg 560w\" alt=\"\" width=\"600\" height=\"640\" \/><\/p>\n<p><strong> &#8211; \u00c7al\u0131\u015fman\u0131za de\u011fer veren de\u011ferlendirme kurulu\u00a0 oy birli\u011fi halinde size AC Devlet \u00d6d\u00fcl\u00fc\u2019n\u00fcn verilmesini uygun buldu. Bu da sizin sanatsal yetene\u011finize verilen de\u011feri kan\u0131tl\u0131yor. S\u0131radan bir yol\/tema de\u011fil sizinki. Bu g\u00fcc\u00fc nereden al\u0131yorsunuz?<\/strong><\/p>\n<p>&#8211; G\u00fcrc\u00fc yazar\u0131 <strong>Vaja P\u015eAVEL<\/strong>\u2019in <strong>\u201cKan Davas\u0131\u201d<\/strong> (\u041b\u044a\u044b\u0448I\u044d\u0436\u044c) \u015fiirinden esinlenerek bir\u00e7ok resim yapt\u0131m. \u015eiirin konusu, Adige toplumsal ya\u015fam\u0131. Vaja P\u015favel, da\u011flar\u0131m\u0131za, \u0131rmaklar\u0131m\u0131za ve at yar\u0131\u015flar\u0131na verdi\u011fimiz \u00f6nemi ve bunlar\u0131n toplumsal anlamlar\u0131n\u0131, Kuzey Kafkasya tarihini anlat\u0131yor.<\/p>\n<p><strong> &#8211; Resimleriniz, konu olarak\u00a0 sadece Adigeleri\u00a0 ele alm\u0131yor, di\u011fer halklar\u0131 da kaps\u0131yor. <\/strong><\/p>\n<p>&#8211; G\u00fcrcistan, Da\u011f\u0131stan ve daha ba\u015fka yerlerin bir arada ve beraber bir ya\u015fam s\u00fcrd\u00fcrd\u00fckleri, bir araya geldiklerinde de bir anla\u015fma dili bulduklar\u0131, Adigelerin nas\u0131l bir ya\u015fam s\u00fcrd\u00fcrd\u00fckleri Vaja P\u015favel\u2019in yazd\u0131klar\u0131ndan \u00f6\u011frenilebiliyor.<strong><br \/>\n<\/strong><\/p>\n<p><strong> &#8211; \u201cKonuk ile Ev Sahibi\u201d (\u0425\u044c\u0430\u043aI\u044d\u043c\u0440\u044d \u0431\u044b\u0441\u044b\u043c\u044b\u043c\u0440\u044d) adl\u0131 yap\u0131t\u0131n\u0131zda ne s\u00f6ylemek\u00a0 istedi\u011finizi anlayabilece\u011fimiz bir bi\u00e7imde bize de anlat\u0131r m\u0131s\u0131n\u0131z?<\/strong><\/p>\n<p>&#8211; Da\u011fl\u0131lar\u0131n Kafkasya\u2019da ya\u015famakta olduklar\u0131n\u0131, birbirlerini anlad\u0131klar\u0131n\u0131 ve o yolda y\u00fcr\u00fcd\u00fcklerini anlatmak istedim.<\/p>\n<p><iframe title=\"YouTube video player\" src=\"https:\/\/www.youtube.com\/embed\/9wc5ml_2a8c\" width=\"800\" height=\"475\" frameborder=\"0\" allowfullscreen=\"allowfullscreen\"><\/iframe><\/p>\n<p><strong> &#8211; \u201cKan Davas\u0131\u201d \u015fiirinin \u00f6z\u00fcne inildi\u011finde bir\u00e7ok \u00fcz\u00fcc\u00fc tablo ile de kar\u015f\u0131la\u015f\u0131yoruz. <\/strong><\/p>\n<p>&#8211; Birisi kad\u0131n\u0131n\/kar\u0131s\u0131n\u0131n karde\u015fini \u00f6ld\u00fcr\u00fcyor, olay\u0131n olu\u015fumu incelendi\u011finde, hi\u00e7bir su\u00e7u olmayan ki\u015finin \u00f6ld\u00fcr\u00fclm\u00fc\u015f oldu\u011funu anl\u0131yoruz. Kan davas\u0131 da bu olay \u00fczerine ba\u015fl\u0131yor, kar\u015f\u0131l\u0131kl\u0131 \u00f6ld\u00fcrmeler s\u00fcr\u00fcyor, \u00e7ok say\u0131da ki\u015fi \u00f6l\u00fcyor. Silaha sar\u0131lmadan \u00f6nce \u00e7ok d\u00fc\u015f\u00fcnmek gerekiyor, insan ba\u011f\u0131\u015flama\u00a0 duygular\u0131 duyuyor ve\u00a0 kan ak\u0131tm\u0131\u015f olman\u0131z nedeniyle pi\u015fmanl\u0131k duyuyorsunuz.<strong><br \/>\n<\/strong><\/p>\n<p><strong> &#8211; Bu tema \u00fczerine daha ka\u00e7 resim yapt\u0131n\u0131z?Hangi ustalar\u0131n hangi yap\u0131tlar\u0131dan daha \u00e7ok yararland\u0131n\u0131z?<\/strong><\/p>\n<p>&#8211; Vaja P\u015favel, <strong>Aleksandr KAZBEG\u0130<\/strong>, <strong>Akaki TSERETEL\u0130<\/strong>\u2019nin yap\u0131tlar\u0131ndan esinlenme 55 tabloyu yar\u0131\u015fmaya g\u00f6t\u00fcrd\u00fcm. Yap\u0131tlar\u0131m bar\u0131\u015f, insan\u0131n daha g\u00fczel bir ya\u015fama kavu\u015fmas\u0131, ge\u00e7mi\u015fi an\u0131msama\/nostalji ve daha ba\u015fka konular\u0131 i\u015fliyor.<strong><br \/>\n<\/strong><\/p>\n<p><strong> &#8211; Resimlerinizi birka\u00e7 y\u0131l \u00f6nce G\u00fcrcistan\u2019da sergilemi\u015ftiniz. Sanat\u0131n olanaklar\u0131ndan yararlanarak ve bu olanaklar\u0131\u00a0 kullanarak insanlara neler s\u00f6ylemek istiyorsunuz, bunlar\u0131\u00a0 s\u00f6yleyebildi\u011finiz\u00a0 kan\u0131s\u0131nda m\u0131s\u0131n\u0131z?<\/strong><\/p>\n<p>&#8211; Bir g\u00fcnde ya da bir y\u0131lda\u00a0 politik i\u00e7erikli b\u00fcy\u00fck sorunlar\u0131 yerine getirmek olanaks\u0131zd\u0131r.<strong><br \/>\n<\/strong><\/p>\n<p><strong> &#8211; G\u00fcrcistan ile Abhazya, bir g\u00fcn bar\u0131\u015fm\u0131\u015f olacaklard\u0131r. Adigeler de bar\u0131\u015fa katk\u0131da bulunacaklard\u0131r. <\/strong><\/p>\n<p>&#8211; S\u0131radan insanlar (\u0426I\u044b\u0444 \u043a\u044a\u044b\u0437\u044d\u0440\u044b\u043aI\u043e\u0445\u044d\u0440) anla\u015fabiliyorlar, birbirlerine benziyorlar. Her zaman k\u0131l\u0131\u00e7 elde ya\u015fanacak de\u011fil ya. Uluslar\u0131 bir araya getiren yoldan ayr\u0131lmak istemiyorum.<\/p>\n<p><img decoding=\"async\" class=\" wp-image-70140 aligncenter\" src=\"http:\/\/adygvoice.ru\/wp-content\/uploads\/2020\/02\/\u0410\u0431\u0440\u044d\u0434\u0436-\u0433\u043e\u0449\u044d\u0444\u044b\u0436\u044c.jpg\" sizes=\"(max-width: 800px) 100vw, 800px\" srcset=\"https:\/\/adygvoice.ru\/wp-content\/uploads\/2020\/02\/\u0410\u0431\u0440\u044d\u0434\u0436-\u0433\u043e\u0449\u044d\u0444\u044b\u0436\u044c.jpg 800w, https:\/\/adygvoice.ru\/wp-content\/uploads\/2020\/02\/\u0410\u0431\u0440\u044d\u0434\u0436-\u0433\u043e\u0449\u044d\u0444\u044b\u0436\u044c-293x300.jpg 293w, https:\/\/adygvoice.ru\/wp-content\/uploads\/2020\/02\/\u0410\u0431\u0440\u044d\u0434\u0436-\u0433\u043e\u0449\u044d\u0444\u044b\u0436\u044c-768x785.jpg 768w, https:\/\/adygvoice.ru\/wp-content\/uploads\/2020\/02\/\u0410\u0431\u0440\u044d\u0434\u0436-\u0433\u043e\u0449\u044d\u0444\u044b\u0436\u044c-720x736.jpg 720w, https:\/\/adygvoice.ru\/wp-content\/uploads\/2020\/02\/\u0410\u0431\u0440\u044d\u0434\u0436-\u0433\u043e\u0449\u044d\u0444\u044b\u0436\u044c-560x573.jpg 560w\" alt=\"\" width=\"506\" height=\"517\" \/><\/p>\n<p><strong> &#8211; G\u00fcrcistan\u2019da \u00f6\u011frenim g\u00f6r\u00fcp biliminsan\u0131, oyuncu\/artist ve usta ressam olmu\u015f Adige say\u0131s\u0131 az de\u011fil. Bunlar\u0131 tan\u0131yorsunuz, de\u011fil mi?<\/strong><\/p>\n<p>&#8211; Elbette. Sayg\u0131de\u011fer biliminsan\u0131m\u0131z <strong>\u015eHALHO Abu<\/strong>\u2019dan ba\u015flay\u0131p bir\u00e7ok ad\u0131 s\u0131ralayabilirim. Sanat ve yaz\u0131 ile u\u011fra\u015f\u0131yorum, \u00e7al\u0131\u015fmalar\u0131m\u0131 bundan sonras\u0131 i\u00e7in de geli\u015ftirerek s\u00fcrd\u00fcrmeyi istiyorum.<\/p>\n<p><strong> &#8211; Tev\u00e7oj, \u011eobekuaye k\u00f6y\u00fcnde b\u00fcy\u00fcd\u00fcn\u00fcz, \u00a0\u201cAdige Mak\u201d gazetesinde \u00e7al\u0131\u015ft\u0131n\u0131z, gazeteciler birli\u011fimizin de \u00fcyesisiniz. Okuyucular\u0131m\u0131za neler s\u00f6ylemek istersiniz?<\/strong><\/p>\n<p>&#8211; \u201cAdige Mak\u201d\u0131 alt\u0131n\u0131 \u00e7izerek okuyorum, okurken akl\u0131mda yeni yeni konular olu\u015fuyor. Gazetemizin her bir Adige ailesine muhakkak girmesini ve\u00a0 okunmas\u0131n\u0131 istiyorum. Ulusumuza ait bu tek gazetemize\u00a0 de\u011fer vermemiz gerekiyor. Resimlerimle tarihimizi anlatmaya, insanlarla\u00a0 konu\u015fmaya \u00e7al\u0131\u015faca\u011f\u0131m.<\/p>\n<p><img loading=\"lazy\" decoding=\"async\" class=\" wp-image-70141 aligncenter\" src=\"http:\/\/adygvoice.ru\/wp-content\/uploads\/2020\/02\/\u041a\u044a\u0430\u0442.jpg\" sizes=\"(max-width: 800px) 100vw, 800px\" srcset=\"https:\/\/adygvoice.ru\/wp-content\/uploads\/2020\/02\/\u041a\u044a\u0430\u0442.jpg 800w, https:\/\/adygvoice.ru\/wp-content\/uploads\/2020\/02\/\u041a\u044a\u0430\u0442-213x300.jpg 213w, https:\/\/adygvoice.ru\/wp-content\/uploads\/2020\/02\/\u041a\u044a\u0430\u0442-728x1024.jpg 728w, https:\/\/adygvoice.ru\/wp-content\/uploads\/2020\/02\/\u041a\u044a\u0430\u0442-768x1081.jpg 768w, https:\/\/adygvoice.ru\/wp-content\/uploads\/2020\/02\/\u041a\u044a\u0430\u0442-720x1013.jpg 720w, https:\/\/adygvoice.ru\/wp-content\/uploads\/2020\/02\/\u041a\u044a\u0430\u0442-560x788.jpg 560w\" alt=\"\" width=\"627\" height=\"883\" \/><\/p>\n<p><strong> &#8211; Resim ve yaz\u0131lar\u0131n\u0131z ile\u00a0 bizi sevindirmeye devam etmenizi, \u00a0ailenizle mutlu bir\u00a0 ya\u015fam s\u00fcrd\u00fcrmenizi dilerim. <\/strong><\/p>\n<p>&#8211; Te\u015fekk\u00fcr ederim.<b><\/b><\/p>\n","protected":false},"excerpt":{"rendered":"<p>Adige Mak &Ccedil;eviri: Hapi Cevdet Y&#305;ld&#305;z &ldquo;Adige Mak&rdquo; gazetesi yazar&#305;, Rusya halk ressam&#305; KAT Tev&ccedil;oj&rsquo;a (&#1050;&#1098;&#1072;&#1090; &#1058;&#1077;&#1091;&#1094;&#1086;&#1078;&#1100;), sanatsal ba&#351;ar&#305;lar&#305; nedeniyle Adigey Cumhuriyeti Devlet &Ouml;d&uuml;l&uuml; verildi. Biz de gazetemiz ad&#305;na, bu mutlulu&#287;u payla&#351;mak i&ccedil;in KAT tev&ccedil;oj ile bir s&ouml;yle&#351;ide bulunduk. &ndash; Tev&ccedil;oj, &ldquo;Adige Mak&rdquo; okurlar&#305; ad&#305;na, Devlet Ba&#351;kan&#305;&rsquo;m&#305;z THAKU&#350;IN Aslan taraf&#305;ndan Adigey Cumhuriyeti Devlet &Ouml;d&uuml;l&uuml; ile [&hellip;]<\/p>\n","protected":false},"author":1,"featured_media":0,"comment_status":"closed","ping_status":"closed","sticky":false,"template":"","format":"standard","meta":{"_bbp_topic_count":0,"_bbp_reply_count":0,"_bbp_total_topic_count":0,"_bbp_total_reply_count":0,"_bbp_voice_count":0,"_bbp_anonymous_reply_count":0,"_bbp_topic_count_hidden":0,"_bbp_reply_count_hidden":0,"_bbp_forum_subforum_count":0,"ocean_post_layout":"","ocean_both_sidebars_style":"","ocean_both_sidebars_content_width":0,"ocean_both_sidebars_sidebars_width":0,"ocean_sidebar":"0","ocean_second_sidebar":"0","ocean_disable_margins":"enable","ocean_add_body_class":"","ocean_shortcode_before_top_bar":"","ocean_shortcode_after_top_bar":"","ocean_shortcode_before_header":"","ocean_shortcode_after_header":"","ocean_has_shortcode":"","ocean_shortcode_after_title":"","ocean_shortcode_before_footer_widgets":"","ocean_shortcode_after_footer_widgets":"","ocean_shortcode_before_footer_bottom":"","ocean_shortcode_after_footer_bottom":"","ocean_display_top_bar":"default","ocean_display_header":"default","ocean_header_style":"","ocean_center_header_left_menu":"0","ocean_custom_header_template":"0","ocean_custom_logo":0,"ocean_custom_retina_logo":0,"ocean_custom_logo_max_width":0,"ocean_custom_logo_tablet_max_width":0,"ocean_custom_logo_mobile_max_width":0,"ocean_custom_logo_max_height":0,"ocean_custom_logo_tablet_max_height":0,"ocean_custom_logo_mobile_max_height":0,"ocean_header_custom_menu":"0","ocean_menu_typo_font_family":"0","ocean_menu_typo_font_subset":"","ocean_menu_typo_font_size":0,"ocean_menu_typo_font_size_tablet":0,"ocean_menu_typo_font_size_mobile":0,"ocean_menu_typo_font_size_unit":"px","ocean_menu_typo_font_weight":"","ocean_menu_typo_font_weight_tablet":"","ocean_menu_typo_font_weight_mobile":"","ocean_menu_typo_transform":"","ocean_menu_typo_transform_tablet":"","ocean_menu_typo_transform_mobile":"","ocean_menu_typo_line_height":0,"ocean_menu_typo_line_height_tablet":0,"ocean_menu_typo_line_height_mobile":0,"ocean_menu_typo_line_height_unit":"","ocean_menu_typo_spacing":0,"ocean_menu_typo_spacing_tablet":0,"ocean_menu_typo_spacing_mobile":0,"ocean_menu_typo_spacing_unit":"","ocean_menu_link_color":"","ocean_menu_link_color_hover":"","ocean_menu_link_color_active":"","ocean_menu_link_background":"","ocean_menu_link_hover_background":"","ocean_menu_link_active_background":"","ocean_menu_social_links_bg":"","ocean_menu_social_hover_links_bg":"","ocean_menu_social_links_color":"","ocean_menu_social_hover_links_color":"","ocean_disable_title":"default","ocean_disable_heading":"default","ocean_post_title":"","ocean_post_subheading":"","ocean_post_title_style":"","ocean_post_title_background_color":"","ocean_post_title_background":0,"ocean_post_title_bg_image_position":"","ocean_post_title_bg_image_attachment":"","ocean_post_title_bg_image_repeat":"","ocean_post_title_bg_image_size":"","ocean_post_title_height":0,"ocean_post_title_bg_overlay":0.5,"ocean_post_title_bg_overlay_color":"","ocean_disable_breadcrumbs":"default","ocean_breadcrumbs_color":"","ocean_breadcrumbs_separator_color":"","ocean_breadcrumbs_links_color":"","ocean_breadcrumbs_links_hover_color":"","ocean_display_footer_widgets":"default","ocean_display_footer_bottom":"default","ocean_custom_footer_template":"0","ocean_post_oembed":"","ocean_post_self_hosted_media":"","ocean_post_video_embed":"","ocean_link_format":"","ocean_link_format_target":"self","ocean_quote_format":"","ocean_quote_format_link":"post","ocean_gallery_link_images":"off","ocean_gallery_id":[],"footnotes":""},"categories":[52],"tags":[],"class_list":["post-5838","post","type-post","status-publish","format-standard","hentry","category-guzel-sanatlar","entry"],"_links":{"self":[{"href":"https:\/\/www.circassiancenter.com\/tr\/wp-json\/wp\/v2\/posts\/5838","targetHints":{"allow":["GET"]}}],"collection":[{"href":"https:\/\/www.circassiancenter.com\/tr\/wp-json\/wp\/v2\/posts"}],"about":[{"href":"https:\/\/www.circassiancenter.com\/tr\/wp-json\/wp\/v2\/types\/post"}],"author":[{"embeddable":true,"href":"https:\/\/www.circassiancenter.com\/tr\/wp-json\/wp\/v2\/users\/1"}],"replies":[{"embeddable":true,"href":"https:\/\/www.circassiancenter.com\/tr\/wp-json\/wp\/v2\/comments?post=5838"}],"version-history":[{"count":5,"href":"https:\/\/www.circassiancenter.com\/tr\/wp-json\/wp\/v2\/posts\/5838\/revisions"}],"predecessor-version":[{"id":31456,"href":"https:\/\/www.circassiancenter.com\/tr\/wp-json\/wp\/v2\/posts\/5838\/revisions\/31456"}],"wp:attachment":[{"href":"https:\/\/www.circassiancenter.com\/tr\/wp-json\/wp\/v2\/media?parent=5838"}],"wp:term":[{"taxonomy":"category","embeddable":true,"href":"https:\/\/www.circassiancenter.com\/tr\/wp-json\/wp\/v2\/categories?post=5838"},{"taxonomy":"post_tag","embeddable":true,"href":"https:\/\/www.circassiancenter.com\/tr\/wp-json\/wp\/v2\/tags?post=5838"}],"curies":[{"name":"wp","href":"https:\/\/api.w.org\/{rel}","templated":true}]}}