{"id":5844,"date":"2023-04-19T01:51:12","date_gmt":"2023-04-19T06:51:12","guid":{"rendered":"http:\/\/circassiancenter.com\/tr\/?p=5844"},"modified":"2023-04-19T16:01:18","modified_gmt":"2023-04-19T21:01:18","slug":"adige-ressamlar-tarihi-canlandiriyor","status":"publish","type":"post","link":"https:\/\/www.circassiancenter.com\/tr\/adige-ressamlar-tarihi-canlandiriyor\/","title":{"rendered":"AD\u0130GE RESSAMLAR TAR\u0130H\u0130 CANLANDIRIYOR"},"content":{"rendered":"<p><img fetchpriority=\"high\" decoding=\"async\" class=\"alignnone size-full wp-image-33858\" src=\"https:\/\/www.circassiancenter.com\/tr\/wp-content\/uploads\/2019\/03\/ADIGE-RESSAMLAR-TARIHI-CANLANDIRIYOR-b.png\" alt=\"\" width=\"571\" height=\"300\" srcset=\"https:\/\/www.circassiancenter.com\/tr\/wp-content\/uploads\/2019\/03\/ADIGE-RESSAMLAR-TARIHI-CANLANDIRIYOR-b.png 571w, https:\/\/www.circassiancenter.com\/tr\/wp-content\/uploads\/2019\/03\/ADIGE-RESSAMLAR-TARIHI-CANLANDIRIYOR-b-300x158.png 300w\" sizes=\"(max-width: 571px) 100vw, 571px\" \/><\/p>\n<p><span style=\"font-size: small;\"><strong>Adige<\/strong> <strong>Mak<\/strong><br \/>\n<\/span> \u00c7eviri: Hapi Cevdet Y\u0131ld\u0131z<\/p>\n<p>30 y\u0131l, az s\u00fcre say\u0131lmaz. \u201cAdige Cumhuriyeti Ressamlar Birli\u011fi\u201d 30 ya\u015f\u0131nda. Bu s\u00fcre i\u00e7inde yap\u0131lan \u00e7al\u0131\u015fmalar\u0131 derleyerek, tarih sayfalar\u0131na bir d\u00f6n\u00fc\u015f yapmak istedik. G\u00f6r\u00fc\u015flerini \u00f6\u011frenmek i\u00e7in HUAJ Ramazan ile bulu\u015ftuk.<\/p>\n<p>&#8211; Ramazan, 2008 y\u0131l\u0131nda AC Ressamlar Birli\u011fi Ba\u015fkanl\u0131\u011f\u0131na se\u00e7ildiniz, sizden \u00f6nce yap\u0131lm\u0131\u015f olan \u00e7al\u0131\u015fmalar\u0131 bir de\u011ferlendirir misiniz?<\/p>\n<p>&#8211; Bo\u015f bir alanda \u00e7al\u0131\u015fmaya ba\u015flam\u0131\u015f de\u011filim. Adigey ressamlar\u0131n\u0131n ilgin\u00e7 bir tarihsel ge\u00e7mi\u015flerinin bululu\u011funu biliyordum, i\u015fbirli\u011fi yapaca\u011f\u0131m ki\u015filer\u00a0 bana uzak olan ki\u015filer de\u011fildiler.<\/p>\n<p>&nbsp;<\/p>\n<p><strong> &#8211; Adigey\u2019de sanat\u0131n geli\u015fmeye ba\u015flad\u0131\u011f\u0131 ilk evrede\u00a0 ressamlar\u0131n \u00e7al\u0131\u015fmalar\u0131 hangi d\u00fczeydeydi? <\/strong><\/p>\n<p>&#8211; \u0130kinci D\u00fcnya Sava\u015f\u0131\u2019ndan sonra ressamlar daha organize bir bi\u00e7imde \u00f6rg\u00fctlenmeye ba\u015flad\u0131lar. <strong>A. Godov<\/strong> ile <strong>A. \u00c7e\u00e7in<\/strong> resimle ilgileniyorlard\u0131. <strong>A. Glukhovtsev<\/strong> daha \u00e7ok grafik, <strong>K. Sida\u015fenko<\/strong>\u00a0\u00a0 heykeltra\u015f \u00fczerine \u00e7al\u0131\u015f\u0131yordu. 1970\u2019de <strong>D. Melnikov, E. Ov\u00e7arenko, P. Filippenko, A. Manakyan<\/strong> ve daha ba\u015fkalar\u0131 da ressamlar\u0131m\u0131z aras\u0131na kat\u0131ld\u0131lar.<\/p>\n<p>&nbsp;<\/p>\n<p><strong> &#8211; Adigey, Krasnodar Kray\u2019dan ayr\u0131lmam\u0131\u015f\u00a0 iken Adigey Ressamlar Birli\u011fi kurulmu\u015ftu. Buna g\u00f6re, ressamlar Adigey\u2019in Krasnodar\u2019dan ayr\u0131laca\u011f\u0131n\u0131 biliyorlard\u0131 sanki.<\/strong><strong>..<\/strong><\/p>\n<p>Ramazan g\u00fcl\u00fcms\u00fcyor. \u00d6n\u00fcndeki kitap ve dergileri kar\u0131\u015ft\u0131r\u0131yor. Ressamlara ili\u015fkin kitaplar\u0131 al\u0131yor, yap\u0131lan \u00e7al\u0131\u015fmalara bak\u0131yor, \u00f6rg\u00fct ba\u015fkanlar\u0131ndan s\u00f6z ediyor. Denizde y\u00fczmek isteyenin gerekeni yapaca\u011f\u0131n\u0131 s\u00f6yl\u00fcyor.<\/p>\n<p>&#8211;<strong> Pet\u2019\u0131ve\u015fe Feliks<\/strong> 1979 y\u0131l\u0131nda Adigey Ressamlar Birli\u011fi\u2019nin ilk ba\u015fkan\u0131 oldu. Onu 1989-1991 y\u0131llar\u0131 aras\u0131nda <strong>D. Menikov<\/strong>, 1991-1992 y\u0131llar\u0131nda <strong>Kat Tev\u00e7oj<\/strong> (*), 1992-1993 y\u0131llar\u0131nda <strong>A. Ku\u015fu<\/strong> (\u0410. \u00a0\u041a\u0443\u0448\u044a\u0443), 1993-2003 aras\u0131nda <strong>B. Boronikin<\/strong>, 2003-2008 aras\u0131nda da <strong>E. Ov\u00e7arenko<\/strong> Birlik ba\u015fkanl\u0131\u011f\u0131n\u0131 y\u00fcr\u00fctt\u00fcler.<\/p>\n<p>&nbsp;<\/p>\n<p><strong> &#8211; Hen\u00fcz Krasnodar Kray\u2019dan ayr\u0131lmam\u0131\u015f iken, kray\u0131nkinden ayr\u0131\u00a0 bir Birlik kurulmu\u015f olmas\u0131n\u0131n belli bir anlam\u0131 var m\u0131yd\u0131? <\/strong><\/p>\n<p>&#8211; O s\u0131ralar, ressamlar\u0131m\u0131z\u0131n yap\u0131tlar\u0131 Leningrad (\u015fimdi St. Petersburg)\u00a0 ve Moskova\u2019da iki\u015fer kez\u00a0 sergilendi. Ressamlar\u0131m\u0131z\u0131n yap\u0131tlar\u0131na g\u00f6sterilen ilgiler nedeniyle, ressamlar\u0131m\u0131z SSCB d\u00fczeyinde daha yak\u0131ndan tan\u0131n\u0131r oldular.<\/p>\n<p>&nbsp;<\/p>\n<p><strong> &#8211; Adigey ressamlar\u0131n\u0131n SSCB d\u00fczeyinde\u00a0 tan\u0131nmas\u0131 i\u015fine ilk omuz veren ressamlar\u0131m\u0131z kimler oldular? <\/strong><\/p>\n<p>&#8211; Ge\u00e7mi\u015fi ele ald\u0131\u011f\u0131m\u0131zda ilgin\u00e7 \u00f6rneklerle kar\u015f\u0131la\u015f\u0131yoruz. <strong> Pet\u2019\u0131ve\u015fe Feliks, Sergey Rezyukin, TIGUJ M\u0131hamod, <\/strong>Adigey\u2019e ba\u015far\u0131 getiren ilk ressamlar\u0131m\u0131z aras\u0131ndalar.<\/p>\n<p>&nbsp;<\/p>\n<p><strong> &#8211; Adigey Ressamlar Birli\u011fi, Krasnodar Kray\u2019dakinden\u00a0 ayr\u0131l\u0131nca\u00a0 daha m\u0131 iyi oldu? <\/strong><\/p>\n<p>&#8211; Krasnodar Kray Birli\u011fi\u2019nin bize zarar verdi\u011fini, ressamlar\u0131m\u0131z\u0131n \u00e7al\u0131\u015fmalar\u0131n\u0131 engelledi\u011fini s\u00f6yleyemem. Kendi Birli\u011fimiz olunca, ressamlar\u0131m\u0131z daha fazla sergi a\u00e7ma, sergilere kat\u0131lma ve tan\u0131tma olanaklar\u0131na kavu\u015ftular. \u00d6rne\u011fin, Krasnodar Kray SSCB\u00a0 sergilerine kat\u0131lmaya \u00e7a\u011fr\u0131ld\u0131\u011f\u0131nda, Moskova\u2019ya ne kadar resim g\u00f6t\u00fcr\u00fclece\u011fi yukar\u0131dan s\u00f6yleniyordu. Moskova\u2019ya g\u00f6t\u00fcr\u00fclecek resimler i\u00e7inde, Adigeylilere yer kalmad\u0131\u011f\u0131, s\u0131ran\u0131n gelmedi\u011fi gibi durumlarla kar\u015f\u0131la\u015f\u0131l\u0131yordu.<\/p>\n<p>&nbsp;<\/p>\n<p><strong> &#8211; Ressamlar siyasetin i\u00e7indeler mi? <\/strong><\/p>\n<p>&#8211; Hem de s\u0131k\u0131 s\u0131k\u0131ya. \u0130lk Adige ressamlar\u0131 bize ilgin\u00e7 bir tarihi miras b\u0131rakt\u0131lar. Sanat\u0131n ya\u015fama ba\u011fl\u0131 oldu\u011fu yap\u0131tlar\u0131ndan a\u00e7\u0131k\u00e7a anla\u015f\u0131l\u0131yor. Tar\u0131msal (kolhoz) ya\u015fam\/k\u00f6y ya\u015fam\u0131, sanayi (\u043f\u0440\u043e\u043c\u044b\u0448\u043b\u0435\u043d\u043d\u043e\u0441\u0442), kutlama g\u00fcnleri (\u043c\u044d\u0444\u044d\u043aI\u0445\u044dp) ve b\u00f6ylesine g\u00f6r\u00fcnt\u00fcler ressamlar\u0131n \u00e7al\u0131\u015fmalar\u0131ndan g\u00fcn\u00fcm\u00fcze yans\u0131yorlar.<strong><br \/>\n<\/strong><\/p>\n<p><strong> &#8211; Adigey \u015fimdi bir cumhuriyet. Ressamlar\u0131n g\u00fcn\u00fcm\u00fcze ili\u015fkin sorunlar\u0131 ele al\u0131p i\u015flemekte olmalar\u0131 okuyucular\u0131m\u0131z\u0131n da ilgilerini \u00e7ekiyor. <\/strong><\/p>\n<p>&#8211; Adige Cumhuriyeti\u2019nin bayra\u011f\u0131, armas\u0131 ve daha ba\u015fka devlet ni\u015fanlar\u0131 (\u0442\u0430\u043c\u044b\u00ad\u0433\u044a\u044d\u0445\u044d\u0440) ressamlar\u0131m\u0131z\u0131n \u00e7al\u0131\u015fma \u00fcr\u00fcnleri aras\u0131nda. Ba\u015fka g\u00f6rsel malzemeler de haz\u0131rl\u0131yorlar. Ressamlar her bak\u0131mdan politikayla ili\u015fkililer, yap\u0131tlar\u0131n\u0131 g\u00f6r\u00fcyorsunuz.<\/p>\n<p>&nbsp;<\/p>\n<p><strong> &#8211; Ki\u015fi yapt\u0131\u011f\u0131 i\u015fe g\u00f6re de\u011fer kazan\u0131yor. J\u00fcbilelerde ki\u015filerin \u00f6v\u00fcld\u00fcklerini g\u00f6r\u00fcyoruz. G\u00fcn\u00fcm\u00fczde ressamlar\u0131n toplum i\u00e7indeki yerini anlatman\u0131z\u0131 isterdim. <\/strong><\/p>\n<p>&#8211;<strong> Kat Tev\u00e7oj<\/strong> Rusya halk ressam\u0131, AC Devlet \u00d6d\u00fcl\u00fc alm\u0131\u015f ressamlar\u0131m\u0131z aras\u0131nda <strong>\u011eoneko Muharb\u0131y<\/strong> ile <strong>Pet\u2019\u0131ve\u015fe Feliks<\/strong>, AC halk ressamlar\u0131 <strong>Meret\u0131ko Dolet, Kuane Aslan<\/strong> (\u041a\u044a\u0443\u0430\u043d\u044d \u0410\u0441\u043b\u044a\u0430\u043d) ve yine <strong>Pet\u2019\u0131ve\u015fe Feliks<\/strong> ve daha ba\u015fkalar\u0131 bulunuyor. Cumhuriyetimizin k\u0131demli ressamlar\u0131 da bulunuyor. <strong>Yevt\u0131h\u00a0 As\u00e9<\/strong> (\u0415\u0443\u0442\u044b\u0445 \u0410\u0441\u0435), yap\u0131tlar\u0131yla uluslararas\u0131 d\u00fczeyde tan\u0131nm\u0131\u015f biri. Bir cumhuriyetimizin olmas\u0131, ressamlar\u0131n g\u00fcc\u00fcne ve yap\u0131tlar\u0131n\u0131n tan\u0131t\u0131lmalar\u0131 i\u015fine g\u00fc\u00e7 katm\u0131\u015f oldu.<strong><br \/>\n<\/strong><\/p>\n<p><strong> &#8211; \u00d6v\u00fclmeyi sevmeyen insan olmamal\u0131. Ressamlar\u0131n \u00e7a\u011f\u0131n gerisine d\u00fc\u015fm\u00fc\u015f oldu\u011funu s\u00f6yleyen ki\u015filerle kar\u015f\u0131la\u015ft\u0131\u011f\u0131n\u0131z oluyor mu? <\/strong><\/p>\n<p>-Arkam\u0131zdan s\u00f6ylenenleri bilemem. Kimse y\u00fcz\u00fcme kar\u015f\u0131 b\u00f6yle bir \u015fey s\u00f6ylemi\u015f de\u011fil. \u00a0<strong><br \/>\n<\/strong><\/p>\n<p><strong> &#8211; Adige Cumhuriyeti Ressamlar Birli\u011fi\u2019nin \u00fcye say\u0131s\u0131 48. Bu \u00fcyelerin t\u00fcm\u00fc ya\u015famda g\u00f6r\u00fclen de\u011fi\u015fimleri gere\u011fince i\u015flemiyor olsa bile, kurulu\u015f y\u0131l\u0131n\u0131z nedeniyle bu \u00e7al\u0131\u015fmalar \u00fczerine neler s\u00f6ylemek istersiniz? <\/strong><\/p>\n<p>&#8211; 27 Ekim\u2019de Maykop\u2019ta a\u00e7\u0131lacak sergimizin haz\u0131rl\u0131klar\u0131 s\u00fcr\u00fcyor. Ressamlar\u0131n \u00e7al\u0131\u015fmalar\u0131 sergilenecek, hi\u00e7birini ele\u015ftirecek de\u011filim. Ancak eksi\u011fi olmayan ki\u015fi d\u00fc\u015f\u00fcn\u00fclemez. Ressamlar\u0131m\u0131z ara\u015ft\u0131rma ve aray\u0131\u015f i\u00e7indeler, \u00e7\u0131k\u0131\u015f yollar\u0131n\u0131 ar\u0131yor ve\u00a0 buluyorlar da. Ge\u00e7irdi\u011fimiz zorlu d\u00f6nemi d\u00fc\u015f\u00fcnd\u00fc\u011f\u00fcm\u00fczde, g\u00fcn\u00fcn \u00f6n\u00fcne ge\u00e7mi\u015f olarak \u00e7al\u0131\u015fan\u0131m\u0131z hi\u00e7 de\u00a0 az de\u011fil. <strong> \u015e\u00fck\u00fcr. BIRSIR Abdulah, y\u00fczy\u0131llar boyunca Adige \u00fclkesini (\u0410\u0434\u044b\u0433\u044d \u0447I\u044b\u0433\u0443\u0440) savunan yi\u011fitler ad\u0131na Maykop\u2019ta dikilecek olan \u2018Kahramanl\u0131k An\u0131t\u0131\u2019 (\u0441\u0430\u0443\u0433\u044a\u044d\u0442) i\u00e7in var g\u00fcc\u00fcyle \u00e7al\u0131\u015f\u0131yor. Kat Tev\u00e7oj, Yet\u0131h As\u00e9, KUANE Aslan, Edvard Ov\u00e7arenko, LEPA\u00c7&#8217;E Nurb\u0131y, Vladimir Vtorenko, Vitaliy Barkin, \u0130rina Berdikhina ve di\u011ferlerinin resimleri \u00fczerine s\u00f6ylenecek olumlu \u00e7ok \u015fey var.<br \/>\n<\/strong><\/p>\n<p><strong> &#8211; \u00c7al\u0131\u015fma yeriniz ve gereksinmeleriniz nelerdir? Kurulu\u015f y\u0131ld\u00f6n\u00fcm\u00fcn\u00fcz nedeniyle \u00e7al\u0131\u015fmalar\u0131n\u0131z\u0131 ve AC K\u00fclt\u00fcr Bakanl\u0131\u011f\u0131 ile olan ili\u015fkilerinizi\u00a0 anlat\u0131r m\u0131s\u0131n\u0131z? <\/strong><\/p>\n<p>&#8211; SSCB d\u00f6neminde devlet, meslek kurulu\u015flar\u0131 ile ilgileniyor, maddi yard\u0131mda bulunuyordu. Bu son y\u0131llarda\u00a0 \u201cs\u0131k\u0131nt\u0131l\u0131\u201d bir d\u00f6neme girdik, yine de Adige K\u00fclt\u00fcr Bakanl\u0131\u011f\u0131\u2019ndan memnunuz. K\u00fclt\u00fcr Bakanl\u0131\u011f\u0131 B\u00f6l\u00fcm Ba\u015fkan\u0131 <strong>\u015eEVGEN Bel<\/strong> bize yard\u0131mc\u0131 oluyor. Adigey ressamlar\u0131na ili\u015fkin kitaplar\u0131n renkli, s\u00fcslenmi\u015f ve kaliteli olarak yay\u0131nlanmalar\u0131n\u0131 sa\u011flad\u0131. Bask\u0131 ve resimler g\u00fczel, resimlerin her biri sanki birer canl\u0131 imi\u015f gibiler, sanki insanla konu\u015fmay\u0131 arzuluyorlar gibiler.<strong><br \/>\n<\/strong><\/p>\n<p><strong> &#8211; Ressamlar Ekim Devrimi&#8217;ni, \u0130kinci D\u00fcnya Sava\u015f\u0131 y\u0131llar\u0131n\u0131 ve di\u011fer d\u00f6nemleri resmetmeyi ba\u015farm\u0131\u015flard\u0131. \u201cAnayurt Bize Sesleniyor\u201d adl\u0131 resim t\u00fcm d\u00fcnya \u00fclkelerini dola\u015fm\u0131\u015f, hi\u00e7 eskimeyecek, g\u00fcndemden d\u00fc\u015fmeyecek\u00a0 gibi. <\/strong><\/p>\n<p>&#8211; \u0130kinci D\u00fcnya Sava\u015f\u0131\u2019n\u0131n bizim zaferimizle sona eri\u015finin 65. y\u0131ld\u00f6n\u00fcm\u00fc haz\u0131rl\u0131klar\u0131 i\u00e7indeyiz. \u015eu s\u0131ralar <strong>Kat Tev\u00e7oj<\/strong> tarihi konulara e\u011filmi\u015f bulunuyor. <strong>BIRSIR Abdulah, Edvard Ov\u00e7arenko, \u011eONEKO Murat <\/strong>ve di\u011ferleri yurtseverlik temalar\u0131n\u0131 i\u015fliyorlar.<strong><br \/>\n<\/strong><\/p>\n<p><strong> &#8211; Adige k\u00f6kenli \u00f6\u011frenci ve \u00f6\u011fretmenler aras\u0131nda resimle ilgilenenlerin say\u0131s\u0131 fazla de\u011fil. Gen\u00e7 ressamlar\u0131n ya\u015fam\u0131na ili\u015fkin olarak ayr\u0131 bir g\u00f6r\u00fc\u015fme yapsak iyi olur san\u0131r\u0131m. Y\u0131ld\u00f6n\u00fcm\u00fcn\u00fcz\u00fc nas\u0131l kutlayacaks\u0131n\u0131z? <\/strong><\/p>\n<p>&#8211; Ba\u015far\u0131l\u0131 olan herkesi kutlayacak, sayg\u0131nlayaca\u011f\u0131z. Ya\u015fam dura\u011fan de\u011fildir. \u00d6n\u00fcm\u00fczdeki d\u00f6nemde y\u00fcr\u00fctece\u011fimiz \u00e7al\u0131\u015fmalar\u00a0 konusunda\u00a0 konu\u015faca\u011f\u0131z. Birli\u011fimizi sevenlere ve bize destek \u00e7\u0131kanlara te\u015fekk\u00fcr ediyoruz, sa\u011folsunlar.<\/p>\n<p>&nbsp;<\/p>\n<p><strong> &#8211; Ba\u015far\u0131lar\u0131n\u0131z\u0131n artarak s\u00fcrmesini diliyoruz. <\/strong><\/p>\n<p><strong> (*)<\/strong> KAT Tev\u00e7oj i\u00e7in Bkz. Tablolar\u0131 bizimle konu\u015fuyor, CC K\u00fclt\u00fcr-Sanat<\/p>\n<p>&nbsp;<\/p>\n","protected":false},"excerpt":{"rendered":"<p>Adige Mak &Ccedil;eviri: Hapi Cevdet Y&#305;ld&#305;z 30 y&#305;l, az s&uuml;re say&#305;lmaz. &ldquo;Adige Cumhuriyeti Ressamlar Birli&#287;i&rdquo; 30 ya&#351;&#305;nda. Bu s&uuml;re i&ccedil;inde yap&#305;lan &ccedil;al&#305;&#351;malar&#305; derleyerek, tarih sayfalar&#305;na bir d&ouml;n&uuml;&#351; yapmak istedik. G&ouml;r&uuml;&#351;lerini &ouml;&#287;renmek i&ccedil;in HUAJ Ramazan ile bulu&#351;tuk. &ndash; Ramazan, 2008 y&#305;l&#305;nda AC Ressamlar Birli&#287;i Ba&#351;kanl&#305;&#287;&#305;na se&ccedil;ildiniz, sizden &ouml;nce yap&#305;lm&#305;&#351; olan &ccedil;al&#305;&#351;malar&#305; bir de&#287;erlendirir misiniz? &ndash; Bo&#351; [&hellip;]<\/p>\n","protected":false},"author":1,"featured_media":0,"comment_status":"closed","ping_status":"closed","sticky":false,"template":"","format":"standard","meta":{"_bbp_topic_count":0,"_bbp_reply_count":0,"_bbp_total_topic_count":0,"_bbp_total_reply_count":0,"_bbp_voice_count":0,"_bbp_anonymous_reply_count":0,"_bbp_topic_count_hidden":0,"_bbp_reply_count_hidden":0,"_bbp_forum_subforum_count":0,"ocean_post_layout":"","ocean_both_sidebars_style":"","ocean_both_sidebars_content_width":0,"ocean_both_sidebars_sidebars_width":0,"ocean_sidebar":"0","ocean_second_sidebar":"0","ocean_disable_margins":"enable","ocean_add_body_class":"","ocean_shortcode_before_top_bar":"","ocean_shortcode_after_top_bar":"","ocean_shortcode_before_header":"","ocean_shortcode_after_header":"","ocean_has_shortcode":"","ocean_shortcode_after_title":"","ocean_shortcode_before_footer_widgets":"","ocean_shortcode_after_footer_widgets":"","ocean_shortcode_before_footer_bottom":"","ocean_shortcode_after_footer_bottom":"","ocean_display_top_bar":"default","ocean_display_header":"default","ocean_header_style":"","ocean_center_header_left_menu":"0","ocean_custom_header_template":"0","ocean_custom_logo":0,"ocean_custom_retina_logo":0,"ocean_custom_logo_max_width":0,"ocean_custom_logo_tablet_max_width":0,"ocean_custom_logo_mobile_max_width":0,"ocean_custom_logo_max_height":0,"ocean_custom_logo_tablet_max_height":0,"ocean_custom_logo_mobile_max_height":0,"ocean_header_custom_menu":"0","ocean_menu_typo_font_family":"0","ocean_menu_typo_font_subset":"","ocean_menu_typo_font_size":0,"ocean_menu_typo_font_size_tablet":0,"ocean_menu_typo_font_size_mobile":0,"ocean_menu_typo_font_size_unit":"px","ocean_menu_typo_font_weight":"","ocean_menu_typo_font_weight_tablet":"","ocean_menu_typo_font_weight_mobile":"","ocean_menu_typo_transform":"","ocean_menu_typo_transform_tablet":"","ocean_menu_typo_transform_mobile":"","ocean_menu_typo_line_height":0,"ocean_menu_typo_line_height_tablet":0,"ocean_menu_typo_line_height_mobile":0,"ocean_menu_typo_line_height_unit":"","ocean_menu_typo_spacing":0,"ocean_menu_typo_spacing_tablet":0,"ocean_menu_typo_spacing_mobile":0,"ocean_menu_typo_spacing_unit":"","ocean_menu_link_color":"","ocean_menu_link_color_hover":"","ocean_menu_link_color_active":"","ocean_menu_link_background":"","ocean_menu_link_hover_background":"","ocean_menu_link_active_background":"","ocean_menu_social_links_bg":"","ocean_menu_social_hover_links_bg":"","ocean_menu_social_links_color":"","ocean_menu_social_hover_links_color":"","ocean_disable_title":"default","ocean_disable_heading":"default","ocean_post_title":"","ocean_post_subheading":"","ocean_post_title_style":"","ocean_post_title_background_color":"","ocean_post_title_background":0,"ocean_post_title_bg_image_position":"","ocean_post_title_bg_image_attachment":"","ocean_post_title_bg_image_repeat":"","ocean_post_title_bg_image_size":"","ocean_post_title_height":0,"ocean_post_title_bg_overlay":0.5,"ocean_post_title_bg_overlay_color":"","ocean_disable_breadcrumbs":"default","ocean_breadcrumbs_color":"","ocean_breadcrumbs_separator_color":"","ocean_breadcrumbs_links_color":"","ocean_breadcrumbs_links_hover_color":"","ocean_display_footer_widgets":"default","ocean_display_footer_bottom":"default","ocean_custom_footer_template":"0","ocean_post_oembed":"","ocean_post_self_hosted_media":"","ocean_post_video_embed":"","ocean_link_format":"","ocean_link_format_target":"self","ocean_quote_format":"","ocean_quote_format_link":"post","ocean_gallery_link_images":"off","ocean_gallery_id":[],"footnotes":""},"categories":[52],"tags":[],"class_list":["post-5844","post","type-post","status-publish","format-standard","hentry","category-guzel-sanatlar","entry"],"_links":{"self":[{"href":"https:\/\/www.circassiancenter.com\/tr\/wp-json\/wp\/v2\/posts\/5844","targetHints":{"allow":["GET"]}}],"collection":[{"href":"https:\/\/www.circassiancenter.com\/tr\/wp-json\/wp\/v2\/posts"}],"about":[{"href":"https:\/\/www.circassiancenter.com\/tr\/wp-json\/wp\/v2\/types\/post"}],"author":[{"embeddable":true,"href":"https:\/\/www.circassiancenter.com\/tr\/wp-json\/wp\/v2\/users\/1"}],"replies":[{"embeddable":true,"href":"https:\/\/www.circassiancenter.com\/tr\/wp-json\/wp\/v2\/comments?post=5844"}],"version-history":[{"count":3,"href":"https:\/\/www.circassiancenter.com\/tr\/wp-json\/wp\/v2\/posts\/5844\/revisions"}],"predecessor-version":[{"id":33859,"href":"https:\/\/www.circassiancenter.com\/tr\/wp-json\/wp\/v2\/posts\/5844\/revisions\/33859"}],"wp:attachment":[{"href":"https:\/\/www.circassiancenter.com\/tr\/wp-json\/wp\/v2\/media?parent=5844"}],"wp:term":[{"taxonomy":"category","embeddable":true,"href":"https:\/\/www.circassiancenter.com\/tr\/wp-json\/wp\/v2\/categories?post=5844"},{"taxonomy":"post_tag","embeddable":true,"href":"https:\/\/www.circassiancenter.com\/tr\/wp-json\/wp\/v2\/tags?post=5844"}],"curies":[{"name":"wp","href":"https:\/\/api.w.org\/{rel}","templated":true}]}}