{"id":5859,"date":"2023-10-05T01:58:52","date_gmt":"2023-10-05T06:58:52","guid":{"rendered":"http:\/\/circassiancenter.com\/tr\/?p=5859"},"modified":"2023-10-05T16:34:33","modified_gmt":"2023-10-05T21:34:33","slug":"meretiko-dolet","status":"publish","type":"post","link":"https:\/\/www.circassiancenter.com\/tr\/meretiko-dolet\/","title":{"rendered":"MERETIKO DOLET"},"content":{"rendered":"<p><img fetchpriority=\"high\" decoding=\"async\" class=\"alignnone size-full wp-image-36477\" src=\"https:\/\/www.circassiancenter.com\/tr\/wp-content\/uploads\/2019\/03\/MERETIKO-DOLET-b.png\" alt=\"\" width=\"571\" height=\"300\" srcset=\"https:\/\/www.circassiancenter.com\/tr\/wp-content\/uploads\/2019\/03\/MERETIKO-DOLET-b.png 571w, https:\/\/www.circassiancenter.com\/tr\/wp-content\/uploads\/2019\/03\/MERETIKO-DOLET-b-300x158.png 300w\" sizes=\"(max-width: 571px) 100vw, 571px\" \/><\/p>\n<p><span style=\"font-size: small;\"><strong>MAMIRIKO Nuriyet<\/strong><br \/>\n<\/span> <span lang=\"en-us\">Adige Mak Gazetesi, <\/span>Aral\u0131k<span lang=\"en-us\"> 2012<\/span><br \/>\n\u00c7eviri: A\u00e7um\u0131j Hilmi<\/p>\n<p dir=\"ltr\"><span style=\"font-family: Arial; font-size: small;\">Adige Cumhuriyeti Devlet Sanat\u00e7\u0131s\u0131 Ressam MERETIKO Dolet 1929 y\u0131l\u0131 Kas\u0131m ay\u0131nda \u015eevcen rayonundaki Hakurenehable k\u00f6y\u00fcnde do\u011fdu. Adige ulusunun kar\u015f\u0131la\u015ft\u0131\u011f\u0131 f\u0131rt\u0131nal\u0131 y\u0131llar\u0131 Dolet&#8217;in babas\u0131 olan MERETIKO Muhac\u0131r \u015fahsen ya\u015fad\u0131.<\/span><\/p>\n<p>1943 y\u0131l\u0131nda ailecek M\u0131yekuape&#8217;ye ta\u015f\u0131nd\u0131lar. Sava\u015f s\u00fcresince yeni yetme gen\u00e7 olan Dolet, Frunze isimli fabrikada i\u015f tezgah\u0131 ba\u015f\u0131nda \u00e7al\u0131\u015ft\u0131. Sava\u015f\u0131n ard\u0131ndan okulu bitirdi. Ya\u015f\u0131tlar\u0131na k\u0131yasla ya\u015fam\u0131\u015f olduklar\u0131na ra\u011fmen Dolet arzular\u0131n\u0131n do\u011frultusunda sanat yoluna do\u011fru y\u00f6neldi.<\/p>\n<p>MERETIKO Dolet 1955 y\u0131l\u0131nda Moskova&#8217;ya sanat okulunda \u00f6\u011frenim g\u00f6rmeye gitti. Ard\u0131ndan V.\u0130. Surikov Sanat Y\u00fcksek okulunda \u00fcniversite \u00f6\u011frenimini tamamlad\u0131. \u00dcniversiteden mezun olduktan sonra Moskova&#8217;da ailesi ile birlikte 25 y\u0131l ya\u015fad\u0131. Fakat nerede ya\u015f\u0131yor olsa da Adige yurdunu unutmad\u0131, gelmeden uzun zaman ge\u00e7irmedi.<\/p>\n<p>MERETIKO Dolet 1973 y\u0131l\u0131nda SSCB Ressamlar Birli\u011fi&#8217;ne al\u0131nd\u0131.<\/p>\n<p>Moskova&#8217;da ya\u015f\u0131yor olmas\u0131na ra\u011fmen Adigey&#8217;in sanat ya\u015fam\u0131nda da aktif olarak \u00e7al\u0131\u015fmalarda bulundu.<\/p>\n<p dir=\"ltr\"><img decoding=\"async\" src=\"http:\/\/www.circassiancenter.com\/cc-turkiye\/z-2013-Images-1\/003-2.jpg\" width=\"354\" height=\"267\" border=\"0\" \/><\/p>\n<p dir=\"ltr\"><span style=\"font-family: Arial; font-size: small;\">1967-1972 y\u0131llar\u0131 aras\u0131nda yedi cilt olarak derlenen &#8221;Adige Eposu Nartlar&#8221;\u0131n resimlerini yapt\u0131, t\u00fcm Kafkasya&#8217;da ya\u015fayan uluslar\u0131n kahraman\u0131 &#8216;Savs\u0131r\u0131ko&#8217; karakterini resimledi. Ayn\u0131 d\u00f6nem i\u00e7erisinde yay\u0131nlanan &#8221;Adige P\u015f\u0131seleri&#8221; isimli eserinde resimlemesini yapt\u0131.<\/span><\/p>\n<p>Yetmi\u015fli y\u0131llar MERETIKO Dolet i\u00e7in \u00f6nemlidir. Bu y\u0131llarda M\u0131yekuape&#8217;de b\u00fcy\u00fck eserler ortaya koyarak t\u00fcm Adige d\u00fcnyas\u0131nda \u00fcn kazand\u0131. &#8216;Ha\u00e7e\u015f&#8217;, M\u0131yekuape \u015eehir Gar\u0131, M\u00fczik Okulu, &#8216;Dostluk Fabrikas\u0131&#8217; vb. pek \u00e7ok yeri b\u00fcy\u00fck resimleri ile s\u00fcsledi. B\u00fct\u00fcn bunlar\u0131 Moskova&#8217;daki i\u015fi ile ayn\u0131 zamanda becerebilme maharetini de g\u00f6sterdi.<\/p>\n<p>Seksenli y\u0131llarda da M\u0131yekuape&#8217;nin g\u00fczelle\u015ftirilmesi \u00e7al\u0131\u015fmalar\u0131na etkin olarak kat\u0131ld\u0131. M\u0131yekuape kent park\u0131 giri\u015finin d\u00fczenlemesini yapt\u0131. Kentin Krasnodar&#8217;dan giri\u015fine &#8221;ho\u015fgeldiniz&#8221; yaz\u0131l\u0131 13 metre y\u00fcksekli\u011finde i\u00e7erisinde M\u0131yekuape isminin M\u0131ye &#8221;elma&#8221;dan t\u00fcredi\u011fini i\u015faret eden elmalar\u0131n bulundu\u011fu b\u00fcy\u00fck monumenti yapt\u0131.<\/p>\n<p>MERETIKO Dolet 1992 y\u0131l\u0131nda Cumhuriyet Gen\u00e7leri i\u00e7in se\u00e7ilecek sembol\u00fc de haz\u0131rld\u0131. Ayn\u0131 y\u0131l i\u00e7erisinde MERETIKO Dolet&#8217;e &#8216;Adigey Devlet (sanat\u00e7\u0131s\u0131) Ressam\u0131&#8217; unvan\u0131 verildi. Adigey&#8217;de ger\u00e7ekle\u015ftirdi\u011fi b\u00fct\u00fcn bu farkl\u0131 \u00e7al\u0131\u015fmalar\u0131ndan dolay\u0131 1996 y\u0131l\u0131nda Solovoyev Karde\u015fler \u00f6d\u00fcl\u00fcn\u00fc kazand\u0131, ayn\u0131 zamanda Adigey&#8217;in ba\u015fkentine sa\u011flad\u0131\u011f\u0131 monumental g\u00f6r\u00fcn\u00fcmden dolay\u0131 da \u00f6d\u00fcllendirildi.<\/p>\n<p>\u00dcnl\u00fc, maharetli ressam\u0131n sanat\u0131n\u0131n k\u00f6k\u00fcnde milli \u00f6\u011feler yo\u011fundur; ulusal desenler, milli destanlar, gelenek ve g\u00f6renekler vs. Dolet&#8217;in her bir eserinde Adige ulusunun tarihteki ya\u015fam\u0131ndan bir par\u00e7a-kesit g\u00f6zler \u00f6n\u00fcne seriliyor, eski Adige evleri, has\u0131rlar, konukevleri vs. b\u00fct\u00fcn eserlerinde iyi bir d\u00fc\u015f\u00fcn yap\u0131s\u0131na sahip oldu\u011fu ve bunu sergileyebilecek maharet ve yetene\u011fe de sahip oldu\u011funu g\u00f6r\u00fcyoruz. MERETIKO Dolet \u00e7ok konu\u015fmayan ancak \u00e7ok i\u015fleyen kimselerdendi. Kendi ulusu olan Adigelere ve i\u00e7erisinde yer ald\u0131\u011f\u0131m\u0131z Rusya&#8217;ya samimiydi, yurt sevgisini her ikisine e\u015fit bir \u015fekilde payla\u015ft\u0131rm\u0131\u015ft\u0131, kendisinden geride kalan eserler bunun kan\u0131t\u0131d\u0131r.<\/p>\n","protected":false},"excerpt":{"rendered":"<p>MAMIRIKO Nuriyet Adige Mak Gazetesi, Aral&#305;k 2012 &Ccedil;eviri: A&ccedil;um&#305;j Hilmi Adige Cumhuriyeti Devlet Sanat&ccedil;&#305;s&#305; Ressam MERETIKO Dolet 1929 y&#305;l&#305; Kas&#305;m ay&#305;nda &#350;evcen rayonundaki Hakurenehable k&ouml;y&uuml;nde do&#287;du. Adige ulusunun kar&#351;&#305;la&#351;t&#305;&#287;&#305; f&#305;rt&#305;nal&#305; y&#305;llar&#305; Dolet&rsquo;in babas&#305; olan MERETIKO Muhac&#305;r &#351;ahsen ya&#351;ad&#305;. 1943 y&#305;l&#305;nda ailecek M&#305;yekuape&rsquo;ye ta&#351;&#305;nd&#305;lar. Sava&#351; s&uuml;resince yeni yetme gen&ccedil; olan Dolet, Frunze isimli fabrikada i&#351; tezgah&#305; [&hellip;]<\/p>\n","protected":false},"author":1,"featured_media":0,"comment_status":"closed","ping_status":"closed","sticky":false,"template":"","format":"standard","meta":{"_bbp_topic_count":0,"_bbp_reply_count":0,"_bbp_total_topic_count":0,"_bbp_total_reply_count":0,"_bbp_voice_count":0,"_bbp_anonymous_reply_count":0,"_bbp_topic_count_hidden":0,"_bbp_reply_count_hidden":0,"_bbp_forum_subforum_count":0,"ocean_post_layout":"","ocean_both_sidebars_style":"","ocean_both_sidebars_content_width":0,"ocean_both_sidebars_sidebars_width":0,"ocean_sidebar":"0","ocean_second_sidebar":"0","ocean_disable_margins":"enable","ocean_add_body_class":"","ocean_shortcode_before_top_bar":"","ocean_shortcode_after_top_bar":"","ocean_shortcode_before_header":"","ocean_shortcode_after_header":"","ocean_has_shortcode":"","ocean_shortcode_after_title":"","ocean_shortcode_before_footer_widgets":"","ocean_shortcode_after_footer_widgets":"","ocean_shortcode_before_footer_bottom":"","ocean_shortcode_after_footer_bottom":"","ocean_display_top_bar":"default","ocean_display_header":"default","ocean_header_style":"","ocean_center_header_left_menu":"0","ocean_custom_header_template":"0","ocean_custom_logo":0,"ocean_custom_retina_logo":0,"ocean_custom_logo_max_width":0,"ocean_custom_logo_tablet_max_width":0,"ocean_custom_logo_mobile_max_width":0,"ocean_custom_logo_max_height":0,"ocean_custom_logo_tablet_max_height":0,"ocean_custom_logo_mobile_max_height":0,"ocean_header_custom_menu":"0","ocean_menu_typo_font_family":"0","ocean_menu_typo_font_subset":"","ocean_menu_typo_font_size":0,"ocean_menu_typo_font_size_tablet":0,"ocean_menu_typo_font_size_mobile":0,"ocean_menu_typo_font_size_unit":"px","ocean_menu_typo_font_weight":"","ocean_menu_typo_font_weight_tablet":"","ocean_menu_typo_font_weight_mobile":"","ocean_menu_typo_transform":"","ocean_menu_typo_transform_tablet":"","ocean_menu_typo_transform_mobile":"","ocean_menu_typo_line_height":0,"ocean_menu_typo_line_height_tablet":0,"ocean_menu_typo_line_height_mobile":0,"ocean_menu_typo_line_height_unit":"","ocean_menu_typo_spacing":0,"ocean_menu_typo_spacing_tablet":0,"ocean_menu_typo_spacing_mobile":0,"ocean_menu_typo_spacing_unit":"","ocean_menu_link_color":"","ocean_menu_link_color_hover":"","ocean_menu_link_color_active":"","ocean_menu_link_background":"","ocean_menu_link_hover_background":"","ocean_menu_link_active_background":"","ocean_menu_social_links_bg":"","ocean_menu_social_hover_links_bg":"","ocean_menu_social_links_color":"","ocean_menu_social_hover_links_color":"","ocean_disable_title":"default","ocean_disable_heading":"default","ocean_post_title":"","ocean_post_subheading":"","ocean_post_title_style":"","ocean_post_title_background_color":"","ocean_post_title_background":0,"ocean_post_title_bg_image_position":"","ocean_post_title_bg_image_attachment":"","ocean_post_title_bg_image_repeat":"","ocean_post_title_bg_image_size":"","ocean_post_title_height":0,"ocean_post_title_bg_overlay":0.5,"ocean_post_title_bg_overlay_color":"","ocean_disable_breadcrumbs":"default","ocean_breadcrumbs_color":"","ocean_breadcrumbs_separator_color":"","ocean_breadcrumbs_links_color":"","ocean_breadcrumbs_links_hover_color":"","ocean_display_footer_widgets":"default","ocean_display_footer_bottom":"default","ocean_custom_footer_template":"0","ocean_post_oembed":"","ocean_post_self_hosted_media":"","ocean_post_video_embed":"","ocean_link_format":"","ocean_link_format_target":"self","ocean_quote_format":"","ocean_quote_format_link":"post","ocean_gallery_link_images":"off","ocean_gallery_id":[],"footnotes":""},"categories":[52],"tags":[],"class_list":["post-5859","post","type-post","status-publish","format-standard","hentry","category-guzel-sanatlar","entry"],"_links":{"self":[{"href":"https:\/\/www.circassiancenter.com\/tr\/wp-json\/wp\/v2\/posts\/5859","targetHints":{"allow":["GET"]}}],"collection":[{"href":"https:\/\/www.circassiancenter.com\/tr\/wp-json\/wp\/v2\/posts"}],"about":[{"href":"https:\/\/www.circassiancenter.com\/tr\/wp-json\/wp\/v2\/types\/post"}],"author":[{"embeddable":true,"href":"https:\/\/www.circassiancenter.com\/tr\/wp-json\/wp\/v2\/users\/1"}],"replies":[{"embeddable":true,"href":"https:\/\/www.circassiancenter.com\/tr\/wp-json\/wp\/v2\/comments?post=5859"}],"version-history":[{"count":2,"href":"https:\/\/www.circassiancenter.com\/tr\/wp-json\/wp\/v2\/posts\/5859\/revisions"}],"predecessor-version":[{"id":36478,"href":"https:\/\/www.circassiancenter.com\/tr\/wp-json\/wp\/v2\/posts\/5859\/revisions\/36478"}],"wp:attachment":[{"href":"https:\/\/www.circassiancenter.com\/tr\/wp-json\/wp\/v2\/media?parent=5859"}],"wp:term":[{"taxonomy":"category","embeddable":true,"href":"https:\/\/www.circassiancenter.com\/tr\/wp-json\/wp\/v2\/categories?post=5859"},{"taxonomy":"post_tag","embeddable":true,"href":"https:\/\/www.circassiancenter.com\/tr\/wp-json\/wp\/v2\/tags?post=5859"}],"curies":[{"name":"wp","href":"https:\/\/api.w.org\/{rel}","templated":true}]}}