{"id":5862,"date":"2023-12-19T01:00:13","date_gmt":"2023-12-19T07:00:13","guid":{"rendered":"http:\/\/circassiancenter.com\/tr\/?p=5862"},"modified":"2023-12-19T14:17:25","modified_gmt":"2023-12-19T20:17:25","slug":"stasu-yurenin-yetenekleri-dunyaca-biliniyor","status":"publish","type":"post","link":"https:\/\/www.circassiancenter.com\/tr\/stasu-yurenin-yetenekleri-dunyaca-biliniyor\/","title":{"rendered":"STA\u015eU YURE&#8217;N\u0130N YETENEKLER\u0130 D\u00dcNYACA B\u0130L\u0130N\u0130YOR"},"content":{"rendered":"<p><img fetchpriority=\"high\" decoding=\"async\" class=\"alignnone size-full wp-image-37457\" src=\"https:\/\/www.circassiancenter.com\/tr\/wp-content\/uploads\/2019\/03\/STASU-YURENIN-YETENEKLERI-DUNYACA-BILINIYOR-b.png\" alt=\"\" width=\"571\" height=\"300\" srcset=\"https:\/\/www.circassiancenter.com\/tr\/wp-content\/uploads\/2019\/03\/STASU-YURENIN-YETENEKLERI-DUNYACA-BILINIYOR-b.png 571w, https:\/\/www.circassiancenter.com\/tr\/wp-content\/uploads\/2019\/03\/STASU-YURENIN-YETENEKLERI-DUNYACA-BILINIYOR-b-300x158.png 300w\" sizes=\"(max-width: 571px) 100vw, 571px\" \/><\/p>\n<p><strong><span style=\"font-size: small;\">YEMT&#8217;ITL Nurb\u0131y<\/span><\/strong><br \/>\nAdige Mak Gazetesi, Nisan 2012<br \/>\n\u00c7eviri: <span style=\"font-family: Arial;\">A\u00c7UMIJ Hilmi<\/span><\/p>\n<p><strong> Krasnodar&#8217;da kat\u0131ld\u0131\u011f\u0131m\u0131z Krasnodar Sanat Sergi Merkezi&#8217;nde d\u00fczenlenen etkinli\u011fi ulusal bayramlar\u0131m\u0131zla k\u0131yaslad\u0131k. D\u00fcnya \u00e7ap\u0131nda \u00fcn sahibi olan stilist, Adige Cumhuriyeti Devlet \u00d6d\u00fcl\u00fc sahibi, Bar\u0131\u015f Ligi Adigey \u015eubesi \u00d6d\u00fcl\u00fc&#8217;ne sahip STA\u015eU Yure&#8217;nin eserlerinin sergilendi\u011fi bir sergi Krasnodar&#8217;da a\u00e7\u0131ld\u0131.<\/strong><\/p>\n<p>Adige Cumhuriyeti \u00a0ve Krasnodar Eyaleti aras\u0131nda k\u00fclt\u00fcr ve sanat alan\u0131nda i\u015fbrli\u011finin peki\u015ftirilmesine y\u00f6nelik yap\u0131lan anla\u015fma \u00e7er\u00e7evesinde yap\u0131lan bu serginin organizat\u00f6rlerinden Sergi Salonu B\u00f6l\u00fcm Ba\u015fkan\u0131 Tatyana Sokolinskaya etkinli\u011fin a\u00e7\u0131l\u0131\u015f konu\u015fmas\u0131n\u0131 yapt\u0131. Nef \u00e7ocuk grubu elemanlar\u0131 Adige halk danslar\u0131ndan \u00f6rnekler sergilediler. Adige Cumhuriyeti Halk \u015eark\u0131c\u0131s\u0131 KU\u015eEKO Sim Adige ulusal k\u0131yafeti i\u00e7in yaz\u0131lm\u0131\u015f Anzereko \u00c7eslav&#8217;a ait \u015fark\u0131n\u0131n yan\u0131s\u0131ra \u00fcnl\u00fc kompozit\u00f6rlerimizin besteledikleri ba\u015fka \u015fark\u0131lar\u0131 da s\u00f6yledi. \u0130nsan\u0131n y\u00fcre\u011fini heyacanland\u0131ran ulusal danslar\u0131m\u0131z\u0131 TRAHO Fatime, KU\u015eEKO Sime, NEPSEV Nihat ve Nef grubu \u00fcyeleri yapt\u0131lar. El vurup tempo tutan soyda\u015flar\u0131m\u0131zda bizi mutlu k\u0131ld\u0131lar.<\/p>\n<p><strong> \u0130htiva etti\u011fi d\u00fc\u015f\u00fcnceler&#8230;.<\/strong><\/p>\n<p>STA\u015eU Yure&#8217;nin eserlerinin ihtiva etti\u011fi d\u00fc\u015f\u00fcncenin kolay kavranabilir oldu\u011funu d\u00fc\u015f\u00fcnm\u00fcyoruz. Sanat\u00e7\u0131ya gazetcilerin sanatseverlerin verdikleri sorulardan ald\u0131klar\u0131 cevaplarla tarih, ulusal gelenek-g\u00f6renek ve ya\u015fam\u0131n ilerlemeye devam ediyor olmas\u0131 \u00fczerine farkl\u0131 d\u00fc\u015f\u00fcncelerini de i\u015fitiyoruz. Sergide konu\u015fma yapan Do\u011fu Halklar\u0131 M\u00fczesi M\u0131yekuape \u015eubesi \u00e7al\u0131\u015fan\u0131 S\u00fcleyman Fatima&#8217;n\u0131n da belirtti\u011fi gibi STA\u015eU Yure&#8217;nin eserlerinde derin bir felsefe var.<\/p>\n<p>STA\u015eU Yure&#8217;nin M\u0131yekuape k\u00fclt\u00fcr\u00fcne ait objeleri de\u011ferlendirerek olu\u015fturdu\u011fu Adige Giysisi Sergisi&#8217;nin en belirgin eseri. K\u0131rm\u0131z\u0131 renkte ve g\u00fczel. Toplamda 17 Adige giysisi sergilendi. Bunlar aras\u0131nda en ilginci hangisi diye se\u00e7meyi kendimize vazife k\u0131lmad\u0131k. B\u00f6yle olmas\u0131na ra\u011fmen sergiye \u011eobekuaye&#8217;den kalk\u0131p gelenlerin s\u00f6ylediklerini \u00f6n plana \u00e7\u0131kartmaktan da kendimizi alam\u0131yoruz.<\/p>\n<p>STA\u015eU Mayor ve Vya\u00e7eslav; &#8216;\u011eobekuayeli Amazon Nalkute&#8217;yi ilgin\u00e7 bir kitaba benzetiyoruz. Seni yeti\u015ftiren, b\u00fcy\u00fcten aileye s\u00fclalaye k\u00f6ye millete, \u00fclkeye verdi\u011fin de\u011ferin, bilincin bir yans\u0131mas\u0131 gibi bu giysi. Krasnodar&#8217;a grup halinde geldik. Sergi organizat\u00f6rlerine gazete vas\u0131tas\u0131 ile te\u015fekk\u00fcr ediyoruz.<\/p>\n<p>D\u00fcnyan\u0131n geli\u015fimi ne y\u00f6ne do\u011fru oluyor? STA\u015eU Yure&#8217;nin konuya i\u015fikin ellerinden \u00e7\u0131kan eserler buna bir bak\u0131\u015f a\u00e7\u0131s\u0131 sunuyor. B\u00fcy\u00fck paralar\u0131n sevdas\u0131na kap\u0131lanlar, k\u00fclt\u00fcr\u00fcn\u00fc ihmal edenler az say\u0131da de\u011filler. Say\u0131ca b\u00fcy\u00fck n\u00fcfusa sahip olmayan uluslar\u0131n k\u00fclt\u00fcrlerinin ba\u015f\u0131na ne gelecek? K\u00fclt\u00fcr ve sanat\u0131m\u0131z\u0131 nas\u0131l koruyabiliriz?<\/p>\n<p>STA\u015eU Yure sergiyi Rerich&#8217;e ait k\u00fclt\u00fcr\u00fcn korunmas\u0131na dair sembolle a\u00e7t\u0131. Eserler Adige s\u00fclale armalar\u0131, Kafkas da\u011flar\u0131 ve Nart destanlar\u0131ndan al\u0131nt\u0131lanan ku\u015flar, \u00e7evremizin korunmas\u0131, insanlar\u0131n dayan\u0131\u015fma i\u00e7erisinde olmalar\u0131 halinde ya\u015famlar\u0131n\u0131n daha iyi olaca\u011f\u0131, bar\u0131\u015f\u0131n g\u00fc\u00e7lendirilmesinin gerekti\u011fi ve ba\u015fka konulara y\u00f6nelikti. Bu g\u00fcn insanlara kar\u015f\u0131 m\u00fcsamahakar davranman\u0131n alt\u0131nda empati yatar.<\/p>\n<p>Topraklar\u0131 sanatsal olarak canland\u0131rmas\u0131 alt\u0131nda sadece sanat de\u011fil politik bak\u0131\u015f a\u00e7\u0131s\u0131n\u0131n da oldu\u011funu hissediyorsun. Topraklar\u0131mm\u0131z\u0131 ba\u015fka topraklarla k\u0131yasl\u0131yor bar\u0131\u015f i\u00e7inde bir ya\u015fama \u00f6zendiriyor.<\/p>\n<p>Adige Cumhuriyeti&#8217;nin Krasnodar Eyaleti&#8217;ndeki Daimi Temsilcisi TREHO Timur sergi a\u00e7\u0131l\u0131\u015f\u0131 ile ilgilendi. Etkinlikte yapt\u0131\u011f\u0131 konu\u015fmada eyalet ile cumhuriyetimiz aras\u0131ndaki ili\u015fkinin peki\u015ftirilmesinde sanat ve k\u00fclt\u00fcr\u00fcn b\u00fcy\u00fck \u00f6nemi oldu\u011funu belirtti. STA\u015eU Yure&#8217;nin \u00e7al\u0131\u015fmalar\u0131n\u0131n insan\u0131 e\u011fitti\u011fi, gen\u00e7lerin iyiliklere y\u00f6nelmesinde vesile olucu niteliklere sahip oldu\u011funu belirtti sergi an\u0131 defterine g\u00fczel temennilerini yazd\u0131.<\/p>\n<p>Sanat el\u015fetirmeni Yekatarina Myaki\u015fivya sergi a\u00e7\u0131l\u0131\u015f\u0131na kat\u0131ld\u0131. STA\u015eU Yure&#8217;nin b\u00fcy\u00fck bir anlay\u0131\u015f-kavrama yetisine sahip oldu\u011funun alt\u0131n\u0131 \u00e7izdi. Eserlerde Adige s\u00fclale armalar\u0131, giysileri ile konu\u015fma iste\u011fi do\u011furacak duygulara itiliyorsun. Ticaret ile i\u015ftigal eden NEPSEV Nihat&#8217;\u0131n s\u00f6yledikleri etkinlik kat\u0131l\u0131mc\u0131lar\u0131 taraf\u0131ndan ilgin\u00e7 bulundu. D\u00fc\u011f\u00fcne giderken giyinmen gereken \u015fekille cenazeye giderken giyinmen gereken \u015fekil birbiri ile \u00f6rt\u00fc\u015fm\u00fcyor. STA\u015eU Yure&#8217;de b\u00f6ylesi bak\u0131\u015f a\u00e7\u0131lar\u0131ndan s\u00fcz\u00fclerek Adige ulusunun tarihini g\u00f6zler \u00f6n\u00fcne seriyor. Bilin\u00e7 sahibi olman gerekti\u011fi konusunda d\u00fc\u015f\u00fcncelere sevk ederek yar\u0131nlar\u0131 d\u00fc\u015f\u00fcnd\u00fcr\u00fcyor.<\/p>\n<p><strong> Eserlere bas\u0131l\u0131 materyal halinde ula\u015fabilir miyiz?<\/strong><\/p>\n<p>STA\u015eU Yure&#8217;nin eserlerini Ruslar ve di\u011fer milletlerden insanlarda g\u00f6rmek, de\u011ferlendirmek istiyorlar. Bunlar\u0131n bir arada yer ald\u0131\u011f\u0131 bir alb\u00fcm\u00fcn bas\u0131l\u0131 olup olmad\u0131\u011f\u0131n\u0131 \u00f6\u011frenmek istiyorlar. Disk i\u00e7erisinde bu eserlere ula\u015fabilmeyi arzuluyorlar.<\/p>\n<p>\u00dcnl\u00fc stilistimiz, ABD, T\u00fcrkiye, Suriye, Moskova, So\u00e7i vd. yerlerde bulundu, sergiler a\u00e7t\u0131. Yak\u0131nlarda yap\u0131lacak olan So\u00e7i Olimpiyatlar\u0131 da g\u00f6z \u00f6n\u00fcne al\u0131nacak olursa STA\u015eU Yure&#8217;nin eserleri d\u00fcnyada daha da tan\u0131n\u0131r k\u0131l\u0131nabilir. Bu konu \u00fczerine e\u011filecek olursak cumhuriyetimizi milletimizi d\u00fcnyada daha da tan\u0131n\u0131r k\u0131labiliriz.<\/p>\n","protected":false},"excerpt":{"rendered":"<p>YEMT&rsquo;ITL Nurb&#305;y Adige Mak Gazetesi, Nisan 2012 &Ccedil;eviri: A&Ccedil;UMIJ Hilmi Krasnodar&rsquo;da kat&#305;ld&#305;&#287;&#305;m&#305;z Krasnodar Sanat Sergi Merkezi&rsquo;nde d&uuml;zenlenen etkinli&#287;i ulusal bayramlar&#305;m&#305;zla k&#305;yaslad&#305;k. D&uuml;nya &ccedil;ap&#305;nda &uuml;n sahibi olan stilist, Adige Cumhuriyeti Devlet &Ouml;d&uuml;l&uuml; sahibi, Bar&#305;&#351; Ligi Adigey &#350;ubesi &Ouml;d&uuml;l&uuml;&rsquo;ne sahip STA&#350;U Yure&rsquo;nin eserlerinin sergilendi&#287;i bir sergi Krasnodar&rsquo;da a&ccedil;&#305;ld&#305;. Adige Cumhuriyeti &nbsp;ve Krasnodar Eyaleti aras&#305;nda k&uuml;lt&uuml;r ve sanat [&hellip;]<\/p>\n","protected":false},"author":1,"featured_media":0,"comment_status":"closed","ping_status":"closed","sticky":false,"template":"","format":"standard","meta":{"_bbp_topic_count":0,"_bbp_reply_count":0,"_bbp_total_topic_count":0,"_bbp_total_reply_count":0,"_bbp_voice_count":0,"_bbp_anonymous_reply_count":0,"_bbp_topic_count_hidden":0,"_bbp_reply_count_hidden":0,"_bbp_forum_subforum_count":0,"ocean_post_layout":"","ocean_both_sidebars_style":"","ocean_both_sidebars_content_width":0,"ocean_both_sidebars_sidebars_width":0,"ocean_sidebar":"0","ocean_second_sidebar":"0","ocean_disable_margins":"enable","ocean_add_body_class":"","ocean_shortcode_before_top_bar":"","ocean_shortcode_after_top_bar":"","ocean_shortcode_before_header":"","ocean_shortcode_after_header":"","ocean_has_shortcode":"","ocean_shortcode_after_title":"","ocean_shortcode_before_footer_widgets":"","ocean_shortcode_after_footer_widgets":"","ocean_shortcode_before_footer_bottom":"","ocean_shortcode_after_footer_bottom":"","ocean_display_top_bar":"default","ocean_display_header":"default","ocean_header_style":"","ocean_center_header_left_menu":"0","ocean_custom_header_template":"0","ocean_custom_logo":0,"ocean_custom_retina_logo":0,"ocean_custom_logo_max_width":0,"ocean_custom_logo_tablet_max_width":0,"ocean_custom_logo_mobile_max_width":0,"ocean_custom_logo_max_height":0,"ocean_custom_logo_tablet_max_height":0,"ocean_custom_logo_mobile_max_height":0,"ocean_header_custom_menu":"0","ocean_menu_typo_font_family":"0","ocean_menu_typo_font_subset":"","ocean_menu_typo_font_size":0,"ocean_menu_typo_font_size_tablet":0,"ocean_menu_typo_font_size_mobile":0,"ocean_menu_typo_font_size_unit":"px","ocean_menu_typo_font_weight":"","ocean_menu_typo_font_weight_tablet":"","ocean_menu_typo_font_weight_mobile":"","ocean_menu_typo_transform":"","ocean_menu_typo_transform_tablet":"","ocean_menu_typo_transform_mobile":"","ocean_menu_typo_line_height":0,"ocean_menu_typo_line_height_tablet":0,"ocean_menu_typo_line_height_mobile":0,"ocean_menu_typo_line_height_unit":"","ocean_menu_typo_spacing":0,"ocean_menu_typo_spacing_tablet":0,"ocean_menu_typo_spacing_mobile":0,"ocean_menu_typo_spacing_unit":"","ocean_menu_link_color":"","ocean_menu_link_color_hover":"","ocean_menu_link_color_active":"","ocean_menu_link_background":"","ocean_menu_link_hover_background":"","ocean_menu_link_active_background":"","ocean_menu_social_links_bg":"","ocean_menu_social_hover_links_bg":"","ocean_menu_social_links_color":"","ocean_menu_social_hover_links_color":"","ocean_disable_title":"default","ocean_disable_heading":"default","ocean_post_title":"","ocean_post_subheading":"","ocean_post_title_style":"","ocean_post_title_background_color":"","ocean_post_title_background":0,"ocean_post_title_bg_image_position":"","ocean_post_title_bg_image_attachment":"","ocean_post_title_bg_image_repeat":"","ocean_post_title_bg_image_size":"","ocean_post_title_height":0,"ocean_post_title_bg_overlay":0.5,"ocean_post_title_bg_overlay_color":"","ocean_disable_breadcrumbs":"default","ocean_breadcrumbs_color":"","ocean_breadcrumbs_separator_color":"","ocean_breadcrumbs_links_color":"","ocean_breadcrumbs_links_hover_color":"","ocean_display_footer_widgets":"default","ocean_display_footer_bottom":"default","ocean_custom_footer_template":"0","ocean_post_oembed":"","ocean_post_self_hosted_media":"","ocean_post_video_embed":"","ocean_link_format":"","ocean_link_format_target":"self","ocean_quote_format":"","ocean_quote_format_link":"post","ocean_gallery_link_images":"off","ocean_gallery_id":[],"footnotes":""},"categories":[52],"tags":[],"class_list":["post-5862","post","type-post","status-publish","format-standard","hentry","category-guzel-sanatlar","entry"],"_links":{"self":[{"href":"https:\/\/www.circassiancenter.com\/tr\/wp-json\/wp\/v2\/posts\/5862","targetHints":{"allow":["GET"]}}],"collection":[{"href":"https:\/\/www.circassiancenter.com\/tr\/wp-json\/wp\/v2\/posts"}],"about":[{"href":"https:\/\/www.circassiancenter.com\/tr\/wp-json\/wp\/v2\/types\/post"}],"author":[{"embeddable":true,"href":"https:\/\/www.circassiancenter.com\/tr\/wp-json\/wp\/v2\/users\/1"}],"replies":[{"embeddable":true,"href":"https:\/\/www.circassiancenter.com\/tr\/wp-json\/wp\/v2\/comments?post=5862"}],"version-history":[{"count":3,"href":"https:\/\/www.circassiancenter.com\/tr\/wp-json\/wp\/v2\/posts\/5862\/revisions"}],"predecessor-version":[{"id":37459,"href":"https:\/\/www.circassiancenter.com\/tr\/wp-json\/wp\/v2\/posts\/5862\/revisions\/37459"}],"wp:attachment":[{"href":"https:\/\/www.circassiancenter.com\/tr\/wp-json\/wp\/v2\/media?parent=5862"}],"wp:term":[{"taxonomy":"category","embeddable":true,"href":"https:\/\/www.circassiancenter.com\/tr\/wp-json\/wp\/v2\/categories?post=5862"},{"taxonomy":"post_tag","embeddable":true,"href":"https:\/\/www.circassiancenter.com\/tr\/wp-json\/wp\/v2\/tags?post=5862"}],"curies":[{"name":"wp","href":"https:\/\/api.w.org\/{rel}","templated":true}]}}