{"id":6127,"date":"2021-09-12T23:09:48","date_gmt":"2021-09-13T04:09:48","guid":{"rendered":"http:\/\/circassiancenter.com\/tr\/?p=6127"},"modified":"2021-09-13T17:40:15","modified_gmt":"2021-09-13T22:40:15","slug":"tayfur-havutcu-kimdir","status":"publish","type":"post","link":"https:\/\/www.circassiancenter.com\/tr\/tayfur-havutcu-kimdir\/","title":{"rendered":"TAYFUR HAVUT\u00c7U K\u0130MD\u0130R?"},"content":{"rendered":"<p><img fetchpriority=\"high\" decoding=\"async\" class=\"alignnone size-full wp-image-21108\" src=\"http:\/\/circassiancenter.com\/tr\/wp-content\/uploads\/2019\/03\/TAYFUR-HAVUTCU-KIMDIR-b.png\" alt=\"\" width=\"571\" height=\"297\" srcset=\"https:\/\/www.circassiancenter.com\/tr\/wp-content\/uploads\/2019\/03\/TAYFUR-HAVUTCU-KIMDIR-b.png 571w, https:\/\/www.circassiancenter.com\/tr\/wp-content\/uploads\/2019\/03\/TAYFUR-HAVUTCU-KIMDIR-b-300x156.png 300w\" sizes=\"(max-width: 571px) 100vw, 571px\" \/><\/p>\n<p><span style=\"font-size: small;\">(d. 23 Mart 1970, Hanau) Teknik direkt\u00f6r ve orta saha mevkiinde g\u00f6rev alm\u0131\u015f eski futbolcu.<\/span><\/p>\n<p><b>Futbol Kariyeri<br \/>\n<\/b><br \/>\n<b>SV Darmstadt 98 <\/b><br \/>\nFutbol ya\u015fam\u0131na Almanya&#8217;da ba\u015flayan Tayfur Havut\u00e7u, profesyonel olarak sahalarda SV Darmstadt 98 formas\u0131 ile ad\u0131m att\u0131. 2. Bundesliga ekibi Darmstadt&#8217;ta ilk ma\u00e7\u0131na 7. hafta ma\u00e7\u0131 olan Wuppertaler SV kar\u015f\u0131s\u0131nda \u00e7\u0131kt\u0131. Havut\u00e7u, 10. hafta bir kez daha kavu\u015ftu\u011fu formay\u0131 sezon sonuna dek b\u0131rakmad\u0131 ve 35 ma\u00e7ta forma giydi. SV Meppen ve 1. FSV Mainz 05&#8217;e birer gol att\u0131. Ancak tak\u0131m\u0131 sezon sonunda lig sonuncusu olarak k\u00fcme d\u00fc\u015ft\u00fc. Ayr\u0131ca kariyerinde ilk ve son kez Almanya Kupas\u0131 ma\u00e7\u0131na da \u00e7\u0131kt\u0131 ancak 2. turda elendiler.<\/p>\n<p><b>Fenerbah\u00e7e SK<\/b><br \/>\n1993-1994 sezonu ba\u015f\u0131nda y\u00f6neticilerin iste\u011fiyle Fenerbah\u00e7e SK&#8217;ya transfer oldu. Teknik direkt\u00f6r Alman Holger Osieck d\u00f6neminde tak\u0131m\u0131n \u00f6nemli isimlerinden biri oldu. 29 A\u011fustos 1993&#8217;te \u0130zmir&#8217;de oynanan Altay ma\u00e7\u0131 ile ilk kez resmi olarak Fenerbah\u00e7e formas\u0131n\u0131 giydi. 2-1 biten ma\u00e7ta tak\u0131mdaki ilk gol\u00fcn\u00fc kaydetti. Fenerbah\u00e7e sezonu lider Galatasaray&#8217;\u0131n bir puan gerisinde ikinci olarak kapad\u0131. Sonraki sezon ise orta saha yerine savunmada oynat\u0131lan Tayfur, yine tak\u0131m\u0131n \u00f6nemli elemanlar\u0131ndan biri oldu. Sezondaki tek gol\u00fcn\u00fc Be\u015fikta\u015f&#8217;a kaydetti. Ancak kupalarda ve ligde yine ba\u015far\u0131 gelemedi. Toplamda 53 ma\u00e7ta 2 gol atmay\u0131 ba\u015fard\u0131. 1994-95 sezonu UEFA Kupas\u0131&#8217;nda Fenerbah\u00e7e&#8217;nin 4 ma\u00e7\u0131nda da oynayarak ilk kez Avrupa Kupas\u0131 ma\u00e7\u0131nda oynayan Tayfur, Fenerbah\u00e7e&#8217;nin Cannes&#8217;a 5-1 yenidi\u011fi ma\u00e7ta ise kendi kalesine bir gol kaydetmi\u015ftir.<\/p>\n<p><b>Kocaelispor Kul\u00fcb\u00fc <\/b><br \/>\n1995-96 sezonu ba\u015f\u0131nda Kocaelispor teknik direkt\u00f6r\u00fc Mustafa Denizli taraf\u0131ndan Kocaelispor&#8217;a transfer edildi. \u0130lk sezonunda 34 ma\u00e7\u0131n hepsinde forma giyerek tak\u0131m\u0131n 5. olup Intertoto Kupas\u0131&#8217;na gitmesinde b\u00fcy\u00fck katk\u0131da bulundu. Ayr\u0131ca ligde 3 gol kaydetti. T\u00fcrkiye Kupas\u0131&#8217;nda ise 6. kademede eski tak\u0131m\u0131 Fenerbah\u00e7e&#8217;ye penalt\u0131larla elendiler. Tayfur, penalt\u0131s\u0131n\u0131 gol \u00e7evirse de tak\u0131m\u0131n\u0131 elenmekten kurtaramad\u0131.<\/p>\n<p>1996-97 sezonunda tak\u0131m\u0131n ba\u015f\u0131na Fenerbah\u00e7e&#8217;den hocas\u0131 olan Holger Osieck ge\u00e7mi\u015fti. Tayfur yine tak\u0131m\u0131n de\u011fi\u015fmez isimlerinden olmu\u015ftu. 7. olan tak\u0131m as\u0131l ba\u015far\u0131s\u0131n\u0131 T\u00fcrkiye Kupas\u0131&#8217;n\u0131 kazanarak g\u00f6sterdi. Kocaelispor yar\u0131 finalde Be\u015fikta\u015f&#8217;\u0131, finalde de Trabzonspor&#8217;u eleyerek T\u00fcrkiye Kupas\u0131&#8217;n\u0131 ilk kez m\u00fczesine g\u00f6t\u00fcrd\u00fc. Cumhurba\u015fkanl\u0131\u011f\u0131 Kupas\u0131&#8217;nda ise Galatasaray&#8217;a uzatmalarda yedikleri golle 2-1 yenildiler.<\/p>\n<p><b>Be\u015fikta\u015f JK<\/b><br \/>\n\u0130ki sezon Kocaelispor&#8217;da g\u00f6rev yapt\u0131ktan sonra, 1997-98 sezonunda Be\u015fikta\u015f&#8217;a transfer oldu. Ba\u015fkan S\u00fcleyman Seba&#8217;n\u0131n da akrabas\u0131 olan Tayfur Havut\u00e7u, ba\u015far\u0131l\u0131 performans\u0131 ile Be\u015fikta\u015f kul\u00fcb\u00fcnde de tak\u0131m kaptanl\u0131\u011f\u0131na kadar y\u00fckseldi.<\/p>\n<p>3 A\u011fustos 1997&#8217;de \u015eekerspor kar\u015f\u0131s\u0131nda forma giyerek resmi olarak ilk kez Be\u015fikta\u015f i\u00e7in sahaya \u00e7\u0131kt\u0131. \u0130lk sezonunda T\u00fcrkiye&#8217;de toplam 42 ma\u00e7ta forma giydi. Ligde ba\u015far\u0131 gelmese de Be\u015fikta\u015f kupada ba\u015far\u0131l\u0131 sonu\u00e7lar ald\u0131. Tayfur, 6. kademe ma\u00e7\u0131nda Gen\u00e7lerbirli\u011fi&#8217;ne iki ma\u00e7ta birer gol kaydetti. Finalde Galatasaray ile e\u015fle\u015fen Be\u015fikta\u015f, 1-1 biten ma\u00e7lar sonunda penalt\u0131 at\u0131\u015flar\u0131yla kupay\u0131 ald\u0131. Tayfur&#8217;un \u00fcst\u00fcste ikinci kez ula\u015ft\u0131\u011f\u0131 kupa finalinde Tayfur, Be\u015fikta\u015f&#8217;\u0131n son penalt\u0131s\u0131n\u0131 kullanarak gole \u00e7evirdi. \u0130ki tak\u0131m Cumhurba\u015fkanl\u0131\u011f\u0131 Kupas\u0131 finalinde de kar\u015f\u0131 kar\u015f\u0131ya geldi. Tayfur, 2-1 biten ma\u00e7\u0131n sonunda bu kupaya da uzanm\u0131\u015f oldu. Tayfur ayn\u0131 sezon Be\u015fikta\u015f&#8217;\u0131n b\u00fct\u00fcn Avrupa ma\u00e7lar\u0131nda da forma giydi. UEFA \u015eampiyonlar Ligi \u00f6n eleme ma\u00e7lar\u0131n\u0131n ikincisinde NK Maribor&#8217;a bir gol att\u0131. Ma\u00e7\u0131n sonunda Be\u015fikta\u015f tarihinde ilk kez gruplara \u00e7\u0131kt\u0131. Be\u015fikta\u015f grubunda \u00fc\u00e7\u00fcnc\u00fc olarak bir \u00fcst tura \u00e7\u0131kamad\u0131.<\/p>\n<p>Tayfur sonraki sezonlarda da Be\u015fikta\u015f&#8217;\u0131n vazge\u00e7ilmez oyuncular\u0131ndan olmaya devam etti. Be\u015fikta\u015f ile kazand\u0131\u011f\u0131 ilk ve tek lig \u015fampiyonlu\u011fu 100. y\u0131lda kazan\u0131lan lig \u015fampiyonlu\u011fu oldu. Ligde 31 ma\u00e7ta att\u0131\u011f\u0131 4 golle tak\u0131m\u0131n en \u00f6nemli isimlerindendi.<\/p>\n<p>2005-06 sezonunda futbolcu-menajer olarak g\u00f6rev yapm\u0131\u015ft\u0131r. Sezonun ilk yar\u0131s\u0131nda sadece 4 ma\u00e7ta g\u00f6rev alan Tayfur, ikinci yar\u0131da hi\u00e7 \u015fans bulamam\u0131\u015ft\u0131r. Be\u015fikta\u015f ile \u00e7\u0131kt\u0131\u011f\u0131 son resmi ma\u00e7 14 \u015eubat 2006&#8217;da \u0130neg\u00f6lspor ile oynanan T\u00fcrkiye Kupas\u0131 ma\u00e7\u0131d\u0131r. Be\u015fikta\u015f ma\u00e7\u0131 1-0 kaybetse de sezon sonunda T\u00fcrkiye Kupas\u0131&#8217;n\u0131 kazanm\u0131\u015ft\u0131.<br \/>\nBe\u015fikta\u015f ile bir\u00e7ok Avrupa Kupas\u0131 ma\u00e7\u0131na \u00e7\u0131kan Tayfur, 2000-01 sezonu \u015eampiyonlar Ligi \u00f6n elemelerinde Levski Sofya ve Lokomotif Moskova&#8217;ya birer gol atarak tak\u0131m\u0131n gruplara kalmas\u0131na yard\u0131m etmi\u015ftir. Gruplarda ise AC Milan&#8217;a penalt\u0131dan bir gol kaydetmi\u015ftir. Avrupa&#8217;da gol att\u0131\u011f\u0131 bir di\u011fer ma\u00e7 ise 3-3 biten \u00fcnl\u00fc Valerenga ma\u00e7\u0131 olmu\u015ftur.<\/p>\n<p>18 Temmuz 2006&#8217;da eski teknik direkt\u00f6rlerinden Mircea Lucescu&#8217;nun \u00e7al\u0131\u015ft\u0131rd\u0131\u011f\u0131 Shakhtar Donetsk kar\u015f\u0131s\u0131nda oynanan bir ma\u00e7 ile futbol hayat\u0131na son verdi. Be\u015fikta\u015f&#8217;\u0131n 2-1 ma\u011flup oldu\u011fu ma\u00e7\u0131n \u00f6ncesinde Be\u015fikta\u015f&#8217;ta oynam\u0131\u015f yabanc\u0131 ve T\u00fcrk futbolcular bir g\u00f6steri ma\u00e7\u0131 yapt\u0131. Tayfur, 7. dakikada yerini Jose Kleberson&#8217;a b\u0131rakt\u0131.<\/p>\n<p><b>Milli Tak\u0131m Kariyeri<br \/>\n<\/b><br \/>\n<b>T\u00fcrkiye A Milli Tak\u0131m <\/b><br \/>\n1994-2004 y\u0131llar\u0131 aras\u0131nda 10 y\u0131l boyunca 59 kez milli tak\u0131mlara \u00e7a\u011fr\u0131lan Tayfur Havut\u00e7u, 45 kez T\u00fcrkiye A Milli Tak\u0131m formas\u0131n\u0131 giymi\u015f bu ma\u00e7larda 6 gol atm\u0131\u015ft\u0131r.<\/p>\n<p>Tayfur, T\u00fcrkiye formas\u0131n\u0131 ilk kez Fenerbah\u00e7e&#8217;de forma giydi\u011fi d\u00f6nemde 31 A\u011fustos 1994&#8217;te Makedonya ile oynanan \u00f6zel ma\u00e7ta ikinci yar\u0131 Recep \u00c7etin&#8217;in yerine oyuna girerek giydi. EURO 1996 elemelerinde bir kez kadroya \u00e7a\u011fr\u0131lsa da forma giyemedi. 1998 FIFA D\u00fcnya Kupas\u0131 \u00f6n elemelerinde ise zaman zaman forma \u015fans\u0131 buldu.<\/p>\n<p>EURO 2000 elemelerinde Kuzey \u0130rlanda&#8217;y\u0131 3-1 yendikleri ma\u00e7ta milli tak\u0131m kariyerindeki ilk gol\u00fcn\u00fc penalt\u0131dan kaydetti. Ayn\u0131 elemelerde Finlaniya&#8217;y\u0131 4-2 yendikleri ma\u00e7ta ise 2 gol, Moldova ile 1-1 biten ma\u00e7ta 1 gol kaydedip, tak\u0131m\u0131n\u0131n play-off&#8217;lara kalmas\u0131nda b\u00fcy\u00fck katk\u0131da bulundu. Play-off ma\u00e7lar\u0131n\u0131n ilkinde \u0130rlanda&#8217;ya penalt\u0131dan bir gol at\u0131p durumu 1-1 yapt\u0131. \u0130kinci ma\u00e7ta ise 0-0 berabere kalan T\u00fcrkiye, tarihinde ikinci kez Avrupa \u015eampiyonas\u0131&#8217;na kat\u0131lma hakk\u0131 kazand\u0131. Tayfur, bu ba\u015far\u0131l\u0131 oyunu ile EURO 2000 kadrosuna da \u00e7a\u011fr\u0131ld\u0131 ve T\u00fcrkiye&#8217;nin \u00e7eyrek finalde elendi\u011fi turnuvan\u0131n 4 ma\u00e7\u0131n\u0131n \u00fc\u00e7\u00fcnde forma giydi.<\/p>\n<p>Tayfur, milli kariyerindeki son gol\u00fcn\u00fc 2002 FIFA D\u00fcnya Kupas\u0131 elemelerinde \u0130sve\u00e7 ile deplasmanda oynanan haz\u0131rl\u0131k ma\u00e7\u0131nda 90+4. dakikada penalt\u0131dan atarak tak\u0131m\u0131na beraberli\u011fi getirdi. Elemelerde zaman zaman forma giyen Tayfur&#8217;lu T\u00fcrkiye play-off&#8217;ta Avusturya&#8217;y\u0131 ge\u00e7erek tarihinde 2. kez D\u00fcnya Kupas\u0131&#8217;na gitmeye hak kazand\u0131. Havut\u00e7u, kupa kadrosunda da yer buldu. 13 Haziran 2002&#8217;de \u00c7in ile oynanan ma\u00e7ta son 6 dakika Tugay Kerimo\u011flu&#8217;nun yerine girerek D\u00fcnya Kupas\u0131&#8217;nda forma giyme \u015fans\u0131n\u0131 elde etti. Tayfur, Japonya ve \u00fc\u00e7\u00fcnc\u00fcl\u00fck ma\u00e7\u0131 olan G\u00fcney Kore ma\u00e7lar\u0131n\u0131n da son anlar\u0131nda oyuna dahil oldu. \u00dc\u00e7\u00fcnc\u00fc olan T\u00fcrkiye ile birlikte bronz madalya sahibi oldu.<\/p>\n<p>D\u00fcnya Kupas\u0131&#8217;ndan sonra bir ka\u00e7 \u00f6zel ma\u00e7ta milli tak\u0131m formas\u0131 giyen Tayfur&#8217;un son milli ma\u00e7\u0131 31 Mart 2004&#8217;te H\u0131rvatistan ile oynanan haz\u0131rl\u0131k ma\u00e7\u0131 oldu. Tayfur, 74. dakikada Tolga Seyhan&#8217;\u0131n yerine oyuna dahil olmu\u015ftu.<\/p>\n<p><b>Menajerlik Kariyeri<br \/>\n<\/b><br \/>\n<b>Be\u015fikta\u015f JK <\/b><br \/>\n2004-05 sezonun Jean Tigana d\u00f6neminde futbolcu-Menajer olarak Be\u015fikta\u015f&#8217;da g\u00f6rev yapm\u0131\u015ft\u0131r.<\/p>\n<p><b>Teknik Direkt\u00f6rl\u00fck Kariyeri<br \/>\n<\/b><br \/>\n<b>Be\u015fikta\u015f JK <\/b><br \/>\n2006-07 sezonunun ilk yar\u0131s\u0131 antren\u00f6rl\u00fck kursuna giden Tayfur Havut\u00e7u, Zeki \u00d6natl\u0131&#8217;n\u0131n yerine antren\u00f6r olarak g\u00f6revine ba\u015flad\u0131. Sezonun bitmesine iki hafta kalan istifa eden Jean Tigana&#8217;n\u0131n yerine Be\u015fikta\u015f&#8217;\u0131n son iki ma\u00e7l\u0131\u011f\u0131na teknik direkt\u00f6r\u00fc oldu. 19 May\u0131s 2007&#8217;de oynanan Ankaraspor ma\u00e7\u0131 ilk teknik direkt\u00f6rl\u00fck m\u00fccadelesi oldu ve Be\u015fikta\u015f ma\u00e7\u0131 2-1 kazand\u0131 ve \u015eampiyonlar Ligi&#8217;ne gitmeyi garantiledi. Son hafta ise Kayserispor&#8217;a 3-0 ma\u011flup oldu.<\/p>\n<p>Sonraki sezon tak\u0131m\u0131n ba\u015f\u0131na Ertu\u011frul Sa\u011flam&#8217;\u0131n gelmesiyle Havut\u00e7u, Be\u015fikta\u015f&#8217;tan ayr\u0131ld\u0131. Ekim 2008&#8217;de Sa\u011flam&#8217;\u0131n istifas\u0131 \u00fczerine tak\u0131m\u0131n ba\u015f\u0131na gelen Mustafa Denizli&#8217;nin yard\u0131mc\u0131s\u0131 olarak tak\u0131ma geri d\u00f6nd\u00fc. Sezon sonunda tak\u0131m lig \u015fampiyonu oldu. Sonraki sezon da g\u00f6revine devam eden Havut\u00e7u, Denizli&#8217;nin ge\u00e7irdi\u011fi bir rahats\u0131zl\u0131k nedeniyle 5 \u015eubat 2010&#8217;da oynanan Gen\u00e7lerbirli\u011fi ma\u00e7\u0131nda Be\u015fikta\u015f&#8217;\u0131n ba\u015f\u0131nda sahaya \u00e7\u0131kt\u0131 ve ma\u00e7\u0131 4-1 kazand\u0131lar.<\/p>\n<p>2010-11 sezonunda Bernd Schuster&#8217;in yard\u0131mc\u0131lar\u0131ndan biri olarak g\u00f6revine devam etti. Ancak ma\u00e7lar\u0131 yedek kul\u00fcbesi yerine trib\u00fcnden takip etti. Schuster&#8217;in sezon sonuna do\u011fru istifas\u0131yla bir kez daha Be\u015fikta\u015f&#8217;\u0131n ba\u015f\u0131na ge\u00e7ti. 19 Mart 2011&#8217;de Kayserispor kar\u015f\u0131s\u0131nda al\u0131nan 4-2&#8217;lik galibiyetle g\u00f6revine ba\u015flad\u0131. Sezon sonuna kadar tak\u0131m\u0131n ba\u015f\u0131nda kalacak Havut\u00e7u, T\u00fcrkiye Kupas\u0131&#8217;nda da yar\u0131 finalde tak\u0131m\u0131 y\u00f6netecek.<\/p>\n<p><b>Ba\u015far\u0131lar\u0131 <\/b><br \/>\nAvrupa Futbol \u015eampiyonas\u0131 \u00c7eyrek Final<br \/>\n2000 &#8211; T\u00fcrkiye<br \/>\nFIFA D\u00fcnya Kupas\u0131 3.l\u00fc\u011f\u00fc<br \/>\n2002 &#8211; T\u00fcrkiye<br \/>\nAvrupa Futbol \u015eampiyonas\u0131 \u00c7eyrek Final<br \/>\n2000 &#8211; T\u00fcrkiye<br \/>\nUEFA Kupas\u0131 \u00c7eyrek Final<br \/>\n2002-2003 &#8211; Be\u015fikta\u015f<br \/>\nT\u00fcrkiye S\u00fcper Lig \u015eampiyonlu\u011fu<br \/>\n2002\/03 &#8211; Be\u015fikta\u015f<br \/>\n2008\/09 &#8211; Be\u015fikta\u015f (Yrd. Antren\u00f6r)<br \/>\nT\u00fcrkiye Kupas\u0131 \u015eampiyonlu\u011fu<br \/>\n1996\/97 &#8211; Kocaelispor<br \/>\n1997\/98 &#8211; Be\u015fikta\u015f<br \/>\n2005\/06 &#8211; Be\u015fikta\u015f (Yrd. Antren\u00f6r)<br \/>\n2006\/07 &#8211; Be\u015fikta\u015f (Yrd. Antren\u00f6r)<br \/>\n2008\/09 &#8211; Be\u015fikta\u015f (Yrd. Antren\u00f6r)<br \/>\nT\u00fcrkiye S\u00fcper Kupa \u015eampiyonlu\u011fu<br \/>\n2006 &#8211; Be\u015fikta\u015f<br \/>\nT\u00fcrkiye Cumhurba\u015fkanl\u0131\u011f\u0131 Kupas\u0131 \u015eampiyonlu\u011fu<br \/>\n1998 &#8211; Be\u015fikta\u015f<br \/>\nT\u00fcrkiye Ba\u015fbakanl\u0131k Kupas\u0131 \u015eampiyonlu\u011fu<br \/>\n1997 &#8211; Be\u015fikta\u015f<br \/>\nTSYD Kupas\u0131<br \/>\n1994 \u2013 Fenerbah\u00e7e<\/p>\n","protected":false},"excerpt":{"rendered":"<p>(d. 23 Mart 1970, Hanau) Teknik direkt&ouml;r ve orta saha mevkiinde g&ouml;rev alm&#305;&#351; eski futbolcu. Futbol Kariyeri SV Darmstadt 98 Futbol ya&#351;am&#305;na Almanya&rsquo;da ba&#351;layan Tayfur Havut&ccedil;u, profesyonel olarak sahalarda SV Darmstadt 98 formas&#305; ile ad&#305;m att&#305;. 2. Bundesliga ekibi Darmstadt&rsquo;ta ilk ma&ccedil;&#305;na 7. hafta ma&ccedil;&#305; olan Wuppertaler SV kar&#351;&#305;s&#305;nda &ccedil;&#305;kt&#305;. Havut&ccedil;u, 10. hafta bir kez [&hellip;]<\/p>\n","protected":false},"author":1,"featured_media":0,"comment_status":"closed","ping_status":"closed","sticky":false,"template":"","format":"standard","meta":{"_bbp_topic_count":0,"_bbp_reply_count":0,"_bbp_total_topic_count":0,"_bbp_total_reply_count":0,"_bbp_voice_count":0,"_bbp_anonymous_reply_count":0,"_bbp_topic_count_hidden":0,"_bbp_reply_count_hidden":0,"_bbp_forum_subforum_count":0,"ocean_post_layout":"","ocean_both_sidebars_style":"","ocean_both_sidebars_content_width":0,"ocean_both_sidebars_sidebars_width":0,"ocean_sidebar":"0","ocean_second_sidebar":"0","ocean_disable_margins":"enable","ocean_add_body_class":"","ocean_shortcode_before_top_bar":"","ocean_shortcode_after_top_bar":"","ocean_shortcode_before_header":"","ocean_shortcode_after_header":"","ocean_has_shortcode":"","ocean_shortcode_after_title":"","ocean_shortcode_before_footer_widgets":"","ocean_shortcode_after_footer_widgets":"","ocean_shortcode_before_footer_bottom":"","ocean_shortcode_after_footer_bottom":"","ocean_display_top_bar":"default","ocean_display_header":"default","ocean_header_style":"","ocean_center_header_left_menu":"0","ocean_custom_header_template":"0","ocean_custom_logo":0,"ocean_custom_retina_logo":0,"ocean_custom_logo_max_width":0,"ocean_custom_logo_tablet_max_width":0,"ocean_custom_logo_mobile_max_width":0,"ocean_custom_logo_max_height":0,"ocean_custom_logo_tablet_max_height":0,"ocean_custom_logo_mobile_max_height":0,"ocean_header_custom_menu":"0","ocean_menu_typo_font_family":"0","ocean_menu_typo_font_subset":"","ocean_menu_typo_font_size":0,"ocean_menu_typo_font_size_tablet":0,"ocean_menu_typo_font_size_mobile":0,"ocean_menu_typo_font_size_unit":"px","ocean_menu_typo_font_weight":"","ocean_menu_typo_font_weight_tablet":"","ocean_menu_typo_font_weight_mobile":"","ocean_menu_typo_transform":"","ocean_menu_typo_transform_tablet":"","ocean_menu_typo_transform_mobile":"","ocean_menu_typo_line_height":0,"ocean_menu_typo_line_height_tablet":0,"ocean_menu_typo_line_height_mobile":0,"ocean_menu_typo_line_height_unit":"","ocean_menu_typo_spacing":0,"ocean_menu_typo_spacing_tablet":0,"ocean_menu_typo_spacing_mobile":0,"ocean_menu_typo_spacing_unit":"","ocean_menu_link_color":"","ocean_menu_link_color_hover":"","ocean_menu_link_color_active":"","ocean_menu_link_background":"","ocean_menu_link_hover_background":"","ocean_menu_link_active_background":"","ocean_menu_social_links_bg":"","ocean_menu_social_hover_links_bg":"","ocean_menu_social_links_color":"","ocean_menu_social_hover_links_color":"","ocean_disable_title":"default","ocean_disable_heading":"default","ocean_post_title":"","ocean_post_subheading":"","ocean_post_title_style":"","ocean_post_title_background_color":"","ocean_post_title_background":0,"ocean_post_title_bg_image_position":"","ocean_post_title_bg_image_attachment":"","ocean_post_title_bg_image_repeat":"","ocean_post_title_bg_image_size":"","ocean_post_title_height":0,"ocean_post_title_bg_overlay":0.5,"ocean_post_title_bg_overlay_color":"","ocean_disable_breadcrumbs":"default","ocean_breadcrumbs_color":"","ocean_breadcrumbs_separator_color":"","ocean_breadcrumbs_links_color":"","ocean_breadcrumbs_links_hover_color":"","ocean_display_footer_widgets":"default","ocean_display_footer_bottom":"default","ocean_custom_footer_template":"0","ocean_post_oembed":"","ocean_post_self_hosted_media":"","ocean_post_video_embed":"","ocean_link_format":"","ocean_link_format_target":"self","ocean_quote_format":"","ocean_quote_format_link":"post","ocean_gallery_link_images":"off","ocean_gallery_id":[],"footnotes":""},"categories":[48],"tags":[],"class_list":["post-6127","post","type-post","status-publish","format-standard","hentry","category-degerlerimiz","entry"],"_links":{"self":[{"href":"https:\/\/www.circassiancenter.com\/tr\/wp-json\/wp\/v2\/posts\/6127","targetHints":{"allow":["GET"]}}],"collection":[{"href":"https:\/\/www.circassiancenter.com\/tr\/wp-json\/wp\/v2\/posts"}],"about":[{"href":"https:\/\/www.circassiancenter.com\/tr\/wp-json\/wp\/v2\/types\/post"}],"author":[{"embeddable":true,"href":"https:\/\/www.circassiancenter.com\/tr\/wp-json\/wp\/v2\/users\/1"}],"replies":[{"embeddable":true,"href":"https:\/\/www.circassiancenter.com\/tr\/wp-json\/wp\/v2\/comments?post=6127"}],"version-history":[{"count":2,"href":"https:\/\/www.circassiancenter.com\/tr\/wp-json\/wp\/v2\/posts\/6127\/revisions"}],"predecessor-version":[{"id":21109,"href":"https:\/\/www.circassiancenter.com\/tr\/wp-json\/wp\/v2\/posts\/6127\/revisions\/21109"}],"wp:attachment":[{"href":"https:\/\/www.circassiancenter.com\/tr\/wp-json\/wp\/v2\/media?parent=6127"}],"wp:term":[{"taxonomy":"category","embeddable":true,"href":"https:\/\/www.circassiancenter.com\/tr\/wp-json\/wp\/v2\/categories?post=6127"},{"taxonomy":"post_tag","embeddable":true,"href":"https:\/\/www.circassiancenter.com\/tr\/wp-json\/wp\/v2\/tags?post=6127"}],"curies":[{"name":"wp","href":"https:\/\/api.w.org\/{rel}","templated":true}]}}