{"id":8054,"date":"2019-03-09T18:30:51","date_gmt":"2019-03-09T18:30:51","guid":{"rendered":"http:\/\/circassiancenter.com\/tr\/?p=8054"},"modified":"2019-03-09T18:31:10","modified_gmt":"2019-03-09T18:31:10","slug":"hathi-oglu-kocas","status":"publish","type":"post","link":"https:\/\/www.circassiancenter.com\/tr\/hathi-oglu-kocas\/","title":{"rendered":"HATH\u2019I O\u011eLU KO\u00c7&#8217;AS   (\u0425\u042c\u0410\u0422\u0425\u042b\u041c \u042b\u041a\u042a\u041e \u041a\u042a\u041e\u041a1\u0410\u0421)"},"content":{"rendered":"<p><img fetchpriority=\"high\" decoding=\"async\" src=\"http:\/\/www.circassiancenter.com\/cc-turkiye\/z-2013-Images-2\/328.JPG\" alt=\"\" width=\"417\" height=\"305\" \/><\/p>\n<p><strong>K\u2019UBE \u015eaban<\/strong><br \/>\nDerleme: \u015eaban K\u2019ube<br \/>\n\u00c7eviri: HAP\u0130 Cevdet Y\u0131ld\u0131z<br \/>\n<span style=\"font-family: Arial;\"> Kaynak: K\u2019ube \u015eaban (\u041a1\u0443\u0431\u044d \u0428\u044d\u0431\u0430\u043d), Adighe Folklor-II, NewYork, 1963.<\/span><\/p>\n<p><span style=\"font-family: Arial;\">Hath\u0131\u2019lar\u0131n k\u00fc\u00e7\u00fck <b>Ko\u00e7&#8217;as<\/b>&#8216;\u0131, eyvah,<br \/>\nSak\u0131ncal\u0131 bir yerde avlan\u0131yor.<\/span><\/p>\n<p>Kamp\u0131n\u0131, eyvah, Aj\u0131ps\u0131 deresi k\u0131y\u0131s\u0131na<br \/>\nKurmu\u015f bulunuyor.<\/p>\n<p>Kamp\u0131na bir bir,<br \/>\nDuyan arkada\u015flar\u0131 da geliyorlar.<\/p>\n<p>Ko\u00e7&#8217;as&#8217;\u0131n av kamp\u0131nda,<br \/>\nSemiz geyik eti hi\u00e7 eksik olmaz.<\/p>\n<p>Ancak onun -kendi orman\u0131nda- geyik avlad\u0131\u011f\u0131n\u0131<br \/>\nBeylerin en ac\u0131mas\u0131z\u0131 (1) da duymakta gecikmez.<\/p>\n<p>Duyar duymaz da av kamp\u0131na do\u011fru,<br \/>\nAt\u0131n\u0131 mahmuzlar.<\/p>\n<p>Beyin gelmekte oldu\u011funu,<br \/>\nKo\u00e7&#8217;as&#8217;\u0131n taz\u0131lar\u0131 an\u0131nda farkederler.<\/p>\n<p>Ko\u00e7&#8217;as da durumu anlar,<br \/>\nIsl\u0131k \u00e7al\u0131p arkada\u015flar\u0131na haber salar.<\/p>\n<p>Eyvah, bu Ko\u00e7&#8217;as&#8217;\u0131n \u0131sl\u0131\u011f\u0131,<br \/>\n\u00c7a\u011f\u0131r\u0131yor bizi, der arkada\u015flar\u0131.<\/p>\n<p>Ko\u00e7&#8217;as y\u00fcksek bir a\u011faca \u00e7\u0131kar,<br \/>\nAtl\u0131lar\u0131n yakla\u015fmakta olduklar\u0131n\u0131 g\u00f6r\u00fcr.<\/p>\n<p>&#8220;Konuk desem \u00e7ok,<br \/>\nOrdu desem az bu gelenler&#8221; der.<\/p>\n<p>Yi\u011fit olan i\u00e7in er g\u00fcn\u00fc bug\u00fcn,<br \/>\nSilah\u0131n\u0131 \u00a0ku\u015fans\u0131n er olan herkes.<\/p>\n<p>Direnmekten \u00e7ekinen varsa,<br \/>\nKaranl\u0131k orman k\u00f6\u015felerinde saklans\u0131n.<\/p>\n<p>&#8220;Direnemeyiz, ba\u015fa \u00e7\u0131kamay\u0131z Ko\u00e7&#8217;as,<br \/>\nBu i\u015f bize g\u00f6re bir i\u015f de\u011fil&#8221; diyorlar.<\/p>\n<p>&#8220;Durmay\u0131n, hadi gidin \u00f6yleyse, babam sorarsa beni,<br \/>\nBir k\u0131srak s\u00fcr\u00fcs\u00fc getirip d\u00f6necek dersiniz.<\/p>\n<p>\u0130nanmazsa size, le\u015f kargalar\u0131n\u0131n<br \/>\nU\u00e7u\u015ftu\u011fu (\u00fc\u015f\u00fc\u015ft\u00fc\u011f\u00fc) yere gitmesini s\u00f6ylersiniz&#8221;.<\/p>\n<p>Birazdan, ba\u015flar\u0131nda az\u0131l\u0131 beyleri,<br \/>\nAtl\u0131lar da eri\u015fiyorlar \u00e7arda\u011fa.<\/p>\n<p>Hath\u0131\u2019lar\u0131n Ko\u00e7&#8217;as&#8217;\u0131 renk vermeden,<br \/>\nKar\u015f\u0131lad\u0131 onlar\u0131.<\/p>\n<p>&#8220;Ko\u00e7&#8217;as, bo\u015funa yormaya kalk\u0131\u015fma bizi,<br \/>\nAtla hemen at\u0131m\u0131n terkisine <span style=\"font-size: small;\">(2), <\/span> dedi bey<span style=\"font-size: small;\">.<\/span><\/p>\n<p>&#8220;Do\u011fdum do\u011fal\u0131 at terkisine binmek,<br \/>\nEn sevmedi\u011fim \u015feydir.<\/p>\n<p>Bu ger\u00e7e\u011fi,<br \/>\nB\u00fct\u00fcn bir Shapsugh \u00fclkesi de bilir.<\/p>\n<p>A\u00e7 iseniz e\u011fer,<br \/>\nBuyurun bu k\u00fc\u00e7\u00fck \u00e7arda\u011f\u0131ma.<\/p>\n<p>Yolu soruyorsan\u0131z e\u011fer,<br \/>\nBu yol sizi a\u015fa\u011f\u0131ya, ovaya g\u00f6t\u00fcr\u00fcr&#8221;.<\/p>\n<p>&#8220;Gevezelik edip bizi yorup durma Ko\u00e7&#8217;as,<br \/>\nHadi atla hemen at\u0131m\u0131n terkisine&#8221;.<\/p>\n<p>&#8220;Haddini bil, yoksa,<br \/>\nBast\u0131\u011f\u0131n bu yeri \u00f6pt\u00fcr\u00fcr\u00fcm sana&#8221;.<\/p>\n<p>&#8220;K\u00f6r kur\u015funundan, \u00e7\u00fcr\u00fck barutundan<br \/>\nKorkacak biri mi sand\u0131n sen beni&#8221;.<\/p>\n<p>&#8220;Benim k\u00f6r kur\u015funum, Yedi \u00c7ar\u015famba <span style=\"font-size: small;\">(3),<\/span><br \/>\nY\u00fcre\u011fi gibi d\u00f6k\u00fclm\u00fc\u015ft\u00fcr.<\/p>\n<p>\u00c7\u00fcr\u00fck barutuma ise,<br \/>\nKaradeniz&#8217;deki koca gemiler selam verirler.<\/p>\n<p>Yerec\u0131bej&#8217;\u0131me (4) gelince,<br \/>\n\u0130lkbahardaki g\u00f6k g\u00fcr\u00fcldemeleri gibi u\u011fuldar&#8221;.<\/p>\n<p>Ard\u0131ndan K&#8217;ahe (5) beyi,<br \/>\nG\u00fcmb\u00fcrdeyerek yere yuvarlan\u0131r.<\/p>\n<p>Beykol (6) s\u00fcr\u00fcs\u00fc ise,<br \/>\nVah, vah, diyerek, deri kam\u00e7\u0131lar\u0131yla d\u00f6v\u00fcn\u00fcrler.<\/p>\n<p>A\u00e7\u0131klama:<br \/>\n\u00c7erkeslerin <b>Nart<\/b> ve <b>Aydemirkan<\/b> adl\u0131 destanlar\u0131\u00a0 yan\u0131nda, yi\u011fitlik \u00fczerine s\u00f6ylenmi\u015f daha ba\u015fka destan, \u015fark\u0131 ve \u00f6yk\u00fcleri de \u00a0vard\u0131r. Bunlardan biri de en az \u00fc\u00e7 y\u00fcz y\u0131l \u00f6nce ya\u015fam\u0131\u015f oldu\u011fu san\u0131lan <b>Hath\u0131 o\u011flu Ko\u00e7&#8217;as <\/b>(Hatx\u0131m y\u0131ko Ko\u00e7&#8217;as\/\u0425\u044c\u0430\u0442\u0445\u044b\u043c \u044b\u043a\u044a\u043e \u041a\u044a\u043e\u043a1\u0430\u0441) \u00fczerine s\u00f6ylenmi\u015f olan \u015fark\u0131 ve \u00f6yk\u00fclerdir. \u00c7evirisini sundu\u011fumuz bu halk \u015fark\u0131s\u0131 (\u043e\u0440\u044d\u0434) ise, \u00fcnl\u00fc Adige ara\u015ft\u0131rmac\u0131 ve yazar\u0131 <b>\u015eaban K\u2019ube <\/b>(1890-1974)<b> <\/b> taraf\u0131ndan<b> <\/b>derlenmi\u015ftir. -HCY<\/p>\n<p>D\u0130PNOTLAR:<b><br \/>\n1) <\/b>Beylerin en ac\u0131mas\u0131z\u0131- Hatukay beyi Devey\u0131p\u015f (\u0414\u044d\u043e\u0438\u043f\u0449)\u00a0 ya da Devey P\u015f\u0131h\u2019afe (\u0414\u044d\u043e\u0439 \u041f\u0449\u044b\u0445\u0430\u0444\u044d)\u2019dir ve Ko\u00e7\u2019as taraf\u0131ndan \u00f6ld\u00fcr\u00fcl\u00fcr. P\u015f\u0131h\u2019afe\u2019nin adamlar\u0131 da Ko\u00e7\u2019as\u2019\u0131 \u00f6ld\u00fcr\u00fcrler. Bu konuyu i\u015fleyen \u0130brahim Tsey\u2019in (Biyografisi i\u00e7in bkz. \u0130brahim Tsey, ayr\u0131ca bkz. Ko\u00e7\u2019as, internet) be\u015f perdelik \u201cKo\u00e7\u2019as\u201d adl\u0131 \u00a0bir dram\u0131 (piyesi) vard\u0131r.<b><br \/>\n2) <\/b>At terkisinde (at arkas\u0131nda) \u00e7ocuklar, esir ve k\u00f6leler\u00a0 ta\u015f\u0131n\u0131rd\u0131, terkide ta\u015f\u0131nmak, a\u015fa\u011f\u0131lanmak, k\u00f6lele\u015fmek, korkmak ve k\u00f6le olmay\u0131 kabullenmek gibi\u00a0 anlamlara gelirdi.<b><br \/>\n3) <\/b>Yedi \u00c7ar\u015famba-bir deyim, g\u00fc\u00e7l\u00fc,\u00e7ok sa\u011flam d\u00f6k\u00fclm\u00fc\u015f kur\u015fun anlam\u0131nda.<b><br \/>\n4) <\/b>Yerec\u0131bej (\u0415\u0440\u044d\u0434\u0436\u044b\u0431\u044d\u0436\u044a) &#8211; T\u00fcfek.Tan\u0131nm\u0131\u015f bir ustan\u0131n (Yerec\u0131b ya da Recep) elinden \u00e7\u0131kma ve onun yap\u0131m\u0131 olan yerli t\u00fcfek.<b><br \/>\n5)<\/b> K\u2019ah\u2019e (Kvaxe\/\u041a1\u0430\u0445\u044d) &#8211; Bat\u0131 \u00c7erkesya\u00a0 ya da Kuban y\u00f6resi Adigeleri i\u00e7in\u00a0 eskiden verilmi\u015f olan ad, \u201dOval\u0131\u201d anlam\u0131nda.<b><br \/>\n6)<\/b> Beykol (\u042c\u0435\u0439\u043a\u043e\u043b) &#8211; Beyin kulu, k\u00f6lesi, adam\u0131, kap\u0131kulu \u00a0kar\u015f\u0131l\u0131\u011f\u0131 Tatarca bir s\u00f6zc\u00fck olup, Adigeler a\u00e7\u0131s\u0131ndan beyin (p\u015f\u0131) hizmetinde, maiyetinde \u00a0olan ki\u015fi anlam\u0131nda a\u015fa\u011f\u0131lay\u0131c\u0131 bir s\u00f6zc\u00fckt\u00fcr. Dipnotlar HAP\u0130 Cevdet Y\u0131ld\u0131z\u2019a aittir.<\/p>\n","protected":false},"excerpt":{"rendered":"<p>K&rsquo;UBE &#350;aban Derleme: &#350;aban K&rsquo;ube &Ccedil;eviri: HAP&#304; Cevdet Y&#305;ld&#305;z Kaynak: K&rsquo;ube &#350;aban (&#1050;1&#1091;&#1073;&#1101; &#1064;&#1101;&#1073;&#1072;&#1085;), Adighe Folklor-II, NewYork, 1963. Hath&#305;&rsquo;lar&#305;n k&uuml;&ccedil;&uuml;k Ko&ccedil;&rsquo;as&lsquo;&#305;, eyvah, Sak&#305;ncal&#305; bir yerde avlan&#305;yor. Kamp&#305;n&#305;, eyvah, Aj&#305;ps&#305; deresi k&#305;y&#305;s&#305;na Kurmu&#351; bulunuyor. Kamp&#305;na bir bir, Duyan arkada&#351;lar&#305; da geliyorlar. Ko&ccedil;&rsquo;as&rsquo;&#305;n av kamp&#305;nda, Semiz geyik eti hi&ccedil; eksik olmaz. Ancak onun -kendi orman&#305;nda- geyik avlad&#305;&#287;&#305;n&#305; [&hellip;]<\/p>\n","protected":false},"author":1,"featured_media":0,"comment_status":"closed","ping_status":"closed","sticky":false,"template":"","format":"standard","meta":{"_bbp_topic_count":0,"_bbp_reply_count":0,"_bbp_total_topic_count":0,"_bbp_total_reply_count":0,"_bbp_voice_count":0,"_bbp_anonymous_reply_count":0,"_bbp_topic_count_hidden":0,"_bbp_reply_count_hidden":0,"_bbp_forum_subforum_count":0,"ocean_post_layout":"","ocean_both_sidebars_style":"","ocean_both_sidebars_content_width":0,"ocean_both_sidebars_sidebars_width":0,"ocean_sidebar":"0","ocean_second_sidebar":"0","ocean_disable_margins":"enable","ocean_add_body_class":"","ocean_shortcode_before_top_bar":"","ocean_shortcode_after_top_bar":"","ocean_shortcode_before_header":"","ocean_shortcode_after_header":"","ocean_has_shortcode":"","ocean_shortcode_after_title":"","ocean_shortcode_before_footer_widgets":"","ocean_shortcode_after_footer_widgets":"","ocean_shortcode_before_footer_bottom":"","ocean_shortcode_after_footer_bottom":"","ocean_display_top_bar":"default","ocean_display_header":"default","ocean_header_style":"","ocean_center_header_left_menu":"0","ocean_custom_header_template":"0","ocean_custom_logo":0,"ocean_custom_retina_logo":0,"ocean_custom_logo_max_width":0,"ocean_custom_logo_tablet_max_width":0,"ocean_custom_logo_mobile_max_width":0,"ocean_custom_logo_max_height":0,"ocean_custom_logo_tablet_max_height":0,"ocean_custom_logo_mobile_max_height":0,"ocean_header_custom_menu":"0","ocean_menu_typo_font_family":"0","ocean_menu_typo_font_subset":"","ocean_menu_typo_font_size":0,"ocean_menu_typo_font_size_tablet":0,"ocean_menu_typo_font_size_mobile":0,"ocean_menu_typo_font_size_unit":"px","ocean_menu_typo_font_weight":"","ocean_menu_typo_font_weight_tablet":"","ocean_menu_typo_font_weight_mobile":"","ocean_menu_typo_transform":"","ocean_menu_typo_transform_tablet":"","ocean_menu_typo_transform_mobile":"","ocean_menu_typo_line_height":0,"ocean_menu_typo_line_height_tablet":0,"ocean_menu_typo_line_height_mobile":0,"ocean_menu_typo_line_height_unit":"","ocean_menu_typo_spacing":0,"ocean_menu_typo_spacing_tablet":0,"ocean_menu_typo_spacing_mobile":0,"ocean_menu_typo_spacing_unit":"","ocean_menu_link_color":"","ocean_menu_link_color_hover":"","ocean_menu_link_color_active":"","ocean_menu_link_background":"","ocean_menu_link_hover_background":"","ocean_menu_link_active_background":"","ocean_menu_social_links_bg":"","ocean_menu_social_hover_links_bg":"","ocean_menu_social_links_color":"","ocean_menu_social_hover_links_color":"","ocean_disable_title":"default","ocean_disable_heading":"default","ocean_post_title":"","ocean_post_subheading":"","ocean_post_title_style":"","ocean_post_title_background_color":"","ocean_post_title_background":0,"ocean_post_title_bg_image_position":"","ocean_post_title_bg_image_attachment":"","ocean_post_title_bg_image_repeat":"","ocean_post_title_bg_image_size":"","ocean_post_title_height":0,"ocean_post_title_bg_overlay":0.5,"ocean_post_title_bg_overlay_color":"","ocean_disable_breadcrumbs":"default","ocean_breadcrumbs_color":"","ocean_breadcrumbs_separator_color":"","ocean_breadcrumbs_links_color":"","ocean_breadcrumbs_links_hover_color":"","ocean_display_footer_widgets":"default","ocean_display_footer_bottom":"default","ocean_custom_footer_template":"0","ocean_post_oembed":"","ocean_post_self_hosted_media":"","ocean_post_video_embed":"","ocean_link_format":"","ocean_link_format_target":"self","ocean_quote_format":"","ocean_quote_format_link":"post","ocean_gallery_link_images":"off","ocean_gallery_id":[],"footnotes":""},"categories":[34],"tags":[],"class_list":["post-8054","post","type-post","status-publish","format-standard","hentry","category-adige-mitolojisi","entry"],"_links":{"self":[{"href":"https:\/\/www.circassiancenter.com\/tr\/wp-json\/wp\/v2\/posts\/8054","targetHints":{"allow":["GET"]}}],"collection":[{"href":"https:\/\/www.circassiancenter.com\/tr\/wp-json\/wp\/v2\/posts"}],"about":[{"href":"https:\/\/www.circassiancenter.com\/tr\/wp-json\/wp\/v2\/types\/post"}],"author":[{"embeddable":true,"href":"https:\/\/www.circassiancenter.com\/tr\/wp-json\/wp\/v2\/users\/1"}],"replies":[{"embeddable":true,"href":"https:\/\/www.circassiancenter.com\/tr\/wp-json\/wp\/v2\/comments?post=8054"}],"version-history":[{"count":2,"href":"https:\/\/www.circassiancenter.com\/tr\/wp-json\/wp\/v2\/posts\/8054\/revisions"}],"predecessor-version":[{"id":8058,"href":"https:\/\/www.circassiancenter.com\/tr\/wp-json\/wp\/v2\/posts\/8054\/revisions\/8058"}],"wp:attachment":[{"href":"https:\/\/www.circassiancenter.com\/tr\/wp-json\/wp\/v2\/media?parent=8054"}],"wp:term":[{"taxonomy":"category","embeddable":true,"href":"https:\/\/www.circassiancenter.com\/tr\/wp-json\/wp\/v2\/categories?post=8054"},{"taxonomy":"post_tag","embeddable":true,"href":"https:\/\/www.circassiancenter.com\/tr\/wp-json\/wp\/v2\/tags?post=8054"}],"curies":[{"name":"wp","href":"https:\/\/api.w.org\/{rel}","templated":true}]}}