{"id":897,"date":"2019-02-20T18:32:11","date_gmt":"2019-02-20T18:32:11","guid":{"rendered":"http:\/\/circassiancenter.com\/tr\/?p=897"},"modified":"2019-02-20T18:32:11","modified_gmt":"2019-02-20T18:32:11","slug":"guzel-olan-sadece-benim-kulturumdur","status":"publish","type":"post","link":"https:\/\/www.circassiancenter.com\/tr\/guzel-olan-sadece-benim-kulturumdur\/","title":{"rendered":"\u201cG\u00dcZEL OLAN SADECE BEN\u0130M K\u00dcLT\u00dcR\u00dcMD\u00dcR!\u201d"},"content":{"rendered":"<p><strong>YEMUZ Nevzat Tarak\u00e7\u0131<br \/>\n<\/strong><span style=\"font-family: Arial;\">12.06.2009<\/span><\/p>\n<p><span style=\"font-family: Arial; font-size: small;\">Bu ba\u015fl\u0131\u011f\u0131n mant\u0131\u011f\u0131n\u0131 esas alan bir yaz\u0131 veya konu\u015fma d\u00fc\u015f\u00fcn\u00fcn? <\/span><\/p>\n<p><span style=\"font-family: Arial; font-size: small;\">Zevk alarak bu metni okuyabilir veya konu\u015fmay\u0131 dinleyebilir misiniz?<\/span><\/p>\n<p><span style=\"font-family: Arial; font-size: small;\">Bu yakla\u015f\u0131m s\u0131cak ve \u00e7ekici gelir mi size?<\/span><\/p>\n<p><span style=\"font-family: Arial; font-size: small;\">Ya bu mant\u0131\u011f\u0131n muhatab\u0131 olmak durumunda kalan farkl\u0131 k\u00fclt\u00fcrlerle yeti\u015fmi\u015f okuyucular\u0131n, dinleyicilerin tepkisi ne olur?<\/span><\/p>\n<p><span style=\"font-family: Arial; font-size: small;\">K\u00fclt\u00fcr sevdas\u0131, farkl\u0131 k\u00fclt\u00fcr mensuplar\u0131n\u0131 rencide etmeye asla m\u00fcsaade etmez. <\/span><\/p>\n<p><span style=\"font-family: Arial; font-size: small;\">K\u00fclt\u00fcr sevdas\u0131, d\u0131\u015flamay\u0131, k\u00fc\u00e7\u00fcmsemeyi, \u201c\u00f6teki \u201c mant\u0131\u011f\u0131n\u0131 reddeder.<\/span><\/p>\n<p><span style=\"font-family: Arial; font-size: small;\">E\u011fer\u00a0 \u201cdil \u201c hassasiyeti, k\u00fclt\u00fcr duyarl\u0131l\u0131\u011f\u0131 \u201cben\u201c rotas\u0131na girerse o zaman insan, benlik zirvesinden hayk\u0131r\u0131verir:\u00a0 <b>\u201cVar m\u0131 benim gibisi<\/b>,\u00a0 d\u00fcnyan\u0131n merkezinde k\u00fclt\u00fcr\u00fcm, onun da merkezinde <b>\u201cben\u201d<\/b> var\u0131m?\u201d<\/span><\/p>\n<p><span style=\"font-family: Arial; font-size: small;\">Art\u0131k kimlikler k\u0131l\u0131\u00e7 olup \u00e7ekilmi\u015ftir. Ba\u015flam\u0131\u015ft\u0131r amans\u0131z kavga.<\/span><\/p>\n<p><span style=\"font-family: Arial; font-size: small;\">\u0130\u015fte o zaman k\u00fclt\u00fcr\u00fcn aynas\u0131 olmak durumunda olan ki\u015fi, k\u00fclt\u00fcr\u00fcne en b\u00fcy\u00fck darbeyi indirilmi\u015f olmaz m\u0131?<\/span><\/p>\n<p><span style=\"font-family: Arial; font-size: small;\">O zaman muhatab\u0131n\u0131z, sevenleriniz itici bulmaz m\u0131 bizi?<\/span><\/p>\n<p><span style=\"font-family: Arial; font-size: small;\">Ya her konuda herkesten \u00fcst\u00fcn olma kompleksi?<\/span><\/p>\n<p><span style=\"font-family: Arial; font-size: small;\">Ya kimlik siyaseti, ya k\u00fclt\u00fcr ba\u011fnazl\u0131\u011f\u0131?<\/span><\/p>\n<p><span style=\"font-family: Arial; font-size: small;\">\u0130nan\u0131n bana, <b>kimlik siyaseti,<\/b> k\u00fclt\u00fcr ba\u011fnazl\u0131\u011f\u0131 san\u0131ld\u0131\u011f\u0131ndan da tehlikelidir!<\/span><\/p>\n<p><span style=\"font-family: Arial; font-size: small;\">Ah ke\u015fke, gen\u00e7lerimiz, yazar ve \u00e7izerlerimiz, sanat\u00e7\u0131lar\u0131m\u0131zla\u00a0 Kafkas toplumu olarak <b>\u201c Benim k\u00fclt\u00fcr\u00fcm \u00e7ok g\u00fczel, \u00e7ok seviyorum k\u00fclt\u00fcr\u00fcm\u00fc, onun i\u00e7in de elimden geleni yap\u0131yorum!\u201d <\/b>diyebilsek. \u201cG\u00fczel olan sadece benim k\u00fclt\u00fcr\u00fcmd\u00fcr!\u201d\u00a0 s\u00f6z\u00fcn\u00fc asla kullanmasak!<\/span><\/p>\n<p><span style=\"font-family: Arial; font-size: small;\">Arkada\u015f, ben bilmem, k\u00fclt\u00fcr sevdal\u0131s\u0131ysan ba\u015fka k\u00fclt\u00fcrlere de sayg\u0131l\u0131 olacaks\u0131n. K\u00fclt\u00fcr\u00fcn \u00f6\u011felerine sayg\u0131l\u0131 olacaks\u0131n!<\/span><\/p>\n<p><span style=\"font-family: Arial; font-size: small;\">K\u00fclt\u00fcr derdin varsa, <b>zarif <\/b> olacaks\u0131n, sab\u0131rl\u0131 olacaks\u0131n, <b>sempatik <\/b>olacaks\u0131n.<\/span><\/p>\n<p><span style=\"font-family: Arial; font-size: small;\">Sald\u0131rmayacaks\u0131n, \u00fcslubun sa\u011flam olacak, k\u0131r\u0131p d\u00f6kmeyeceksin, incitmeyeceksin. <\/span><\/p>\n<p><span style=\"font-family: Arial; font-size: small;\"><b>Kolay m\u0131 k\u00f6kl\u00fc bir k\u00fclt\u00fcr\u00fcn temsilcisi olmak?<\/b>\u00a0<\/span><\/p>\n<p><span style=\"font-family: Arial; font-size: small;\">Kendi k\u00fclt\u00fcr\u00fcnden ba\u015fka k\u00fclt\u00fcr tan\u0131mayan, di\u011fer k\u00fclt\u00fcrleri k\u00fc\u00e7\u00fcmseyen k\u00fclt\u00fcr adamlar\u0131 hep korkutmu\u015ftur beni. <\/span><\/p>\n<p><span style=\"font-family: Arial; font-size: small;\"><b>O \u201cben\u201d ekseni beni hep \u00fcrk\u00fctm\u00fc\u015ft\u00fcr.<\/b><\/span><\/p>\n<p><span style=\"font-family: Arial; font-size: small;\">Gerek var m\u0131, dil sevdal\u0131lar\u0131 b\u00fct\u00fcn dillere sayg\u0131 duyar, demeye?<\/span><\/p>\n<p><span style=\"font-family: Arial; font-size: small;\">Gerek var m\u0131, k\u00fclt\u00fcr adam\u0131 ho\u015fg\u00f6r\u00fcl\u00fc ve zarif olmal\u0131, demeye? <\/span><\/p>\n<p><span style=\"font-family: Arial; font-size: small;\">Bilmem ki <b>etnik k\u00f6kene dayal\u0131 siyasetin<\/b>, etnik k\u00f6kene dayal\u0131 ekonominin do\u011fru olmad\u0131\u011f\u0131n\u0131 hayk\u0131rmaya gerek var m\u0131?<\/span><\/p>\n<p><span style=\"font-family: Arial; font-size: small;\">Gerek var m\u0131, \u201c<b>ben\u201d<\/b> merkezinde bo\u011fulmu\u015flar\u0131n toplumuna fayda veremeyece\u011fini s\u00f6ylemeye?<\/span><\/p>\n<p><span style=\"font-family: Arial; font-size: small;\">O halde, k\u00fclt\u00fcr\u00fc konu\u015fan, k\u00fclt\u00fcr\u00fc yazan, k\u00fclt\u00fcr derdiyle dertlenen herkesin birikimli olman\u0131n yan\u0131nda, alabildi\u011fine sevimli, ho\u015fg\u00f6r\u00fcl\u00fc, sab\u0131rl\u0131 olma gibi bir zorunluluklar\u0131 vard\u0131r.<\/span><\/p>\n<p><span style=\"font-family: Arial; font-size: small;\">K\u00fclt\u00fcrel faaliyetleri, insanl\u0131k ortak paydas\u0131nda, farkl\u0131 k\u00fclt\u00fcrleri\u00a0 de incitmeden y\u00fcr\u00fctmek gerekmektedir.<\/span><\/p>\n<p><span style=\"font-family: Arial; font-size: small;\">\u00c7al\u0131\u015fmalar\u0131, her dilin, her k\u00fclt\u00fcr\u00fcn korunmaya de\u011fer oldu\u011funu unutmadan asla <b>y\u00fcreklere, bileklere basmadan<\/b>, benli\u011fi ho\u015fg\u00f6r\u00fc potas\u0131nda eriterek yapmak laz\u0131m.<\/span><\/p>\n<p><span style=\"font-family: Arial; font-size: small;\">D\u0131\u015flay\u0131c\u0131, \u00f6teleyici tav\u0131rlar k\u00fclt\u00fcr insanlar\u0131na yak\u0131\u015fan tav\u0131r de\u011fildir.<\/span><\/p>\n<p><span style=\"font-family: Arial; font-size: small;\">Demek ki , \u00f6zellikle vitrindeki ki\u015filerin yani d\u00fc\u015f\u00fcnen, \u00fcreten, sorgulayan insan\u0131m\u0131z\u0131n <b>\u00fcslubu <\/b>son derce \u00f6nemli.<\/span><\/p>\n<p><span style=\"font-family: Arial; font-size: small;\">Direnece\u011fiz elbette yok olu\u015fa, direnece\u011fiz yozla\u015fmaya ama y\u00fcreklerle, beyinlerle direnece\u011fiz. <\/span><\/p>\n<p><span style=\"font-family: Arial; font-size: small;\"><b>Yumruklarla, bileklerle direnmenin \u00e7oktan zaman\u0131 ge\u00e7medi mi? <\/b><\/span><\/p>\n<p><span style=\"font-family: Arial; font-size: small;\">O halde, geliniz farkl\u0131 co\u011frafyalarda ya\u015fayan bu k\u00fclt\u00fcr\u00fcn yi\u011fit evlatlar\u0131, g\u00fczel k\u00fclt\u00fcr\u00fcm\u00fcze\u00a0 her zaman her yerde sahip \u00e7\u0131kal\u0131m, \u201cBenim k\u00fclt\u00fcr\u00fcm bir harika!\u201d diyelim fakat asla \u201cG\u00fczel olan sadece benim k\u00fclt\u00fcr\u00fcmd\u00fcr!\u201d demeyelim. K\u00fclt\u00fcr\u00fcm\u00fcz\u00fc ya\u015fayarak yans\u0131tal\u0131m, yeri geldik\u00e7e hayk\u0131ral\u0131m. <\/span><\/p>\n<p><span style=\"font-family: Arial; font-size: small;\">Y\u0131llard\u0131r \u201cAtavatan\u201dlar\u0131ndan uzakta d\u00fcnyan\u0131n farkl\u0131 yerlerinde darmada\u011f\u0131n\u0131k ya\u015famak zorunda kalan milletimizin k\u00fclt\u00fcr ba\u011fnazl\u0131\u011f\u0131na d\u00fc\u015fmeden de\u011fi\u015fik co\u011frafyalarda da olsa <b>ayn\u0131 duygular\u0131 payla\u015fmas\u0131<\/b>, ayn\u0131 olgunluk ve incelikle ideali hecelemesi temennisiyle. <\/span><\/p>\n<p><span style=\"font-family: Arial; font-size: small;\">Bizler \u201c<b>kin\u201d ve \u201ckibir<\/b>\u201dden uzak kald\u0131k\u00e7a, \u201ccesaret\u201d ve \u201cnezaket\u201d rehberimiz olduk\u00e7a, \u201cben\u201d ekseninden kurtulduk\u00e7a\u00a0 g\u00fczel g\u00fcnler bizimle olacakt\u0131r.<\/span><\/p>\n","protected":false},"excerpt":{"rendered":"<p>YEMUZ Nevzat Tarak&ccedil;&#305; 12.06.2009 Bu ba&#351;l&#305;&#287;&#305;n mant&#305;&#287;&#305;n&#305; esas alan bir yaz&#305; veya konu&#351;ma d&uuml;&#351;&uuml;n&uuml;n? Zevk alarak bu metni okuyabilir veya konu&#351;may&#305; dinleyebilir misiniz? Bu yakla&#351;&#305;m s&#305;cak ve &ccedil;ekici gelir mi size? Ya bu mant&#305;&#287;&#305;n muhatab&#305; olmak durumunda kalan farkl&#305; k&uuml;lt&uuml;rlerle yeti&#351;mi&#351; okuyucular&#305;n, dinleyicilerin tepkisi ne olur? K&uuml;lt&uuml;r sevdas&#305;, farkl&#305; k&uuml;lt&uuml;r mensuplar&#305;n&#305; rencide etmeye asla m&uuml;saade [&hellip;]<\/p>\n","protected":false},"author":1,"featured_media":0,"comment_status":"closed","ping_status":"closed","sticky":false,"template":"","format":"standard","meta":{"_bbp_topic_count":0,"_bbp_reply_count":0,"_bbp_total_topic_count":0,"_bbp_total_reply_count":0,"_bbp_voice_count":0,"_bbp_anonymous_reply_count":0,"_bbp_topic_count_hidden":0,"_bbp_reply_count_hidden":0,"_bbp_forum_subforum_count":0,"ocean_post_layout":"","ocean_both_sidebars_style":"","ocean_both_sidebars_content_width":0,"ocean_both_sidebars_sidebars_width":0,"ocean_sidebar":"0","ocean_second_sidebar":"0","ocean_disable_margins":"enable","ocean_add_body_class":"","ocean_shortcode_before_top_bar":"","ocean_shortcode_after_top_bar":"","ocean_shortcode_before_header":"","ocean_shortcode_after_header":"","ocean_has_shortcode":"","ocean_shortcode_after_title":"","ocean_shortcode_before_footer_widgets":"","ocean_shortcode_after_footer_widgets":"","ocean_shortcode_before_footer_bottom":"","ocean_shortcode_after_footer_bottom":"","ocean_display_top_bar":"default","ocean_display_header":"default","ocean_header_style":"","ocean_center_header_left_menu":"0","ocean_custom_header_template":"0","ocean_custom_logo":0,"ocean_custom_retina_logo":0,"ocean_custom_logo_max_width":0,"ocean_custom_logo_tablet_max_width":0,"ocean_custom_logo_mobile_max_width":0,"ocean_custom_logo_max_height":0,"ocean_custom_logo_tablet_max_height":0,"ocean_custom_logo_mobile_max_height":0,"ocean_header_custom_menu":"0","ocean_menu_typo_font_family":"0","ocean_menu_typo_font_subset":"","ocean_menu_typo_font_size":0,"ocean_menu_typo_font_size_tablet":0,"ocean_menu_typo_font_size_mobile":0,"ocean_menu_typo_font_size_unit":"px","ocean_menu_typo_font_weight":"","ocean_menu_typo_font_weight_tablet":"","ocean_menu_typo_font_weight_mobile":"","ocean_menu_typo_transform":"","ocean_menu_typo_transform_tablet":"","ocean_menu_typo_transform_mobile":"","ocean_menu_typo_line_height":0,"ocean_menu_typo_line_height_tablet":0,"ocean_menu_typo_line_height_mobile":0,"ocean_menu_typo_line_height_unit":"","ocean_menu_typo_spacing":0,"ocean_menu_typo_spacing_tablet":0,"ocean_menu_typo_spacing_mobile":0,"ocean_menu_typo_spacing_unit":"","ocean_menu_link_color":"","ocean_menu_link_color_hover":"","ocean_menu_link_color_active":"","ocean_menu_link_background":"","ocean_menu_link_hover_background":"","ocean_menu_link_active_background":"","ocean_menu_social_links_bg":"","ocean_menu_social_hover_links_bg":"","ocean_menu_social_links_color":"","ocean_menu_social_hover_links_color":"","ocean_disable_title":"default","ocean_disable_heading":"default","ocean_post_title":"","ocean_post_subheading":"","ocean_post_title_style":"","ocean_post_title_background_color":"","ocean_post_title_background":0,"ocean_post_title_bg_image_position":"","ocean_post_title_bg_image_attachment":"","ocean_post_title_bg_image_repeat":"","ocean_post_title_bg_image_size":"","ocean_post_title_height":0,"ocean_post_title_bg_overlay":0.5,"ocean_post_title_bg_overlay_color":"","ocean_disable_breadcrumbs":"default","ocean_breadcrumbs_color":"","ocean_breadcrumbs_separator_color":"","ocean_breadcrumbs_links_color":"","ocean_breadcrumbs_links_hover_color":"","ocean_display_footer_widgets":"default","ocean_display_footer_bottom":"default","ocean_custom_footer_template":"0","ocean_post_oembed":"","ocean_post_self_hosted_media":"","ocean_post_video_embed":"","ocean_link_format":"","ocean_link_format_target":"self","ocean_quote_format":"","ocean_quote_format_link":"post","ocean_gallery_link_images":"off","ocean_gallery_id":[],"footnotes":""},"categories":[106],"tags":[],"class_list":["post-897","post","type-post","status-publish","format-standard","hentry","category-yazarlar-yemuz-nevzat-tarakci","entry"],"_links":{"self":[{"href":"https:\/\/www.circassiancenter.com\/tr\/wp-json\/wp\/v2\/posts\/897","targetHints":{"allow":["GET"]}}],"collection":[{"href":"https:\/\/www.circassiancenter.com\/tr\/wp-json\/wp\/v2\/posts"}],"about":[{"href":"https:\/\/www.circassiancenter.com\/tr\/wp-json\/wp\/v2\/types\/post"}],"author":[{"embeddable":true,"href":"https:\/\/www.circassiancenter.com\/tr\/wp-json\/wp\/v2\/users\/1"}],"replies":[{"embeddable":true,"href":"https:\/\/www.circassiancenter.com\/tr\/wp-json\/wp\/v2\/comments?post=897"}],"version-history":[{"count":1,"href":"https:\/\/www.circassiancenter.com\/tr\/wp-json\/wp\/v2\/posts\/897\/revisions"}],"predecessor-version":[{"id":898,"href":"https:\/\/www.circassiancenter.com\/tr\/wp-json\/wp\/v2\/posts\/897\/revisions\/898"}],"wp:attachment":[{"href":"https:\/\/www.circassiancenter.com\/tr\/wp-json\/wp\/v2\/media?parent=897"}],"wp:term":[{"taxonomy":"category","embeddable":true,"href":"https:\/\/www.circassiancenter.com\/tr\/wp-json\/wp\/v2\/categories?post=897"},{"taxonomy":"post_tag","embeddable":true,"href":"https:\/\/www.circassiancenter.com\/tr\/wp-json\/wp\/v2\/tags?post=897"}],"curies":[{"name":"wp","href":"https:\/\/api.w.org\/{rel}","templated":true}]}}